{"id":61634,"date":"2024-09-12T16:00:05","date_gmt":"2024-09-12T13:00:05","guid":{"rendered":"https:\/\/kibrisdakik.com\/index.php\/2024\/09\/12\/yonca-kavsagi-ercan-anayolunda-korkutan-kaza2-yarali\/"},"modified":"2024-09-12T16:00:05","modified_gmt":"2024-09-12T13:00:05","slug":"yonca-kavsagi-ercan-anayolunda-korkutan-kaza2-yarali","status":"publish","type":"post","link":"https:\/\/kibrisdakik.com\/?p=61634","title":{"rendered":"Yonca Kav\u015fa\u011f\u0131-Ercan anayolunda korkutan kaza:2 yaral\u0131"},"content":{"rendered":"<p><\/p>\n<div>\n<div class=\"mariselle-image-container center\">\n                <img loading=\"lazy\" decoding=\"async\" width=\"1200\" height=\"639\" class=\"lazy-image\" alt=\"\" sizes=\"auto, (max-width: 1200px) 100vw, 1200px\" src=\"https:\/\/brtk.net\/wp-content\/uploads\/2024\/09\/12\/ssdlksakdsa.jpg?ver=d842fcaa211ebe3a0c49b0e3b8cdda61\" srcset=\"https:\/\/brtk.net\/wp-content\/uploads\/2024\/09\/12\/ssdlksakdsa.jpg?ver=d842fcaa211ebe3a0c49b0e3b8cdda61 1200w, https:\/\/brtk.net\/wp-content\/uploads\/2024\/09\/12\/ssdlksakdsa-300x160.jpg?ver=d842fcaa211ebe3a0c49b0e3b8cdda61 300w, https:\/\/brtk.net\/wp-content\/uploads\/2024\/09\/12\/ssdlksakdsa-1024x545.jpg?ver=d5351994b39c8030baec8fa9c141f6d5 1024w, https:\/\/brtk.net\/wp-content\/uploads\/2024\/09\/12\/ssdlksakdsa-768x409.jpg?ver=d5351994b39c8030baec8fa9c141f6d5 768w\"\/>                            <\/div>\n<p>\u00a0<\/p>\n<p>Polis Bas\u0131n Subayl\u0131\u011f\u0131\u2019ndan verilen bilgiye g\u00f6re saat 14:30 s\u0131ralar\u0131nda, Yonca Kav\u015fa\u011f\u0131-Ercan anayolu \u00fczerinde, Altu\u011f \u00d6ZT\u00dcRKCAN (E-30) y\u00f6netimindeki LY 222 ara\u00e7 ile Ercan istikametine do\u011fru seyretti\u011fi s\u0131rada, dikkatsizli\u011fi sonucu o esnada \u00f6n\u00fcnde ayn\u0131 istikamete do\u011fru seyretmekte olan Der\u00e7in AKINCI (E-27) y\u00f6netimindeki VZ 097 plakal\u0131 arac\u0131n sa\u011f arka k\u0131sm\u0131na \u00e7arpm\u0131\u015ft\u0131r.<\/p>\n<p>\u00a0<\/p>\n<p>\u00c7arpman\u0131n etkisiyle VZ 097 plakal\u0131 ara\u00e7 savrularak yolun solundan d\u0131\u015far\u0131ya \u00e7\u0131km\u0131\u015f ve toprak sete \u00e7arp\u0131p durmu\u015ftur.<\/p>\n<p>\u00a0<\/p>\n<p>Yine \u00e7arpman\u0131n etkisiyle savrulan LY 222 plakal\u0131 ara\u00e7 ise, sa\u011f k\u0131sm\u0131 ile orta ref\u00fcje \u00e7arpt\u0131ktan sonra yol i\u00e7erisinde durmu\u015ftur. Kaza sonucu yaralanan her iki ara\u00e7 s\u00fcr\u00fcc\u00fcs\u00fc, kald\u0131r\u0131ld\u0131klar\u0131 Lefko\u015fa Dr. Burhan Nalbanto\u011flu Devlet Hastanesi\u2019ndeki tedavileri halen s\u00fcr\u00fcyor.<\/p>\n<p>\u00a0<\/p>\n<p>Polisin kazayla ilgili soru\u015fturmas\u0131 devam etmektedir<\/p>\n<\/p><\/div>\n<p><script async\n                    defer\n                    crossorigin=\"anonymous\"\n                    src=\"https:\/\/connect.facebook.net\/tr_TR\/sdk.js#xfbml=1&#038;version=v3.3\"\n            ><\/script><\/p>\n","protected":false},"excerpt":{"rendered":"<p>\u00a0 Polis Bas\u0131n Subayl\u0131\u011f\u0131\u2019ndan verilen bilgiye g\u00f6re saat 14:30 s\u0131ralar\u0131nda, Yonca Kav\u015fa\u011f\u0131-Ercan anayolu \u00fczerinde, Altu\u011f \u00d6ZT\u00dcRKCAN (E-30) y\u00f6netimindeki LY 222 ara\u00e7 ile Ercan istikametine do\u011fru seyretti\u011fi s\u0131rada, dikkatsizli\u011fi sonucu o esnada \u00f6n\u00fcnde ayn\u0131 istikamete do\u011fru seyretmekte olan Der\u00e7in AKINCI (E-27) y\u00f6netimindeki VZ 097 plakal\u0131 arac\u0131n sa\u011f arka k\u0131sm\u0131na \u00e7arpm\u0131\u015ft\u0131r. \u00a0 \u00c7arpman\u0131n etkisiyle VZ 097 plakal\u0131<\/p>\n","protected":false},"author":1,"featured_media":61635,"comment_status":"open","ping_status":"open","sticky":false,"template":"","format":"standard","meta":{"footnotes":""},"categories":[1],"tags":[],"class_list":["post-61634","post","type-post","status-publish","format-standard","has-post-thumbnail","hentry","category-gundem"],"yoast_head":"<!-- This site is optimized with the Yoast SEO plugin v27.4 - https:\/\/yoast.com\/product\/yoast-seo-wordpress\/ -->\n<title>Yonca Kav\u015fa\u011f\u0131-Ercan anayolunda korkutan kaza:2 yaral\u0131 -<\/title>\n<meta name=\"robots\" content=\"index, follow, max-snippet:-1, max-image-preview:large, max-video-preview:-1\" \/>\n<link rel=\"canonical\" href=\"https:\/\/kibrisdakik.com\/?p=61634\" \/>\n<meta property=\"og:locale\" content=\"tr_TR\" \/>\n<meta property=\"og:type\" content=\"article\" \/>\n<meta property=\"og:title\" content=\"Yonca Kav\u015fa\u011f\u0131-Ercan anayolunda korkutan kaza:2 yaral\u0131 -\" \/>\n<meta property=\"og:description\" content=\"\u00a0 Polis Bas\u0131n Subayl\u0131\u011f\u0131\u2019ndan verilen bilgiye g\u00f6re saat 14:30 s\u0131ralar\u0131nda, Yonca Kav\u015fa\u011f\u0131-Ercan anayolu \u00fczerinde, Altu\u011f \u00d6ZT\u00dcRKCAN (E-30) y\u00f6netimindeki LY 222 ara\u00e7 ile Ercan istikametine do\u011fru seyretti\u011fi s\u0131rada, dikkatsizli\u011fi sonucu o esnada \u00f6n\u00fcnde ayn\u0131 istikamete do\u011fru seyretmekte olan Der\u00e7in AKINCI (E-27) y\u00f6netimindeki VZ 097 plakal\u0131 arac\u0131n sa\u011f arka k\u0131sm\u0131na \u00e7arpm\u0131\u015ft\u0131r. \u00a0 \u00c7arpman\u0131n etkisiyle VZ 097 plakal\u0131\" \/>\n<meta property=\"og:url\" content=\"https:\/\/kibrisdakik.com\/?p=61634\" \/>\n<meta property=\"article:published_time\" content=\"2024-09-12T13:00:05+00:00\" \/>\n<meta property=\"og:image\" content=\"https:\/\/kibrisdakik.com\/wp-content\/uploads\/2024\/09\/ssdlksakdsa-740x420.jpg\" \/>\n\t<meta property=\"og:image:width\" content=\"1200\" \/>\n\t<meta property=\"og:image:height\" content=\"639\" \/>\n\t<meta property=\"og:image:type\" content=\"image\/jpeg\" \/>\n<meta name=\"author\" content=\"admin\" \/>\n<meta name=\"twitter:card\" content=\"summary_large_image\" \/>\n<meta name=\"twitter:label1\" content=\"Yazan:\" \/>\n\t<meta name=\"twitter:data1\" content=\"admin\" \/>\n\t<meta name=\"twitter:label2\" content=\"Tahmini okuma s\u00fcresi\" \/>\n\t<meta name=\"twitter:data2\" content=\"1 dakika\" \/>\n<script type=\"application\/ld+json\" class=\"yoast-schema-graph\">{\"@context\":\"https:\\\/\\\/schema.org\",\"@graph\":[{\"@type\":\"Article\",\"@id\":\"https:\\\/\\\/kibrisdakik.com\\\/?p=61634#article\",\"isPartOf\":{\"@id\":\"https:\\\/\\\/kibrisdakik.com\\\/?p=61634\"},\"author\":{\"name\":\"admin\",\"@id\":\"https:\\\/\\\/kibrisdakik.com\\\/#\\\/schema\\\/person\\\/9cd9d437bbb44f72b73ba127e06d8e79\"},\"headline\":\"Yonca Kav\u015fa\u011f\u0131-Ercan anayolunda korkutan kaza:2 yaral\u0131\",\"datePublished\":\"2024-09-12T13:00:05+00:00\",\"mainEntityOfPage\":{\"@id\":\"https:\\\/\\\/kibrisdakik.com\\\/?p=61634\"},\"wordCount\":154,\"commentCount\":0,\"image\":{\"@id\":\"https:\\\/\\\/kibrisdakik.com\\\/?p=61634#primaryimage\"},\"thumbnailUrl\":\"https:\\\/\\\/kibrisdakik.com\\\/wp-content\\\/uploads\\\/2024\\\/09\\\/ssdlksakdsa-740x420.jpg\",\"articleSection\":[\"G\u00fcndem\"],\"inLanguage\":\"tr\",\"potentialAction\":[{\"@type\":\"CommentAction\",\"name\":\"Comment\",\"target\":[\"https:\\\/\\\/kibrisdakik.com\\\/?p=61634#respond\"]}]},{\"@type\":\"WebPage\",\"@id\":\"https:\\\/\\\/kibrisdakik.com\\\/?p=61634\",\"url\":\"https:\\\/\\\/kibrisdakik.com\\\/?p=61634\",\"name\":\"Yonca Kav\u015fa\u011f\u0131-Ercan anayolunda korkutan kaza:2 yaral\u0131 -\",\"isPartOf\":{\"@id\":\"https:\\\/\\\/kibrisdakik.com\\\/#website\"},\"primaryImageOfPage\":{\"@id\":\"https:\\\/\\\/kibrisdakik.com\\\/?p=61634#primaryimage\"},\"image\":{\"@id\":\"https:\\\/\\\/kibrisdakik.com\\\/?p=61634#primaryimage\"},\"thumbnailUrl\":\"https:\\\/\\\/kibrisdakik.com\\\/wp-content\\\/uploads\\\/2024\\\/09\\\/ssdlksakdsa-740x420.jpg\",\"datePublished\":\"2024-09-12T13:00:05+00:00\",\"author\":{\"@id\":\"https:\\\/\\\/kibrisdakik.com\\\/#\\\/schema\\\/person\\\/9cd9d437bbb44f72b73ba127e06d8e79\"},\"breadcrumb\":{\"@id\":\"https:\\\/\\\/kibrisdakik.com\\\/?p=61634#breadcrumb\"},\"inLanguage\":\"tr\",\"potentialAction\":[{\"@type\":\"ReadAction\",\"target\":[\"https:\\\/\\\/kibrisdakik.com\\\/?p=61634\"]}]},{\"@type\":\"ImageObject\",\"inLanguage\":\"tr\",\"@id\":\"https:\\\/\\\/kibrisdakik.com\\\/?p=61634#primaryimage\",\"url\":\"https:\\\/\\\/kibrisdakik.com\\\/wp-content\\\/uploads\\\/2024\\\/09\\\/ssdlksakdsa-740x420.jpg\",\"contentUrl\":\"https:\\\/\\\/kibrisdakik.com\\\/wp-content\\\/uploads\\\/2024\\\/09\\\/ssdlksakdsa-740x420.jpg\",\"width\":1200,\"height\":639},{\"@type\":\"BreadcrumbList\",\"@id\":\"https:\\\/\\\/kibrisdakik.com\\\/?p=61634#breadcrumb\",\"itemListElement\":[{\"@type\":\"ListItem\",\"position\":1,\"name\":\"Home\",\"item\":\"https:\\\/\\\/kibrisdakik.com\\\/\"},{\"@type\":\"ListItem\",\"position\":2,\"name\":\"Yonca Kav\u015fa\u011f\u0131-Ercan anayolunda korkutan kaza:2 yaral\u0131\"}]},{\"@type\":\"WebSite\",\"@id\":\"https:\\\/\\\/kibrisdakik.com\\\/#website\",\"url\":\"https:\\\/\\\/kibrisdakik.com\\\/\",\"name\":\"\",\"description\":\"Tam vaktinde haber\",\"potentialAction\":[{\"@type\":\"SearchAction\",\"target\":{\"@type\":\"EntryPoint\",\"urlTemplate\":\"https:\\\/\\\/kibrisdakik.com\\\/?s={search_term_string}\"},\"query-input\":{\"@type\":\"PropertyValueSpecification\",\"valueRequired\":true,\"valueName\":\"search_term_string\"}}],\"inLanguage\":\"tr\"},{\"@type\":\"Person\",\"@id\":\"https:\\\/\\\/kibrisdakik.com\\\/#\\\/schema\\\/person\\\/9cd9d437bbb44f72b73ba127e06d8e79\",\"name\":\"admin\",\"image\":{\"@type\":\"ImageObject\",\"inLanguage\":\"tr\",\"@id\":\"https:\\\/\\\/secure.gravatar.com\\\/avatar\\\/ccc17943b9d660506c869530f897617f7cb1c21a4bf30023f252596d83e1f007?s=96&d=mm&r=g\",\"url\":\"https:\\\/\\\/secure.gravatar.com\\\/avatar\\\/ccc17943b9d660506c869530f897617f7cb1c21a4bf30023f252596d83e1f007?s=96&d=mm&r=g\",\"contentUrl\":\"https:\\\/\\\/secure.gravatar.com\\\/avatar\\\/ccc17943b9d660506c869530f897617f7cb1c21a4bf30023f252596d83e1f007?s=96&d=mm&r=g\",\"caption\":\"admin\"},\"sameAs\":[\"https:\\\/\\\/kibrisdakik.com\"],\"url\":\"https:\\\/\\\/kibrisdakik.com\\\/?author=1\"}]}<\/script>\n<!-- \/ Yoast SEO plugin. -->","yoast_head_json":{"title":"Yonca Kav\u015fa\u011f\u0131-Ercan anayolunda korkutan kaza:2 yaral\u0131 -","robots":{"index":"index","follow":"follow","max-snippet":"max-snippet:-1","max-image-preview":"max-image-preview:large","max-video-preview":"max-video-preview:-1"},"canonical":"https:\/\/kibrisdakik.com\/?p=61634","og_locale":"tr_TR","og_type":"article","og_title":"Yonca Kav\u015fa\u011f\u0131-Ercan anayolunda korkutan kaza:2 yaral\u0131 -","og_description":"\u00a0 Polis Bas\u0131n Subayl\u0131\u011f\u0131\u2019ndan verilen bilgiye g\u00f6re saat 14:30 s\u0131ralar\u0131nda, Yonca Kav\u015fa\u011f\u0131-Ercan anayolu \u00fczerinde, Altu\u011f \u00d6ZT\u00dcRKCAN (E-30) y\u00f6netimindeki LY 222 ara\u00e7 ile Ercan istikametine do\u011fru seyretti\u011fi s\u0131rada, dikkatsizli\u011fi sonucu o esnada \u00f6n\u00fcnde ayn\u0131 istikamete do\u011fru seyretmekte olan Der\u00e7in AKINCI (E-27) y\u00f6netimindeki VZ 097 plakal\u0131 arac\u0131n sa\u011f arka k\u0131sm\u0131na \u00e7arpm\u0131\u015ft\u0131r. \u00a0 \u00c7arpman\u0131n etkisiyle VZ 097 plakal\u0131","og_url":"https:\/\/kibrisdakik.com\/?p=61634","article_published_time":"2024-09-12T13:00:05+00:00","og_image":[{"width":1200,"height":639,"url":"https:\/\/kibrisdakik.com\/wp-content\/uploads\/2024\/09\/ssdlksakdsa-740x420.jpg","type":"image\/jpeg"}],"author":"admin","twitter_card":"summary_large_image","twitter_misc":{"Yazan:":"admin","Tahmini okuma s\u00fcresi":"1 dakika"},"schema":{"@context":"https:\/\/schema.org","@graph":[{"@type":"Article","@id":"https:\/\/kibrisdakik.com\/?p=61634#article","isPartOf":{"@id":"https:\/\/kibrisdakik.com\/?p=61634"},"author":{"name":"admin","@id":"https:\/\/kibrisdakik.com\/#\/schema\/person\/9cd9d437bbb44f72b73ba127e06d8e79"},"headline":"Yonca Kav\u015fa\u011f\u0131-Ercan anayolunda korkutan kaza:2 yaral\u0131","datePublished":"2024-09-12T13:00:05+00:00","mainEntityOfPage":{"@id":"https:\/\/kibrisdakik.com\/?p=61634"},"wordCount":154,"commentCount":0,"image":{"@id":"https:\/\/kibrisdakik.com\/?p=61634#primaryimage"},"thumbnailUrl":"https:\/\/kibrisdakik.com\/wp-content\/uploads\/2024\/09\/ssdlksakdsa-740x420.jpg","articleSection":["G\u00fcndem"],"inLanguage":"tr","potentialAction":[{"@type":"CommentAction","name":"Comment","target":["https:\/\/kibrisdakik.com\/?p=61634#respond"]}]},{"@type":"WebPage","@id":"https:\/\/kibrisdakik.com\/?p=61634","url":"https:\/\/kibrisdakik.com\/?p=61634","name":"Yonca Kav\u015fa\u011f\u0131-Ercan anayolunda korkutan kaza:2 yaral\u0131 -","isPartOf":{"@id":"https:\/\/kibrisdakik.com\/#website"},"primaryImageOfPage":{"@id":"https:\/\/kibrisdakik.com\/?p=61634#primaryimage"},"image":{"@id":"https:\/\/kibrisdakik.com\/?p=61634#primaryimage"},"thumbnailUrl":"https:\/\/kibrisdakik.com\/wp-content\/uploads\/2024\/09\/ssdlksakdsa-740x420.jpg","datePublished":"2024-09-12T13:00:05+00:00","author":{"@id":"https:\/\/kibrisdakik.com\/#\/schema\/person\/9cd9d437bbb44f72b73ba127e06d8e79"},"breadcrumb":{"@id":"https:\/\/kibrisdakik.com\/?p=61634#breadcrumb"},"inLanguage":"tr","potentialAction":[{"@type":"ReadAction","target":["https:\/\/kibrisdakik.com\/?p=61634"]}]},{"@type":"ImageObject","inLanguage":"tr","@id":"https:\/\/kibrisdakik.com\/?p=61634#primaryimage","url":"https:\/\/kibrisdakik.com\/wp-content\/uploads\/2024\/09\/ssdlksakdsa-740x420.jpg","contentUrl":"https:\/\/kibrisdakik.com\/wp-content\/uploads\/2024\/09\/ssdlksakdsa-740x420.jpg","width":1200,"height":639},{"@type":"BreadcrumbList","@id":"https:\/\/kibrisdakik.com\/?p=61634#breadcrumb","itemListElement":[{"@type":"ListItem","position":1,"name":"Home","item":"https:\/\/kibrisdakik.com\/"},{"@type":"ListItem","position":2,"name":"Yonca Kav\u015fa\u011f\u0131-Ercan anayolunda korkutan kaza:2 yaral\u0131"}]},{"@type":"WebSite","@id":"https:\/\/kibrisdakik.com\/#website","url":"https:\/\/kibrisdakik.com\/","name":"","description":"Tam vaktinde haber","potentialAction":[{"@type":"SearchAction","target":{"@type":"EntryPoint","urlTemplate":"https:\/\/kibrisdakik.com\/?s={search_term_string}"},"query-input":{"@type":"PropertyValueSpecification","valueRequired":true,"valueName":"search_term_string"}}],"inLanguage":"tr"},{"@type":"Person","@id":"https:\/\/kibrisdakik.com\/#\/schema\/person\/9cd9d437bbb44f72b73ba127e06d8e79","name":"admin","image":{"@type":"ImageObject","inLanguage":"tr","@id":"https:\/\/secure.gravatar.com\/avatar\/ccc17943b9d660506c869530f897617f7cb1c21a4bf30023f252596d83e1f007?s=96&d=mm&r=g","url":"https:\/\/secure.gravatar.com\/avatar\/ccc17943b9d660506c869530f897617f7cb1c21a4bf30023f252596d83e1f007?s=96&d=mm&r=g","contentUrl":"https:\/\/secure.gravatar.com\/avatar\/ccc17943b9d660506c869530f897617f7cb1c21a4bf30023f252596d83e1f007?s=96&d=mm&r=g","caption":"admin"},"sameAs":["https:\/\/kibrisdakik.com"],"url":"https:\/\/kibrisdakik.com\/?author=1"}]}},"_links":{"self":[{"href":"https:\/\/kibrisdakik.com\/index.php?rest_route=\/wp\/v2\/posts\/61634","targetHints":{"allow":["GET"]}}],"collection":[{"href":"https:\/\/kibrisdakik.com\/index.php?rest_route=\/wp\/v2\/posts"}],"about":[{"href":"https:\/\/kibrisdakik.com\/index.php?rest_route=\/wp\/v2\/types\/post"}],"author":[{"embeddable":true,"href":"https:\/\/kibrisdakik.com\/index.php?rest_route=\/wp\/v2\/users\/1"}],"replies":[{"embeddable":true,"href":"https:\/\/kibrisdakik.com\/index.php?rest_route=%2Fwp%2Fv2%2Fcomments&post=61634"}],"version-history":[{"count":0,"href":"https:\/\/kibrisdakik.com\/index.php?rest_route=\/wp\/v2\/posts\/61634\/revisions"}],"wp:featuredmedia":[{"embeddable":true,"href":"https:\/\/kibrisdakik.com\/index.php?rest_route=\/wp\/v2\/media\/61635"}],"wp:attachment":[{"href":"https:\/\/kibrisdakik.com\/index.php?rest_route=%2Fwp%2Fv2%2Fmedia&parent=61634"}],"wp:term":[{"taxonomy":"category","embeddable":true,"href":"https:\/\/kibrisdakik.com\/index.php?rest_route=%2Fwp%2Fv2%2Fcategories&post=61634"},{"taxonomy":"post_tag","embeddable":true,"href":"https:\/\/kibrisdakik.com\/index.php?rest_route=%2Fwp%2Fv2%2Ftags&post=61634"}],"curies":[{"name":"wp","href":"https:\/\/api.w.org\/{rel}","templated":true}]}}