{"id":61683,"date":"2024-09-12T23:09:47","date_gmt":"2024-09-12T20:09:47","guid":{"rendered":"https:\/\/kibrisdakik.com\/index.php\/2024\/09\/12\/jahrein-sohbet-odasinda-kiz-cocuklarina-mustehcen-sozleri-nedeniyle-gozaltina-alindi\/"},"modified":"2024-09-12T23:09:47","modified_gmt":"2024-09-12T20:09:47","slug":"jahrein-sohbet-odasinda-kiz-cocuklarina-mustehcen-sozleri-nedeniyle-gozaltina-alindi","status":"publish","type":"post","link":"https:\/\/kibrisdakik.com\/?p=61683","title":{"rendered":"Jahrein, sohbet odas\u0131nda k\u0131z \u00e7ocuklar\u0131na m\u00fcstehcen s\u00f6zleri nedeniyle g\u00f6zalt\u0131na al\u0131nd\u0131"},"content":{"rendered":"<p><img decoding=\"async\" src=\"https:\/\/foto.haberler.com\/haber\/2024\/09\/12\/jahrein-sohbet-odasinda-kiz-cocuklarina-17815155_2053_amp.jpg\" \/><\/p>\n<div id=\"\">\n<p>Sosyal medya fenomeni Jahrein lakapl\u0131 Ahmet Sonu\u00e7  <a class=\"keyword\" href=\"https:\/\/www.haberler.com\/antalya\/\" title=\"Antalya Haberleri, Antalya Haberi, Antalya Haber\"><strong>Antalya<\/strong><\/a>&#8216;da g\u00f6zalt\u0131na al\u0131nd\u0131. Emniyetten yap\u0131lan a\u00e7\u0131klamada, &#8220;Sosyal medya platformu \u00fczerinden, sohbet odas\u0131 ba\u015fl\u0131kl\u0131 a\u00e7\u0131k kaynaklarda yer alan canl\u0131 sohbet odas\u0131nda toplumun genel ahlak\u0131na ve genel de\u011fer yarg\u0131lar\u0131na uygun olmayan konu\u015fmalar yap\u0131ld\u0131\u011f\u0131 g\u00f6r\u00fclm\u00fc\u015ft\u00fcr&#8221; denildi. <\/p>\n<h3>KIZ \u00c7OCUKLARINA M\u00dcSTEHCEN S\u00d6ZLER<\/h3>\n<p> <a class=\"keyword\" href=\"https:\/\/www.haberler.com\/antalya\/\" title=\"Antalya Haberleri, Antalya Haberi, Antalya Haber\"><strong>Antalya<\/strong><\/a>&#8216;da sosyal medya fenomeni iki ki\u015fi, k\u0131z \u00e7ocuklar\u0131na ili\u015fkin m\u00fcstehcen s\u00f6zleri nedeniyle g\u00f6zalt\u0131na al\u0131nd\u0131. Antalya Emniyet M\u00fcd\u00fcrl\u00fc\u011f\u00fcnden konuya ili\u015fkin yap\u0131lan a\u00e7\u0131klamada \u015fu ifadeler yer ald\u0131:<\/p>\n<p>&#8220;Baz\u0131 bas\u0131n yay\u0131n organlar\u0131 ile sosyal medya hesaplar\u0131nda internet arac\u0131l\u0131\u011f\u0131 ile m\u00fcstehcen i\u00e7erikli konu\u015fmalar ve yay\u0131nlar yap\u0131ld\u0131\u011f\u0131 haberlerinin yer almas\u0131 \u00fczerine a\u015fa\u011f\u0131daki a\u00e7\u0131klaman\u0131n yap\u0131lmas\u0131 gere\u011fi duyulmu\u015ftur. <\/p>\n<h3>&#8220;JAHRE\u0130N RUMUZLU A.S. OLDU\u011eU TESP\u0130T ED\u0130LM\u0130\u015eT\u0130R&#8221;<\/h3>\n<p>X (Twitter) isimli sosyal medya platformu \u00fczerinden &#8216;RockerpuckEvil&#8217; kullan\u0131c\u0131 ad\u0131 ve &#8216;Pungent 666&#8217; rumuzu ile y\u00f6neticisi oldu\u011fu &#8216;sohbet odas\u0131&#8217; ba\u015fl\u0131kl\u0131 a\u00e7\u0131k kaynaklarda yer alan canl\u0131 sohbet odas\u0131nda toplumun genel ahlak\u0131na ve genel de\u011fer yarg\u0131lar\u0131na uygun olmayan konu\u015fmalar yap\u0131ld\u0131\u011f\u0131 g\u00f6r\u00fclm\u00fc\u015ft\u00fcr. Bahse konu konu\u015fmalar incelendi\u011finde, RockerpuckEvil kullan\u0131c\u0131 isimli Pungent 666 rumuzlu X hesab\u0131 kullan\u0131c\u0131s\u0131n\u0131n E.K. isimli \u015fah\u0131s oldu\u011fu tespit edilmi\u015ftir. Ayr\u0131ca &#8216;Jahrein&#8217; isimli\/rumuzlu kullan\u0131c\u0131n\u0131n Twitch isimli sosyal medya platformunda yapt\u0131\u011f\u0131 canl\u0131 yay\u0131nda benzer i\u00e7erikli konu\u015fmalar yapt\u0131\u011f\u0131 g\u00f6r\u00fclm\u00fc\u015f, yap\u0131lan incelemeler neticesinde &#8216;Jahrein&#8217; isimli\/rumuzlu kullan\u0131c\u0131n\u0131n A.S. isimli \u015fah\u0131s oldu\u011fu tespit edilmi\u015ftir. E.K. ve A.S. isimli \u015fah\u0131slar 12.09.2024 g\u00fcn\u00fc Emniyet M\u00fcd\u00fcrl\u00fc\u011f\u00fcm\u00fcz Siber Su\u00e7larla M\u00fccadele \u015eube M\u00fcd\u00fcrl\u00fc\u011f\u00fc g\u00f6revlilerimiz taraf\u0131ndan g\u00f6zalt\u0131na al\u0131narak haklar\u0131nda; T\u00fcrk Ceza Kanunu&#8217;nun 226. Maddesi&#8217;ne g\u00f6re m\u00fcstehcenlik su\u00e7undan i\u015flem ba\u015flat\u0131lm\u0131\u015ft\u0131r.&#8221; <\/p>\n<div class=\"editorSade\">Kaynak: Demir\u00f6ren Haber Ajans\u0131 \/  <a href=\"https:\/\/www.haberler.com\/guncel\/\" title=\"G\u00fcncel Haberleri\">G\u00fcncel<\/a> <\/div>\n<h4 id=\"nwsKeywords\"> <a href=\"https:\/\/www.haberler.com\/sosyal-medya\/\" title=\"Sosyal Medya\" class=\"hbptTag\">Sosyal Medya<\/a>  <a href=\"https:\/\/www.haberler.com\/ahmet-sonuc\/\" title=\"Ahmet Sonu\u00e7\" class=\"hbptTag\">Ahmet Sonu\u00e7<\/a>  <a href=\"https:\/\/www.haberler.com\/antalya\/\" title=\"Antalya\" class=\"hbptTag\">Antalya<\/a>  <a href=\"https:\/\/www.haberler.com\/gozalti\/\" title=\"G\u00f6zalt\u0131\" class=\"hbptTag\">G\u00f6zalt\u0131<\/a>  <a href=\"https:\/\/www.haberler.com\/3-sayfa\/\" title=\"3-sayfa\" class=\"hbptTag\">3-sayfa<\/a>  <a href=\"https:\/\/www.haberler.com\/guncel\/\" title=\"G\u00fcncel\" class=\"hbptTag\">G\u00fcncel<\/a>  <a href=\"https:\/\/www.haberler.com\/sozler\/\" title=\"S\u00f6zler\" class=\"hbptTag\">S\u00f6zler<\/a>  <a href=\"https:\/\/www.haberler.com\/medya\/\" title=\"Medya\" class=\"hbptTag\">Medya<\/a>  <a href=\"https:\/\/www.haberler.com\/suc\/\" title=\"Su\u00e7\" class=\"hbptTag\">Su\u00e7<\/a> <\/h4>\n<\/div>\n","protected":false},"excerpt":{"rendered":"<p>Sosyal medya fenomeni Jahrein lakapl\u0131 Ahmet Sonu\u00e7 Antalya&#8216;da g\u00f6zalt\u0131na al\u0131nd\u0131. Emniyetten yap\u0131lan a\u00e7\u0131klamada, &#8220;Sosyal medya platformu \u00fczerinden, sohbet odas\u0131 ba\u015fl\u0131kl\u0131 a\u00e7\u0131k kaynaklarda yer alan canl\u0131 sohbet odas\u0131nda toplumun genel ahlak\u0131na ve genel de\u011fer yarg\u0131lar\u0131na uygun olmayan konu\u015fmalar yap\u0131ld\u0131\u011f\u0131 g\u00f6r\u00fclm\u00fc\u015ft\u00fcr&#8221; denildi. KIZ \u00c7OCUKLARINA M\u00dcSTEHCEN S\u00d6ZLER Antalya&#8216;da sosyal medya fenomeni iki ki\u015fi, k\u0131z \u00e7ocuklar\u0131na ili\u015fkin m\u00fcstehcen s\u00f6zleri<\/p>\n","protected":false},"author":1,"featured_media":61684,"comment_status":"open","ping_status":"open","sticky":false,"template":"","format":"standard","meta":{"footnotes":""},"categories":[83],"tags":[],"class_list":["post-61683","post","type-post","status-publish","format-standard","has-post-thumbnail","hentry","category-magazin"],"yoast_head":"<!-- This site is optimized with the Yoast SEO plugin v27.5 - https:\/\/yoast.com\/product\/yoast-seo-wordpress\/ -->\n<title>Jahrein, sohbet odas\u0131nda k\u0131z \u00e7ocuklar\u0131na m\u00fcstehcen s\u00f6zleri nedeniyle g\u00f6zalt\u0131na al\u0131nd\u0131 -<\/title>\n<meta name=\"robots\" content=\"index, follow, max-snippet:-1, max-image-preview:large, max-video-preview:-1\" \/>\n<link rel=\"canonical\" href=\"https:\/\/kibrisdakik.com\/?p=61683\" \/>\n<meta property=\"og:locale\" content=\"tr_TR\" \/>\n<meta property=\"og:type\" content=\"article\" \/>\n<meta property=\"og:title\" content=\"Jahrein, sohbet odas\u0131nda k\u0131z \u00e7ocuklar\u0131na m\u00fcstehcen s\u00f6zleri nedeniyle g\u00f6zalt\u0131na al\u0131nd\u0131 -\" \/>\n<meta property=\"og:description\" content=\"Sosyal medya fenomeni Jahrein lakapl\u0131 Ahmet Sonu\u00e7 Antalya&#8216;da g\u00f6zalt\u0131na al\u0131nd\u0131. Emniyetten yap\u0131lan a\u00e7\u0131klamada, &#8220;Sosyal medya platformu \u00fczerinden, sohbet odas\u0131 ba\u015fl\u0131kl\u0131 a\u00e7\u0131k kaynaklarda yer alan canl\u0131 sohbet odas\u0131nda toplumun genel ahlak\u0131na ve genel de\u011fer yarg\u0131lar\u0131na uygun olmayan konu\u015fmalar yap\u0131ld\u0131\u011f\u0131 g\u00f6r\u00fclm\u00fc\u015ft\u00fcr&#8221; denildi. KIZ \u00c7OCUKLARINA M\u00dcSTEHCEN S\u00d6ZLER Antalya&#8216;da sosyal medya fenomeni iki ki\u015fi, k\u0131z \u00e7ocuklar\u0131na ili\u015fkin m\u00fcstehcen s\u00f6zleri\" \/>\n<meta property=\"og:url\" content=\"https:\/\/kibrisdakik.com\/?p=61683\" \/>\n<meta property=\"article:published_time\" content=\"2024-09-12T20:09:47+00:00\" \/>\n<meta property=\"og:image\" content=\"https:\/\/kibrisdakik.com\/wp-content\/uploads\/2024\/09\/jahrein-sohbet-odasinda-kiz-cocuklarina-17815155_2053_amp.jpg\" \/>\n\t<meta property=\"og:image:width\" content=\"1202\" \/>\n\t<meta property=\"og:image:height\" content=\"675\" \/>\n\t<meta property=\"og:image:type\" content=\"image\/jpeg\" \/>\n<meta name=\"author\" content=\"admin\" \/>\n<meta name=\"twitter:card\" content=\"summary_large_image\" \/>\n<meta name=\"twitter:label1\" content=\"Yazan:\" \/>\n\t<meta name=\"twitter:data1\" content=\"admin\" \/>\n\t<meta name=\"twitter:label2\" content=\"Tahmini okuma s\u00fcresi\" \/>\n\t<meta name=\"twitter:data2\" content=\"2 dakika\" \/>\n<script type=\"application\/ld+json\" class=\"yoast-schema-graph\">{\"@context\":\"https:\\\/\\\/schema.org\",\"@graph\":[{\"@type\":\"Article\",\"@id\":\"https:\\\/\\\/kibrisdakik.com\\\/?p=61683#article\",\"isPartOf\":{\"@id\":\"https:\\\/\\\/kibrisdakik.com\\\/?p=61683\"},\"author\":{\"name\":\"admin\",\"@id\":\"https:\\\/\\\/kibrisdakik.com\\\/#\\\/schema\\\/person\\\/9cd9d437bbb44f72b73ba127e06d8e79\"},\"headline\":\"Jahrein, sohbet odas\u0131nda k\u0131z \u00e7ocuklar\u0131na m\u00fcstehcen s\u00f6zleri nedeniyle g\u00f6zalt\u0131na al\u0131nd\u0131\",\"datePublished\":\"2024-09-12T20:09:47+00:00\",\"mainEntityOfPage\":{\"@id\":\"https:\\\/\\\/kibrisdakik.com\\\/?p=61683\"},\"wordCount\":389,\"commentCount\":0,\"image\":{\"@id\":\"https:\\\/\\\/kibrisdakik.com\\\/?p=61683#primaryimage\"},\"thumbnailUrl\":\"https:\\\/\\\/kibrisdakik.com\\\/wp-content\\\/uploads\\\/2024\\\/09\\\/jahrein-sohbet-odasinda-kiz-cocuklarina-17815155_2053_amp.jpg\",\"articleSection\":[\"Magazin\"],\"inLanguage\":\"tr\",\"potentialAction\":[{\"@type\":\"CommentAction\",\"name\":\"Comment\",\"target\":[\"https:\\\/\\\/kibrisdakik.com\\\/?p=61683#respond\"]}]},{\"@type\":\"WebPage\",\"@id\":\"https:\\\/\\\/kibrisdakik.com\\\/?p=61683\",\"url\":\"https:\\\/\\\/kibrisdakik.com\\\/?p=61683\",\"name\":\"Jahrein, sohbet odas\u0131nda k\u0131z \u00e7ocuklar\u0131na m\u00fcstehcen s\u00f6zleri nedeniyle g\u00f6zalt\u0131na al\u0131nd\u0131 -\",\"isPartOf\":{\"@id\":\"https:\\\/\\\/kibrisdakik.com\\\/#website\"},\"primaryImageOfPage\":{\"@id\":\"https:\\\/\\\/kibrisdakik.com\\\/?p=61683#primaryimage\"},\"image\":{\"@id\":\"https:\\\/\\\/kibrisdakik.com\\\/?p=61683#primaryimage\"},\"thumbnailUrl\":\"https:\\\/\\\/kibrisdakik.com\\\/wp-content\\\/uploads\\\/2024\\\/09\\\/jahrein-sohbet-odasinda-kiz-cocuklarina-17815155_2053_amp.jpg\",\"datePublished\":\"2024-09-12T20:09:47+00:00\",\"author\":{\"@id\":\"https:\\\/\\\/kibrisdakik.com\\\/#\\\/schema\\\/person\\\/9cd9d437bbb44f72b73ba127e06d8e79\"},\"breadcrumb\":{\"@id\":\"https:\\\/\\\/kibrisdakik.com\\\/?p=61683#breadcrumb\"},\"inLanguage\":\"tr\",\"potentialAction\":[{\"@type\":\"ReadAction\",\"target\":[\"https:\\\/\\\/kibrisdakik.com\\\/?p=61683\"]}]},{\"@type\":\"ImageObject\",\"inLanguage\":\"tr\",\"@id\":\"https:\\\/\\\/kibrisdakik.com\\\/?p=61683#primaryimage\",\"url\":\"https:\\\/\\\/kibrisdakik.com\\\/wp-content\\\/uploads\\\/2024\\\/09\\\/jahrein-sohbet-odasinda-kiz-cocuklarina-17815155_2053_amp.jpg\",\"contentUrl\":\"https:\\\/\\\/kibrisdakik.com\\\/wp-content\\\/uploads\\\/2024\\\/09\\\/jahrein-sohbet-odasinda-kiz-cocuklarina-17815155_2053_amp.jpg\",\"width\":1202,\"height\":675},{\"@type\":\"BreadcrumbList\",\"@id\":\"https:\\\/\\\/kibrisdakik.com\\\/?p=61683#breadcrumb\",\"itemListElement\":[{\"@type\":\"ListItem\",\"position\":1,\"name\":\"Home\",\"item\":\"https:\\\/\\\/kibrisdakik.com\\\/\"},{\"@type\":\"ListItem\",\"position\":2,\"name\":\"Jahrein, sohbet odas\u0131nda k\u0131z \u00e7ocuklar\u0131na m\u00fcstehcen s\u00f6zleri nedeniyle g\u00f6zalt\u0131na al\u0131nd\u0131\"}]},{\"@type\":\"WebSite\",\"@id\":\"https:\\\/\\\/kibrisdakik.com\\\/#website\",\"url\":\"https:\\\/\\\/kibrisdakik.com\\\/\",\"name\":\"\",\"description\":\"Tam vaktinde haber\",\"potentialAction\":[{\"@type\":\"SearchAction\",\"target\":{\"@type\":\"EntryPoint\",\"urlTemplate\":\"https:\\\/\\\/kibrisdakik.com\\\/?s={search_term_string}\"},\"query-input\":{\"@type\":\"PropertyValueSpecification\",\"valueRequired\":true,\"valueName\":\"search_term_string\"}}],\"inLanguage\":\"tr\"},{\"@type\":\"Person\",\"@id\":\"https:\\\/\\\/kibrisdakik.com\\\/#\\\/schema\\\/person\\\/9cd9d437bbb44f72b73ba127e06d8e79\",\"name\":\"admin\",\"image\":{\"@type\":\"ImageObject\",\"inLanguage\":\"tr\",\"@id\":\"https:\\\/\\\/secure.gravatar.com\\\/avatar\\\/ccc17943b9d660506c869530f897617f7cb1c21a4bf30023f252596d83e1f007?s=96&d=mm&r=g\",\"url\":\"https:\\\/\\\/secure.gravatar.com\\\/avatar\\\/ccc17943b9d660506c869530f897617f7cb1c21a4bf30023f252596d83e1f007?s=96&d=mm&r=g\",\"contentUrl\":\"https:\\\/\\\/secure.gravatar.com\\\/avatar\\\/ccc17943b9d660506c869530f897617f7cb1c21a4bf30023f252596d83e1f007?s=96&d=mm&r=g\",\"caption\":\"admin\"},\"sameAs\":[\"https:\\\/\\\/kibrisdakik.com\"],\"url\":\"https:\\\/\\\/kibrisdakik.com\\\/?author=1\"}]}<\/script>\n<!-- \/ Yoast SEO plugin. -->","yoast_head_json":{"title":"Jahrein, sohbet odas\u0131nda k\u0131z \u00e7ocuklar\u0131na m\u00fcstehcen s\u00f6zleri nedeniyle g\u00f6zalt\u0131na al\u0131nd\u0131 -","robots":{"index":"index","follow":"follow","max-snippet":"max-snippet:-1","max-image-preview":"max-image-preview:large","max-video-preview":"max-video-preview:-1"},"canonical":"https:\/\/kibrisdakik.com\/?p=61683","og_locale":"tr_TR","og_type":"article","og_title":"Jahrein, sohbet odas\u0131nda k\u0131z \u00e7ocuklar\u0131na m\u00fcstehcen s\u00f6zleri nedeniyle g\u00f6zalt\u0131na al\u0131nd\u0131 -","og_description":"Sosyal medya fenomeni Jahrein lakapl\u0131 Ahmet Sonu\u00e7 Antalya&#8216;da g\u00f6zalt\u0131na al\u0131nd\u0131. Emniyetten yap\u0131lan a\u00e7\u0131klamada, &#8220;Sosyal medya platformu \u00fczerinden, sohbet odas\u0131 ba\u015fl\u0131kl\u0131 a\u00e7\u0131k kaynaklarda yer alan canl\u0131 sohbet odas\u0131nda toplumun genel ahlak\u0131na ve genel de\u011fer yarg\u0131lar\u0131na uygun olmayan konu\u015fmalar yap\u0131ld\u0131\u011f\u0131 g\u00f6r\u00fclm\u00fc\u015ft\u00fcr&#8221; denildi. KIZ \u00c7OCUKLARINA M\u00dcSTEHCEN S\u00d6ZLER Antalya&#8216;da sosyal medya fenomeni iki ki\u015fi, k\u0131z \u00e7ocuklar\u0131na ili\u015fkin m\u00fcstehcen s\u00f6zleri","og_url":"https:\/\/kibrisdakik.com\/?p=61683","article_published_time":"2024-09-12T20:09:47+00:00","og_image":[{"width":1202,"height":675,"url":"https:\/\/kibrisdakik.com\/wp-content\/uploads\/2024\/09\/jahrein-sohbet-odasinda-kiz-cocuklarina-17815155_2053_amp.jpg","type":"image\/jpeg"}],"author":"admin","twitter_card":"summary_large_image","twitter_misc":{"Yazan:":"admin","Tahmini okuma s\u00fcresi":"2 dakika"},"schema":{"@context":"https:\/\/schema.org","@graph":[{"@type":"Article","@id":"https:\/\/kibrisdakik.com\/?p=61683#article","isPartOf":{"@id":"https:\/\/kibrisdakik.com\/?p=61683"},"author":{"name":"admin","@id":"https:\/\/kibrisdakik.com\/#\/schema\/person\/9cd9d437bbb44f72b73ba127e06d8e79"},"headline":"Jahrein, sohbet odas\u0131nda k\u0131z \u00e7ocuklar\u0131na m\u00fcstehcen s\u00f6zleri nedeniyle g\u00f6zalt\u0131na al\u0131nd\u0131","datePublished":"2024-09-12T20:09:47+00:00","mainEntityOfPage":{"@id":"https:\/\/kibrisdakik.com\/?p=61683"},"wordCount":389,"commentCount":0,"image":{"@id":"https:\/\/kibrisdakik.com\/?p=61683#primaryimage"},"thumbnailUrl":"https:\/\/kibrisdakik.com\/wp-content\/uploads\/2024\/09\/jahrein-sohbet-odasinda-kiz-cocuklarina-17815155_2053_amp.jpg","articleSection":["Magazin"],"inLanguage":"tr","potentialAction":[{"@type":"CommentAction","name":"Comment","target":["https:\/\/kibrisdakik.com\/?p=61683#respond"]}]},{"@type":"WebPage","@id":"https:\/\/kibrisdakik.com\/?p=61683","url":"https:\/\/kibrisdakik.com\/?p=61683","name":"Jahrein, sohbet odas\u0131nda k\u0131z \u00e7ocuklar\u0131na m\u00fcstehcen s\u00f6zleri nedeniyle g\u00f6zalt\u0131na al\u0131nd\u0131 -","isPartOf":{"@id":"https:\/\/kibrisdakik.com\/#website"},"primaryImageOfPage":{"@id":"https:\/\/kibrisdakik.com\/?p=61683#primaryimage"},"image":{"@id":"https:\/\/kibrisdakik.com\/?p=61683#primaryimage"},"thumbnailUrl":"https:\/\/kibrisdakik.com\/wp-content\/uploads\/2024\/09\/jahrein-sohbet-odasinda-kiz-cocuklarina-17815155_2053_amp.jpg","datePublished":"2024-09-12T20:09:47+00:00","author":{"@id":"https:\/\/kibrisdakik.com\/#\/schema\/person\/9cd9d437bbb44f72b73ba127e06d8e79"},"breadcrumb":{"@id":"https:\/\/kibrisdakik.com\/?p=61683#breadcrumb"},"inLanguage":"tr","potentialAction":[{"@type":"ReadAction","target":["https:\/\/kibrisdakik.com\/?p=61683"]}]},{"@type":"ImageObject","inLanguage":"tr","@id":"https:\/\/kibrisdakik.com\/?p=61683#primaryimage","url":"https:\/\/kibrisdakik.com\/wp-content\/uploads\/2024\/09\/jahrein-sohbet-odasinda-kiz-cocuklarina-17815155_2053_amp.jpg","contentUrl":"https:\/\/kibrisdakik.com\/wp-content\/uploads\/2024\/09\/jahrein-sohbet-odasinda-kiz-cocuklarina-17815155_2053_amp.jpg","width":1202,"height":675},{"@type":"BreadcrumbList","@id":"https:\/\/kibrisdakik.com\/?p=61683#breadcrumb","itemListElement":[{"@type":"ListItem","position":1,"name":"Home","item":"https:\/\/kibrisdakik.com\/"},{"@type":"ListItem","position":2,"name":"Jahrein, sohbet odas\u0131nda k\u0131z \u00e7ocuklar\u0131na m\u00fcstehcen s\u00f6zleri nedeniyle g\u00f6zalt\u0131na al\u0131nd\u0131"}]},{"@type":"WebSite","@id":"https:\/\/kibrisdakik.com\/#website","url":"https:\/\/kibrisdakik.com\/","name":"","description":"Tam vaktinde haber","potentialAction":[{"@type":"SearchAction","target":{"@type":"EntryPoint","urlTemplate":"https:\/\/kibrisdakik.com\/?s={search_term_string}"},"query-input":{"@type":"PropertyValueSpecification","valueRequired":true,"valueName":"search_term_string"}}],"inLanguage":"tr"},{"@type":"Person","@id":"https:\/\/kibrisdakik.com\/#\/schema\/person\/9cd9d437bbb44f72b73ba127e06d8e79","name":"admin","image":{"@type":"ImageObject","inLanguage":"tr","@id":"https:\/\/secure.gravatar.com\/avatar\/ccc17943b9d660506c869530f897617f7cb1c21a4bf30023f252596d83e1f007?s=96&d=mm&r=g","url":"https:\/\/secure.gravatar.com\/avatar\/ccc17943b9d660506c869530f897617f7cb1c21a4bf30023f252596d83e1f007?s=96&d=mm&r=g","contentUrl":"https:\/\/secure.gravatar.com\/avatar\/ccc17943b9d660506c869530f897617f7cb1c21a4bf30023f252596d83e1f007?s=96&d=mm&r=g","caption":"admin"},"sameAs":["https:\/\/kibrisdakik.com"],"url":"https:\/\/kibrisdakik.com\/?author=1"}]}},"_links":{"self":[{"href":"https:\/\/kibrisdakik.com\/index.php?rest_route=\/wp\/v2\/posts\/61683","targetHints":{"allow":["GET"]}}],"collection":[{"href":"https:\/\/kibrisdakik.com\/index.php?rest_route=\/wp\/v2\/posts"}],"about":[{"href":"https:\/\/kibrisdakik.com\/index.php?rest_route=\/wp\/v2\/types\/post"}],"author":[{"embeddable":true,"href":"https:\/\/kibrisdakik.com\/index.php?rest_route=\/wp\/v2\/users\/1"}],"replies":[{"embeddable":true,"href":"https:\/\/kibrisdakik.com\/index.php?rest_route=%2Fwp%2Fv2%2Fcomments&post=61683"}],"version-history":[{"count":0,"href":"https:\/\/kibrisdakik.com\/index.php?rest_route=\/wp\/v2\/posts\/61683\/revisions"}],"wp:featuredmedia":[{"embeddable":true,"href":"https:\/\/kibrisdakik.com\/index.php?rest_route=\/wp\/v2\/media\/61684"}],"wp:attachment":[{"href":"https:\/\/kibrisdakik.com\/index.php?rest_route=%2Fwp%2Fv2%2Fmedia&parent=61683"}],"wp:term":[{"taxonomy":"category","embeddable":true,"href":"https:\/\/kibrisdakik.com\/index.php?rest_route=%2Fwp%2Fv2%2Fcategories&post=61683"},{"taxonomy":"post_tag","embeddable":true,"href":"https:\/\/kibrisdakik.com\/index.php?rest_route=%2Fwp%2Fv2%2Ftags&post=61683"}],"curies":[{"name":"wp","href":"https:\/\/api.w.org\/{rel}","templated":true}]}}