{"id":61710,"date":"2024-09-13T09:41:37","date_gmt":"2024-09-13T06:41:37","guid":{"rendered":"https:\/\/kibrisdakik.com\/index.php\/2024\/09\/13\/basbakan-ustel-sivil-toplum-kuruluslarina-yaptigi-ziyaretlerine-devam-ediyor\/"},"modified":"2024-09-13T09:41:37","modified_gmt":"2024-09-13T06:41:37","slug":"basbakan-ustel-sivil-toplum-kuruluslarina-yaptigi-ziyaretlerine-devam-ediyor","status":"publish","type":"post","link":"https:\/\/kibrisdakik.com\/?p=61710","title":{"rendered":"Ba\u015fbakan \u00dcstel, sivil toplum kurulu\u015flar\u0131na yapt\u0131\u011f\u0131 ziyaretlerine devam ediyor"},"content":{"rendered":"<div>\n<div class=\"mariselle-image-container center\">\n                                            <\/div>\n<p>  \u00b7<br \/>Ba\u015fbakan \u00dcnal \u00dcstel, d\u00fcnde Alevi K\u00fclt\u00fcr Merkezi Girne \u015eubesi\u2019 ni, KKTC Toplumsal Dayan\u0131\u015fma ve Yard\u0131mla\u015fma Derne\u011fi ile KKTC Adanal\u0131lar K\u00fclt\u00fcr ve B\u00fct\u00fcnle\u015fme Derneklerine ziyarette bulundu.<\/p>\n<p>\u00dcstel, yapt\u0131\u011f\u0131 t\u00fcm ziyaretlerde \u201c\u00dclkemizde bulunan t\u00fcm Sivil Toplum \u00d6rg\u00fctlerimizi s\u0131raya koyarak hepsini birer birer ziyaret ediyoruz. Bu yapt\u0131\u011f\u0131m\u0131z ziyaretlerin sonucunda kurum ve kurulu\u015flar\u0131n ya\u015fad\u0131\u011f\u0131 eksiklikleri ve s\u0131k\u0131nt\u0131lar\u0131 \u00f6\u011frenip sorunlar\u0131na katk\u0131 sa\u011flamaya \u00e7al\u0131\u015f\u0131yoruz\u201d dedi.<\/p>\n<p>Yap\u0131lan t\u00fcm ziyaretlerde dernekler \u00dcstel\u2019e destek belirtirken halk\u0131n istikrardan yana oldu\u011fu vurgusu yap\u0131ld\u0131.<\/p>\n<\/p><\/div>\n<p><script async\n                    defer\n                    crossorigin=\"anonymous\"\n                    src=\"https:\/\/connect.facebook.net\/tr_TR\/sdk.js#xfbml=1&#038;version=v3.3\"\n            ><\/script><\/p>\n","protected":false},"excerpt":{"rendered":"<p>\u00b7Ba\u015fbakan \u00dcnal \u00dcstel, d\u00fcnde Alevi K\u00fclt\u00fcr Merkezi Girne \u015eubesi\u2019 ni, KKTC Toplumsal Dayan\u0131\u015fma ve Yard\u0131mla\u015fma Derne\u011fi ile KKTC Adanal\u0131lar K\u00fclt\u00fcr ve B\u00fct\u00fcnle\u015fme Derneklerine ziyarette bulundu. \u00dcstel, yapt\u0131\u011f\u0131 t\u00fcm ziyaretlerde \u201c\u00dclkemizde bulunan t\u00fcm Sivil Toplum \u00d6rg\u00fctlerimizi s\u0131raya koyarak hepsini birer birer ziyaret ediyoruz. Bu yapt\u0131\u011f\u0131m\u0131z ziyaretlerin sonucunda kurum ve kurulu\u015flar\u0131n ya\u015fad\u0131\u011f\u0131 eksiklikleri ve s\u0131k\u0131nt\u0131lar\u0131 \u00f6\u011frenip sorunlar\u0131na<\/p>\n","protected":false},"author":1,"featured_media":61711,"comment_status":"open","ping_status":"open","sticky":false,"template":"","format":"standard","meta":{"footnotes":""},"categories":[81],"tags":[],"class_list":["post-61710","post","type-post","status-publish","format-standard","has-post-thumbnail","hentry","category-kibris"],"yoast_head":"<!-- This site is optimized with the Yoast SEO plugin v27.4 - https:\/\/yoast.com\/product\/yoast-seo-wordpress\/ -->\n<title>Ba\u015fbakan \u00dcstel, sivil toplum kurulu\u015flar\u0131na yapt\u0131\u011f\u0131 ziyaretlerine devam ediyor -<\/title>\n<meta name=\"robots\" content=\"index, follow, max-snippet:-1, max-image-preview:large, max-video-preview:-1\" \/>\n<link rel=\"canonical\" href=\"https:\/\/kibrisdakik.com\/?p=61710\" \/>\n<meta property=\"og:locale\" content=\"tr_TR\" \/>\n<meta property=\"og:type\" content=\"article\" \/>\n<meta property=\"og:title\" content=\"Ba\u015fbakan \u00dcstel, sivil toplum kurulu\u015flar\u0131na yapt\u0131\u011f\u0131 ziyaretlerine devam ediyor -\" \/>\n<meta property=\"og:description\" content=\"\u00b7Ba\u015fbakan \u00dcnal \u00dcstel, d\u00fcnde Alevi K\u00fclt\u00fcr Merkezi Girne \u015eubesi\u2019 ni, KKTC Toplumsal Dayan\u0131\u015fma ve Yard\u0131mla\u015fma Derne\u011fi ile KKTC Adanal\u0131lar K\u00fclt\u00fcr ve B\u00fct\u00fcnle\u015fme Derneklerine ziyarette bulundu. \u00dcstel, yapt\u0131\u011f\u0131 t\u00fcm ziyaretlerde \u201c\u00dclkemizde bulunan t\u00fcm Sivil Toplum \u00d6rg\u00fctlerimizi s\u0131raya koyarak hepsini birer birer ziyaret ediyoruz. Bu yapt\u0131\u011f\u0131m\u0131z ziyaretlerin sonucunda kurum ve kurulu\u015flar\u0131n ya\u015fad\u0131\u011f\u0131 eksiklikleri ve s\u0131k\u0131nt\u0131lar\u0131 \u00f6\u011frenip sorunlar\u0131na\" \/>\n<meta property=\"og:url\" content=\"https:\/\/kibrisdakik.com\/?p=61710\" \/>\n<meta property=\"article:published_time\" content=\"2024-09-13T06:41:37+00:00\" \/>\n<meta property=\"og:image\" content=\"https:\/\/kibrisdakik.com\/wp-content\/uploads\/2024\/09\/afa-740x420.jpg\" \/>\n\t<meta property=\"og:image:width\" content=\"1480\" \/>\n\t<meta property=\"og:image:height\" content=\"832\" \/>\n\t<meta property=\"og:image:type\" content=\"image\/jpeg\" \/>\n<meta name=\"author\" content=\"admin\" \/>\n<meta name=\"twitter:card\" content=\"summary_large_image\" \/>\n<meta name=\"twitter:label1\" content=\"Yazan:\" \/>\n\t<meta name=\"twitter:data1\" content=\"admin\" \/>\n\t<meta name=\"twitter:label2\" content=\"Tahmini okuma s\u00fcresi\" \/>\n\t<meta name=\"twitter:data2\" content=\"1 dakika\" \/>\n<script type=\"application\/ld+json\" class=\"yoast-schema-graph\">{\"@context\":\"https:\\\/\\\/schema.org\",\"@graph\":[{\"@type\":\"Article\",\"@id\":\"https:\\\/\\\/kibrisdakik.com\\\/?p=61710#article\",\"isPartOf\":{\"@id\":\"https:\\\/\\\/kibrisdakik.com\\\/?p=61710\"},\"author\":{\"name\":\"admin\",\"@id\":\"https:\\\/\\\/kibrisdakik.com\\\/#\\\/schema\\\/person\\\/9cd9d437bbb44f72b73ba127e06d8e79\"},\"headline\":\"Ba\u015fbakan \u00dcstel, sivil toplum kurulu\u015flar\u0131na yapt\u0131\u011f\u0131 ziyaretlerine devam ediyor\",\"datePublished\":\"2024-09-13T06:41:37+00:00\",\"mainEntityOfPage\":{\"@id\":\"https:\\\/\\\/kibrisdakik.com\\\/?p=61710\"},\"wordCount\":119,\"commentCount\":0,\"image\":{\"@id\":\"https:\\\/\\\/kibrisdakik.com\\\/?p=61710#primaryimage\"},\"thumbnailUrl\":\"https:\\\/\\\/kibrisdakik.com\\\/wp-content\\\/uploads\\\/2024\\\/09\\\/afa-740x420.jpg\",\"articleSection\":[\"K\u0131br\u0131s\"],\"inLanguage\":\"tr\",\"potentialAction\":[{\"@type\":\"CommentAction\",\"name\":\"Comment\",\"target\":[\"https:\\\/\\\/kibrisdakik.com\\\/?p=61710#respond\"]}]},{\"@type\":\"WebPage\",\"@id\":\"https:\\\/\\\/kibrisdakik.com\\\/?p=61710\",\"url\":\"https:\\\/\\\/kibrisdakik.com\\\/?p=61710\",\"name\":\"Ba\u015fbakan \u00dcstel, sivil toplum kurulu\u015flar\u0131na yapt\u0131\u011f\u0131 ziyaretlerine devam ediyor -\",\"isPartOf\":{\"@id\":\"https:\\\/\\\/kibrisdakik.com\\\/#website\"},\"primaryImageOfPage\":{\"@id\":\"https:\\\/\\\/kibrisdakik.com\\\/?p=61710#primaryimage\"},\"image\":{\"@id\":\"https:\\\/\\\/kibrisdakik.com\\\/?p=61710#primaryimage\"},\"thumbnailUrl\":\"https:\\\/\\\/kibrisdakik.com\\\/wp-content\\\/uploads\\\/2024\\\/09\\\/afa-740x420.jpg\",\"datePublished\":\"2024-09-13T06:41:37+00:00\",\"author\":{\"@id\":\"https:\\\/\\\/kibrisdakik.com\\\/#\\\/schema\\\/person\\\/9cd9d437bbb44f72b73ba127e06d8e79\"},\"breadcrumb\":{\"@id\":\"https:\\\/\\\/kibrisdakik.com\\\/?p=61710#breadcrumb\"},\"inLanguage\":\"tr\",\"potentialAction\":[{\"@type\":\"ReadAction\",\"target\":[\"https:\\\/\\\/kibrisdakik.com\\\/?p=61710\"]}]},{\"@type\":\"ImageObject\",\"inLanguage\":\"tr\",\"@id\":\"https:\\\/\\\/kibrisdakik.com\\\/?p=61710#primaryimage\",\"url\":\"https:\\\/\\\/kibrisdakik.com\\\/wp-content\\\/uploads\\\/2024\\\/09\\\/afa-740x420.jpg\",\"contentUrl\":\"https:\\\/\\\/kibrisdakik.com\\\/wp-content\\\/uploads\\\/2024\\\/09\\\/afa-740x420.jpg\",\"width\":1480,\"height\":832},{\"@type\":\"BreadcrumbList\",\"@id\":\"https:\\\/\\\/kibrisdakik.com\\\/?p=61710#breadcrumb\",\"itemListElement\":[{\"@type\":\"ListItem\",\"position\":1,\"name\":\"Home\",\"item\":\"https:\\\/\\\/kibrisdakik.com\\\/\"},{\"@type\":\"ListItem\",\"position\":2,\"name\":\"Ba\u015fbakan \u00dcstel, sivil toplum kurulu\u015flar\u0131na yapt\u0131\u011f\u0131 ziyaretlerine devam ediyor\"}]},{\"@type\":\"WebSite\",\"@id\":\"https:\\\/\\\/kibrisdakik.com\\\/#website\",\"url\":\"https:\\\/\\\/kibrisdakik.com\\\/\",\"name\":\"\",\"description\":\"Tam vaktinde haber\",\"potentialAction\":[{\"@type\":\"SearchAction\",\"target\":{\"@type\":\"EntryPoint\",\"urlTemplate\":\"https:\\\/\\\/kibrisdakik.com\\\/?s={search_term_string}\"},\"query-input\":{\"@type\":\"PropertyValueSpecification\",\"valueRequired\":true,\"valueName\":\"search_term_string\"}}],\"inLanguage\":\"tr\"},{\"@type\":\"Person\",\"@id\":\"https:\\\/\\\/kibrisdakik.com\\\/#\\\/schema\\\/person\\\/9cd9d437bbb44f72b73ba127e06d8e79\",\"name\":\"admin\",\"image\":{\"@type\":\"ImageObject\",\"inLanguage\":\"tr\",\"@id\":\"https:\\\/\\\/secure.gravatar.com\\\/avatar\\\/ccc17943b9d660506c869530f897617f7cb1c21a4bf30023f252596d83e1f007?s=96&d=mm&r=g\",\"url\":\"https:\\\/\\\/secure.gravatar.com\\\/avatar\\\/ccc17943b9d660506c869530f897617f7cb1c21a4bf30023f252596d83e1f007?s=96&d=mm&r=g\",\"contentUrl\":\"https:\\\/\\\/secure.gravatar.com\\\/avatar\\\/ccc17943b9d660506c869530f897617f7cb1c21a4bf30023f252596d83e1f007?s=96&d=mm&r=g\",\"caption\":\"admin\"},\"sameAs\":[\"https:\\\/\\\/kibrisdakik.com\"],\"url\":\"https:\\\/\\\/kibrisdakik.com\\\/?author=1\"}]}<\/script>\n<!-- \/ Yoast SEO plugin. -->","yoast_head_json":{"title":"Ba\u015fbakan \u00dcstel, sivil toplum kurulu\u015flar\u0131na yapt\u0131\u011f\u0131 ziyaretlerine devam ediyor -","robots":{"index":"index","follow":"follow","max-snippet":"max-snippet:-1","max-image-preview":"max-image-preview:large","max-video-preview":"max-video-preview:-1"},"canonical":"https:\/\/kibrisdakik.com\/?p=61710","og_locale":"tr_TR","og_type":"article","og_title":"Ba\u015fbakan \u00dcstel, sivil toplum kurulu\u015flar\u0131na yapt\u0131\u011f\u0131 ziyaretlerine devam ediyor -","og_description":"\u00b7Ba\u015fbakan \u00dcnal \u00dcstel, d\u00fcnde Alevi K\u00fclt\u00fcr Merkezi Girne \u015eubesi\u2019 ni, KKTC Toplumsal Dayan\u0131\u015fma ve Yard\u0131mla\u015fma Derne\u011fi ile KKTC Adanal\u0131lar K\u00fclt\u00fcr ve B\u00fct\u00fcnle\u015fme Derneklerine ziyarette bulundu. \u00dcstel, yapt\u0131\u011f\u0131 t\u00fcm ziyaretlerde \u201c\u00dclkemizde bulunan t\u00fcm Sivil Toplum \u00d6rg\u00fctlerimizi s\u0131raya koyarak hepsini birer birer ziyaret ediyoruz. Bu yapt\u0131\u011f\u0131m\u0131z ziyaretlerin sonucunda kurum ve kurulu\u015flar\u0131n ya\u015fad\u0131\u011f\u0131 eksiklikleri ve s\u0131k\u0131nt\u0131lar\u0131 \u00f6\u011frenip sorunlar\u0131na","og_url":"https:\/\/kibrisdakik.com\/?p=61710","article_published_time":"2024-09-13T06:41:37+00:00","og_image":[{"width":1480,"height":832,"url":"https:\/\/kibrisdakik.com\/wp-content\/uploads\/2024\/09\/afa-740x420.jpg","type":"image\/jpeg"}],"author":"admin","twitter_card":"summary_large_image","twitter_misc":{"Yazan:":"admin","Tahmini okuma s\u00fcresi":"1 dakika"},"schema":{"@context":"https:\/\/schema.org","@graph":[{"@type":"Article","@id":"https:\/\/kibrisdakik.com\/?p=61710#article","isPartOf":{"@id":"https:\/\/kibrisdakik.com\/?p=61710"},"author":{"name":"admin","@id":"https:\/\/kibrisdakik.com\/#\/schema\/person\/9cd9d437bbb44f72b73ba127e06d8e79"},"headline":"Ba\u015fbakan \u00dcstel, sivil toplum kurulu\u015flar\u0131na yapt\u0131\u011f\u0131 ziyaretlerine devam ediyor","datePublished":"2024-09-13T06:41:37+00:00","mainEntityOfPage":{"@id":"https:\/\/kibrisdakik.com\/?p=61710"},"wordCount":119,"commentCount":0,"image":{"@id":"https:\/\/kibrisdakik.com\/?p=61710#primaryimage"},"thumbnailUrl":"https:\/\/kibrisdakik.com\/wp-content\/uploads\/2024\/09\/afa-740x420.jpg","articleSection":["K\u0131br\u0131s"],"inLanguage":"tr","potentialAction":[{"@type":"CommentAction","name":"Comment","target":["https:\/\/kibrisdakik.com\/?p=61710#respond"]}]},{"@type":"WebPage","@id":"https:\/\/kibrisdakik.com\/?p=61710","url":"https:\/\/kibrisdakik.com\/?p=61710","name":"Ba\u015fbakan \u00dcstel, sivil toplum kurulu\u015flar\u0131na yapt\u0131\u011f\u0131 ziyaretlerine devam ediyor -","isPartOf":{"@id":"https:\/\/kibrisdakik.com\/#website"},"primaryImageOfPage":{"@id":"https:\/\/kibrisdakik.com\/?p=61710#primaryimage"},"image":{"@id":"https:\/\/kibrisdakik.com\/?p=61710#primaryimage"},"thumbnailUrl":"https:\/\/kibrisdakik.com\/wp-content\/uploads\/2024\/09\/afa-740x420.jpg","datePublished":"2024-09-13T06:41:37+00:00","author":{"@id":"https:\/\/kibrisdakik.com\/#\/schema\/person\/9cd9d437bbb44f72b73ba127e06d8e79"},"breadcrumb":{"@id":"https:\/\/kibrisdakik.com\/?p=61710#breadcrumb"},"inLanguage":"tr","potentialAction":[{"@type":"ReadAction","target":["https:\/\/kibrisdakik.com\/?p=61710"]}]},{"@type":"ImageObject","inLanguage":"tr","@id":"https:\/\/kibrisdakik.com\/?p=61710#primaryimage","url":"https:\/\/kibrisdakik.com\/wp-content\/uploads\/2024\/09\/afa-740x420.jpg","contentUrl":"https:\/\/kibrisdakik.com\/wp-content\/uploads\/2024\/09\/afa-740x420.jpg","width":1480,"height":832},{"@type":"BreadcrumbList","@id":"https:\/\/kibrisdakik.com\/?p=61710#breadcrumb","itemListElement":[{"@type":"ListItem","position":1,"name":"Home","item":"https:\/\/kibrisdakik.com\/"},{"@type":"ListItem","position":2,"name":"Ba\u015fbakan \u00dcstel, sivil toplum kurulu\u015flar\u0131na yapt\u0131\u011f\u0131 ziyaretlerine devam ediyor"}]},{"@type":"WebSite","@id":"https:\/\/kibrisdakik.com\/#website","url":"https:\/\/kibrisdakik.com\/","name":"","description":"Tam vaktinde haber","potentialAction":[{"@type":"SearchAction","target":{"@type":"EntryPoint","urlTemplate":"https:\/\/kibrisdakik.com\/?s={search_term_string}"},"query-input":{"@type":"PropertyValueSpecification","valueRequired":true,"valueName":"search_term_string"}}],"inLanguage":"tr"},{"@type":"Person","@id":"https:\/\/kibrisdakik.com\/#\/schema\/person\/9cd9d437bbb44f72b73ba127e06d8e79","name":"admin","image":{"@type":"ImageObject","inLanguage":"tr","@id":"https:\/\/secure.gravatar.com\/avatar\/ccc17943b9d660506c869530f897617f7cb1c21a4bf30023f252596d83e1f007?s=96&d=mm&r=g","url":"https:\/\/secure.gravatar.com\/avatar\/ccc17943b9d660506c869530f897617f7cb1c21a4bf30023f252596d83e1f007?s=96&d=mm&r=g","contentUrl":"https:\/\/secure.gravatar.com\/avatar\/ccc17943b9d660506c869530f897617f7cb1c21a4bf30023f252596d83e1f007?s=96&d=mm&r=g","caption":"admin"},"sameAs":["https:\/\/kibrisdakik.com"],"url":"https:\/\/kibrisdakik.com\/?author=1"}]}},"_links":{"self":[{"href":"https:\/\/kibrisdakik.com\/index.php?rest_route=\/wp\/v2\/posts\/61710","targetHints":{"allow":["GET"]}}],"collection":[{"href":"https:\/\/kibrisdakik.com\/index.php?rest_route=\/wp\/v2\/posts"}],"about":[{"href":"https:\/\/kibrisdakik.com\/index.php?rest_route=\/wp\/v2\/types\/post"}],"author":[{"embeddable":true,"href":"https:\/\/kibrisdakik.com\/index.php?rest_route=\/wp\/v2\/users\/1"}],"replies":[{"embeddable":true,"href":"https:\/\/kibrisdakik.com\/index.php?rest_route=%2Fwp%2Fv2%2Fcomments&post=61710"}],"version-history":[{"count":0,"href":"https:\/\/kibrisdakik.com\/index.php?rest_route=\/wp\/v2\/posts\/61710\/revisions"}],"wp:featuredmedia":[{"embeddable":true,"href":"https:\/\/kibrisdakik.com\/index.php?rest_route=\/wp\/v2\/media\/61711"}],"wp:attachment":[{"href":"https:\/\/kibrisdakik.com\/index.php?rest_route=%2Fwp%2Fv2%2Fmedia&parent=61710"}],"wp:term":[{"taxonomy":"category","embeddable":true,"href":"https:\/\/kibrisdakik.com\/index.php?rest_route=%2Fwp%2Fv2%2Fcategories&post=61710"},{"taxonomy":"post_tag","embeddable":true,"href":"https:\/\/kibrisdakik.com\/index.php?rest_route=%2Fwp%2Fv2%2Ftags&post=61710"}],"curies":[{"name":"wp","href":"https:\/\/api.w.org\/{rel}","templated":true}]}}