{"id":6173,"date":"2023-05-03T09:48:00","date_gmt":"2023-05-03T09:48:00","guid":{"rendered":"https:\/\/kibrisdakik.com\/index.php\/2023\/05\/03\/dunu-bugunu-yariniyla-hellimin-avrupaya-yolculugu-paneli-yapiliyor\/"},"modified":"2023-05-03T09:48:00","modified_gmt":"2023-05-03T09:48:00","slug":"dunu-bugunu-yariniyla-hellimin-avrupaya-yolculugu-paneli-yapiliyor","status":"publish","type":"post","link":"https:\/\/kibrisdakik.com\/?p=6173","title":{"rendered":"\u201cD\u00fcn\u00fc, Bug\u00fcn\u00fc, Yar\u0131n\u0131yla Hellimin Avrupa\u2019ya Yolculu\u011fu\u201d paneli yap\u0131l\u0131yor"},"content":{"rendered":"<p><\/p>\n<div>\n<div class=\"mariselle-image-container center\">\n                <img width=\"1072\" height=\"338\" class=\"lazy-image\" alt=\"\" decoding=\"async\" loading=\"lazy\" sizes=\"auto, (max-width: 1072px) 100vw, 1072px\" src=\"https:\/\/brtk.net\/wp-content\/uploads\/2023\/05\/03\/Screenshot_20230503_114554_YouTube.jpg?ver=bb1465ac8e8deddf2bfc5d6b776edfcc\" srcset=\"https:\/\/brtk.net\/wp-content\/uploads\/2023\/05\/03\/Screenshot_20230503_114554_YouTube.jpg?ver=bb1465ac8e8deddf2bfc5d6b776edfcc 1072w, https:\/\/brtk.net\/wp-content\/uploads\/2023\/05\/03\/Screenshot_20230503_114554_YouTube-300x95.jpg?ver=f084d9faf0b2b451477246f231c690fd 300w, https:\/\/brtk.net\/wp-content\/uploads\/2023\/05\/03\/Screenshot_20230503_114554_YouTube-1024x323.jpg?ver=f084d9faf0b2b451477246f231c690fd 1024w, https:\/\/brtk.net\/wp-content\/uploads\/2023\/05\/03\/Screenshot_20230503_114554_YouTube-768x242.jpg?ver=f084d9faf0b2b451477246f231c690fd 768w\"\/>                            <\/div>\n<p>\u00a0<\/p>\n<p>\u00a0<\/p>\n<p>\u201cD\u00fcn\u00fc, Bug\u00fcn\u00fc, Yar\u0131n\u0131yla Hellimin Avrupa\u2019ya Yolculu\u011fu\u201d paneli bug\u00fcn ger\u00e7ekle\u015ftiriliyor.<\/p>\n<p>Siyasal ve Toplumsal Ara\u015ft\u0131rmalar Merkezi taraf\u0131ndan d\u00fczenlenen ve K\u0131br\u0131s\u2019\u0131n geleneksel \u00fcr\u00fcn\u00fc Hellim\u2019in Avrupa Birli\u011fi nezdinde Co\u011frafi \u0130\u015faret ve Men\u015fe \u0130smi Korumal\u0131 \u00dcr\u00fcn olarak tescil edilme s\u00fcrecinin ele al\u0131nd\u0131\u011f\u0131 panel, Lefko\u015fa The Elysium Park\u2019ta ger\u00e7ekle\u015ftiriliyor.<\/p>\n<p>Arka arkaya ger\u00e7ekle\u015ftirilecek 2 panel \u015feklinde organize edilen panelin a\u00e7\u0131l\u0131\u015f\u0131nda konu\u015fan Ba\u015fbakan \u00dcnal \u00dcstel hellimin ekonomik de\u011ferinin \u00f6nemine vurgu yaparak, hellimin tescili i\u00e7in yap\u0131lan \u00e7al\u0131\u015fmalar\u0131 anlatt\u0131.<\/p>\n<p>\u00dcstel, \u201chellim konusunda d\u00fcnyada yerimizi almak i\u00e7in h\u00fck\u00fcmet ve meclis olarak gereken \u00e7abayi g\u00f6sterece\u011fiz\u201d dedi.<\/p>\n<p>Cumhurba\u015fkan\u0131 <a href=\"https:\/\/brtk.net\/\" target=\"_blank\" rel=\"noopener\">Ersin Tatar<\/a> ise Avrupa Birli\u011fi\u2019nin hellim konusunda iyi niyetini g\u00f6stermek zorunda oldu\u011funa vurgu yaparak, \u201cK\u0131br\u0131s\u2019ta iki halk vard\u0131r, bu gere\u00e7e\u011fi g\u00f6rmek zorundalar\u201d \u015feklinde konu\u015ftu.<\/p>\n<\/p><\/div>\n<p><script async\n                    defer\n                    crossorigin=\"anonymous\"\n                    src=\"https:\/\/connect.facebook.net\/tr_TR\/sdk.js#xfbml=1&#038;version=v3.3\"\n            ><\/script><\/p>\n","protected":false},"excerpt":{"rendered":"<p>\u00a0 \u00a0 \u201cD\u00fcn\u00fc, Bug\u00fcn\u00fc, Yar\u0131n\u0131yla Hellimin Avrupa\u2019ya Yolculu\u011fu\u201d paneli bug\u00fcn ger\u00e7ekle\u015ftiriliyor. Siyasal ve Toplumsal Ara\u015ft\u0131rmalar Merkezi taraf\u0131ndan d\u00fczenlenen ve K\u0131br\u0131s\u2019\u0131n geleneksel \u00fcr\u00fcn\u00fc Hellim\u2019in Avrupa Birli\u011fi nezdinde Co\u011frafi \u0130\u015faret ve Men\u015fe \u0130smi Korumal\u0131 \u00dcr\u00fcn olarak tescil edilme s\u00fcrecinin ele al\u0131nd\u0131\u011f\u0131 panel, Lefko\u015fa The Elysium Park\u2019ta ger\u00e7ekle\u015ftiriliyor. Arka arkaya ger\u00e7ekle\u015ftirilecek 2 panel \u015feklinde organize edilen panelin a\u00e7\u0131l\u0131\u015f\u0131nda<\/p>\n","protected":false},"author":1,"featured_media":6174,"comment_status":"open","ping_status":"open","sticky":false,"template":"","format":"standard","meta":{"footnotes":""},"categories":[1],"tags":[],"class_list":["post-6173","post","type-post","status-publish","format-standard","has-post-thumbnail","hentry","category-gundem"],"yoast_head":"<!-- This site is optimized with the Yoast SEO plugin v27.5 - https:\/\/yoast.com\/product\/yoast-seo-wordpress\/ -->\n<title>\u201cD\u00fcn\u00fc, Bug\u00fcn\u00fc, Yar\u0131n\u0131yla Hellimin Avrupa\u2019ya Yolculu\u011fu\u201d paneli yap\u0131l\u0131yor -<\/title>\n<meta name=\"robots\" content=\"index, follow, max-snippet:-1, max-image-preview:large, max-video-preview:-1\" \/>\n<link rel=\"canonical\" href=\"https:\/\/kibrisdakik.com\/?p=6173\" \/>\n<meta property=\"og:locale\" content=\"tr_TR\" \/>\n<meta property=\"og:type\" content=\"article\" \/>\n<meta property=\"og:title\" content=\"\u201cD\u00fcn\u00fc, Bug\u00fcn\u00fc, Yar\u0131n\u0131yla Hellimin Avrupa\u2019ya Yolculu\u011fu\u201d paneli yap\u0131l\u0131yor -\" \/>\n<meta property=\"og:description\" content=\"\u00a0 \u00a0 \u201cD\u00fcn\u00fc, Bug\u00fcn\u00fc, Yar\u0131n\u0131yla Hellimin Avrupa\u2019ya Yolculu\u011fu\u201d paneli bug\u00fcn ger\u00e7ekle\u015ftiriliyor. Siyasal ve Toplumsal Ara\u015ft\u0131rmalar Merkezi taraf\u0131ndan d\u00fczenlenen ve K\u0131br\u0131s\u2019\u0131n geleneksel \u00fcr\u00fcn\u00fc Hellim\u2019in Avrupa Birli\u011fi nezdinde Co\u011frafi \u0130\u015faret ve Men\u015fe \u0130smi Korumal\u0131 \u00dcr\u00fcn olarak tescil edilme s\u00fcrecinin ele al\u0131nd\u0131\u011f\u0131 panel, Lefko\u015fa The Elysium Park\u2019ta ger\u00e7ekle\u015ftiriliyor. Arka arkaya ger\u00e7ekle\u015ftirilecek 2 panel \u015feklinde organize edilen panelin a\u00e7\u0131l\u0131\u015f\u0131nda\" \/>\n<meta property=\"og:url\" content=\"https:\/\/kibrisdakik.com\/?p=6173\" \/>\n<meta property=\"article:published_time\" content=\"2023-05-03T09:48:00+00:00\" \/>\n<meta property=\"og:image\" content=\"https:\/\/kibrisdakik.com\/wp-content\/uploads\/2023\/05\/Screenshot_20230503_114554_YouTube-740x338.jpg\" \/>\n\t<meta property=\"og:image:width\" content=\"1072\" \/>\n\t<meta property=\"og:image:height\" content=\"338\" \/>\n\t<meta property=\"og:image:type\" content=\"image\/jpeg\" \/>\n<meta name=\"author\" content=\"admin\" \/>\n<meta name=\"twitter:card\" content=\"summary_large_image\" \/>\n<meta name=\"twitter:label1\" content=\"Yazan:\" \/>\n\t<meta name=\"twitter:data1\" content=\"admin\" \/>\n\t<meta name=\"twitter:label2\" content=\"Tahmini okuma s\u00fcresi\" \/>\n\t<meta name=\"twitter:data2\" content=\"1 dakika\" \/>\n<script type=\"application\/ld+json\" class=\"yoast-schema-graph\">{\"@context\":\"https:\\\/\\\/schema.org\",\"@graph\":[{\"@type\":\"Article\",\"@id\":\"https:\\\/\\\/kibrisdakik.com\\\/?p=6173#article\",\"isPartOf\":{\"@id\":\"https:\\\/\\\/kibrisdakik.com\\\/?p=6173\"},\"author\":{\"name\":\"admin\",\"@id\":\"https:\\\/\\\/kibrisdakik.com\\\/#\\\/schema\\\/person\\\/9cd9d437bbb44f72b73ba127e06d8e79\"},\"headline\":\"\u201cD\u00fcn\u00fc, Bug\u00fcn\u00fc, Yar\u0131n\u0131yla Hellimin Avrupa\u2019ya Yolculu\u011fu\u201d paneli yap\u0131l\u0131yor\",\"datePublished\":\"2023-05-03T09:48:00+00:00\",\"mainEntityOfPage\":{\"@id\":\"https:\\\/\\\/kibrisdakik.com\\\/?p=6173\"},\"wordCount\":181,\"commentCount\":0,\"image\":{\"@id\":\"https:\\\/\\\/kibrisdakik.com\\\/?p=6173#primaryimage\"},\"thumbnailUrl\":\"https:\\\/\\\/kibrisdakik.com\\\/wp-content\\\/uploads\\\/2023\\\/05\\\/Screenshot_20230503_114554_YouTube-740x338.jpg\",\"articleSection\":[\"G\u00fcndem\"],\"inLanguage\":\"tr\",\"potentialAction\":[{\"@type\":\"CommentAction\",\"name\":\"Comment\",\"target\":[\"https:\\\/\\\/kibrisdakik.com\\\/?p=6173#respond\"]}]},{\"@type\":\"WebPage\",\"@id\":\"https:\\\/\\\/kibrisdakik.com\\\/?p=6173\",\"url\":\"https:\\\/\\\/kibrisdakik.com\\\/?p=6173\",\"name\":\"\u201cD\u00fcn\u00fc, Bug\u00fcn\u00fc, Yar\u0131n\u0131yla Hellimin Avrupa\u2019ya Yolculu\u011fu\u201d paneli yap\u0131l\u0131yor -\",\"isPartOf\":{\"@id\":\"https:\\\/\\\/kibrisdakik.com\\\/#website\"},\"primaryImageOfPage\":{\"@id\":\"https:\\\/\\\/kibrisdakik.com\\\/?p=6173#primaryimage\"},\"image\":{\"@id\":\"https:\\\/\\\/kibrisdakik.com\\\/?p=6173#primaryimage\"},\"thumbnailUrl\":\"https:\\\/\\\/kibrisdakik.com\\\/wp-content\\\/uploads\\\/2023\\\/05\\\/Screenshot_20230503_114554_YouTube-740x338.jpg\",\"datePublished\":\"2023-05-03T09:48:00+00:00\",\"author\":{\"@id\":\"https:\\\/\\\/kibrisdakik.com\\\/#\\\/schema\\\/person\\\/9cd9d437bbb44f72b73ba127e06d8e79\"},\"breadcrumb\":{\"@id\":\"https:\\\/\\\/kibrisdakik.com\\\/?p=6173#breadcrumb\"},\"inLanguage\":\"tr\",\"potentialAction\":[{\"@type\":\"ReadAction\",\"target\":[\"https:\\\/\\\/kibrisdakik.com\\\/?p=6173\"]}]},{\"@type\":\"ImageObject\",\"inLanguage\":\"tr\",\"@id\":\"https:\\\/\\\/kibrisdakik.com\\\/?p=6173#primaryimage\",\"url\":\"https:\\\/\\\/kibrisdakik.com\\\/wp-content\\\/uploads\\\/2023\\\/05\\\/Screenshot_20230503_114554_YouTube-740x338.jpg\",\"contentUrl\":\"https:\\\/\\\/kibrisdakik.com\\\/wp-content\\\/uploads\\\/2023\\\/05\\\/Screenshot_20230503_114554_YouTube-740x338.jpg\",\"width\":1072,\"height\":338},{\"@type\":\"BreadcrumbList\",\"@id\":\"https:\\\/\\\/kibrisdakik.com\\\/?p=6173#breadcrumb\",\"itemListElement\":[{\"@type\":\"ListItem\",\"position\":1,\"name\":\"Home\",\"item\":\"https:\\\/\\\/kibrisdakik.com\\\/\"},{\"@type\":\"ListItem\",\"position\":2,\"name\":\"\u201cD\u00fcn\u00fc, Bug\u00fcn\u00fc, Yar\u0131n\u0131yla Hellimin Avrupa\u2019ya Yolculu\u011fu\u201d paneli yap\u0131l\u0131yor\"}]},{\"@type\":\"WebSite\",\"@id\":\"https:\\\/\\\/kibrisdakik.com\\\/#website\",\"url\":\"https:\\\/\\\/kibrisdakik.com\\\/\",\"name\":\"\",\"description\":\"Tam vaktinde haber\",\"potentialAction\":[{\"@type\":\"SearchAction\",\"target\":{\"@type\":\"EntryPoint\",\"urlTemplate\":\"https:\\\/\\\/kibrisdakik.com\\\/?s={search_term_string}\"},\"query-input\":{\"@type\":\"PropertyValueSpecification\",\"valueRequired\":true,\"valueName\":\"search_term_string\"}}],\"inLanguage\":\"tr\"},{\"@type\":\"Person\",\"@id\":\"https:\\\/\\\/kibrisdakik.com\\\/#\\\/schema\\\/person\\\/9cd9d437bbb44f72b73ba127e06d8e79\",\"name\":\"admin\",\"image\":{\"@type\":\"ImageObject\",\"inLanguage\":\"tr\",\"@id\":\"https:\\\/\\\/secure.gravatar.com\\\/avatar\\\/ccc17943b9d660506c869530f897617f7cb1c21a4bf30023f252596d83e1f007?s=96&d=mm&r=g\",\"url\":\"https:\\\/\\\/secure.gravatar.com\\\/avatar\\\/ccc17943b9d660506c869530f897617f7cb1c21a4bf30023f252596d83e1f007?s=96&d=mm&r=g\",\"contentUrl\":\"https:\\\/\\\/secure.gravatar.com\\\/avatar\\\/ccc17943b9d660506c869530f897617f7cb1c21a4bf30023f252596d83e1f007?s=96&d=mm&r=g\",\"caption\":\"admin\"},\"sameAs\":[\"https:\\\/\\\/kibrisdakik.com\"],\"url\":\"https:\\\/\\\/kibrisdakik.com\\\/?author=1\"}]}<\/script>\n<!-- \/ Yoast SEO plugin. -->","yoast_head_json":{"title":"\u201cD\u00fcn\u00fc, Bug\u00fcn\u00fc, Yar\u0131n\u0131yla Hellimin Avrupa\u2019ya Yolculu\u011fu\u201d paneli yap\u0131l\u0131yor -","robots":{"index":"index","follow":"follow","max-snippet":"max-snippet:-1","max-image-preview":"max-image-preview:large","max-video-preview":"max-video-preview:-1"},"canonical":"https:\/\/kibrisdakik.com\/?p=6173","og_locale":"tr_TR","og_type":"article","og_title":"\u201cD\u00fcn\u00fc, Bug\u00fcn\u00fc, Yar\u0131n\u0131yla Hellimin Avrupa\u2019ya Yolculu\u011fu\u201d paneli yap\u0131l\u0131yor -","og_description":"\u00a0 \u00a0 \u201cD\u00fcn\u00fc, Bug\u00fcn\u00fc, Yar\u0131n\u0131yla Hellimin Avrupa\u2019ya Yolculu\u011fu\u201d paneli bug\u00fcn ger\u00e7ekle\u015ftiriliyor. Siyasal ve Toplumsal Ara\u015ft\u0131rmalar Merkezi taraf\u0131ndan d\u00fczenlenen ve K\u0131br\u0131s\u2019\u0131n geleneksel \u00fcr\u00fcn\u00fc Hellim\u2019in Avrupa Birli\u011fi nezdinde Co\u011frafi \u0130\u015faret ve Men\u015fe \u0130smi Korumal\u0131 \u00dcr\u00fcn olarak tescil edilme s\u00fcrecinin ele al\u0131nd\u0131\u011f\u0131 panel, Lefko\u015fa The Elysium Park\u2019ta ger\u00e7ekle\u015ftiriliyor. Arka arkaya ger\u00e7ekle\u015ftirilecek 2 panel \u015feklinde organize edilen panelin a\u00e7\u0131l\u0131\u015f\u0131nda","og_url":"https:\/\/kibrisdakik.com\/?p=6173","article_published_time":"2023-05-03T09:48:00+00:00","og_image":[{"width":1072,"height":338,"url":"https:\/\/kibrisdakik.com\/wp-content\/uploads\/2023\/05\/Screenshot_20230503_114554_YouTube-740x338.jpg","type":"image\/jpeg"}],"author":"admin","twitter_card":"summary_large_image","twitter_misc":{"Yazan:":"admin","Tahmini okuma s\u00fcresi":"1 dakika"},"schema":{"@context":"https:\/\/schema.org","@graph":[{"@type":"Article","@id":"https:\/\/kibrisdakik.com\/?p=6173#article","isPartOf":{"@id":"https:\/\/kibrisdakik.com\/?p=6173"},"author":{"name":"admin","@id":"https:\/\/kibrisdakik.com\/#\/schema\/person\/9cd9d437bbb44f72b73ba127e06d8e79"},"headline":"\u201cD\u00fcn\u00fc, Bug\u00fcn\u00fc, Yar\u0131n\u0131yla Hellimin Avrupa\u2019ya Yolculu\u011fu\u201d paneli yap\u0131l\u0131yor","datePublished":"2023-05-03T09:48:00+00:00","mainEntityOfPage":{"@id":"https:\/\/kibrisdakik.com\/?p=6173"},"wordCount":181,"commentCount":0,"image":{"@id":"https:\/\/kibrisdakik.com\/?p=6173#primaryimage"},"thumbnailUrl":"https:\/\/kibrisdakik.com\/wp-content\/uploads\/2023\/05\/Screenshot_20230503_114554_YouTube-740x338.jpg","articleSection":["G\u00fcndem"],"inLanguage":"tr","potentialAction":[{"@type":"CommentAction","name":"Comment","target":["https:\/\/kibrisdakik.com\/?p=6173#respond"]}]},{"@type":"WebPage","@id":"https:\/\/kibrisdakik.com\/?p=6173","url":"https:\/\/kibrisdakik.com\/?p=6173","name":"\u201cD\u00fcn\u00fc, Bug\u00fcn\u00fc, Yar\u0131n\u0131yla Hellimin Avrupa\u2019ya Yolculu\u011fu\u201d paneli yap\u0131l\u0131yor -","isPartOf":{"@id":"https:\/\/kibrisdakik.com\/#website"},"primaryImageOfPage":{"@id":"https:\/\/kibrisdakik.com\/?p=6173#primaryimage"},"image":{"@id":"https:\/\/kibrisdakik.com\/?p=6173#primaryimage"},"thumbnailUrl":"https:\/\/kibrisdakik.com\/wp-content\/uploads\/2023\/05\/Screenshot_20230503_114554_YouTube-740x338.jpg","datePublished":"2023-05-03T09:48:00+00:00","author":{"@id":"https:\/\/kibrisdakik.com\/#\/schema\/person\/9cd9d437bbb44f72b73ba127e06d8e79"},"breadcrumb":{"@id":"https:\/\/kibrisdakik.com\/?p=6173#breadcrumb"},"inLanguage":"tr","potentialAction":[{"@type":"ReadAction","target":["https:\/\/kibrisdakik.com\/?p=6173"]}]},{"@type":"ImageObject","inLanguage":"tr","@id":"https:\/\/kibrisdakik.com\/?p=6173#primaryimage","url":"https:\/\/kibrisdakik.com\/wp-content\/uploads\/2023\/05\/Screenshot_20230503_114554_YouTube-740x338.jpg","contentUrl":"https:\/\/kibrisdakik.com\/wp-content\/uploads\/2023\/05\/Screenshot_20230503_114554_YouTube-740x338.jpg","width":1072,"height":338},{"@type":"BreadcrumbList","@id":"https:\/\/kibrisdakik.com\/?p=6173#breadcrumb","itemListElement":[{"@type":"ListItem","position":1,"name":"Home","item":"https:\/\/kibrisdakik.com\/"},{"@type":"ListItem","position":2,"name":"\u201cD\u00fcn\u00fc, Bug\u00fcn\u00fc, Yar\u0131n\u0131yla Hellimin Avrupa\u2019ya Yolculu\u011fu\u201d paneli yap\u0131l\u0131yor"}]},{"@type":"WebSite","@id":"https:\/\/kibrisdakik.com\/#website","url":"https:\/\/kibrisdakik.com\/","name":"","description":"Tam vaktinde haber","potentialAction":[{"@type":"SearchAction","target":{"@type":"EntryPoint","urlTemplate":"https:\/\/kibrisdakik.com\/?s={search_term_string}"},"query-input":{"@type":"PropertyValueSpecification","valueRequired":true,"valueName":"search_term_string"}}],"inLanguage":"tr"},{"@type":"Person","@id":"https:\/\/kibrisdakik.com\/#\/schema\/person\/9cd9d437bbb44f72b73ba127e06d8e79","name":"admin","image":{"@type":"ImageObject","inLanguage":"tr","@id":"https:\/\/secure.gravatar.com\/avatar\/ccc17943b9d660506c869530f897617f7cb1c21a4bf30023f252596d83e1f007?s=96&d=mm&r=g","url":"https:\/\/secure.gravatar.com\/avatar\/ccc17943b9d660506c869530f897617f7cb1c21a4bf30023f252596d83e1f007?s=96&d=mm&r=g","contentUrl":"https:\/\/secure.gravatar.com\/avatar\/ccc17943b9d660506c869530f897617f7cb1c21a4bf30023f252596d83e1f007?s=96&d=mm&r=g","caption":"admin"},"sameAs":["https:\/\/kibrisdakik.com"],"url":"https:\/\/kibrisdakik.com\/?author=1"}]}},"_links":{"self":[{"href":"https:\/\/kibrisdakik.com\/index.php?rest_route=\/wp\/v2\/posts\/6173","targetHints":{"allow":["GET"]}}],"collection":[{"href":"https:\/\/kibrisdakik.com\/index.php?rest_route=\/wp\/v2\/posts"}],"about":[{"href":"https:\/\/kibrisdakik.com\/index.php?rest_route=\/wp\/v2\/types\/post"}],"author":[{"embeddable":true,"href":"https:\/\/kibrisdakik.com\/index.php?rest_route=\/wp\/v2\/users\/1"}],"replies":[{"embeddable":true,"href":"https:\/\/kibrisdakik.com\/index.php?rest_route=%2Fwp%2Fv2%2Fcomments&post=6173"}],"version-history":[{"count":0,"href":"https:\/\/kibrisdakik.com\/index.php?rest_route=\/wp\/v2\/posts\/6173\/revisions"}],"wp:featuredmedia":[{"embeddable":true,"href":"https:\/\/kibrisdakik.com\/index.php?rest_route=\/wp\/v2\/media\/6174"}],"wp:attachment":[{"href":"https:\/\/kibrisdakik.com\/index.php?rest_route=%2Fwp%2Fv2%2Fmedia&parent=6173"}],"wp:term":[{"taxonomy":"category","embeddable":true,"href":"https:\/\/kibrisdakik.com\/index.php?rest_route=%2Fwp%2Fv2%2Fcategories&post=6173"},{"taxonomy":"post_tag","embeddable":true,"href":"https:\/\/kibrisdakik.com\/index.php?rest_route=%2Fwp%2Fv2%2Ftags&post=6173"}],"curies":[{"name":"wp","href":"https:\/\/api.w.org\/{rel}","templated":true}]}}