{"id":61778,"date":"2024-09-13T12:07:55","date_gmt":"2024-09-13T09:07:55","guid":{"rendered":"https:\/\/kibrisdakik.com\/index.php\/2024\/09\/13\/47nci-donem-yedek-subay-ve-cavus-celbi-ant-icti\/"},"modified":"2024-09-13T12:07:55","modified_gmt":"2024-09-13T09:07:55","slug":"47nci-donem-yedek-subay-ve-cavus-celbi-ant-icti","status":"publish","type":"post","link":"https:\/\/kibrisdakik.com\/?p=61778","title":{"rendered":"47\u2019nci D\u00f6nem Yedek Subay ve \u00c7avu\u015f Celbi ant i\u00e7ti"},"content":{"rendered":"<div>\n<div class=\"mariselle-image-container center\">\n                                            <\/div>\n<p>47\u2019nci D\u00f6nem Yedek Subay ve \u00c7avu\u015f Celbi G\u00fclseren K\u0131\u015flas\u0131\u2019nda yer alan t\u00f6renle ant i\u00e7ti. <\/p>\n<p>\u0130stiklal Mar\u015f\u0131 e\u015fli\u011finde bayraklar\u0131n g\u00f6ndere \u00e7ekilmesiyle ba\u015flayan t\u00f6rende,  4\u2019\u00fcnc\u00fc Piyade Alay Sanca\u011f\u0131\u2019n\u0131n tan\u0131t\u0131lmas\u0131ndan sonra, ant i\u00e7me ger\u00e7ekle\u015ftirildi. <\/p>\n<p>Celp ad\u0131na konu\u015fma yapan Aste\u011fmen Mehmet Kaya, askerlik g\u00f6revinin kutsal vatan hizmeti oldu\u011funa vurgu yapt\u0131. <\/p>\n<p>Kaya, \u201cHer birimiz vatan\u0131m\u0131z u\u011fruna can\u0131n\u0131 seven seve veririz. Etti\u011fimiz kutsal yemine hayat\u0131m\u0131z boyunca uyaca\u011f\u0131m\u0131zdan hi\u00e7 \u015f\u00fcpheniz olmas\u0131n\u201d dedi.<\/p>\n<p>Ya\u015f k\u00fct\u00fc\u011f\u00fcne d\u00f6nem plaketlerinin \u00e7ak\u0131lmas\u0131n\u0131n ard\u0131ndan e\u011fitim ve spor dal\u0131nda ba\u015far\u0131 g\u00f6steren yedek subay ve \u00e7avu\u015flara \u00f6d\u00fclleri takdim edildi. <\/p>\n<p>4\u2019\u00fcnc\u00fc Piyade Alay Komutan\u0131 Piyade Kurmay Albay H\u00fcseyin Ulak da,  5 hafta \u00f6nce vatani g\u00f6revlerini yapmak i\u00e7in gelen gen\u00e7 m\u00fccahitlerin 5 hafta gibi k\u0131sa s\u00fcrede gerekli e\u011fitimleri ald\u0131\u011f\u0131n\u0131 ve ant i\u00e7tiklerini s\u00f6yledi. <\/p>\n<p>Gen\u00e7 m\u00fccahitlerin anne- babalar\u0131na seslenen Ulak, \u201cEvlatlar\u0131n\u0131z bize emanettir. G\u00fcvenlik Kuvvetleri Komutanl\u0131\u011f\u0131\u2019n\u0131n kap\u0131lar\u0131 sizlere her zaman a\u00e7\u0131kt\u0131r\u201d dedi. <\/p>\n<p>Konu\u015fman\u0131n ard\u0131ndan M\u00fccahitler Mar\u015f\u0131 okundu. T\u00f6ren resmi ge\u00e7itle sona erdi.<\/p>\n<\/p><\/div>\n<p><script async\n                    defer\n                    crossorigin=\"anonymous\"\n                    src=\"https:\/\/connect.facebook.net\/tr_TR\/sdk.js#xfbml=1&#038;version=v3.3\"\n            ><\/script><\/p>\n","protected":false},"excerpt":{"rendered":"<p>47\u2019nci D\u00f6nem Yedek Subay ve \u00c7avu\u015f Celbi G\u00fclseren K\u0131\u015flas\u0131\u2019nda yer alan t\u00f6renle ant i\u00e7ti. \u0130stiklal Mar\u015f\u0131 e\u015fli\u011finde bayraklar\u0131n g\u00f6ndere \u00e7ekilmesiyle ba\u015flayan t\u00f6rende, 4\u2019\u00fcnc\u00fc Piyade Alay Sanca\u011f\u0131\u2019n\u0131n tan\u0131t\u0131lmas\u0131ndan sonra, ant i\u00e7me ger\u00e7ekle\u015ftirildi. Celp ad\u0131na konu\u015fma yapan Aste\u011fmen Mehmet Kaya, askerlik g\u00f6revinin kutsal vatan hizmeti oldu\u011funa vurgu yapt\u0131. Kaya, \u201cHer birimiz vatan\u0131m\u0131z u\u011fruna can\u0131n\u0131 seven seve veririz.<\/p>\n","protected":false},"author":1,"featured_media":61779,"comment_status":"open","ping_status":"open","sticky":false,"template":"","format":"standard","meta":{"footnotes":""},"categories":[81],"tags":[],"class_list":["post-61778","post","type-post","status-publish","format-standard","has-post-thumbnail","hentry","category-kibris"],"yoast_head":"<!-- This site is optimized with the Yoast SEO plugin v27.5 - https:\/\/yoast.com\/product\/yoast-seo-wordpress\/ -->\n<title>47\u2019nci D\u00f6nem Yedek Subay ve \u00c7avu\u015f Celbi ant i\u00e7ti -<\/title>\n<meta name=\"robots\" content=\"index, follow, max-snippet:-1, max-image-preview:large, max-video-preview:-1\" \/>\n<link rel=\"canonical\" href=\"https:\/\/kibrisdakik.com\/?p=61778\" \/>\n<meta property=\"og:locale\" content=\"tr_TR\" \/>\n<meta property=\"og:type\" content=\"article\" \/>\n<meta property=\"og:title\" content=\"47\u2019nci D\u00f6nem Yedek Subay ve \u00c7avu\u015f Celbi ant i\u00e7ti -\" \/>\n<meta property=\"og:description\" content=\"47\u2019nci D\u00f6nem Yedek Subay ve \u00c7avu\u015f Celbi G\u00fclseren K\u0131\u015flas\u0131\u2019nda yer alan t\u00f6renle ant i\u00e7ti. \u0130stiklal Mar\u015f\u0131 e\u015fli\u011finde bayraklar\u0131n g\u00f6ndere \u00e7ekilmesiyle ba\u015flayan t\u00f6rende, 4\u2019\u00fcnc\u00fc Piyade Alay Sanca\u011f\u0131\u2019n\u0131n tan\u0131t\u0131lmas\u0131ndan sonra, ant i\u00e7me ger\u00e7ekle\u015ftirildi. Celp ad\u0131na konu\u015fma yapan Aste\u011fmen Mehmet Kaya, askerlik g\u00f6revinin kutsal vatan hizmeti oldu\u011funa vurgu yapt\u0131. Kaya, \u201cHer birimiz vatan\u0131m\u0131z u\u011fruna can\u0131n\u0131 seven seve veririz.\" \/>\n<meta property=\"og:url\" content=\"https:\/\/kibrisdakik.com\/?p=61778\" \/>\n<meta property=\"article:published_time\" content=\"2024-09-13T09:07:55+00:00\" \/>\n<meta property=\"og:image\" content=\"https:\/\/kibrisdakik.com\/wp-content\/uploads\/2024\/09\/gy4-tile-740x420.jpg\" \/>\n\t<meta property=\"og:image:width\" content=\"800\" \/>\n\t<meta property=\"og:image:height\" content=\"487\" \/>\n\t<meta property=\"og:image:type\" content=\"image\/jpeg\" \/>\n<meta name=\"author\" content=\"admin\" \/>\n<meta name=\"twitter:card\" content=\"summary_large_image\" \/>\n<meta name=\"twitter:label1\" content=\"Yazan:\" \/>\n\t<meta name=\"twitter:data1\" content=\"admin\" \/>\n\t<meta name=\"twitter:label2\" content=\"Tahmini okuma s\u00fcresi\" \/>\n\t<meta name=\"twitter:data2\" content=\"1 dakika\" \/>\n<script type=\"application\/ld+json\" class=\"yoast-schema-graph\">{\"@context\":\"https:\\\/\\\/schema.org\",\"@graph\":[{\"@type\":\"Article\",\"@id\":\"https:\\\/\\\/kibrisdakik.com\\\/?p=61778#article\",\"isPartOf\":{\"@id\":\"https:\\\/\\\/kibrisdakik.com\\\/?p=61778\"},\"author\":{\"name\":\"admin\",\"@id\":\"https:\\\/\\\/kibrisdakik.com\\\/#\\\/schema\\\/person\\\/9cd9d437bbb44f72b73ba127e06d8e79\"},\"headline\":\"47\u2019nci D\u00f6nem Yedek Subay ve \u00c7avu\u015f Celbi ant i\u00e7ti\",\"datePublished\":\"2024-09-13T09:07:55+00:00\",\"mainEntityOfPage\":{\"@id\":\"https:\\\/\\\/kibrisdakik.com\\\/?p=61778\"},\"wordCount\":227,\"commentCount\":0,\"image\":{\"@id\":\"https:\\\/\\\/kibrisdakik.com\\\/?p=61778#primaryimage\"},\"thumbnailUrl\":\"https:\\\/\\\/kibrisdakik.com\\\/wp-content\\\/uploads\\\/2024\\\/09\\\/gy4-tile-740x420.jpg\",\"articleSection\":[\"K\u0131br\u0131s\"],\"inLanguage\":\"tr\",\"potentialAction\":[{\"@type\":\"CommentAction\",\"name\":\"Comment\",\"target\":[\"https:\\\/\\\/kibrisdakik.com\\\/?p=61778#respond\"]}]},{\"@type\":\"WebPage\",\"@id\":\"https:\\\/\\\/kibrisdakik.com\\\/?p=61778\",\"url\":\"https:\\\/\\\/kibrisdakik.com\\\/?p=61778\",\"name\":\"47\u2019nci D\u00f6nem Yedek Subay ve \u00c7avu\u015f Celbi ant i\u00e7ti -\",\"isPartOf\":{\"@id\":\"https:\\\/\\\/kibrisdakik.com\\\/#website\"},\"primaryImageOfPage\":{\"@id\":\"https:\\\/\\\/kibrisdakik.com\\\/?p=61778#primaryimage\"},\"image\":{\"@id\":\"https:\\\/\\\/kibrisdakik.com\\\/?p=61778#primaryimage\"},\"thumbnailUrl\":\"https:\\\/\\\/kibrisdakik.com\\\/wp-content\\\/uploads\\\/2024\\\/09\\\/gy4-tile-740x420.jpg\",\"datePublished\":\"2024-09-13T09:07:55+00:00\",\"author\":{\"@id\":\"https:\\\/\\\/kibrisdakik.com\\\/#\\\/schema\\\/person\\\/9cd9d437bbb44f72b73ba127e06d8e79\"},\"breadcrumb\":{\"@id\":\"https:\\\/\\\/kibrisdakik.com\\\/?p=61778#breadcrumb\"},\"inLanguage\":\"tr\",\"potentialAction\":[{\"@type\":\"ReadAction\",\"target\":[\"https:\\\/\\\/kibrisdakik.com\\\/?p=61778\"]}]},{\"@type\":\"ImageObject\",\"inLanguage\":\"tr\",\"@id\":\"https:\\\/\\\/kibrisdakik.com\\\/?p=61778#primaryimage\",\"url\":\"https:\\\/\\\/kibrisdakik.com\\\/wp-content\\\/uploads\\\/2024\\\/09\\\/gy4-tile-740x420.jpg\",\"contentUrl\":\"https:\\\/\\\/kibrisdakik.com\\\/wp-content\\\/uploads\\\/2024\\\/09\\\/gy4-tile-740x420.jpg\",\"width\":800,\"height\":487},{\"@type\":\"BreadcrumbList\",\"@id\":\"https:\\\/\\\/kibrisdakik.com\\\/?p=61778#breadcrumb\",\"itemListElement\":[{\"@type\":\"ListItem\",\"position\":1,\"name\":\"Home\",\"item\":\"https:\\\/\\\/kibrisdakik.com\\\/\"},{\"@type\":\"ListItem\",\"position\":2,\"name\":\"47\u2019nci D\u00f6nem Yedek Subay ve \u00c7avu\u015f Celbi ant i\u00e7ti\"}]},{\"@type\":\"WebSite\",\"@id\":\"https:\\\/\\\/kibrisdakik.com\\\/#website\",\"url\":\"https:\\\/\\\/kibrisdakik.com\\\/\",\"name\":\"\",\"description\":\"Tam vaktinde haber\",\"potentialAction\":[{\"@type\":\"SearchAction\",\"target\":{\"@type\":\"EntryPoint\",\"urlTemplate\":\"https:\\\/\\\/kibrisdakik.com\\\/?s={search_term_string}\"},\"query-input\":{\"@type\":\"PropertyValueSpecification\",\"valueRequired\":true,\"valueName\":\"search_term_string\"}}],\"inLanguage\":\"tr\"},{\"@type\":\"Person\",\"@id\":\"https:\\\/\\\/kibrisdakik.com\\\/#\\\/schema\\\/person\\\/9cd9d437bbb44f72b73ba127e06d8e79\",\"name\":\"admin\",\"image\":{\"@type\":\"ImageObject\",\"inLanguage\":\"tr\",\"@id\":\"https:\\\/\\\/secure.gravatar.com\\\/avatar\\\/ccc17943b9d660506c869530f897617f7cb1c21a4bf30023f252596d83e1f007?s=96&d=mm&r=g\",\"url\":\"https:\\\/\\\/secure.gravatar.com\\\/avatar\\\/ccc17943b9d660506c869530f897617f7cb1c21a4bf30023f252596d83e1f007?s=96&d=mm&r=g\",\"contentUrl\":\"https:\\\/\\\/secure.gravatar.com\\\/avatar\\\/ccc17943b9d660506c869530f897617f7cb1c21a4bf30023f252596d83e1f007?s=96&d=mm&r=g\",\"caption\":\"admin\"},\"sameAs\":[\"https:\\\/\\\/kibrisdakik.com\"],\"url\":\"https:\\\/\\\/kibrisdakik.com\\\/?author=1\"}]}<\/script>\n<!-- \/ Yoast SEO plugin. -->","yoast_head_json":{"title":"47\u2019nci D\u00f6nem Yedek Subay ve \u00c7avu\u015f Celbi ant i\u00e7ti -","robots":{"index":"index","follow":"follow","max-snippet":"max-snippet:-1","max-image-preview":"max-image-preview:large","max-video-preview":"max-video-preview:-1"},"canonical":"https:\/\/kibrisdakik.com\/?p=61778","og_locale":"tr_TR","og_type":"article","og_title":"47\u2019nci D\u00f6nem Yedek Subay ve \u00c7avu\u015f Celbi ant i\u00e7ti -","og_description":"47\u2019nci D\u00f6nem Yedek Subay ve \u00c7avu\u015f Celbi G\u00fclseren K\u0131\u015flas\u0131\u2019nda yer alan t\u00f6renle ant i\u00e7ti. \u0130stiklal Mar\u015f\u0131 e\u015fli\u011finde bayraklar\u0131n g\u00f6ndere \u00e7ekilmesiyle ba\u015flayan t\u00f6rende, 4\u2019\u00fcnc\u00fc Piyade Alay Sanca\u011f\u0131\u2019n\u0131n tan\u0131t\u0131lmas\u0131ndan sonra, ant i\u00e7me ger\u00e7ekle\u015ftirildi. Celp ad\u0131na konu\u015fma yapan Aste\u011fmen Mehmet Kaya, askerlik g\u00f6revinin kutsal vatan hizmeti oldu\u011funa vurgu yapt\u0131. Kaya, \u201cHer birimiz vatan\u0131m\u0131z u\u011fruna can\u0131n\u0131 seven seve veririz.","og_url":"https:\/\/kibrisdakik.com\/?p=61778","article_published_time":"2024-09-13T09:07:55+00:00","og_image":[{"width":800,"height":487,"url":"https:\/\/kibrisdakik.com\/wp-content\/uploads\/2024\/09\/gy4-tile-740x420.jpg","type":"image\/jpeg"}],"author":"admin","twitter_card":"summary_large_image","twitter_misc":{"Yazan:":"admin","Tahmini okuma s\u00fcresi":"1 dakika"},"schema":{"@context":"https:\/\/schema.org","@graph":[{"@type":"Article","@id":"https:\/\/kibrisdakik.com\/?p=61778#article","isPartOf":{"@id":"https:\/\/kibrisdakik.com\/?p=61778"},"author":{"name":"admin","@id":"https:\/\/kibrisdakik.com\/#\/schema\/person\/9cd9d437bbb44f72b73ba127e06d8e79"},"headline":"47\u2019nci D\u00f6nem Yedek Subay ve \u00c7avu\u015f Celbi ant i\u00e7ti","datePublished":"2024-09-13T09:07:55+00:00","mainEntityOfPage":{"@id":"https:\/\/kibrisdakik.com\/?p=61778"},"wordCount":227,"commentCount":0,"image":{"@id":"https:\/\/kibrisdakik.com\/?p=61778#primaryimage"},"thumbnailUrl":"https:\/\/kibrisdakik.com\/wp-content\/uploads\/2024\/09\/gy4-tile-740x420.jpg","articleSection":["K\u0131br\u0131s"],"inLanguage":"tr","potentialAction":[{"@type":"CommentAction","name":"Comment","target":["https:\/\/kibrisdakik.com\/?p=61778#respond"]}]},{"@type":"WebPage","@id":"https:\/\/kibrisdakik.com\/?p=61778","url":"https:\/\/kibrisdakik.com\/?p=61778","name":"47\u2019nci D\u00f6nem Yedek Subay ve \u00c7avu\u015f Celbi ant i\u00e7ti -","isPartOf":{"@id":"https:\/\/kibrisdakik.com\/#website"},"primaryImageOfPage":{"@id":"https:\/\/kibrisdakik.com\/?p=61778#primaryimage"},"image":{"@id":"https:\/\/kibrisdakik.com\/?p=61778#primaryimage"},"thumbnailUrl":"https:\/\/kibrisdakik.com\/wp-content\/uploads\/2024\/09\/gy4-tile-740x420.jpg","datePublished":"2024-09-13T09:07:55+00:00","author":{"@id":"https:\/\/kibrisdakik.com\/#\/schema\/person\/9cd9d437bbb44f72b73ba127e06d8e79"},"breadcrumb":{"@id":"https:\/\/kibrisdakik.com\/?p=61778#breadcrumb"},"inLanguage":"tr","potentialAction":[{"@type":"ReadAction","target":["https:\/\/kibrisdakik.com\/?p=61778"]}]},{"@type":"ImageObject","inLanguage":"tr","@id":"https:\/\/kibrisdakik.com\/?p=61778#primaryimage","url":"https:\/\/kibrisdakik.com\/wp-content\/uploads\/2024\/09\/gy4-tile-740x420.jpg","contentUrl":"https:\/\/kibrisdakik.com\/wp-content\/uploads\/2024\/09\/gy4-tile-740x420.jpg","width":800,"height":487},{"@type":"BreadcrumbList","@id":"https:\/\/kibrisdakik.com\/?p=61778#breadcrumb","itemListElement":[{"@type":"ListItem","position":1,"name":"Home","item":"https:\/\/kibrisdakik.com\/"},{"@type":"ListItem","position":2,"name":"47\u2019nci D\u00f6nem Yedek Subay ve \u00c7avu\u015f Celbi ant i\u00e7ti"}]},{"@type":"WebSite","@id":"https:\/\/kibrisdakik.com\/#website","url":"https:\/\/kibrisdakik.com\/","name":"","description":"Tam vaktinde haber","potentialAction":[{"@type":"SearchAction","target":{"@type":"EntryPoint","urlTemplate":"https:\/\/kibrisdakik.com\/?s={search_term_string}"},"query-input":{"@type":"PropertyValueSpecification","valueRequired":true,"valueName":"search_term_string"}}],"inLanguage":"tr"},{"@type":"Person","@id":"https:\/\/kibrisdakik.com\/#\/schema\/person\/9cd9d437bbb44f72b73ba127e06d8e79","name":"admin","image":{"@type":"ImageObject","inLanguage":"tr","@id":"https:\/\/secure.gravatar.com\/avatar\/ccc17943b9d660506c869530f897617f7cb1c21a4bf30023f252596d83e1f007?s=96&d=mm&r=g","url":"https:\/\/secure.gravatar.com\/avatar\/ccc17943b9d660506c869530f897617f7cb1c21a4bf30023f252596d83e1f007?s=96&d=mm&r=g","contentUrl":"https:\/\/secure.gravatar.com\/avatar\/ccc17943b9d660506c869530f897617f7cb1c21a4bf30023f252596d83e1f007?s=96&d=mm&r=g","caption":"admin"},"sameAs":["https:\/\/kibrisdakik.com"],"url":"https:\/\/kibrisdakik.com\/?author=1"}]}},"_links":{"self":[{"href":"https:\/\/kibrisdakik.com\/index.php?rest_route=\/wp\/v2\/posts\/61778","targetHints":{"allow":["GET"]}}],"collection":[{"href":"https:\/\/kibrisdakik.com\/index.php?rest_route=\/wp\/v2\/posts"}],"about":[{"href":"https:\/\/kibrisdakik.com\/index.php?rest_route=\/wp\/v2\/types\/post"}],"author":[{"embeddable":true,"href":"https:\/\/kibrisdakik.com\/index.php?rest_route=\/wp\/v2\/users\/1"}],"replies":[{"embeddable":true,"href":"https:\/\/kibrisdakik.com\/index.php?rest_route=%2Fwp%2Fv2%2Fcomments&post=61778"}],"version-history":[{"count":0,"href":"https:\/\/kibrisdakik.com\/index.php?rest_route=\/wp\/v2\/posts\/61778\/revisions"}],"wp:featuredmedia":[{"embeddable":true,"href":"https:\/\/kibrisdakik.com\/index.php?rest_route=\/wp\/v2\/media\/61779"}],"wp:attachment":[{"href":"https:\/\/kibrisdakik.com\/index.php?rest_route=%2Fwp%2Fv2%2Fmedia&parent=61778"}],"wp:term":[{"taxonomy":"category","embeddable":true,"href":"https:\/\/kibrisdakik.com\/index.php?rest_route=%2Fwp%2Fv2%2Fcategories&post=61778"},{"taxonomy":"post_tag","embeddable":true,"href":"https:\/\/kibrisdakik.com\/index.php?rest_route=%2Fwp%2Fv2%2Ftags&post=61778"}],"curies":[{"name":"wp","href":"https:\/\/api.w.org\/{rel}","templated":true}]}}