{"id":61789,"date":"2024-09-13T12:20:33","date_gmt":"2024-09-13T09:20:33","guid":{"rendered":"https:\/\/kibrisdakik.com\/index.php\/2024\/09\/13\/yuksek-mahkeme-baskani-ozerdag-yeni-adli-yil-oncesinde-degerlendirmelerde-bulundu\/"},"modified":"2024-09-13T12:20:33","modified_gmt":"2024-09-13T09:20:33","slug":"yuksek-mahkeme-baskani-ozerdag-yeni-adli-yil-oncesinde-degerlendirmelerde-bulundu","status":"publish","type":"post","link":"https:\/\/kibrisdakik.com\/?p=61789","title":{"rendered":"Y\u00fcksek Mahkeme Ba\u015fkan\u0131 \u00d6zerda\u011f,  yeni Adli Y\u0131l \u00f6ncesinde de\u011ferlendirmelerde bulundu"},"content":{"rendered":"<div>\n<div class=\"mariselle-image-container center\">\n                                            <\/div>\n<p>Y\u00fcksek Mahkeme Ba\u015fkan\u0131 Bertan \u00d6zerda\u011f, BRT\u2019de yay\u0131nlanan \u2018Man\u015fet+\u2019 program\u0131na kat\u0131larak yeni Adli Y\u0131l a\u00e7\u0131l\u0131\u015f\u0131 \u00f6ncesinde de\u011ferlendirmelerde bulundu. <\/p>\n<p>\tYeni Adli Y\u0131l\u2019da mahkemelerin \u00fczerinde b\u00fcy\u00fck bir y\u00fck oldu\u011funu kaydeden \u00d6zerda\u011f, davalar\u0131n h\u0131zl\u0131 sonu\u00e7lanmas\u0131 konusunda \u00e7al\u0131\u015fmalar\u0131n s\u00fcrd\u00fc\u011f\u00fcn\u00fc s\u00f6yledi. <\/p>\n<p>Mahkemelerin tarihi bir binada faaliyet g\u00f6stermesinin yaratt\u0131\u011f\u0131 s\u0131k\u0131nt\u0131lardan bahseden \u00d6zerda\u011f, \u201cMahkeme binalar\u0131n\u0131n yetersiz kald\u0131\u011f\u0131n\u0131n, teknolojik altyap\u0131n\u0131n kullan\u0131lmas\u0131nda da sorunlar ya\u015fand\u0131\u011f\u0131 bilinen bir ger\u00e7ekliktir.Bunlar\u0131n giderilmesi, yarg\u0131\u00e7lar\u0131m\u0131za ve personelimize daha iyi bir \u00e7al\u0131\u015fma ortam\u0131 yaratmak ama\u00e7lar\u0131m\u0131z aras\u0131ndad\u0131r\u201d diye konu\u015ftu.<\/p>\n<p>Kadro te\u015fkilat yap\u0131s\u0131n\u0131n yap\u0131land\u0131r\u0131lmas\u0131n\u0131n \u00f6nemine de i\u015faret eden \u00d6zerda\u011f, b\u00fct\u00e7ede Mahkemelere ayr\u0131lan k\u0131sm\u0131n yeterli olmad\u0131\u011f\u0131 g\u00f6r\u00fc\u015f\u00fcn\u00fc de payla\u015ft\u0131.<\/p>\n<p>\u00dclkedeki n\u00fcfusun ve adli olaylar\u0131n art\u0131\u015f\u0131 ile yarg\u0131\u00e7 say\u0131s\u0131n\u0131n yetersiz kalabildi\u011fini belirten \u00d6zerda\u011f, yarg\u0131\u00e7 ve personel al\u0131m\u0131 ve bunlar\u0131n yeti\u015ftirilmesi i\u00e7in belli bir s\u00fcreye ihtiya\u00e7 duyuldu\u011funu kaydetti.<\/p>\n<p>\u00d6zellikle A\u011f\u0131r Ceza Mahkemesi\u2019nin bakt\u0131\u011f\u0131 davalarda art\u0131\u015f ya\u015fand\u0131\u011f\u0131n\u0131 kaydeden \u00d6zerda\u011f, \u201c20 y\u0131l \u00f6nce tek bir A\u011f\u0131r Ceza Mahkemesi vard\u0131 ve geziciydi. Son 10 y\u0131l\u0131 a\u015fk\u0131n bir s\u00fcredir bunu 3 a\u011f\u0131r ceza mahkemesine \u00e7\u0131kartt\u0131k ama bu bile yetersiz oluyor\u201d dedi. <\/p>\n<p>Bir soru \u00fczerine uyu\u015fturucu su\u00e7lar\u0131nda ciddi bir art\u0131\u015f ya\u015fand\u0131\u011f\u0131na vurgu yapan \u00d6zerda\u011f, sahte diploma ve sahte re\u00e7ete konular\u0131n\u0131n da mahkemenin g\u00fcndemini yo\u011funla\u015ft\u0131rd\u0131\u011f\u0131n\u0131 belirtti.<br \/>Uyu\u015fturucu sorununun \u00fczerine gidilmesinin \u00f6nemine i\u015faret eden \u00d6zerda\u011f, gen\u00e7lerin b\u00fcy\u00fck bir tehlike alt\u0131nda oldu\u011funu vurgulad\u0131. <\/p>\n<p>\t\u00d6zerda\u011f \u201c\u00dclkemizin \u00fcniversite \u00fclkesi oldu\u011fu g\u00f6z \u00f6n\u00fcne al\u0131nd\u0131\u011f\u0131nda, gen\u00e7lerin uyu\u015fturucuya ula\u015fmas\u0131n\u0131n \u00f6n\u00fcn\u00fcn t\u0131kanmas\u0131, e\u011fitim verilmesi, uyu\u015fturucunun zararlar\u0131n\u0131n anlat\u0131lmas\u0131 konusunda devlet politikas\u0131n\u0131n ciddi bir \u015fekilde yarat\u0131lmas\u0131 gerekir. Sadece mahkemelere gelen su\u00e7lular\u0131n cezaland\u0131r\u0131lmas\u0131 y\u00f6n\u00fcyle bu i\u015f \u00e7\u00f6z\u00fcmlenemez bu i\u015fte e\u011fitim en \u00f6nemli noktad\u0131r\u201d dedi. <\/p>\n<p>\tTrafik kazalar\u0131n\u0131 \u00f6nlemede de sadece cezan\u0131n yeterli olmad\u0131\u011f\u0131n\u0131 vurgulayan Y\u00fcksek Mahkeme Ba\u015fkan\u0131, bu konuda da e\u011fitimin \u00f6nemine vurgu yapt\u0131.\t\u00d6l\u00fcml\u00fc trafik kazalar\u0131n\u0131n artt\u0131\u011f\u0131na dikkat \u00e7eken \u00d6zerda\u011f, cayd\u0131r\u0131c\u0131 olmas\u0131 i\u00e7in bu konuda a\u011f\u0131r cezalar vermeye dikkat ettiklerini s\u00f6yledi. <\/p>\n<p>\u00d6zerda\u011f, G\u00fcney K\u0131br\u0131s\u2019ta g\u00f6r\u00fc\u015f\u00fclen m\u00fclkiyet ile ilgili davalara ili\u015fkin soruyu da yan\u0131tlad\u0131, bu konunun K\u0131br\u0131s sorununun bir par\u00e7as\u0131 oldu\u011funu s\u00f6yledi. <\/p>\n<p>\t\u201cAvrupa \u0130nsan Haklar\u0131 Mahkemesi kararlar\u0131n\u0131n y\u00f6nlendirilmesi ile \u00fclkemizde Ta\u015f\u0131nmaz Mal Komisyonu kuruldu. Komisyon bu sorunlar\u0131n bar\u0131\u015f\u00e7\u0131l ve dostane \u00e7\u00f6z\u00fcm\u00fc i\u00e7in taraflara bir mekanizma olu\u015fturmu\u015ftur\u201d diyen \u00d6zerda\u011f, s\u00f6zlerini \u015f\u00f6yle s\u00fcrd\u00fcrd\u00fc; <\/p>\n<p>\u201c\u00dclkede ya\u015fanan m\u00fclkiyet sorunu a\u00e7\u0131s\u0131ndan Ta\u015f\u0131nmaz Mal Komisyonu\u2019nun \u00f6nemine dikkat \u00e7ekilmeli ve Komisyon\u2019un \u00f6n\u00fc a\u00e7\u0131lmal\u0131d\u0131r. Ta\u015f\u0131nmaz Mal Komisyonuna yap\u0131lan ba\u015fvurular da engellenmemeli, ba\u015fvurucular\u0131n tazminat\u0131 erken zamanda \u00f6denip dosyalar kapat\u0131lmal\u0131d\u0131r. Dolay\u0131s\u0131 ile bu y\u00f6nde yap\u0131lacak \u00e7\u00f6z\u00fcm\u00fcn K\u0131br\u0131s sorununun \u00e7\u00f6z\u00fcm\u00fcne de b\u00fcy\u00fck katk\u0131s\u0131 olaca\u011f\u0131n\u0131 bu adada ya\u015fayan herkes taraf\u0131ndan kabul edilmesi gerekir.\u201d <\/p>\n<p>G\u00fcney\u2019de K\u0131br\u0131s T\u00fcrkleri\u2019nin b\u0131rakt\u0131\u011f\u0131 ta\u015f\u0131nmaz mallarda da b\u00fcy\u00fck sorunlar ya\u015fand\u0131\u011f\u0131n\u0131 belirten \u00d6zerda\u011f, \u201cK\u0131br\u0131s sorununu \u00e7\u00f6zmek istiyorsak m\u00fclkiyet konusunda Avrupa \u0130nsan Haklar\u0131 Mahkemesi kararlar\u0131n\u0131 takip ederek anlay\u0131\u015f ile \u00e7\u00f6zmenin faydal\u0131 olaca\u011f\u0131n\u0131 inan\u0131yorum\u201d dedi. <\/p>\n<p><iframe loading=\"lazy\" title=\"Man\u015fet + 13.09.2024\" width=\"960\" height=\"540\" src=\"https:\/\/www.youtube.com\/embed\/ra7UQFyAAUU?feature=oembed\" frameborder=\"0\" allow=\"accelerometer; autoplay; clipboard-write; encrypted-media; gyroscope; picture-in-picture; web-share\" referrerpolicy=\"strict-origin-when-cross-origin\" allowfullscreen><\/iframe><\/p>\n<\/p><\/div>\n<p><script async\n                    defer\n                    crossorigin=\"anonymous\"\n                    src=\"https:\/\/connect.facebook.net\/tr_TR\/sdk.js#xfbml=1&#038;version=v3.3\"\n            ><\/script><\/p>\n","protected":false},"excerpt":{"rendered":"<p>Y\u00fcksek Mahkeme Ba\u015fkan\u0131 Bertan \u00d6zerda\u011f, BRT\u2019de yay\u0131nlanan \u2018Man\u015fet+\u2019 program\u0131na kat\u0131larak yeni Adli Y\u0131l a\u00e7\u0131l\u0131\u015f\u0131 \u00f6ncesinde de\u011ferlendirmelerde bulundu. Yeni Adli Y\u0131l\u2019da mahkemelerin \u00fczerinde b\u00fcy\u00fck bir y\u00fck oldu\u011funu kaydeden \u00d6zerda\u011f, davalar\u0131n h\u0131zl\u0131 sonu\u00e7lanmas\u0131 konusunda \u00e7al\u0131\u015fmalar\u0131n s\u00fcrd\u00fc\u011f\u00fcn\u00fc s\u00f6yledi. Mahkemelerin tarihi bir binada faaliyet g\u00f6stermesinin yaratt\u0131\u011f\u0131 s\u0131k\u0131nt\u0131lardan bahseden \u00d6zerda\u011f, \u201cMahkeme binalar\u0131n\u0131n yetersiz kald\u0131\u011f\u0131n\u0131n, teknolojik altyap\u0131n\u0131n kullan\u0131lmas\u0131nda da sorunlar ya\u015fand\u0131\u011f\u0131<\/p>\n","protected":false},"author":1,"featured_media":61790,"comment_status":"open","ping_status":"open","sticky":false,"template":"","format":"standard","meta":{"footnotes":""},"categories":[81],"tags":[],"class_list":["post-61789","post","type-post","status-publish","format-standard","has-post-thumbnail","hentry","category-kibris"],"yoast_head":"<!-- This site is optimized with the Yoast SEO plugin v27.5 - https:\/\/yoast.com\/product\/yoast-seo-wordpress\/ -->\n<title>Y\u00fcksek Mahkeme Ba\u015fkan\u0131 \u00d6zerda\u011f, yeni Adli Y\u0131l \u00f6ncesinde de\u011ferlendirmelerde bulundu -<\/title>\n<meta name=\"robots\" content=\"index, follow, max-snippet:-1, max-image-preview:large, max-video-preview:-1\" \/>\n<link rel=\"canonical\" href=\"https:\/\/kibrisdakik.com\/?p=61789\" \/>\n<meta property=\"og:locale\" content=\"tr_TR\" \/>\n<meta property=\"og:type\" content=\"article\" \/>\n<meta property=\"og:title\" content=\"Y\u00fcksek Mahkeme Ba\u015fkan\u0131 \u00d6zerda\u011f, yeni Adli Y\u0131l \u00f6ncesinde de\u011ferlendirmelerde bulundu -\" \/>\n<meta property=\"og:description\" content=\"Y\u00fcksek Mahkeme Ba\u015fkan\u0131 Bertan \u00d6zerda\u011f, BRT\u2019de yay\u0131nlanan \u2018Man\u015fet+\u2019 program\u0131na kat\u0131larak yeni Adli Y\u0131l a\u00e7\u0131l\u0131\u015f\u0131 \u00f6ncesinde de\u011ferlendirmelerde bulundu. Yeni Adli Y\u0131l\u2019da mahkemelerin \u00fczerinde b\u00fcy\u00fck bir y\u00fck oldu\u011funu kaydeden \u00d6zerda\u011f, davalar\u0131n h\u0131zl\u0131 sonu\u00e7lanmas\u0131 konusunda \u00e7al\u0131\u015fmalar\u0131n s\u00fcrd\u00fc\u011f\u00fcn\u00fc s\u00f6yledi. Mahkemelerin tarihi bir binada faaliyet g\u00f6stermesinin yaratt\u0131\u011f\u0131 s\u0131k\u0131nt\u0131lardan bahseden \u00d6zerda\u011f, \u201cMahkeme binalar\u0131n\u0131n yetersiz kald\u0131\u011f\u0131n\u0131n, teknolojik altyap\u0131n\u0131n kullan\u0131lmas\u0131nda da sorunlar ya\u015fand\u0131\u011f\u0131\" \/>\n<meta property=\"og:url\" content=\"https:\/\/kibrisdakik.com\/?p=61789\" \/>\n<meta property=\"article:published_time\" content=\"2024-09-13T09:20:33+00:00\" \/>\n<meta property=\"og:image\" content=\"https:\/\/kibrisdakik.com\/wp-content\/uploads\/2024\/09\/InShot_20240913_102120171-740x420.jpg\" \/>\n\t<meta property=\"og:image:width\" content=\"1920\" \/>\n\t<meta property=\"og:image:height\" content=\"1079\" \/>\n\t<meta property=\"og:image:type\" content=\"image\/jpeg\" \/>\n<meta name=\"author\" content=\"admin\" \/>\n<meta name=\"twitter:card\" content=\"summary_large_image\" \/>\n<meta name=\"twitter:label1\" content=\"Yazan:\" \/>\n\t<meta name=\"twitter:data1\" content=\"admin\" \/>\n\t<meta name=\"twitter:label2\" content=\"Tahmini okuma s\u00fcresi\" \/>\n\t<meta name=\"twitter:data2\" content=\"3 dakika\" \/>\n<script type=\"application\/ld+json\" class=\"yoast-schema-graph\">{\"@context\":\"https:\\\/\\\/schema.org\",\"@graph\":[{\"@type\":\"Article\",\"@id\":\"https:\\\/\\\/kibrisdakik.com\\\/?p=61789#article\",\"isPartOf\":{\"@id\":\"https:\\\/\\\/kibrisdakik.com\\\/?p=61789\"},\"author\":{\"name\":\"admin\",\"@id\":\"https:\\\/\\\/kibrisdakik.com\\\/#\\\/schema\\\/person\\\/9cd9d437bbb44f72b73ba127e06d8e79\"},\"headline\":\"Y\u00fcksek Mahkeme Ba\u015fkan\u0131 \u00d6zerda\u011f, yeni Adli Y\u0131l \u00f6ncesinde de\u011ferlendirmelerde bulundu\",\"datePublished\":\"2024-09-13T09:20:33+00:00\",\"mainEntityOfPage\":{\"@id\":\"https:\\\/\\\/kibrisdakik.com\\\/?p=61789\"},\"wordCount\":661,\"commentCount\":0,\"image\":{\"@id\":\"https:\\\/\\\/kibrisdakik.com\\\/?p=61789#primaryimage\"},\"thumbnailUrl\":\"https:\\\/\\\/kibrisdakik.com\\\/wp-content\\\/uploads\\\/2024\\\/09\\\/InShot_20240913_102120171-740x420.jpg\",\"articleSection\":[\"K\u0131br\u0131s\"],\"inLanguage\":\"tr\",\"potentialAction\":[{\"@type\":\"CommentAction\",\"name\":\"Comment\",\"target\":[\"https:\\\/\\\/kibrisdakik.com\\\/?p=61789#respond\"]}]},{\"@type\":\"WebPage\",\"@id\":\"https:\\\/\\\/kibrisdakik.com\\\/?p=61789\",\"url\":\"https:\\\/\\\/kibrisdakik.com\\\/?p=61789\",\"name\":\"Y\u00fcksek Mahkeme Ba\u015fkan\u0131 \u00d6zerda\u011f, yeni Adli Y\u0131l \u00f6ncesinde de\u011ferlendirmelerde bulundu -\",\"isPartOf\":{\"@id\":\"https:\\\/\\\/kibrisdakik.com\\\/#website\"},\"primaryImageOfPage\":{\"@id\":\"https:\\\/\\\/kibrisdakik.com\\\/?p=61789#primaryimage\"},\"image\":{\"@id\":\"https:\\\/\\\/kibrisdakik.com\\\/?p=61789#primaryimage\"},\"thumbnailUrl\":\"https:\\\/\\\/kibrisdakik.com\\\/wp-content\\\/uploads\\\/2024\\\/09\\\/InShot_20240913_102120171-740x420.jpg\",\"datePublished\":\"2024-09-13T09:20:33+00:00\",\"author\":{\"@id\":\"https:\\\/\\\/kibrisdakik.com\\\/#\\\/schema\\\/person\\\/9cd9d437bbb44f72b73ba127e06d8e79\"},\"breadcrumb\":{\"@id\":\"https:\\\/\\\/kibrisdakik.com\\\/?p=61789#breadcrumb\"},\"inLanguage\":\"tr\",\"potentialAction\":[{\"@type\":\"ReadAction\",\"target\":[\"https:\\\/\\\/kibrisdakik.com\\\/?p=61789\"]}]},{\"@type\":\"ImageObject\",\"inLanguage\":\"tr\",\"@id\":\"https:\\\/\\\/kibrisdakik.com\\\/?p=61789#primaryimage\",\"url\":\"https:\\\/\\\/kibrisdakik.com\\\/wp-content\\\/uploads\\\/2024\\\/09\\\/InShot_20240913_102120171-740x420.jpg\",\"contentUrl\":\"https:\\\/\\\/kibrisdakik.com\\\/wp-content\\\/uploads\\\/2024\\\/09\\\/InShot_20240913_102120171-740x420.jpg\",\"width\":1920,\"height\":1079},{\"@type\":\"BreadcrumbList\",\"@id\":\"https:\\\/\\\/kibrisdakik.com\\\/?p=61789#breadcrumb\",\"itemListElement\":[{\"@type\":\"ListItem\",\"position\":1,\"name\":\"Home\",\"item\":\"https:\\\/\\\/kibrisdakik.com\\\/\"},{\"@type\":\"ListItem\",\"position\":2,\"name\":\"Y\u00fcksek Mahkeme Ba\u015fkan\u0131 \u00d6zerda\u011f, yeni Adli Y\u0131l \u00f6ncesinde de\u011ferlendirmelerde bulundu\"}]},{\"@type\":\"WebSite\",\"@id\":\"https:\\\/\\\/kibrisdakik.com\\\/#website\",\"url\":\"https:\\\/\\\/kibrisdakik.com\\\/\",\"name\":\"\",\"description\":\"Tam vaktinde haber\",\"potentialAction\":[{\"@type\":\"SearchAction\",\"target\":{\"@type\":\"EntryPoint\",\"urlTemplate\":\"https:\\\/\\\/kibrisdakik.com\\\/?s={search_term_string}\"},\"query-input\":{\"@type\":\"PropertyValueSpecification\",\"valueRequired\":true,\"valueName\":\"search_term_string\"}}],\"inLanguage\":\"tr\"},{\"@type\":\"Person\",\"@id\":\"https:\\\/\\\/kibrisdakik.com\\\/#\\\/schema\\\/person\\\/9cd9d437bbb44f72b73ba127e06d8e79\",\"name\":\"admin\",\"image\":{\"@type\":\"ImageObject\",\"inLanguage\":\"tr\",\"@id\":\"https:\\\/\\\/secure.gravatar.com\\\/avatar\\\/ccc17943b9d660506c869530f897617f7cb1c21a4bf30023f252596d83e1f007?s=96&d=mm&r=g\",\"url\":\"https:\\\/\\\/secure.gravatar.com\\\/avatar\\\/ccc17943b9d660506c869530f897617f7cb1c21a4bf30023f252596d83e1f007?s=96&d=mm&r=g\",\"contentUrl\":\"https:\\\/\\\/secure.gravatar.com\\\/avatar\\\/ccc17943b9d660506c869530f897617f7cb1c21a4bf30023f252596d83e1f007?s=96&d=mm&r=g\",\"caption\":\"admin\"},\"sameAs\":[\"https:\\\/\\\/kibrisdakik.com\"],\"url\":\"https:\\\/\\\/kibrisdakik.com\\\/?author=1\"}]}<\/script>\n<!-- \/ Yoast SEO plugin. -->","yoast_head_json":{"title":"Y\u00fcksek Mahkeme Ba\u015fkan\u0131 \u00d6zerda\u011f, yeni Adli Y\u0131l \u00f6ncesinde de\u011ferlendirmelerde bulundu -","robots":{"index":"index","follow":"follow","max-snippet":"max-snippet:-1","max-image-preview":"max-image-preview:large","max-video-preview":"max-video-preview:-1"},"canonical":"https:\/\/kibrisdakik.com\/?p=61789","og_locale":"tr_TR","og_type":"article","og_title":"Y\u00fcksek Mahkeme Ba\u015fkan\u0131 \u00d6zerda\u011f, yeni Adli Y\u0131l \u00f6ncesinde de\u011ferlendirmelerde bulundu -","og_description":"Y\u00fcksek Mahkeme Ba\u015fkan\u0131 Bertan \u00d6zerda\u011f, BRT\u2019de yay\u0131nlanan \u2018Man\u015fet+\u2019 program\u0131na kat\u0131larak yeni Adli Y\u0131l a\u00e7\u0131l\u0131\u015f\u0131 \u00f6ncesinde de\u011ferlendirmelerde bulundu. Yeni Adli Y\u0131l\u2019da mahkemelerin \u00fczerinde b\u00fcy\u00fck bir y\u00fck oldu\u011funu kaydeden \u00d6zerda\u011f, davalar\u0131n h\u0131zl\u0131 sonu\u00e7lanmas\u0131 konusunda \u00e7al\u0131\u015fmalar\u0131n s\u00fcrd\u00fc\u011f\u00fcn\u00fc s\u00f6yledi. Mahkemelerin tarihi bir binada faaliyet g\u00f6stermesinin yaratt\u0131\u011f\u0131 s\u0131k\u0131nt\u0131lardan bahseden \u00d6zerda\u011f, \u201cMahkeme binalar\u0131n\u0131n yetersiz kald\u0131\u011f\u0131n\u0131n, teknolojik altyap\u0131n\u0131n kullan\u0131lmas\u0131nda da sorunlar ya\u015fand\u0131\u011f\u0131","og_url":"https:\/\/kibrisdakik.com\/?p=61789","article_published_time":"2024-09-13T09:20:33+00:00","og_image":[{"width":1920,"height":1079,"url":"https:\/\/kibrisdakik.com\/wp-content\/uploads\/2024\/09\/InShot_20240913_102120171-740x420.jpg","type":"image\/jpeg"}],"author":"admin","twitter_card":"summary_large_image","twitter_misc":{"Yazan:":"admin","Tahmini okuma s\u00fcresi":"3 dakika"},"schema":{"@context":"https:\/\/schema.org","@graph":[{"@type":"Article","@id":"https:\/\/kibrisdakik.com\/?p=61789#article","isPartOf":{"@id":"https:\/\/kibrisdakik.com\/?p=61789"},"author":{"name":"admin","@id":"https:\/\/kibrisdakik.com\/#\/schema\/person\/9cd9d437bbb44f72b73ba127e06d8e79"},"headline":"Y\u00fcksek Mahkeme Ba\u015fkan\u0131 \u00d6zerda\u011f, yeni Adli Y\u0131l \u00f6ncesinde de\u011ferlendirmelerde bulundu","datePublished":"2024-09-13T09:20:33+00:00","mainEntityOfPage":{"@id":"https:\/\/kibrisdakik.com\/?p=61789"},"wordCount":661,"commentCount":0,"image":{"@id":"https:\/\/kibrisdakik.com\/?p=61789#primaryimage"},"thumbnailUrl":"https:\/\/kibrisdakik.com\/wp-content\/uploads\/2024\/09\/InShot_20240913_102120171-740x420.jpg","articleSection":["K\u0131br\u0131s"],"inLanguage":"tr","potentialAction":[{"@type":"CommentAction","name":"Comment","target":["https:\/\/kibrisdakik.com\/?p=61789#respond"]}]},{"@type":"WebPage","@id":"https:\/\/kibrisdakik.com\/?p=61789","url":"https:\/\/kibrisdakik.com\/?p=61789","name":"Y\u00fcksek Mahkeme Ba\u015fkan\u0131 \u00d6zerda\u011f, yeni Adli Y\u0131l \u00f6ncesinde de\u011ferlendirmelerde bulundu -","isPartOf":{"@id":"https:\/\/kibrisdakik.com\/#website"},"primaryImageOfPage":{"@id":"https:\/\/kibrisdakik.com\/?p=61789#primaryimage"},"image":{"@id":"https:\/\/kibrisdakik.com\/?p=61789#primaryimage"},"thumbnailUrl":"https:\/\/kibrisdakik.com\/wp-content\/uploads\/2024\/09\/InShot_20240913_102120171-740x420.jpg","datePublished":"2024-09-13T09:20:33+00:00","author":{"@id":"https:\/\/kibrisdakik.com\/#\/schema\/person\/9cd9d437bbb44f72b73ba127e06d8e79"},"breadcrumb":{"@id":"https:\/\/kibrisdakik.com\/?p=61789#breadcrumb"},"inLanguage":"tr","potentialAction":[{"@type":"ReadAction","target":["https:\/\/kibrisdakik.com\/?p=61789"]}]},{"@type":"ImageObject","inLanguage":"tr","@id":"https:\/\/kibrisdakik.com\/?p=61789#primaryimage","url":"https:\/\/kibrisdakik.com\/wp-content\/uploads\/2024\/09\/InShot_20240913_102120171-740x420.jpg","contentUrl":"https:\/\/kibrisdakik.com\/wp-content\/uploads\/2024\/09\/InShot_20240913_102120171-740x420.jpg","width":1920,"height":1079},{"@type":"BreadcrumbList","@id":"https:\/\/kibrisdakik.com\/?p=61789#breadcrumb","itemListElement":[{"@type":"ListItem","position":1,"name":"Home","item":"https:\/\/kibrisdakik.com\/"},{"@type":"ListItem","position":2,"name":"Y\u00fcksek Mahkeme Ba\u015fkan\u0131 \u00d6zerda\u011f, yeni Adli Y\u0131l \u00f6ncesinde de\u011ferlendirmelerde bulundu"}]},{"@type":"WebSite","@id":"https:\/\/kibrisdakik.com\/#website","url":"https:\/\/kibrisdakik.com\/","name":"","description":"Tam vaktinde haber","potentialAction":[{"@type":"SearchAction","target":{"@type":"EntryPoint","urlTemplate":"https:\/\/kibrisdakik.com\/?s={search_term_string}"},"query-input":{"@type":"PropertyValueSpecification","valueRequired":true,"valueName":"search_term_string"}}],"inLanguage":"tr"},{"@type":"Person","@id":"https:\/\/kibrisdakik.com\/#\/schema\/person\/9cd9d437bbb44f72b73ba127e06d8e79","name":"admin","image":{"@type":"ImageObject","inLanguage":"tr","@id":"https:\/\/secure.gravatar.com\/avatar\/ccc17943b9d660506c869530f897617f7cb1c21a4bf30023f252596d83e1f007?s=96&d=mm&r=g","url":"https:\/\/secure.gravatar.com\/avatar\/ccc17943b9d660506c869530f897617f7cb1c21a4bf30023f252596d83e1f007?s=96&d=mm&r=g","contentUrl":"https:\/\/secure.gravatar.com\/avatar\/ccc17943b9d660506c869530f897617f7cb1c21a4bf30023f252596d83e1f007?s=96&d=mm&r=g","caption":"admin"},"sameAs":["https:\/\/kibrisdakik.com"],"url":"https:\/\/kibrisdakik.com\/?author=1"}]}},"_links":{"self":[{"href":"https:\/\/kibrisdakik.com\/index.php?rest_route=\/wp\/v2\/posts\/61789","targetHints":{"allow":["GET"]}}],"collection":[{"href":"https:\/\/kibrisdakik.com\/index.php?rest_route=\/wp\/v2\/posts"}],"about":[{"href":"https:\/\/kibrisdakik.com\/index.php?rest_route=\/wp\/v2\/types\/post"}],"author":[{"embeddable":true,"href":"https:\/\/kibrisdakik.com\/index.php?rest_route=\/wp\/v2\/users\/1"}],"replies":[{"embeddable":true,"href":"https:\/\/kibrisdakik.com\/index.php?rest_route=%2Fwp%2Fv2%2Fcomments&post=61789"}],"version-history":[{"count":0,"href":"https:\/\/kibrisdakik.com\/index.php?rest_route=\/wp\/v2\/posts\/61789\/revisions"}],"wp:featuredmedia":[{"embeddable":true,"href":"https:\/\/kibrisdakik.com\/index.php?rest_route=\/wp\/v2\/media\/61790"}],"wp:attachment":[{"href":"https:\/\/kibrisdakik.com\/index.php?rest_route=%2Fwp%2Fv2%2Fmedia&parent=61789"}],"wp:term":[{"taxonomy":"category","embeddable":true,"href":"https:\/\/kibrisdakik.com\/index.php?rest_route=%2Fwp%2Fv2%2Fcategories&post=61789"},{"taxonomy":"post_tag","embeddable":true,"href":"https:\/\/kibrisdakik.com\/index.php?rest_route=%2Fwp%2Fv2%2Ftags&post=61789"}],"curies":[{"name":"wp","href":"https:\/\/api.w.org\/{rel}","templated":true}]}}