{"id":61793,"date":"2024-09-13T10:52:07","date_gmt":"2024-09-13T07:52:07","guid":{"rendered":"https:\/\/kibrisdakik.com\/index.php\/2024\/09\/13\/filistin-adli-tip-kurumunun-raporuna-gore-eygiyi-olduren-kursun-neredeyse-duz-bir-cizgide-sol-tarafindan-isabet-etti\/"},"modified":"2024-09-13T10:52:07","modified_gmt":"2024-09-13T07:52:07","slug":"filistin-adli-tip-kurumunun-raporuna-gore-eygiyi-olduren-kursun-neredeyse-duz-bir-cizgide-sol-tarafindan-isabet-etti","status":"publish","type":"post","link":"https:\/\/kibrisdakik.com\/?p=61793","title":{"rendered":"Filistin Adli T\u0131p Kurumunun raporuna g\u00f6re Eygi\u2019yi \u00f6ld\u00fcren kur\u015fun \u201cneredeyse d\u00fcz bir \u00e7izgide sol taraf\u0131ndan\u201d isabet etti"},"content":{"rendered":"<p><\/p>\n<div>\n<div class=\"mariselle-image-container center\">\n                <img loading=\"lazy\" decoding=\"async\" width=\"675\" height=\"442\" class=\"lazy-image\" alt=\"\" sizes=\"auto, (max-width: 675px) 100vw, 675px\" src=\"https:\/\/brtk.net\/wp-content\/uploads\/2024\/09\/13\/eygii.jpg?ver=70e07cfe77b4a01eabd18feab174ce74\" srcset=\"https:\/\/brtk.net\/wp-content\/uploads\/2024\/09\/13\/eygii.jpg?ver=70e07cfe77b4a01eabd18feab174ce74 675w, https:\/\/brtk.net\/wp-content\/uploads\/2024\/09\/13\/eygii-300x196.jpg?ver=7af3ee938b1d0121daf2232a8420642c 300w\"\/>                            <\/div>\n<p>Filistin Adli T\u0131p Kurumunun T\u00fcrk-ABD vatanda\u015f\u0131 Ay\u015fenur Ezgi Eygi i\u00e7in haz\u0131rlad\u0131\u011f\u0131 otopsi raporunda Eygi\u2019yi ba\u015f\u0131ndan hedef alan \u0130srail kur\u015fununun \u201cneredeyse d\u00fcz bir \u00e7izgide soldan sa\u011fa do\u011fru isabet etti\u011fi\u201d belirtildi.<\/p>\n<p>Anadolu Ajans\u0131n\u0131n (AA) ula\u015ft\u0131\u011f\u0131 Filistin Adalet Bakanl\u0131\u011f\u0131na ba\u011fl\u0131 Adli T\u0131p Kurumunun otopsi raporunda, Nablus Ba\u015fsavc\u0131l\u0131\u011f\u0131n\u0131n, Eygi\u2019nin naa\u015f\u0131n\u0131n, kentteki En-Necah \u00dcniversitesi\u2019nde bulunan Adli T\u0131p Enstit\u00fcs\u00fcne otopsi yap\u0131lmas\u0131 ve \u00f6l\u00fcm sebebinin belirlenmesi i\u00e7in sevkine karar verdi\u011fi kaydedildi.<\/p>\n<p>\u0130\u015fgal alt\u0131ndaki Bat\u0131 \u015eeria\u2019n\u0131n Nablus kentinin Beyta beldesindeki Cebel Ebu Sabih\u2019te bar\u0131\u015f\u00e7\u0131l bir g\u00f6steriye kat\u0131ld\u0131\u011f\u0131 s\u0131rada \u0130srail askerlerince vurulan Eygi\u2019nin \u00f6l\u00fcm sebebinin \u201cate\u015fli silahla vurulma kaynakl\u0131 beyinde par\u00e7alanma, kanama ve \u00f6dem\u201d oldu\u011fu aktar\u0131ld\u0131.<\/p>\n<p>Raporda, \u201cMerminin kafatas\u0131 bo\u015flu\u011fu i\u00e7indeki yolu neredeyse d\u00fcz bir \u00e7izgide soldan sa\u011fa do\u011fru olmu\u015ftur.\u201d ifadesi kullan\u0131ld\u0131.<\/p>\n<p>Eygi\u2019nin 6 Eyl\u00fcl\u2019de 14.06\u2019da Rafidya Devlet Hastanesine getirildi\u011fine ve ya\u015fam belirtisi g\u00f6stermedi\u011fine i\u015faret edildi.<\/p>\n<p>Kur\u015funun Eygi\u2019nin beyin dokusuna zarar verdi\u011fi aktar\u0131lan raporda, \u201cKalbi durmu\u015f, g\u00f6z bebekleri geni\u015flemi\u015f ve hareketsizdi. Yap\u0131lan inceleme sonucu, merminin Eygi\u2019nin sol kulak kep\u00e7esinin arkas\u0131ndan girdi\u011fi ve \u00e7\u0131kmad\u0131\u011f\u0131, merminin girdi\u011fi yerden Eygi\u2019nin beyninden par\u00e7alar\u0131n f\u0131rlad\u0131\u011f\u0131 belirlendi.\u201d ifadelerine yer verildi.<\/p>\n<p>Merminin Eygi\u2019nin beynine isabet etti\u011fi vurgulanan raporda, mermi par\u00e7alar\u0131n\u0131n beyinde bulundu\u011funa dikkat \u00e7ekildi.<\/p>\n<p>Eygi\u2019ye ate\u015f edilen merminin kafatas\u0131na girdikten sonra par\u00e7aland\u0131\u011f\u0131 ve beyin dokusunda yay\u0131ld\u0131\u011f\u0131 kaydedilen raporda, Eygi\u2019nin kafas\u0131 hari\u00e7 v\u00fccudunda ba\u015fka bir yaraya rastlanmad\u0131\u011f\u0131 belirtildi.<\/p>\n<p>Eygi\u2019ye 6 kez kalp masaj\u0131 yap\u0131ld\u0131\u011f\u0131 ve hi\u00e7birine cevap vermedi\u011fi, vefat\u0131n\u0131n da 6 Eyl\u00fcl 2024\u2019te saat 14.35\u2019te duyuruldu\u011fu aktar\u0131ld\u0131.<\/p>\n<p><strong>\u0130srail ordusu Eygi\u2019nin \u201cdo\u011frudan hedef al\u0131nmad\u0131\u011f\u0131n\u0131\u201d \u00f6ne s\u00fcrm\u00fc\u015ft\u00fc<\/strong><br \/>\u0130srail ordusunun y\u00fcr\u00fctt\u00fc\u011f\u00fc soru\u015fturma sonucu Eygi\u2019nin do\u011frudan hedef al\u0131nmad\u0131\u011f\u0131 \u00f6ne s\u00fcr\u00fclm\u00fc\u015ft\u00fc.<\/p>\n<p>\u0130srail ordusu, Eygi\u2019nin \u00f6ld\u00fcr\u00fclmesine ili\u015fkin a\u00e7\u0131klamas\u0131nda, Eygi\u2019nin \u0130srail askerlerinin a\u00e7t\u0131\u011f\u0131 ate\u015f sonucu \u201ckas\u0131t olmadan \u00f6ld\u00fcr\u00fclm\u00fc\u015f olabilece\u011fi\u201d, Eygi\u2019yi vuran \u0130srail askerinin, \u201cbu s\u0131rada ba\u015fka bir g\u00f6stericiyi hedef almak istedi\u011fini\u201d iddia etmi\u015fti.<\/p>\n<p>\u0130srail Askeri Polisi Cezai Soru\u015fturma Birimi taraf\u0131ndan y\u00fcr\u00fct\u00fclen soru\u015fturman\u0131n sonu\u00e7lar\u0131n\u0131n Askeri Savc\u0131l\u0131\u011fa sunulaca\u011f\u0131 aktar\u0131lm\u0131\u015ft\u0131.<\/p>\n<p>Ayr\u0131ca \u0130srail\u2019in, Eygi\u2019nin cesedi \u00fczerinde otopsi talebinde bulundu\u011fu kaydedilmi\u015fti.<\/p>\n<p>T\u00fcrk-Amerikan vatanda\u015f\u0131 26 ya\u015f\u0131ndaki Ay\u015fenur Ezgi Eygi, 6 Eyl\u00fcl\u2019de i\u015fgal alt\u0131ndaki Bat\u0131 \u015eeria\u2019n\u0131n Nablus kentine ba\u011fl\u0131 Beyta beldesinde d\u00fczenlenen i\u015fgal kar\u015f\u0131t\u0131 g\u00f6steride \u0130srail keskin ni\u015fanc\u0131s\u0131 taraf\u0131ndan a\u00e7\u0131lan ate\u015f sonucu ba\u015f\u0131ndan vurularak hayat\u0131n\u0131 kaybetmi\u015fti.<\/p>\n<p><strong>Biden\u2019\u0131n Eygi\u2019nin \u00f6l\u00fcm\u00fcne ili\u015fkin a\u00e7\u0131klamalar\u0131<\/strong><br \/>ABD Ba\u015fkan\u0131 Joe Biden, 11 Eyl\u00fcl\u2019de Beyaz Saray\u2019dan New York\u2019a do\u011fru yola \u00e7\u0131kmak \u00fczere ayr\u0131l\u0131rken, \u0130srail askerlerince \u00f6ld\u00fcr\u00fclen Eygi ile ilgili soruya, \u201c\u00d6yle g\u00f6z\u00fck\u00fcyor ki bu, bir kazayd\u0131. (Kur\u015fun) Yerden sekerek kazara onu vurmu\u015f.\u201d yan\u0131t\u0131n\u0131 vermi\u015fti.<\/p>\n<\/p><\/div>\n<p><script async\n                    defer\n                    crossorigin=\"anonymous\"\n                    src=\"https:\/\/connect.facebook.net\/tr_TR\/sdk.js#xfbml=1&#038;version=v3.3\"\n            ><\/script><\/p>\n","protected":false},"excerpt":{"rendered":"<p>Filistin Adli T\u0131p Kurumunun T\u00fcrk-ABD vatanda\u015f\u0131 Ay\u015fenur Ezgi Eygi i\u00e7in haz\u0131rlad\u0131\u011f\u0131 otopsi raporunda Eygi\u2019yi ba\u015f\u0131ndan hedef alan \u0130srail kur\u015fununun \u201cneredeyse d\u00fcz bir \u00e7izgide soldan sa\u011fa do\u011fru isabet etti\u011fi\u201d belirtildi. Anadolu Ajans\u0131n\u0131n (AA) ula\u015ft\u0131\u011f\u0131 Filistin Adalet Bakanl\u0131\u011f\u0131na ba\u011fl\u0131 Adli T\u0131p Kurumunun otopsi raporunda, Nablus Ba\u015fsavc\u0131l\u0131\u011f\u0131n\u0131n, Eygi\u2019nin naa\u015f\u0131n\u0131n, kentteki En-Necah \u00dcniversitesi\u2019nde bulunan Adli T\u0131p Enstit\u00fcs\u00fcne otopsi yap\u0131lmas\u0131<\/p>\n","protected":false},"author":1,"featured_media":61794,"comment_status":"open","ping_status":"open","sticky":false,"template":"","format":"standard","meta":{"footnotes":""},"categories":[1],"tags":[],"class_list":["post-61793","post","type-post","status-publish","format-standard","has-post-thumbnail","hentry","category-gundem"],"yoast_head":"<!-- This site is optimized with the Yoast SEO plugin v27.5 - https:\/\/yoast.com\/product\/yoast-seo-wordpress\/ -->\n<title>Filistin Adli T\u0131p Kurumunun raporuna g\u00f6re Eygi\u2019yi \u00f6ld\u00fcren kur\u015fun \u201cneredeyse d\u00fcz bir \u00e7izgide sol taraf\u0131ndan\u201d isabet etti -<\/title>\n<meta name=\"robots\" content=\"index, follow, max-snippet:-1, max-image-preview:large, max-video-preview:-1\" \/>\n<link rel=\"canonical\" href=\"https:\/\/kibrisdakik.com\/?p=61793\" \/>\n<meta property=\"og:locale\" content=\"tr_TR\" \/>\n<meta property=\"og:type\" content=\"article\" \/>\n<meta property=\"og:title\" content=\"Filistin Adli T\u0131p Kurumunun raporuna g\u00f6re Eygi\u2019yi \u00f6ld\u00fcren kur\u015fun \u201cneredeyse d\u00fcz bir \u00e7izgide sol taraf\u0131ndan\u201d isabet etti -\" \/>\n<meta property=\"og:description\" content=\"Filistin Adli T\u0131p Kurumunun T\u00fcrk-ABD vatanda\u015f\u0131 Ay\u015fenur Ezgi Eygi i\u00e7in haz\u0131rlad\u0131\u011f\u0131 otopsi raporunda Eygi\u2019yi ba\u015f\u0131ndan hedef alan \u0130srail kur\u015fununun \u201cneredeyse d\u00fcz bir \u00e7izgide soldan sa\u011fa do\u011fru isabet etti\u011fi\u201d belirtildi. Anadolu Ajans\u0131n\u0131n (AA) ula\u015ft\u0131\u011f\u0131 Filistin Adalet Bakanl\u0131\u011f\u0131na ba\u011fl\u0131 Adli T\u0131p Kurumunun otopsi raporunda, Nablus Ba\u015fsavc\u0131l\u0131\u011f\u0131n\u0131n, Eygi\u2019nin naa\u015f\u0131n\u0131n, kentteki En-Necah \u00dcniversitesi\u2019nde bulunan Adli T\u0131p Enstit\u00fcs\u00fcne otopsi yap\u0131lmas\u0131\" \/>\n<meta property=\"og:url\" content=\"https:\/\/kibrisdakik.com\/?p=61793\" \/>\n<meta property=\"article:published_time\" content=\"2024-09-13T07:52:07+00:00\" \/>\n<meta property=\"og:image\" content=\"https:\/\/kibrisdakik.com\/wp-content\/uploads\/2024\/09\/eygii-675x420.jpg\" \/>\n\t<meta property=\"og:image:width\" content=\"675\" \/>\n\t<meta property=\"og:image:height\" content=\"442\" \/>\n\t<meta property=\"og:image:type\" content=\"image\/jpeg\" \/>\n<meta name=\"author\" content=\"admin\" \/>\n<meta name=\"twitter:card\" content=\"summary_large_image\" \/>\n<meta name=\"twitter:label1\" content=\"Yazan:\" \/>\n\t<meta name=\"twitter:data1\" content=\"admin\" \/>\n\t<meta name=\"twitter:label2\" content=\"Tahmini okuma s\u00fcresi\" \/>\n\t<meta name=\"twitter:data2\" content=\"3 dakika\" \/>\n<script type=\"application\/ld+json\" class=\"yoast-schema-graph\">{\"@context\":\"https:\\\/\\\/schema.org\",\"@graph\":[{\"@type\":\"Article\",\"@id\":\"https:\\\/\\\/kibrisdakik.com\\\/?p=61793#article\",\"isPartOf\":{\"@id\":\"https:\\\/\\\/kibrisdakik.com\\\/?p=61793\"},\"author\":{\"name\":\"admin\",\"@id\":\"https:\\\/\\\/kibrisdakik.com\\\/#\\\/schema\\\/person\\\/9cd9d437bbb44f72b73ba127e06d8e79\"},\"headline\":\"Filistin Adli T\u0131p Kurumunun raporuna g\u00f6re Eygi\u2019yi \u00f6ld\u00fcren kur\u015fun \u201cneredeyse d\u00fcz bir \u00e7izgide sol taraf\u0131ndan\u201d isabet etti\",\"datePublished\":\"2024-09-13T07:52:07+00:00\",\"mainEntityOfPage\":{\"@id\":\"https:\\\/\\\/kibrisdakik.com\\\/?p=61793\"},\"wordCount\":581,\"commentCount\":0,\"image\":{\"@id\":\"https:\\\/\\\/kibrisdakik.com\\\/?p=61793#primaryimage\"},\"thumbnailUrl\":\"https:\\\/\\\/kibrisdakik.com\\\/wp-content\\\/uploads\\\/2024\\\/09\\\/eygii-675x420.jpg\",\"articleSection\":[\"G\u00fcndem\"],\"inLanguage\":\"tr\",\"potentialAction\":[{\"@type\":\"CommentAction\",\"name\":\"Comment\",\"target\":[\"https:\\\/\\\/kibrisdakik.com\\\/?p=61793#respond\"]}]},{\"@type\":\"WebPage\",\"@id\":\"https:\\\/\\\/kibrisdakik.com\\\/?p=61793\",\"url\":\"https:\\\/\\\/kibrisdakik.com\\\/?p=61793\",\"name\":\"Filistin Adli T\u0131p Kurumunun raporuna g\u00f6re Eygi\u2019yi \u00f6ld\u00fcren kur\u015fun \u201cneredeyse d\u00fcz bir \u00e7izgide sol taraf\u0131ndan\u201d isabet etti -\",\"isPartOf\":{\"@id\":\"https:\\\/\\\/kibrisdakik.com\\\/#website\"},\"primaryImageOfPage\":{\"@id\":\"https:\\\/\\\/kibrisdakik.com\\\/?p=61793#primaryimage\"},\"image\":{\"@id\":\"https:\\\/\\\/kibrisdakik.com\\\/?p=61793#primaryimage\"},\"thumbnailUrl\":\"https:\\\/\\\/kibrisdakik.com\\\/wp-content\\\/uploads\\\/2024\\\/09\\\/eygii-675x420.jpg\",\"datePublished\":\"2024-09-13T07:52:07+00:00\",\"author\":{\"@id\":\"https:\\\/\\\/kibrisdakik.com\\\/#\\\/schema\\\/person\\\/9cd9d437bbb44f72b73ba127e06d8e79\"},\"breadcrumb\":{\"@id\":\"https:\\\/\\\/kibrisdakik.com\\\/?p=61793#breadcrumb\"},\"inLanguage\":\"tr\",\"potentialAction\":[{\"@type\":\"ReadAction\",\"target\":[\"https:\\\/\\\/kibrisdakik.com\\\/?p=61793\"]}]},{\"@type\":\"ImageObject\",\"inLanguage\":\"tr\",\"@id\":\"https:\\\/\\\/kibrisdakik.com\\\/?p=61793#primaryimage\",\"url\":\"https:\\\/\\\/kibrisdakik.com\\\/wp-content\\\/uploads\\\/2024\\\/09\\\/eygii-675x420.jpg\",\"contentUrl\":\"https:\\\/\\\/kibrisdakik.com\\\/wp-content\\\/uploads\\\/2024\\\/09\\\/eygii-675x420.jpg\",\"width\":675,\"height\":442},{\"@type\":\"BreadcrumbList\",\"@id\":\"https:\\\/\\\/kibrisdakik.com\\\/?p=61793#breadcrumb\",\"itemListElement\":[{\"@type\":\"ListItem\",\"position\":1,\"name\":\"Home\",\"item\":\"https:\\\/\\\/kibrisdakik.com\\\/\"},{\"@type\":\"ListItem\",\"position\":2,\"name\":\"Filistin Adli T\u0131p Kurumunun raporuna g\u00f6re Eygi\u2019yi \u00f6ld\u00fcren kur\u015fun \u201cneredeyse d\u00fcz bir \u00e7izgide sol taraf\u0131ndan\u201d isabet etti\"}]},{\"@type\":\"WebSite\",\"@id\":\"https:\\\/\\\/kibrisdakik.com\\\/#website\",\"url\":\"https:\\\/\\\/kibrisdakik.com\\\/\",\"name\":\"\",\"description\":\"Tam vaktinde haber\",\"potentialAction\":[{\"@type\":\"SearchAction\",\"target\":{\"@type\":\"EntryPoint\",\"urlTemplate\":\"https:\\\/\\\/kibrisdakik.com\\\/?s={search_term_string}\"},\"query-input\":{\"@type\":\"PropertyValueSpecification\",\"valueRequired\":true,\"valueName\":\"search_term_string\"}}],\"inLanguage\":\"tr\"},{\"@type\":\"Person\",\"@id\":\"https:\\\/\\\/kibrisdakik.com\\\/#\\\/schema\\\/person\\\/9cd9d437bbb44f72b73ba127e06d8e79\",\"name\":\"admin\",\"image\":{\"@type\":\"ImageObject\",\"inLanguage\":\"tr\",\"@id\":\"https:\\\/\\\/secure.gravatar.com\\\/avatar\\\/ccc17943b9d660506c869530f897617f7cb1c21a4bf30023f252596d83e1f007?s=96&d=mm&r=g\",\"url\":\"https:\\\/\\\/secure.gravatar.com\\\/avatar\\\/ccc17943b9d660506c869530f897617f7cb1c21a4bf30023f252596d83e1f007?s=96&d=mm&r=g\",\"contentUrl\":\"https:\\\/\\\/secure.gravatar.com\\\/avatar\\\/ccc17943b9d660506c869530f897617f7cb1c21a4bf30023f252596d83e1f007?s=96&d=mm&r=g\",\"caption\":\"admin\"},\"sameAs\":[\"https:\\\/\\\/kibrisdakik.com\"],\"url\":\"https:\\\/\\\/kibrisdakik.com\\\/?author=1\"}]}<\/script>\n<!-- \/ Yoast SEO plugin. -->","yoast_head_json":{"title":"Filistin Adli T\u0131p Kurumunun raporuna g\u00f6re Eygi\u2019yi \u00f6ld\u00fcren kur\u015fun \u201cneredeyse d\u00fcz bir \u00e7izgide sol taraf\u0131ndan\u201d isabet etti -","robots":{"index":"index","follow":"follow","max-snippet":"max-snippet:-1","max-image-preview":"max-image-preview:large","max-video-preview":"max-video-preview:-1"},"canonical":"https:\/\/kibrisdakik.com\/?p=61793","og_locale":"tr_TR","og_type":"article","og_title":"Filistin Adli T\u0131p Kurumunun raporuna g\u00f6re Eygi\u2019yi \u00f6ld\u00fcren kur\u015fun \u201cneredeyse d\u00fcz bir \u00e7izgide sol taraf\u0131ndan\u201d isabet etti -","og_description":"Filistin Adli T\u0131p Kurumunun T\u00fcrk-ABD vatanda\u015f\u0131 Ay\u015fenur Ezgi Eygi i\u00e7in haz\u0131rlad\u0131\u011f\u0131 otopsi raporunda Eygi\u2019yi ba\u015f\u0131ndan hedef alan \u0130srail kur\u015fununun \u201cneredeyse d\u00fcz bir \u00e7izgide soldan sa\u011fa do\u011fru isabet etti\u011fi\u201d belirtildi. Anadolu Ajans\u0131n\u0131n (AA) ula\u015ft\u0131\u011f\u0131 Filistin Adalet Bakanl\u0131\u011f\u0131na ba\u011fl\u0131 Adli T\u0131p Kurumunun otopsi raporunda, Nablus Ba\u015fsavc\u0131l\u0131\u011f\u0131n\u0131n, Eygi\u2019nin naa\u015f\u0131n\u0131n, kentteki En-Necah \u00dcniversitesi\u2019nde bulunan Adli T\u0131p Enstit\u00fcs\u00fcne otopsi yap\u0131lmas\u0131","og_url":"https:\/\/kibrisdakik.com\/?p=61793","article_published_time":"2024-09-13T07:52:07+00:00","og_image":[{"width":675,"height":442,"url":"https:\/\/kibrisdakik.com\/wp-content\/uploads\/2024\/09\/eygii-675x420.jpg","type":"image\/jpeg"}],"author":"admin","twitter_card":"summary_large_image","twitter_misc":{"Yazan:":"admin","Tahmini okuma s\u00fcresi":"3 dakika"},"schema":{"@context":"https:\/\/schema.org","@graph":[{"@type":"Article","@id":"https:\/\/kibrisdakik.com\/?p=61793#article","isPartOf":{"@id":"https:\/\/kibrisdakik.com\/?p=61793"},"author":{"name":"admin","@id":"https:\/\/kibrisdakik.com\/#\/schema\/person\/9cd9d437bbb44f72b73ba127e06d8e79"},"headline":"Filistin Adli T\u0131p Kurumunun raporuna g\u00f6re Eygi\u2019yi \u00f6ld\u00fcren kur\u015fun \u201cneredeyse d\u00fcz bir \u00e7izgide sol taraf\u0131ndan\u201d isabet etti","datePublished":"2024-09-13T07:52:07+00:00","mainEntityOfPage":{"@id":"https:\/\/kibrisdakik.com\/?p=61793"},"wordCount":581,"commentCount":0,"image":{"@id":"https:\/\/kibrisdakik.com\/?p=61793#primaryimage"},"thumbnailUrl":"https:\/\/kibrisdakik.com\/wp-content\/uploads\/2024\/09\/eygii-675x420.jpg","articleSection":["G\u00fcndem"],"inLanguage":"tr","potentialAction":[{"@type":"CommentAction","name":"Comment","target":["https:\/\/kibrisdakik.com\/?p=61793#respond"]}]},{"@type":"WebPage","@id":"https:\/\/kibrisdakik.com\/?p=61793","url":"https:\/\/kibrisdakik.com\/?p=61793","name":"Filistin Adli T\u0131p Kurumunun raporuna g\u00f6re Eygi\u2019yi \u00f6ld\u00fcren kur\u015fun \u201cneredeyse d\u00fcz bir \u00e7izgide sol taraf\u0131ndan\u201d isabet etti -","isPartOf":{"@id":"https:\/\/kibrisdakik.com\/#website"},"primaryImageOfPage":{"@id":"https:\/\/kibrisdakik.com\/?p=61793#primaryimage"},"image":{"@id":"https:\/\/kibrisdakik.com\/?p=61793#primaryimage"},"thumbnailUrl":"https:\/\/kibrisdakik.com\/wp-content\/uploads\/2024\/09\/eygii-675x420.jpg","datePublished":"2024-09-13T07:52:07+00:00","author":{"@id":"https:\/\/kibrisdakik.com\/#\/schema\/person\/9cd9d437bbb44f72b73ba127e06d8e79"},"breadcrumb":{"@id":"https:\/\/kibrisdakik.com\/?p=61793#breadcrumb"},"inLanguage":"tr","potentialAction":[{"@type":"ReadAction","target":["https:\/\/kibrisdakik.com\/?p=61793"]}]},{"@type":"ImageObject","inLanguage":"tr","@id":"https:\/\/kibrisdakik.com\/?p=61793#primaryimage","url":"https:\/\/kibrisdakik.com\/wp-content\/uploads\/2024\/09\/eygii-675x420.jpg","contentUrl":"https:\/\/kibrisdakik.com\/wp-content\/uploads\/2024\/09\/eygii-675x420.jpg","width":675,"height":442},{"@type":"BreadcrumbList","@id":"https:\/\/kibrisdakik.com\/?p=61793#breadcrumb","itemListElement":[{"@type":"ListItem","position":1,"name":"Home","item":"https:\/\/kibrisdakik.com\/"},{"@type":"ListItem","position":2,"name":"Filistin Adli T\u0131p Kurumunun raporuna g\u00f6re Eygi\u2019yi \u00f6ld\u00fcren kur\u015fun \u201cneredeyse d\u00fcz bir \u00e7izgide sol taraf\u0131ndan\u201d isabet etti"}]},{"@type":"WebSite","@id":"https:\/\/kibrisdakik.com\/#website","url":"https:\/\/kibrisdakik.com\/","name":"","description":"Tam vaktinde haber","potentialAction":[{"@type":"SearchAction","target":{"@type":"EntryPoint","urlTemplate":"https:\/\/kibrisdakik.com\/?s={search_term_string}"},"query-input":{"@type":"PropertyValueSpecification","valueRequired":true,"valueName":"search_term_string"}}],"inLanguage":"tr"},{"@type":"Person","@id":"https:\/\/kibrisdakik.com\/#\/schema\/person\/9cd9d437bbb44f72b73ba127e06d8e79","name":"admin","image":{"@type":"ImageObject","inLanguage":"tr","@id":"https:\/\/secure.gravatar.com\/avatar\/ccc17943b9d660506c869530f897617f7cb1c21a4bf30023f252596d83e1f007?s=96&d=mm&r=g","url":"https:\/\/secure.gravatar.com\/avatar\/ccc17943b9d660506c869530f897617f7cb1c21a4bf30023f252596d83e1f007?s=96&d=mm&r=g","contentUrl":"https:\/\/secure.gravatar.com\/avatar\/ccc17943b9d660506c869530f897617f7cb1c21a4bf30023f252596d83e1f007?s=96&d=mm&r=g","caption":"admin"},"sameAs":["https:\/\/kibrisdakik.com"],"url":"https:\/\/kibrisdakik.com\/?author=1"}]}},"_links":{"self":[{"href":"https:\/\/kibrisdakik.com\/index.php?rest_route=\/wp\/v2\/posts\/61793","targetHints":{"allow":["GET"]}}],"collection":[{"href":"https:\/\/kibrisdakik.com\/index.php?rest_route=\/wp\/v2\/posts"}],"about":[{"href":"https:\/\/kibrisdakik.com\/index.php?rest_route=\/wp\/v2\/types\/post"}],"author":[{"embeddable":true,"href":"https:\/\/kibrisdakik.com\/index.php?rest_route=\/wp\/v2\/users\/1"}],"replies":[{"embeddable":true,"href":"https:\/\/kibrisdakik.com\/index.php?rest_route=%2Fwp%2Fv2%2Fcomments&post=61793"}],"version-history":[{"count":0,"href":"https:\/\/kibrisdakik.com\/index.php?rest_route=\/wp\/v2\/posts\/61793\/revisions"}],"wp:featuredmedia":[{"embeddable":true,"href":"https:\/\/kibrisdakik.com\/index.php?rest_route=\/wp\/v2\/media\/61794"}],"wp:attachment":[{"href":"https:\/\/kibrisdakik.com\/index.php?rest_route=%2Fwp%2Fv2%2Fmedia&parent=61793"}],"wp:term":[{"taxonomy":"category","embeddable":true,"href":"https:\/\/kibrisdakik.com\/index.php?rest_route=%2Fwp%2Fv2%2Fcategories&post=61793"},{"taxonomy":"post_tag","embeddable":true,"href":"https:\/\/kibrisdakik.com\/index.php?rest_route=%2Fwp%2Fv2%2Ftags&post=61793"}],"curies":[{"name":"wp","href":"https:\/\/api.w.org\/{rel}","templated":true}]}}