{"id":61799,"date":"2024-09-13T12:50:52","date_gmt":"2024-09-13T09:50:52","guid":{"rendered":"https:\/\/kibrisdakik.com\/index.php\/2024\/09\/13\/adeta-itiraf-gibi-ifadeler-var-iste-narinin-annesinin-ilk-kez-yayinlanan-sozleri\/"},"modified":"2024-09-13T12:50:52","modified_gmt":"2024-09-13T09:50:52","slug":"adeta-itiraf-gibi-ifadeler-var-iste-narinin-annesinin-ilk-kez-yayinlanan-sozleri","status":"publish","type":"post","link":"https:\/\/kibrisdakik.com\/?p=61799","title":{"rendered":"Adeta itiraf gibi ifadeler var! \u0130\u015fte Narin&#8217;in annesinin ilk kez yay\u0131nlanan s\u00f6zleri"},"content":{"rendered":"<p><img decoding=\"async\" src=\"https:\/\/foto.haberler.com\/haber\/2024\/09\/13\/adeta-itiraf-gibi-ifadeler-var-iste-narin-in-17816641_7756_amp.jpg\" \/><\/p>\n<div id=\"\">\n<p>Diyarbak\u0131r&#8217;da 21 A\u011fustos g\u00fcn\u00fc kaybolan, arama \u00e7al\u0131\u015fmalar\u0131n\u0131n 19&#8217;uncu g\u00fcn\u00fcnde cans\u0131z bedeni bulunan Narin&#8217;in \u00f6ld\u00fcr\u00fclmesine ili\u015fkin ba\u015flat\u0131lan soru\u015fturma s\u00fcr\u00fcyor.<\/p>\n<h3>8 \u015e\u00dcPHEL\u0130 TUTUKLANDI<\/h3>\n<p>Soru\u015fturma kapsam\u0131nda g\u00f6zalt\u0131na al\u0131nan ve d\u00fcn jandarmadaki i\u015flemlerin ard\u0131ndan adliyeye getirilerek n\u00f6bet\u00e7i sulh ceza hakimli\u011fine sevk edilen zanl\u0131lardan, Narin G\u00fcran&#8217;\u0131n annesi Y\u00fcksel (44), a\u011fabeyi Enes (18), amcas\u0131 Fuat G\u00fcran (41), kuzenleri Muhammet Kaya (23) ve Birsen G\u00fcran (19), yengesi Ma\u015fallah G\u00fcran (46), halas\u0131n\u0131n e\u015fi Mehmet \u015eevket Kaya ve tutuklu amcas\u0131 Salim G\u00fcran&#8217;\u0131n i\u015f\u00e7isi oldu\u011fu \u00f6\u011frenilen Mehmet Selim Atasoy (40) tutukland\u0131.<\/p>\n<h3>KIZININ \u00d6LD\u00dcR\u00dcLD\u00dc\u011e\u00dcN\u00dc M\u00dc \u0130MA ETT\u0130?<\/h3>\n<p>T\u00fcrkiye&#8217;yi sarsan cinayetle ilgili soru\u015fturma devam ederken Narin kaybolduktan 4 g\u00fcn sonra annesinin Didem Arslan Y\u0131lmaz&#8217;\u0131n Show TV ekranlar\u0131nda yay\u0131nlanan &#8216;Vazge\u00e7me&#8217; isimli program\u0131na verdi\u011fi r\u00f6portaj g\u00fcndem oldu. Bug\u00fcn yay\u0131nlanan r\u00f6portajda anne, k\u0131z\u0131n\u0131n \u00f6ld\u00fcr\u00fcld\u00fc\u011f\u00fcn\u00fc ima ederek &#8220;\u015eu anda Narin&#8217;in bir mezar\u0131 yok. E\u011fer sen de y\u00fcrek varsa, e\u011fer sen erkeksen k\u0131z\u0131m\u0131 bir k\u00f6\u015feye at&#8221; ifadelerini kullan\u0131yor. <\/p>\n<h3>SAVCILARI G\u00d6REVE \u00c7A\u011eIRDI: BUNU ANNEYE SORUN<\/h3>\n<p>Annenin bu a\u00e7\u0131klamalar\u0131n\u0131 yorumlayan Didem Arslan Y\u0131lmaz, &#8220;Hani senin k\u0131z\u0131n\u0131 ka\u00e7\u0131rm\u0131\u015flard\u0131. Hani k\u0131z\u0131n hayattayd\u0131. B\u00fct\u00fcn k\u00f6ye &#8216;ka\u00e7\u0131rd\u0131lar&#8217; diye yang\u0131n yap\u0131yorsun. O zaman neden mezardan bahsediyorsun. R\u00f6portaj esnas\u0131nda dikkatli bak\u0131n g\u00f6z\u00fcnden tek damla ya\u015f d\u00f6k\u00fclm\u00fcyor. A\u00e7\u0131k bir \u015fekilde k\u0131z\u0131n\u0131n \u00f6ld\u00fcr\u00fcld\u00fc\u011f\u00fcn\u00fc kabul ediyor. Say\u0131n savc\u0131lar\u0131m\u0131z izliyorsa bu ifadeleri anneye sorsunlar. &#8216;Orada ne demek istedin?&#8217; diye sormalar\u0131 gerekiyor&#8221; dedi. <\/p>\n<h4 id=\"nwsKeywords\"> <a href=\"https:\/\/www.haberler.com\/narin-guran\/\" title=\"Narin G\u00fcran\" class=\"hbptTag\">Narin G\u00fcran<\/a>  <a href=\"https:\/\/www.haberler.com\/3-sayfa\/\" title=\"3-sayfa\" class=\"hbptTag\">3-sayfa<\/a>  <a href=\"https:\/\/www.haberler.com\/gundem\/\" title=\"G\u00fcndem\" class=\"hbptTag\">G\u00fcndem<\/a>  <a href=\"https:\/\/www.haberler.com\/yasam\/\" title=\"Ya\u015fam\" class=\"hbptTag\">Ya\u015fam<\/a> <\/h4>\n<\/div>\n","protected":false},"excerpt":{"rendered":"<p>Diyarbak\u0131r&#8217;da 21 A\u011fustos g\u00fcn\u00fc kaybolan, arama \u00e7al\u0131\u015fmalar\u0131n\u0131n 19&#8217;uncu g\u00fcn\u00fcnde cans\u0131z bedeni bulunan Narin&#8217;in \u00f6ld\u00fcr\u00fclmesine ili\u015fkin ba\u015flat\u0131lan soru\u015fturma s\u00fcr\u00fcyor. 8 \u015e\u00dcPHEL\u0130 TUTUKLANDI Soru\u015fturma kapsam\u0131nda g\u00f6zalt\u0131na al\u0131nan ve d\u00fcn jandarmadaki i\u015flemlerin ard\u0131ndan adliyeye getirilerek n\u00f6bet\u00e7i sulh ceza hakimli\u011fine sevk edilen zanl\u0131lardan, Narin G\u00fcran&#8217;\u0131n annesi Y\u00fcksel (44), a\u011fabeyi Enes (18), amcas\u0131 Fuat G\u00fcran (41), kuzenleri Muhammet Kaya (23)<\/p>\n","protected":false},"author":1,"featured_media":61800,"comment_status":"open","ping_status":"open","sticky":false,"template":"","format":"standard","meta":{"footnotes":""},"categories":[83],"tags":[],"class_list":["post-61799","post","type-post","status-publish","format-standard","has-post-thumbnail","hentry","category-magazin"],"yoast_head":"<!-- This site is optimized with the Yoast SEO plugin v27.5 - https:\/\/yoast.com\/product\/yoast-seo-wordpress\/ -->\n<title>Adeta itiraf gibi ifadeler var! \u0130\u015fte Narin&#039;in annesinin ilk kez yay\u0131nlanan s\u00f6zleri -<\/title>\n<meta name=\"robots\" content=\"index, follow, max-snippet:-1, max-image-preview:large, max-video-preview:-1\" \/>\n<link rel=\"canonical\" href=\"https:\/\/kibrisdakik.com\/?p=61799\" \/>\n<meta property=\"og:locale\" content=\"tr_TR\" \/>\n<meta property=\"og:type\" content=\"article\" \/>\n<meta property=\"og:title\" content=\"Adeta itiraf gibi ifadeler var! \u0130\u015fte Narin&#039;in annesinin ilk kez yay\u0131nlanan s\u00f6zleri -\" \/>\n<meta property=\"og:description\" content=\"Diyarbak\u0131r&#8217;da 21 A\u011fustos g\u00fcn\u00fc kaybolan, arama \u00e7al\u0131\u015fmalar\u0131n\u0131n 19&#8217;uncu g\u00fcn\u00fcnde cans\u0131z bedeni bulunan Narin&#8217;in \u00f6ld\u00fcr\u00fclmesine ili\u015fkin ba\u015flat\u0131lan soru\u015fturma s\u00fcr\u00fcyor. 8 \u015e\u00dcPHEL\u0130 TUTUKLANDI Soru\u015fturma kapsam\u0131nda g\u00f6zalt\u0131na al\u0131nan ve d\u00fcn jandarmadaki i\u015flemlerin ard\u0131ndan adliyeye getirilerek n\u00f6bet\u00e7i sulh ceza hakimli\u011fine sevk edilen zanl\u0131lardan, Narin G\u00fcran&#8217;\u0131n annesi Y\u00fcksel (44), a\u011fabeyi Enes (18), amcas\u0131 Fuat G\u00fcran (41), kuzenleri Muhammet Kaya (23)\" \/>\n<meta property=\"og:url\" content=\"https:\/\/kibrisdakik.com\/?p=61799\" \/>\n<meta property=\"article:published_time\" content=\"2024-09-13T09:50:52+00:00\" \/>\n<meta property=\"og:image\" content=\"https:\/\/kibrisdakik.com\/wp-content\/uploads\/2024\/09\/adeta-itiraf-gibi-ifadeler-var-iste-narin-in-17816641_7756_amp.jpg\" \/>\n\t<meta property=\"og:image:width\" content=\"1202\" \/>\n\t<meta property=\"og:image:height\" content=\"675\" \/>\n\t<meta property=\"og:image:type\" content=\"image\/jpeg\" \/>\n<meta name=\"author\" content=\"admin\" \/>\n<meta name=\"twitter:card\" content=\"summary_large_image\" \/>\n<meta name=\"twitter:label1\" content=\"Yazan:\" \/>\n\t<meta name=\"twitter:data1\" content=\"admin\" \/>\n\t<meta name=\"twitter:label2\" content=\"Tahmini okuma s\u00fcresi\" \/>\n\t<meta name=\"twitter:data2\" content=\"2 dakika\" \/>\n<script type=\"application\/ld+json\" class=\"yoast-schema-graph\">{\"@context\":\"https:\\\/\\\/schema.org\",\"@graph\":[{\"@type\":\"Article\",\"@id\":\"https:\\\/\\\/kibrisdakik.com\\\/?p=61799#article\",\"isPartOf\":{\"@id\":\"https:\\\/\\\/kibrisdakik.com\\\/?p=61799\"},\"author\":{\"name\":\"admin\",\"@id\":\"https:\\\/\\\/kibrisdakik.com\\\/#\\\/schema\\\/person\\\/9cd9d437bbb44f72b73ba127e06d8e79\"},\"headline\":\"Adeta itiraf gibi ifadeler var! \u0130\u015fte Narin&#8217;in annesinin ilk kez yay\u0131nlanan s\u00f6zleri\",\"datePublished\":\"2024-09-13T09:50:52+00:00\",\"mainEntityOfPage\":{\"@id\":\"https:\\\/\\\/kibrisdakik.com\\\/?p=61799\"},\"wordCount\":328,\"commentCount\":0,\"image\":{\"@id\":\"https:\\\/\\\/kibrisdakik.com\\\/?p=61799#primaryimage\"},\"thumbnailUrl\":\"https:\\\/\\\/kibrisdakik.com\\\/wp-content\\\/uploads\\\/2024\\\/09\\\/adeta-itiraf-gibi-ifadeler-var-iste-narin-in-17816641_7756_amp.jpg\",\"articleSection\":[\"Magazin\"],\"inLanguage\":\"tr\",\"potentialAction\":[{\"@type\":\"CommentAction\",\"name\":\"Comment\",\"target\":[\"https:\\\/\\\/kibrisdakik.com\\\/?p=61799#respond\"]}]},{\"@type\":\"WebPage\",\"@id\":\"https:\\\/\\\/kibrisdakik.com\\\/?p=61799\",\"url\":\"https:\\\/\\\/kibrisdakik.com\\\/?p=61799\",\"name\":\"Adeta itiraf gibi ifadeler var! \u0130\u015fte Narin'in annesinin ilk kez yay\u0131nlanan s\u00f6zleri -\",\"isPartOf\":{\"@id\":\"https:\\\/\\\/kibrisdakik.com\\\/#website\"},\"primaryImageOfPage\":{\"@id\":\"https:\\\/\\\/kibrisdakik.com\\\/?p=61799#primaryimage\"},\"image\":{\"@id\":\"https:\\\/\\\/kibrisdakik.com\\\/?p=61799#primaryimage\"},\"thumbnailUrl\":\"https:\\\/\\\/kibrisdakik.com\\\/wp-content\\\/uploads\\\/2024\\\/09\\\/adeta-itiraf-gibi-ifadeler-var-iste-narin-in-17816641_7756_amp.jpg\",\"datePublished\":\"2024-09-13T09:50:52+00:00\",\"author\":{\"@id\":\"https:\\\/\\\/kibrisdakik.com\\\/#\\\/schema\\\/person\\\/9cd9d437bbb44f72b73ba127e06d8e79\"},\"breadcrumb\":{\"@id\":\"https:\\\/\\\/kibrisdakik.com\\\/?p=61799#breadcrumb\"},\"inLanguage\":\"tr\",\"potentialAction\":[{\"@type\":\"ReadAction\",\"target\":[\"https:\\\/\\\/kibrisdakik.com\\\/?p=61799\"]}]},{\"@type\":\"ImageObject\",\"inLanguage\":\"tr\",\"@id\":\"https:\\\/\\\/kibrisdakik.com\\\/?p=61799#primaryimage\",\"url\":\"https:\\\/\\\/kibrisdakik.com\\\/wp-content\\\/uploads\\\/2024\\\/09\\\/adeta-itiraf-gibi-ifadeler-var-iste-narin-in-17816641_7756_amp.jpg\",\"contentUrl\":\"https:\\\/\\\/kibrisdakik.com\\\/wp-content\\\/uploads\\\/2024\\\/09\\\/adeta-itiraf-gibi-ifadeler-var-iste-narin-in-17816641_7756_amp.jpg\",\"width\":1202,\"height\":675},{\"@type\":\"BreadcrumbList\",\"@id\":\"https:\\\/\\\/kibrisdakik.com\\\/?p=61799#breadcrumb\",\"itemListElement\":[{\"@type\":\"ListItem\",\"position\":1,\"name\":\"Home\",\"item\":\"https:\\\/\\\/kibrisdakik.com\\\/\"},{\"@type\":\"ListItem\",\"position\":2,\"name\":\"Adeta itiraf gibi ifadeler var! \u0130\u015fte Narin&#8217;in annesinin ilk kez yay\u0131nlanan s\u00f6zleri\"}]},{\"@type\":\"WebSite\",\"@id\":\"https:\\\/\\\/kibrisdakik.com\\\/#website\",\"url\":\"https:\\\/\\\/kibrisdakik.com\\\/\",\"name\":\"\",\"description\":\"Tam vaktinde haber\",\"potentialAction\":[{\"@type\":\"SearchAction\",\"target\":{\"@type\":\"EntryPoint\",\"urlTemplate\":\"https:\\\/\\\/kibrisdakik.com\\\/?s={search_term_string}\"},\"query-input\":{\"@type\":\"PropertyValueSpecification\",\"valueRequired\":true,\"valueName\":\"search_term_string\"}}],\"inLanguage\":\"tr\"},{\"@type\":\"Person\",\"@id\":\"https:\\\/\\\/kibrisdakik.com\\\/#\\\/schema\\\/person\\\/9cd9d437bbb44f72b73ba127e06d8e79\",\"name\":\"admin\",\"image\":{\"@type\":\"ImageObject\",\"inLanguage\":\"tr\",\"@id\":\"https:\\\/\\\/secure.gravatar.com\\\/avatar\\\/ccc17943b9d660506c869530f897617f7cb1c21a4bf30023f252596d83e1f007?s=96&d=mm&r=g\",\"url\":\"https:\\\/\\\/secure.gravatar.com\\\/avatar\\\/ccc17943b9d660506c869530f897617f7cb1c21a4bf30023f252596d83e1f007?s=96&d=mm&r=g\",\"contentUrl\":\"https:\\\/\\\/secure.gravatar.com\\\/avatar\\\/ccc17943b9d660506c869530f897617f7cb1c21a4bf30023f252596d83e1f007?s=96&d=mm&r=g\",\"caption\":\"admin\"},\"sameAs\":[\"https:\\\/\\\/kibrisdakik.com\"],\"url\":\"https:\\\/\\\/kibrisdakik.com\\\/?author=1\"}]}<\/script>\n<!-- \/ Yoast SEO plugin. -->","yoast_head_json":{"title":"Adeta itiraf gibi ifadeler var! \u0130\u015fte Narin'in annesinin ilk kez yay\u0131nlanan s\u00f6zleri -","robots":{"index":"index","follow":"follow","max-snippet":"max-snippet:-1","max-image-preview":"max-image-preview:large","max-video-preview":"max-video-preview:-1"},"canonical":"https:\/\/kibrisdakik.com\/?p=61799","og_locale":"tr_TR","og_type":"article","og_title":"Adeta itiraf gibi ifadeler var! \u0130\u015fte Narin'in annesinin ilk kez yay\u0131nlanan s\u00f6zleri -","og_description":"Diyarbak\u0131r&#8217;da 21 A\u011fustos g\u00fcn\u00fc kaybolan, arama \u00e7al\u0131\u015fmalar\u0131n\u0131n 19&#8217;uncu g\u00fcn\u00fcnde cans\u0131z bedeni bulunan Narin&#8217;in \u00f6ld\u00fcr\u00fclmesine ili\u015fkin ba\u015flat\u0131lan soru\u015fturma s\u00fcr\u00fcyor. 8 \u015e\u00dcPHEL\u0130 TUTUKLANDI Soru\u015fturma kapsam\u0131nda g\u00f6zalt\u0131na al\u0131nan ve d\u00fcn jandarmadaki i\u015flemlerin ard\u0131ndan adliyeye getirilerek n\u00f6bet\u00e7i sulh ceza hakimli\u011fine sevk edilen zanl\u0131lardan, Narin G\u00fcran&#8217;\u0131n annesi Y\u00fcksel (44), a\u011fabeyi Enes (18), amcas\u0131 Fuat G\u00fcran (41), kuzenleri Muhammet Kaya (23)","og_url":"https:\/\/kibrisdakik.com\/?p=61799","article_published_time":"2024-09-13T09:50:52+00:00","og_image":[{"width":1202,"height":675,"url":"https:\/\/kibrisdakik.com\/wp-content\/uploads\/2024\/09\/adeta-itiraf-gibi-ifadeler-var-iste-narin-in-17816641_7756_amp.jpg","type":"image\/jpeg"}],"author":"admin","twitter_card":"summary_large_image","twitter_misc":{"Yazan:":"admin","Tahmini okuma s\u00fcresi":"2 dakika"},"schema":{"@context":"https:\/\/schema.org","@graph":[{"@type":"Article","@id":"https:\/\/kibrisdakik.com\/?p=61799#article","isPartOf":{"@id":"https:\/\/kibrisdakik.com\/?p=61799"},"author":{"name":"admin","@id":"https:\/\/kibrisdakik.com\/#\/schema\/person\/9cd9d437bbb44f72b73ba127e06d8e79"},"headline":"Adeta itiraf gibi ifadeler var! \u0130\u015fte Narin&#8217;in annesinin ilk kez yay\u0131nlanan s\u00f6zleri","datePublished":"2024-09-13T09:50:52+00:00","mainEntityOfPage":{"@id":"https:\/\/kibrisdakik.com\/?p=61799"},"wordCount":328,"commentCount":0,"image":{"@id":"https:\/\/kibrisdakik.com\/?p=61799#primaryimage"},"thumbnailUrl":"https:\/\/kibrisdakik.com\/wp-content\/uploads\/2024\/09\/adeta-itiraf-gibi-ifadeler-var-iste-narin-in-17816641_7756_amp.jpg","articleSection":["Magazin"],"inLanguage":"tr","potentialAction":[{"@type":"CommentAction","name":"Comment","target":["https:\/\/kibrisdakik.com\/?p=61799#respond"]}]},{"@type":"WebPage","@id":"https:\/\/kibrisdakik.com\/?p=61799","url":"https:\/\/kibrisdakik.com\/?p=61799","name":"Adeta itiraf gibi ifadeler var! \u0130\u015fte Narin'in annesinin ilk kez yay\u0131nlanan s\u00f6zleri -","isPartOf":{"@id":"https:\/\/kibrisdakik.com\/#website"},"primaryImageOfPage":{"@id":"https:\/\/kibrisdakik.com\/?p=61799#primaryimage"},"image":{"@id":"https:\/\/kibrisdakik.com\/?p=61799#primaryimage"},"thumbnailUrl":"https:\/\/kibrisdakik.com\/wp-content\/uploads\/2024\/09\/adeta-itiraf-gibi-ifadeler-var-iste-narin-in-17816641_7756_amp.jpg","datePublished":"2024-09-13T09:50:52+00:00","author":{"@id":"https:\/\/kibrisdakik.com\/#\/schema\/person\/9cd9d437bbb44f72b73ba127e06d8e79"},"breadcrumb":{"@id":"https:\/\/kibrisdakik.com\/?p=61799#breadcrumb"},"inLanguage":"tr","potentialAction":[{"@type":"ReadAction","target":["https:\/\/kibrisdakik.com\/?p=61799"]}]},{"@type":"ImageObject","inLanguage":"tr","@id":"https:\/\/kibrisdakik.com\/?p=61799#primaryimage","url":"https:\/\/kibrisdakik.com\/wp-content\/uploads\/2024\/09\/adeta-itiraf-gibi-ifadeler-var-iste-narin-in-17816641_7756_amp.jpg","contentUrl":"https:\/\/kibrisdakik.com\/wp-content\/uploads\/2024\/09\/adeta-itiraf-gibi-ifadeler-var-iste-narin-in-17816641_7756_amp.jpg","width":1202,"height":675},{"@type":"BreadcrumbList","@id":"https:\/\/kibrisdakik.com\/?p=61799#breadcrumb","itemListElement":[{"@type":"ListItem","position":1,"name":"Home","item":"https:\/\/kibrisdakik.com\/"},{"@type":"ListItem","position":2,"name":"Adeta itiraf gibi ifadeler var! \u0130\u015fte Narin&#8217;in annesinin ilk kez yay\u0131nlanan s\u00f6zleri"}]},{"@type":"WebSite","@id":"https:\/\/kibrisdakik.com\/#website","url":"https:\/\/kibrisdakik.com\/","name":"","description":"Tam vaktinde haber","potentialAction":[{"@type":"SearchAction","target":{"@type":"EntryPoint","urlTemplate":"https:\/\/kibrisdakik.com\/?s={search_term_string}"},"query-input":{"@type":"PropertyValueSpecification","valueRequired":true,"valueName":"search_term_string"}}],"inLanguage":"tr"},{"@type":"Person","@id":"https:\/\/kibrisdakik.com\/#\/schema\/person\/9cd9d437bbb44f72b73ba127e06d8e79","name":"admin","image":{"@type":"ImageObject","inLanguage":"tr","@id":"https:\/\/secure.gravatar.com\/avatar\/ccc17943b9d660506c869530f897617f7cb1c21a4bf30023f252596d83e1f007?s=96&d=mm&r=g","url":"https:\/\/secure.gravatar.com\/avatar\/ccc17943b9d660506c869530f897617f7cb1c21a4bf30023f252596d83e1f007?s=96&d=mm&r=g","contentUrl":"https:\/\/secure.gravatar.com\/avatar\/ccc17943b9d660506c869530f897617f7cb1c21a4bf30023f252596d83e1f007?s=96&d=mm&r=g","caption":"admin"},"sameAs":["https:\/\/kibrisdakik.com"],"url":"https:\/\/kibrisdakik.com\/?author=1"}]}},"_links":{"self":[{"href":"https:\/\/kibrisdakik.com\/index.php?rest_route=\/wp\/v2\/posts\/61799","targetHints":{"allow":["GET"]}}],"collection":[{"href":"https:\/\/kibrisdakik.com\/index.php?rest_route=\/wp\/v2\/posts"}],"about":[{"href":"https:\/\/kibrisdakik.com\/index.php?rest_route=\/wp\/v2\/types\/post"}],"author":[{"embeddable":true,"href":"https:\/\/kibrisdakik.com\/index.php?rest_route=\/wp\/v2\/users\/1"}],"replies":[{"embeddable":true,"href":"https:\/\/kibrisdakik.com\/index.php?rest_route=%2Fwp%2Fv2%2Fcomments&post=61799"}],"version-history":[{"count":0,"href":"https:\/\/kibrisdakik.com\/index.php?rest_route=\/wp\/v2\/posts\/61799\/revisions"}],"wp:featuredmedia":[{"embeddable":true,"href":"https:\/\/kibrisdakik.com\/index.php?rest_route=\/wp\/v2\/media\/61800"}],"wp:attachment":[{"href":"https:\/\/kibrisdakik.com\/index.php?rest_route=%2Fwp%2Fv2%2Fmedia&parent=61799"}],"wp:term":[{"taxonomy":"category","embeddable":true,"href":"https:\/\/kibrisdakik.com\/index.php?rest_route=%2Fwp%2Fv2%2Fcategories&post=61799"},{"taxonomy":"post_tag","embeddable":true,"href":"https:\/\/kibrisdakik.com\/index.php?rest_route=%2Fwp%2Fv2%2Ftags&post=61799"}],"curies":[{"name":"wp","href":"https:\/\/api.w.org\/{rel}","templated":true}]}}