{"id":61801,"date":"2024-09-13T13:11:08","date_gmt":"2024-09-13T10:11:08","guid":{"rendered":"https:\/\/kibrisdakik.com\/index.php\/2024\/09\/13\/gardiyanoglu-asgari-ucret-saptama-komisyonu-ikinci-toplantisini-17-eylulde-yapacak\/"},"modified":"2024-09-13T13:11:08","modified_gmt":"2024-09-13T10:11:08","slug":"gardiyanoglu-asgari-ucret-saptama-komisyonu-ikinci-toplantisini-17-eylulde-yapacak","status":"publish","type":"post","link":"https:\/\/kibrisdakik.com\/?p=61801","title":{"rendered":"Gardiyano\u011flu: Asgari \u00dccret Saptama Komisyonu ikinci toplant\u0131s\u0131n\u0131 17 Eyl\u00fcl\u2019de yapacak"},"content":{"rendered":"<div>\n<div class=\"mariselle-image-container none\">\n                                            <\/div>\n<p>Asgari \u00dccret Saptama Komisyonu, 2024 y\u0131l\u0131n\u0131n \u00fc\u00e7\u00fcnc\u00fc asgari \u00fccretini belirlemek i\u00e7in biraraya geldi.<\/p>\n<p>\u00c7al\u0131\u015fma ve Sosyal G\u00fcvenlik Bakanl\u0131\u011f\u0131 Toplant\u0131 Salonu\u2019nda ger\u00e7ekle\u015fen  toplant\u0131ya \u00c7al\u0131\u015fma ve Sosyal G\u00fcvenlik Bakan\u0131 Sad\u0131k Gardiyano\u011flu, i\u015f\u00e7i taraf\u0131n\u0131 temsilen H\u00fcr \u0130\u015f\u00e7i Sendikalar\u0131 Federasyonu Ba\u015fkan\u0131 Ahmet Serdaro\u011flu, i\u015fveren taraf\u0131n\u0131 temsilen K\u0131br\u0131s T\u00fcrk \u0130\u015fverenler Sendikas\u0131 temsilcisi Ali Ba\u015fman ve di\u011fer yetkililer kat\u0131ld\u0131.<\/p>\n<p>\u00c7al\u0131\u015fma ve Sosyal G\u00fcvenlik Bakan\u0131 Sad\u0131k Gardiyano\u011flu, toplant\u0131 \u00f6ncesinde yapt\u0131\u011f\u0131 konu\u015fmada, Asgari \u00dccret\u2019i belirleme y\u00f6n\u00fcnde daha sa\u011fl\u0131kl\u0131 bir tespit yapabilmek i\u00e7in t\u00fcm belirleyici unsurlar\u0131n netle\u015fmesi gerekti\u011fini kaydetti.<\/p>\n<p>Gardiyano\u011flu,  \u201cDolay\u0131s\u0131yla sa\u011fl\u0131kl\u0131 bir \u00e7al\u0131\u015fmaya yap\u0131lmas\u0131 i\u00e7in bu toplant\u0131n\u0131n \u00f6n\u00fcm\u00fczdeki hafta 3-4 g\u00fcn sonraya ertelenmesi talebimiz var\u201d a\u00e7\u0131klamas\u0131nda bulundu.<\/p>\n<div class=\"mariselle-image-container center\">\n                <img loading=\"lazy\" decoding=\"async\" width=\"1504\" height=\"1004\" class=\"lazy-image\" alt=\"\" sizes=\"auto, (max-width: 1504px) 100vw, 1504px\" src=\"https:\/\/brtk.net\/wp-content\/uploads\/2024\/09\/13\/basman.jpg?ver=4fe8d245adf6ffa752d6af4860599ef0\" srcset=\"https:\/\/brtk.net\/wp-content\/uploads\/2024\/09\/13\/basman.jpg?ver=4fe8d245adf6ffa752d6af4860599ef0 1504w, https:\/\/brtk.net\/wp-content\/uploads\/2024\/09\/13\/basman-300x200.jpg?ver=4fe8d245adf6ffa752d6af4860599ef0 300w, https:\/\/brtk.net\/wp-content\/uploads\/2024\/09\/13\/basman-1024x684.jpg?ver=4fe8d245adf6ffa752d6af4860599ef0 1024w, https:\/\/brtk.net\/wp-content\/uploads\/2024\/09\/13\/basman-768x513.jpg?ver=4fe8d245adf6ffa752d6af4860599ef0 768w\"\/>                            <\/div>\n<p>\n\u0130\u015fveren taraf\u0131n\u0131 temsilen toplant\u0131ya kat\u0131lan \u0130\u015fverenler Sendikas\u0131 Temsilcisi Ali Ba\u015fman ise Bakan Gardiyano\u011flu ile toplant\u0131ya ili\u015fkin ayn\u0131 g\u00f6r\u00fc\u015fte olduklar\u0131n\u0131 ifade etti.<\/p>\n<p>H\u00fcr \u0130\u015f\u00e7i Sendikalar\u0131 Federasyonu Ba\u015fkan\u0131 Ahmet Serdaro\u011flu da toplant\u0131da yapt\u0131\u011f\u0131 a\u00e7\u0131klamada asgari \u00fccretlinin g\u00fcnden g\u00fcnde paras\u0131n\u0131n eridi\u011fini s\u00f6yledi<br \/>Hayat Pahal\u0131l\u0131\u011f\u0131 oran\u0131n\u0131n % 19.19 olarak a\u00e7\u0131kland\u0131\u011f\u0131n\u0131 an\u0131msatan Serdaro\u011flu, bu oran\u0131n asgari \u00fccrete yan\u0131t\u0131lmas\u0131n\u0131 kabul edeceklerini dile getirdi.<\/p>\n<div class=\"mariselle-image-container center\">\n                <img loading=\"lazy\" decoding=\"async\" width=\"1504\" height=\"1004\" class=\"lazy-image\" alt=\"\" sizes=\"auto, (max-width: 1504px) 100vw, 1504px\" src=\"https:\/\/brtk.net\/wp-content\/uploads\/2024\/09\/13\/gardiyanoglu.jpg?ver=ecb4e3344616c4355fa22a9c4de38eab\" srcset=\"https:\/\/brtk.net\/wp-content\/uploads\/2024\/09\/13\/gardiyanoglu.jpg?ver=ecb4e3344616c4355fa22a9c4de38eab 1504w, https:\/\/brtk.net\/wp-content\/uploads\/2024\/09\/13\/gardiyanoglu-300x200.jpg?ver=f02bd6dadd393f44b004ce69ec43d579 300w, https:\/\/brtk.net\/wp-content\/uploads\/2024\/09\/13\/gardiyanoglu-1024x684.jpg?ver=f02bd6dadd393f44b004ce69ec43d579 1024w, https:\/\/brtk.net\/wp-content\/uploads\/2024\/09\/13\/gardiyanoglu-768x513.jpg?ver=f02bd6dadd393f44b004ce69ec43d579 768w\"\/>                            <\/div>\n<p>\u00c7al\u0131\u015fma ve Sosyal G\u00fcvenlik Bakan\u0131 Sad\u0131k Gardiyano\u011flu toplant\u0131n\u0131n ard\u0131ndan BRT\u2019ye yapt\u0131\u011f\u0131 a\u00e7\u0131klamada ise toplant\u0131da taraflar\u0131n g\u00f6r\u00fc\u015fleri ortaya koydu\u011funu kaydetti.<br \/>Gardiyano\u011flu,  Asgari \u00dccret Saptama Komisyonun ikinci toplant\u0131s\u0131n\u0131n ise 17 Eyl\u00fcl Sal\u0131 g\u00fcn\u00fc yap\u0131laca\u011f\u0131n\u0131 belirtti.<\/p>\n<p>Asgari \u00dccret br\u00fct 33 bin 926 TL, net 29 bin 516 TL olarak uygulan\u0131yor.<\/p>\n<\/p><\/div>\n<p><script async\n                    defer\n                    crossorigin=\"anonymous\"\n                    src=\"https:\/\/connect.facebook.net\/tr_TR\/sdk.js#xfbml=1&#038;version=v3.3\"\n            ><\/script><\/p>\n","protected":false},"excerpt":{"rendered":"<p>Asgari \u00dccret Saptama Komisyonu, 2024 y\u0131l\u0131n\u0131n \u00fc\u00e7\u00fcnc\u00fc asgari \u00fccretini belirlemek i\u00e7in biraraya geldi. \u00c7al\u0131\u015fma ve Sosyal G\u00fcvenlik Bakanl\u0131\u011f\u0131 Toplant\u0131 Salonu\u2019nda ger\u00e7ekle\u015fen toplant\u0131ya \u00c7al\u0131\u015fma ve Sosyal G\u00fcvenlik Bakan\u0131 Sad\u0131k Gardiyano\u011flu, i\u015f\u00e7i taraf\u0131n\u0131 temsilen H\u00fcr \u0130\u015f\u00e7i Sendikalar\u0131 Federasyonu Ba\u015fkan\u0131 Ahmet Serdaro\u011flu, i\u015fveren taraf\u0131n\u0131 temsilen K\u0131br\u0131s T\u00fcrk \u0130\u015fverenler Sendikas\u0131 temsilcisi Ali Ba\u015fman ve di\u011fer yetkililer kat\u0131ld\u0131. \u00c7al\u0131\u015fma ve<\/p>\n","protected":false},"author":1,"featured_media":61802,"comment_status":"open","ping_status":"open","sticky":false,"template":"","format":"standard","meta":{"footnotes":""},"categories":[81],"tags":[],"class_list":["post-61801","post","type-post","status-publish","format-standard","has-post-thumbnail","hentry","category-kibris"],"yoast_head":"<!-- This site is optimized with the Yoast SEO plugin v27.5 - https:\/\/yoast.com\/product\/yoast-seo-wordpress\/ -->\n<title>Gardiyano\u011flu: Asgari \u00dccret Saptama Komisyonu ikinci toplant\u0131s\u0131n\u0131 17 Eyl\u00fcl\u2019de yapacak -<\/title>\n<meta name=\"robots\" content=\"index, follow, max-snippet:-1, max-image-preview:large, max-video-preview:-1\" \/>\n<link rel=\"canonical\" href=\"https:\/\/kibrisdakik.com\/?p=61801\" \/>\n<meta property=\"og:locale\" content=\"tr_TR\" \/>\n<meta property=\"og:type\" content=\"article\" \/>\n<meta property=\"og:title\" content=\"Gardiyano\u011flu: Asgari \u00dccret Saptama Komisyonu ikinci toplant\u0131s\u0131n\u0131 17 Eyl\u00fcl\u2019de yapacak -\" \/>\n<meta property=\"og:description\" content=\"Asgari \u00dccret Saptama Komisyonu, 2024 y\u0131l\u0131n\u0131n \u00fc\u00e7\u00fcnc\u00fc asgari \u00fccretini belirlemek i\u00e7in biraraya geldi. \u00c7al\u0131\u015fma ve Sosyal G\u00fcvenlik Bakanl\u0131\u011f\u0131 Toplant\u0131 Salonu\u2019nda ger\u00e7ekle\u015fen toplant\u0131ya \u00c7al\u0131\u015fma ve Sosyal G\u00fcvenlik Bakan\u0131 Sad\u0131k Gardiyano\u011flu, i\u015f\u00e7i taraf\u0131n\u0131 temsilen H\u00fcr \u0130\u015f\u00e7i Sendikalar\u0131 Federasyonu Ba\u015fkan\u0131 Ahmet Serdaro\u011flu, i\u015fveren taraf\u0131n\u0131 temsilen K\u0131br\u0131s T\u00fcrk \u0130\u015fverenler Sendikas\u0131 temsilcisi Ali Ba\u015fman ve di\u011fer yetkililer kat\u0131ld\u0131. \u00c7al\u0131\u015fma ve\" \/>\n<meta property=\"og:url\" content=\"https:\/\/kibrisdakik.com\/?p=61801\" \/>\n<meta property=\"article:published_time\" content=\"2024-09-13T10:11:08+00:00\" \/>\n<meta property=\"og:image\" content=\"https:\/\/kibrisdakik.com\/wp-content\/uploads\/2024\/09\/asgari-740x420.jpg\" \/>\n\t<meta property=\"og:image:width\" content=\"1504\" \/>\n\t<meta property=\"og:image:height\" content=\"776\" \/>\n\t<meta property=\"og:image:type\" content=\"image\/jpeg\" \/>\n<meta name=\"author\" content=\"admin\" \/>\n<meta name=\"twitter:card\" content=\"summary_large_image\" \/>\n<meta name=\"twitter:label1\" content=\"Yazan:\" \/>\n\t<meta name=\"twitter:data1\" content=\"admin\" \/>\n\t<meta name=\"twitter:label2\" content=\"Tahmini okuma s\u00fcresi\" \/>\n\t<meta name=\"twitter:data2\" content=\"2 dakika\" \/>\n<script type=\"application\/ld+json\" class=\"yoast-schema-graph\">{\"@context\":\"https:\\\/\\\/schema.org\",\"@graph\":[{\"@type\":\"Article\",\"@id\":\"https:\\\/\\\/kibrisdakik.com\\\/?p=61801#article\",\"isPartOf\":{\"@id\":\"https:\\\/\\\/kibrisdakik.com\\\/?p=61801\"},\"author\":{\"name\":\"admin\",\"@id\":\"https:\\\/\\\/kibrisdakik.com\\\/#\\\/schema\\\/person\\\/9cd9d437bbb44f72b73ba127e06d8e79\"},\"headline\":\"Gardiyano\u011flu: Asgari \u00dccret Saptama Komisyonu ikinci toplant\u0131s\u0131n\u0131 17 Eyl\u00fcl\u2019de yapacak\",\"datePublished\":\"2024-09-13T10:11:08+00:00\",\"mainEntityOfPage\":{\"@id\":\"https:\\\/\\\/kibrisdakik.com\\\/?p=61801\"},\"wordCount\":321,\"commentCount\":0,\"image\":{\"@id\":\"https:\\\/\\\/kibrisdakik.com\\\/?p=61801#primaryimage\"},\"thumbnailUrl\":\"https:\\\/\\\/kibrisdakik.com\\\/wp-content\\\/uploads\\\/2024\\\/09\\\/asgari-740x420.jpg\",\"articleSection\":[\"K\u0131br\u0131s\"],\"inLanguage\":\"tr\",\"potentialAction\":[{\"@type\":\"CommentAction\",\"name\":\"Comment\",\"target\":[\"https:\\\/\\\/kibrisdakik.com\\\/?p=61801#respond\"]}]},{\"@type\":\"WebPage\",\"@id\":\"https:\\\/\\\/kibrisdakik.com\\\/?p=61801\",\"url\":\"https:\\\/\\\/kibrisdakik.com\\\/?p=61801\",\"name\":\"Gardiyano\u011flu: Asgari \u00dccret Saptama Komisyonu ikinci toplant\u0131s\u0131n\u0131 17 Eyl\u00fcl\u2019de yapacak -\",\"isPartOf\":{\"@id\":\"https:\\\/\\\/kibrisdakik.com\\\/#website\"},\"primaryImageOfPage\":{\"@id\":\"https:\\\/\\\/kibrisdakik.com\\\/?p=61801#primaryimage\"},\"image\":{\"@id\":\"https:\\\/\\\/kibrisdakik.com\\\/?p=61801#primaryimage\"},\"thumbnailUrl\":\"https:\\\/\\\/kibrisdakik.com\\\/wp-content\\\/uploads\\\/2024\\\/09\\\/asgari-740x420.jpg\",\"datePublished\":\"2024-09-13T10:11:08+00:00\",\"author\":{\"@id\":\"https:\\\/\\\/kibrisdakik.com\\\/#\\\/schema\\\/person\\\/9cd9d437bbb44f72b73ba127e06d8e79\"},\"breadcrumb\":{\"@id\":\"https:\\\/\\\/kibrisdakik.com\\\/?p=61801#breadcrumb\"},\"inLanguage\":\"tr\",\"potentialAction\":[{\"@type\":\"ReadAction\",\"target\":[\"https:\\\/\\\/kibrisdakik.com\\\/?p=61801\"]}]},{\"@type\":\"ImageObject\",\"inLanguage\":\"tr\",\"@id\":\"https:\\\/\\\/kibrisdakik.com\\\/?p=61801#primaryimage\",\"url\":\"https:\\\/\\\/kibrisdakik.com\\\/wp-content\\\/uploads\\\/2024\\\/09\\\/asgari-740x420.jpg\",\"contentUrl\":\"https:\\\/\\\/kibrisdakik.com\\\/wp-content\\\/uploads\\\/2024\\\/09\\\/asgari-740x420.jpg\",\"width\":1504,\"height\":776},{\"@type\":\"BreadcrumbList\",\"@id\":\"https:\\\/\\\/kibrisdakik.com\\\/?p=61801#breadcrumb\",\"itemListElement\":[{\"@type\":\"ListItem\",\"position\":1,\"name\":\"Home\",\"item\":\"https:\\\/\\\/kibrisdakik.com\\\/\"},{\"@type\":\"ListItem\",\"position\":2,\"name\":\"Gardiyano\u011flu: Asgari \u00dccret Saptama Komisyonu ikinci toplant\u0131s\u0131n\u0131 17 Eyl\u00fcl\u2019de yapacak\"}]},{\"@type\":\"WebSite\",\"@id\":\"https:\\\/\\\/kibrisdakik.com\\\/#website\",\"url\":\"https:\\\/\\\/kibrisdakik.com\\\/\",\"name\":\"\",\"description\":\"Tam vaktinde haber\",\"potentialAction\":[{\"@type\":\"SearchAction\",\"target\":{\"@type\":\"EntryPoint\",\"urlTemplate\":\"https:\\\/\\\/kibrisdakik.com\\\/?s={search_term_string}\"},\"query-input\":{\"@type\":\"PropertyValueSpecification\",\"valueRequired\":true,\"valueName\":\"search_term_string\"}}],\"inLanguage\":\"tr\"},{\"@type\":\"Person\",\"@id\":\"https:\\\/\\\/kibrisdakik.com\\\/#\\\/schema\\\/person\\\/9cd9d437bbb44f72b73ba127e06d8e79\",\"name\":\"admin\",\"image\":{\"@type\":\"ImageObject\",\"inLanguage\":\"tr\",\"@id\":\"https:\\\/\\\/secure.gravatar.com\\\/avatar\\\/ccc17943b9d660506c869530f897617f7cb1c21a4bf30023f252596d83e1f007?s=96&d=mm&r=g\",\"url\":\"https:\\\/\\\/secure.gravatar.com\\\/avatar\\\/ccc17943b9d660506c869530f897617f7cb1c21a4bf30023f252596d83e1f007?s=96&d=mm&r=g\",\"contentUrl\":\"https:\\\/\\\/secure.gravatar.com\\\/avatar\\\/ccc17943b9d660506c869530f897617f7cb1c21a4bf30023f252596d83e1f007?s=96&d=mm&r=g\",\"caption\":\"admin\"},\"sameAs\":[\"https:\\\/\\\/kibrisdakik.com\"],\"url\":\"https:\\\/\\\/kibrisdakik.com\\\/?author=1\"}]}<\/script>\n<!-- \/ Yoast SEO plugin. -->","yoast_head_json":{"title":"Gardiyano\u011flu: Asgari \u00dccret Saptama Komisyonu ikinci toplant\u0131s\u0131n\u0131 17 Eyl\u00fcl\u2019de yapacak -","robots":{"index":"index","follow":"follow","max-snippet":"max-snippet:-1","max-image-preview":"max-image-preview:large","max-video-preview":"max-video-preview:-1"},"canonical":"https:\/\/kibrisdakik.com\/?p=61801","og_locale":"tr_TR","og_type":"article","og_title":"Gardiyano\u011flu: Asgari \u00dccret Saptama Komisyonu ikinci toplant\u0131s\u0131n\u0131 17 Eyl\u00fcl\u2019de yapacak -","og_description":"Asgari \u00dccret Saptama Komisyonu, 2024 y\u0131l\u0131n\u0131n \u00fc\u00e7\u00fcnc\u00fc asgari \u00fccretini belirlemek i\u00e7in biraraya geldi. \u00c7al\u0131\u015fma ve Sosyal G\u00fcvenlik Bakanl\u0131\u011f\u0131 Toplant\u0131 Salonu\u2019nda ger\u00e7ekle\u015fen toplant\u0131ya \u00c7al\u0131\u015fma ve Sosyal G\u00fcvenlik Bakan\u0131 Sad\u0131k Gardiyano\u011flu, i\u015f\u00e7i taraf\u0131n\u0131 temsilen H\u00fcr \u0130\u015f\u00e7i Sendikalar\u0131 Federasyonu Ba\u015fkan\u0131 Ahmet Serdaro\u011flu, i\u015fveren taraf\u0131n\u0131 temsilen K\u0131br\u0131s T\u00fcrk \u0130\u015fverenler Sendikas\u0131 temsilcisi Ali Ba\u015fman ve di\u011fer yetkililer kat\u0131ld\u0131. \u00c7al\u0131\u015fma ve","og_url":"https:\/\/kibrisdakik.com\/?p=61801","article_published_time":"2024-09-13T10:11:08+00:00","og_image":[{"width":1504,"height":776,"url":"https:\/\/kibrisdakik.com\/wp-content\/uploads\/2024\/09\/asgari-740x420.jpg","type":"image\/jpeg"}],"author":"admin","twitter_card":"summary_large_image","twitter_misc":{"Yazan:":"admin","Tahmini okuma s\u00fcresi":"2 dakika"},"schema":{"@context":"https:\/\/schema.org","@graph":[{"@type":"Article","@id":"https:\/\/kibrisdakik.com\/?p=61801#article","isPartOf":{"@id":"https:\/\/kibrisdakik.com\/?p=61801"},"author":{"name":"admin","@id":"https:\/\/kibrisdakik.com\/#\/schema\/person\/9cd9d437bbb44f72b73ba127e06d8e79"},"headline":"Gardiyano\u011flu: Asgari \u00dccret Saptama Komisyonu ikinci toplant\u0131s\u0131n\u0131 17 Eyl\u00fcl\u2019de yapacak","datePublished":"2024-09-13T10:11:08+00:00","mainEntityOfPage":{"@id":"https:\/\/kibrisdakik.com\/?p=61801"},"wordCount":321,"commentCount":0,"image":{"@id":"https:\/\/kibrisdakik.com\/?p=61801#primaryimage"},"thumbnailUrl":"https:\/\/kibrisdakik.com\/wp-content\/uploads\/2024\/09\/asgari-740x420.jpg","articleSection":["K\u0131br\u0131s"],"inLanguage":"tr","potentialAction":[{"@type":"CommentAction","name":"Comment","target":["https:\/\/kibrisdakik.com\/?p=61801#respond"]}]},{"@type":"WebPage","@id":"https:\/\/kibrisdakik.com\/?p=61801","url":"https:\/\/kibrisdakik.com\/?p=61801","name":"Gardiyano\u011flu: Asgari \u00dccret Saptama Komisyonu ikinci toplant\u0131s\u0131n\u0131 17 Eyl\u00fcl\u2019de yapacak -","isPartOf":{"@id":"https:\/\/kibrisdakik.com\/#website"},"primaryImageOfPage":{"@id":"https:\/\/kibrisdakik.com\/?p=61801#primaryimage"},"image":{"@id":"https:\/\/kibrisdakik.com\/?p=61801#primaryimage"},"thumbnailUrl":"https:\/\/kibrisdakik.com\/wp-content\/uploads\/2024\/09\/asgari-740x420.jpg","datePublished":"2024-09-13T10:11:08+00:00","author":{"@id":"https:\/\/kibrisdakik.com\/#\/schema\/person\/9cd9d437bbb44f72b73ba127e06d8e79"},"breadcrumb":{"@id":"https:\/\/kibrisdakik.com\/?p=61801#breadcrumb"},"inLanguage":"tr","potentialAction":[{"@type":"ReadAction","target":["https:\/\/kibrisdakik.com\/?p=61801"]}]},{"@type":"ImageObject","inLanguage":"tr","@id":"https:\/\/kibrisdakik.com\/?p=61801#primaryimage","url":"https:\/\/kibrisdakik.com\/wp-content\/uploads\/2024\/09\/asgari-740x420.jpg","contentUrl":"https:\/\/kibrisdakik.com\/wp-content\/uploads\/2024\/09\/asgari-740x420.jpg","width":1504,"height":776},{"@type":"BreadcrumbList","@id":"https:\/\/kibrisdakik.com\/?p=61801#breadcrumb","itemListElement":[{"@type":"ListItem","position":1,"name":"Home","item":"https:\/\/kibrisdakik.com\/"},{"@type":"ListItem","position":2,"name":"Gardiyano\u011flu: Asgari \u00dccret Saptama Komisyonu ikinci toplant\u0131s\u0131n\u0131 17 Eyl\u00fcl\u2019de yapacak"}]},{"@type":"WebSite","@id":"https:\/\/kibrisdakik.com\/#website","url":"https:\/\/kibrisdakik.com\/","name":"","description":"Tam vaktinde haber","potentialAction":[{"@type":"SearchAction","target":{"@type":"EntryPoint","urlTemplate":"https:\/\/kibrisdakik.com\/?s={search_term_string}"},"query-input":{"@type":"PropertyValueSpecification","valueRequired":true,"valueName":"search_term_string"}}],"inLanguage":"tr"},{"@type":"Person","@id":"https:\/\/kibrisdakik.com\/#\/schema\/person\/9cd9d437bbb44f72b73ba127e06d8e79","name":"admin","image":{"@type":"ImageObject","inLanguage":"tr","@id":"https:\/\/secure.gravatar.com\/avatar\/ccc17943b9d660506c869530f897617f7cb1c21a4bf30023f252596d83e1f007?s=96&d=mm&r=g","url":"https:\/\/secure.gravatar.com\/avatar\/ccc17943b9d660506c869530f897617f7cb1c21a4bf30023f252596d83e1f007?s=96&d=mm&r=g","contentUrl":"https:\/\/secure.gravatar.com\/avatar\/ccc17943b9d660506c869530f897617f7cb1c21a4bf30023f252596d83e1f007?s=96&d=mm&r=g","caption":"admin"},"sameAs":["https:\/\/kibrisdakik.com"],"url":"https:\/\/kibrisdakik.com\/?author=1"}]}},"_links":{"self":[{"href":"https:\/\/kibrisdakik.com\/index.php?rest_route=\/wp\/v2\/posts\/61801","targetHints":{"allow":["GET"]}}],"collection":[{"href":"https:\/\/kibrisdakik.com\/index.php?rest_route=\/wp\/v2\/posts"}],"about":[{"href":"https:\/\/kibrisdakik.com\/index.php?rest_route=\/wp\/v2\/types\/post"}],"author":[{"embeddable":true,"href":"https:\/\/kibrisdakik.com\/index.php?rest_route=\/wp\/v2\/users\/1"}],"replies":[{"embeddable":true,"href":"https:\/\/kibrisdakik.com\/index.php?rest_route=%2Fwp%2Fv2%2Fcomments&post=61801"}],"version-history":[{"count":0,"href":"https:\/\/kibrisdakik.com\/index.php?rest_route=\/wp\/v2\/posts\/61801\/revisions"}],"wp:featuredmedia":[{"embeddable":true,"href":"https:\/\/kibrisdakik.com\/index.php?rest_route=\/wp\/v2\/media\/61802"}],"wp:attachment":[{"href":"https:\/\/kibrisdakik.com\/index.php?rest_route=%2Fwp%2Fv2%2Fmedia&parent=61801"}],"wp:term":[{"taxonomy":"category","embeddable":true,"href":"https:\/\/kibrisdakik.com\/index.php?rest_route=%2Fwp%2Fv2%2Fcategories&post=61801"},{"taxonomy":"post_tag","embeddable":true,"href":"https:\/\/kibrisdakik.com\/index.php?rest_route=%2Fwp%2Fv2%2Ftags&post=61801"}],"curies":[{"name":"wp","href":"https:\/\/api.w.org\/{rel}","templated":true}]}}