{"id":61901,"date":"2024-09-13T14:51:40","date_gmt":"2024-09-13T11:51:40","guid":{"rendered":"https:\/\/kibrisdakik.com\/index.php\/2024\/09\/13\/bisiklet-yarisi-nedeniyle-pazar-gunu-lefkosa-kuzey-cevre-yolu-5-saat-trafige-kapatilacak\/"},"modified":"2024-09-13T14:51:40","modified_gmt":"2024-09-13T11:51:40","slug":"bisiklet-yarisi-nedeniyle-pazar-gunu-lefkosa-kuzey-cevre-yolu-5-saat-trafige-kapatilacak","status":"publish","type":"post","link":"https:\/\/kibrisdakik.com\/?p=61901","title":{"rendered":"Bisiklet yar\u0131\u015f\u0131 nedeniyle pazar g\u00fcn\u00fc Lefko\u015fa Kuzey \u00c7evre Yolu 5 saat trafi\u011fe kapat\u0131lacak"},"content":{"rendered":"<p><\/p>\n<div>\n<div class=\"mariselle-image-container none\">\n                <img loading=\"lazy\" decoding=\"async\" width=\"1102\" height=\"712\" class=\"lazy-image\" alt=\"\" sizes=\"auto, (max-width: 1102px) 100vw, 1102px\" src=\"https:\/\/brtk.net\/wp-content\/uploads\/2024\/02\/09\/bisiklet-2024-subat-gorseli.png?ver=fa20c5083088c7b564aea73f878575d3\" srcset=\"https:\/\/brtk.net\/wp-content\/uploads\/2024\/02\/09\/bisiklet-2024-subat-gorseli.png?ver=fa20c5083088c7b564aea73f878575d3 1102w, https:\/\/brtk.net\/wp-content\/uploads\/2024\/02\/09\/bisiklet-2024-subat-gorseli-300x194.png?ver=03410718fb5c839bd36a40378b3cd358 300w, https:\/\/brtk.net\/wp-content\/uploads\/2024\/02\/09\/bisiklet-2024-subat-gorseli-1024x662.png?ver=9c67b6ebce9587db233ce61d55165e21 1024w, https:\/\/brtk.net\/wp-content\/uploads\/2024\/02\/09\/bisiklet-2024-subat-gorseli-768x496.png?ver=1dc2cd6c91e899a6faffe2762551d52f 768w\"\/>                            <\/div>\n<p>,<\/p>\n<p>K\u0131br\u0131s T\u00fcrk Bisiklet Federasyonu yar\u0131\u015f\u0131 nedeniyle pazar g\u00fcn\u00fc 07.00-12.00 saatleri aras\u0131nda Lefko\u015fa Kuzey \u00c7evre Yolu\u2019nun tamam\u0131 trafi\u011fe kapat\u0131lacak.<\/p>\n<p>Polis Bas\u0131n Subayl\u0131\u011f\u0131ndan yap\u0131lan a\u00e7\u0131klamaya g\u00f6re, belirlenen saatlerde ula\u015f\u0131m alternatif g\u00fczergahlardan sa\u011flanacak.<\/p>\n<p>A\u00e7\u0131klamada, bahse konu g\u00fczergah\u0131 kullanacaklar\u0131n, kendi ve sporcular\u0131n can ve mal g\u00fcvenlikleri i\u00e7in yava\u015f ve dikkatli seyretmeleri, trafik i\u015faretleri ve i\u015faret\u00e7ilerine uymalar\u0131 \u00e7a\u011fr\u0131s\u0131nda bulunuldu.<\/p>\n<\/p><\/div>\n<p><script async\n                    defer\n                    crossorigin=\"anonymous\"\n                    src=\"https:\/\/connect.facebook.net\/tr_TR\/sdk.js#xfbml=1&#038;version=v3.3\"\n            ><\/script><\/p>\n","protected":false},"excerpt":{"rendered":"<p>, K\u0131br\u0131s T\u00fcrk Bisiklet Federasyonu yar\u0131\u015f\u0131 nedeniyle pazar g\u00fcn\u00fc 07.00-12.00 saatleri aras\u0131nda Lefko\u015fa Kuzey \u00c7evre Yolu\u2019nun tamam\u0131 trafi\u011fe kapat\u0131lacak. Polis Bas\u0131n Subayl\u0131\u011f\u0131ndan yap\u0131lan a\u00e7\u0131klamaya g\u00f6re, belirlenen saatlerde ula\u015f\u0131m alternatif g\u00fczergahlardan sa\u011flanacak. A\u00e7\u0131klamada, bahse konu g\u00fczergah\u0131 kullanacaklar\u0131n, kendi ve sporcular\u0131n can ve mal g\u00fcvenlikleri i\u00e7in yava\u015f ve dikkatli seyretmeleri, trafik i\u015faretleri ve i\u015faret\u00e7ilerine uymalar\u0131 \u00e7a\u011fr\u0131s\u0131nda bulunuldu.<\/p>\n","protected":false},"author":1,"featured_media":60116,"comment_status":"open","ping_status":"open","sticky":false,"template":"","format":"standard","meta":{"footnotes":""},"categories":[1],"tags":[],"class_list":["post-61901","post","type-post","status-publish","format-standard","has-post-thumbnail","hentry","category-gundem"],"yoast_head":"<!-- This site is optimized with the Yoast SEO plugin v27.5 - https:\/\/yoast.com\/product\/yoast-seo-wordpress\/ -->\n<title>Bisiklet yar\u0131\u015f\u0131 nedeniyle pazar g\u00fcn\u00fc Lefko\u015fa Kuzey \u00c7evre Yolu 5 saat trafi\u011fe kapat\u0131lacak -<\/title>\n<meta name=\"robots\" content=\"index, follow, max-snippet:-1, max-image-preview:large, max-video-preview:-1\" \/>\n<link rel=\"canonical\" href=\"https:\/\/kibrisdakik.com\/?p=61901\" \/>\n<meta property=\"og:locale\" content=\"tr_TR\" \/>\n<meta property=\"og:type\" content=\"article\" \/>\n<meta property=\"og:title\" content=\"Bisiklet yar\u0131\u015f\u0131 nedeniyle pazar g\u00fcn\u00fc Lefko\u015fa Kuzey \u00c7evre Yolu 5 saat trafi\u011fe kapat\u0131lacak -\" \/>\n<meta property=\"og:description\" content=\", K\u0131br\u0131s T\u00fcrk Bisiklet Federasyonu yar\u0131\u015f\u0131 nedeniyle pazar g\u00fcn\u00fc 07.00-12.00 saatleri aras\u0131nda Lefko\u015fa Kuzey \u00c7evre Yolu\u2019nun tamam\u0131 trafi\u011fe kapat\u0131lacak. Polis Bas\u0131n Subayl\u0131\u011f\u0131ndan yap\u0131lan a\u00e7\u0131klamaya g\u00f6re, belirlenen saatlerde ula\u015f\u0131m alternatif g\u00fczergahlardan sa\u011flanacak. A\u00e7\u0131klamada, bahse konu g\u00fczergah\u0131 kullanacaklar\u0131n, kendi ve sporcular\u0131n can ve mal g\u00fcvenlikleri i\u00e7in yava\u015f ve dikkatli seyretmeleri, trafik i\u015faretleri ve i\u015faret\u00e7ilerine uymalar\u0131 \u00e7a\u011fr\u0131s\u0131nda bulunuldu.\" \/>\n<meta property=\"og:url\" content=\"https:\/\/kibrisdakik.com\/?p=61901\" \/>\n<meta property=\"article:published_time\" content=\"2024-09-13T11:51:40+00:00\" \/>\n<meta property=\"og:image\" content=\"https:\/\/kibrisdakik.com\/wp-content\/uploads\/2024\/09\/bisiklet-2024-subat-gorseli-740x420.png\" \/>\n\t<meta property=\"og:image:width\" content=\"1102\" \/>\n\t<meta property=\"og:image:height\" content=\"712\" \/>\n\t<meta property=\"og:image:type\" content=\"image\/png\" \/>\n<meta name=\"author\" content=\"admin\" \/>\n<meta name=\"twitter:card\" content=\"summary_large_image\" \/>\n<meta name=\"twitter:label1\" content=\"Yazan:\" \/>\n\t<meta name=\"twitter:data1\" content=\"admin\" \/>\n<script type=\"application\/ld+json\" class=\"yoast-schema-graph\">{\"@context\":\"https:\\\/\\\/schema.org\",\"@graph\":[{\"@type\":\"Article\",\"@id\":\"https:\\\/\\\/kibrisdakik.com\\\/?p=61901#article\",\"isPartOf\":{\"@id\":\"https:\\\/\\\/kibrisdakik.com\\\/?p=61901\"},\"author\":{\"name\":\"admin\",\"@id\":\"https:\\\/\\\/kibrisdakik.com\\\/#\\\/schema\\\/person\\\/9cd9d437bbb44f72b73ba127e06d8e79\"},\"headline\":\"Bisiklet yar\u0131\u015f\u0131 nedeniyle pazar g\u00fcn\u00fc Lefko\u015fa Kuzey \u00c7evre Yolu 5 saat trafi\u011fe kapat\u0131lacak\",\"datePublished\":\"2024-09-13T11:51:40+00:00\",\"mainEntityOfPage\":{\"@id\":\"https:\\\/\\\/kibrisdakik.com\\\/?p=61901\"},\"wordCount\":99,\"commentCount\":0,\"image\":{\"@id\":\"https:\\\/\\\/kibrisdakik.com\\\/?p=61901#primaryimage\"},\"thumbnailUrl\":\"https:\\\/\\\/kibrisdakik.com\\\/wp-content\\\/uploads\\\/2024\\\/09\\\/bisiklet-2024-subat-gorseli-740x420.png\",\"articleSection\":[\"G\u00fcndem\"],\"inLanguage\":\"tr\",\"potentialAction\":[{\"@type\":\"CommentAction\",\"name\":\"Comment\",\"target\":[\"https:\\\/\\\/kibrisdakik.com\\\/?p=61901#respond\"]}]},{\"@type\":\"WebPage\",\"@id\":\"https:\\\/\\\/kibrisdakik.com\\\/?p=61901\",\"url\":\"https:\\\/\\\/kibrisdakik.com\\\/?p=61901\",\"name\":\"Bisiklet yar\u0131\u015f\u0131 nedeniyle pazar g\u00fcn\u00fc Lefko\u015fa Kuzey \u00c7evre Yolu 5 saat trafi\u011fe kapat\u0131lacak -\",\"isPartOf\":{\"@id\":\"https:\\\/\\\/kibrisdakik.com\\\/#website\"},\"primaryImageOfPage\":{\"@id\":\"https:\\\/\\\/kibrisdakik.com\\\/?p=61901#primaryimage\"},\"image\":{\"@id\":\"https:\\\/\\\/kibrisdakik.com\\\/?p=61901#primaryimage\"},\"thumbnailUrl\":\"https:\\\/\\\/kibrisdakik.com\\\/wp-content\\\/uploads\\\/2024\\\/09\\\/bisiklet-2024-subat-gorseli-740x420.png\",\"datePublished\":\"2024-09-13T11:51:40+00:00\",\"author\":{\"@id\":\"https:\\\/\\\/kibrisdakik.com\\\/#\\\/schema\\\/person\\\/9cd9d437bbb44f72b73ba127e06d8e79\"},\"breadcrumb\":{\"@id\":\"https:\\\/\\\/kibrisdakik.com\\\/?p=61901#breadcrumb\"},\"inLanguage\":\"tr\",\"potentialAction\":[{\"@type\":\"ReadAction\",\"target\":[\"https:\\\/\\\/kibrisdakik.com\\\/?p=61901\"]}]},{\"@type\":\"ImageObject\",\"inLanguage\":\"tr\",\"@id\":\"https:\\\/\\\/kibrisdakik.com\\\/?p=61901#primaryimage\",\"url\":\"https:\\\/\\\/kibrisdakik.com\\\/wp-content\\\/uploads\\\/2024\\\/09\\\/bisiklet-2024-subat-gorseli-740x420.png\",\"contentUrl\":\"https:\\\/\\\/kibrisdakik.com\\\/wp-content\\\/uploads\\\/2024\\\/09\\\/bisiklet-2024-subat-gorseli-740x420.png\",\"width\":1102,\"height\":712},{\"@type\":\"BreadcrumbList\",\"@id\":\"https:\\\/\\\/kibrisdakik.com\\\/?p=61901#breadcrumb\",\"itemListElement\":[{\"@type\":\"ListItem\",\"position\":1,\"name\":\"Home\",\"item\":\"https:\\\/\\\/kibrisdakik.com\\\/\"},{\"@type\":\"ListItem\",\"position\":2,\"name\":\"Bisiklet yar\u0131\u015f\u0131 nedeniyle pazar g\u00fcn\u00fc Lefko\u015fa Kuzey \u00c7evre Yolu 5 saat trafi\u011fe kapat\u0131lacak\"}]},{\"@type\":\"WebSite\",\"@id\":\"https:\\\/\\\/kibrisdakik.com\\\/#website\",\"url\":\"https:\\\/\\\/kibrisdakik.com\\\/\",\"name\":\"\",\"description\":\"Tam vaktinde haber\",\"potentialAction\":[{\"@type\":\"SearchAction\",\"target\":{\"@type\":\"EntryPoint\",\"urlTemplate\":\"https:\\\/\\\/kibrisdakik.com\\\/?s={search_term_string}\"},\"query-input\":{\"@type\":\"PropertyValueSpecification\",\"valueRequired\":true,\"valueName\":\"search_term_string\"}}],\"inLanguage\":\"tr\"},{\"@type\":\"Person\",\"@id\":\"https:\\\/\\\/kibrisdakik.com\\\/#\\\/schema\\\/person\\\/9cd9d437bbb44f72b73ba127e06d8e79\",\"name\":\"admin\",\"image\":{\"@type\":\"ImageObject\",\"inLanguage\":\"tr\",\"@id\":\"https:\\\/\\\/secure.gravatar.com\\\/avatar\\\/ccc17943b9d660506c869530f897617f7cb1c21a4bf30023f252596d83e1f007?s=96&d=mm&r=g\",\"url\":\"https:\\\/\\\/secure.gravatar.com\\\/avatar\\\/ccc17943b9d660506c869530f897617f7cb1c21a4bf30023f252596d83e1f007?s=96&d=mm&r=g\",\"contentUrl\":\"https:\\\/\\\/secure.gravatar.com\\\/avatar\\\/ccc17943b9d660506c869530f897617f7cb1c21a4bf30023f252596d83e1f007?s=96&d=mm&r=g\",\"caption\":\"admin\"},\"sameAs\":[\"https:\\\/\\\/kibrisdakik.com\"],\"url\":\"https:\\\/\\\/kibrisdakik.com\\\/?author=1\"}]}<\/script>\n<!-- \/ Yoast SEO plugin. -->","yoast_head_json":{"title":"Bisiklet yar\u0131\u015f\u0131 nedeniyle pazar g\u00fcn\u00fc Lefko\u015fa Kuzey \u00c7evre Yolu 5 saat trafi\u011fe kapat\u0131lacak -","robots":{"index":"index","follow":"follow","max-snippet":"max-snippet:-1","max-image-preview":"max-image-preview:large","max-video-preview":"max-video-preview:-1"},"canonical":"https:\/\/kibrisdakik.com\/?p=61901","og_locale":"tr_TR","og_type":"article","og_title":"Bisiklet yar\u0131\u015f\u0131 nedeniyle pazar g\u00fcn\u00fc Lefko\u015fa Kuzey \u00c7evre Yolu 5 saat trafi\u011fe kapat\u0131lacak -","og_description":", K\u0131br\u0131s T\u00fcrk Bisiklet Federasyonu yar\u0131\u015f\u0131 nedeniyle pazar g\u00fcn\u00fc 07.00-12.00 saatleri aras\u0131nda Lefko\u015fa Kuzey \u00c7evre Yolu\u2019nun tamam\u0131 trafi\u011fe kapat\u0131lacak. Polis Bas\u0131n Subayl\u0131\u011f\u0131ndan yap\u0131lan a\u00e7\u0131klamaya g\u00f6re, belirlenen saatlerde ula\u015f\u0131m alternatif g\u00fczergahlardan sa\u011flanacak. A\u00e7\u0131klamada, bahse konu g\u00fczergah\u0131 kullanacaklar\u0131n, kendi ve sporcular\u0131n can ve mal g\u00fcvenlikleri i\u00e7in yava\u015f ve dikkatli seyretmeleri, trafik i\u015faretleri ve i\u015faret\u00e7ilerine uymalar\u0131 \u00e7a\u011fr\u0131s\u0131nda bulunuldu.","og_url":"https:\/\/kibrisdakik.com\/?p=61901","article_published_time":"2024-09-13T11:51:40+00:00","og_image":[{"width":1102,"height":712,"url":"https:\/\/kibrisdakik.com\/wp-content\/uploads\/2024\/09\/bisiklet-2024-subat-gorseli-740x420.png","type":"image\/png"}],"author":"admin","twitter_card":"summary_large_image","twitter_misc":{"Yazan:":"admin"},"schema":{"@context":"https:\/\/schema.org","@graph":[{"@type":"Article","@id":"https:\/\/kibrisdakik.com\/?p=61901#article","isPartOf":{"@id":"https:\/\/kibrisdakik.com\/?p=61901"},"author":{"name":"admin","@id":"https:\/\/kibrisdakik.com\/#\/schema\/person\/9cd9d437bbb44f72b73ba127e06d8e79"},"headline":"Bisiklet yar\u0131\u015f\u0131 nedeniyle pazar g\u00fcn\u00fc Lefko\u015fa Kuzey \u00c7evre Yolu 5 saat trafi\u011fe kapat\u0131lacak","datePublished":"2024-09-13T11:51:40+00:00","mainEntityOfPage":{"@id":"https:\/\/kibrisdakik.com\/?p=61901"},"wordCount":99,"commentCount":0,"image":{"@id":"https:\/\/kibrisdakik.com\/?p=61901#primaryimage"},"thumbnailUrl":"https:\/\/kibrisdakik.com\/wp-content\/uploads\/2024\/09\/bisiklet-2024-subat-gorseli-740x420.png","articleSection":["G\u00fcndem"],"inLanguage":"tr","potentialAction":[{"@type":"CommentAction","name":"Comment","target":["https:\/\/kibrisdakik.com\/?p=61901#respond"]}]},{"@type":"WebPage","@id":"https:\/\/kibrisdakik.com\/?p=61901","url":"https:\/\/kibrisdakik.com\/?p=61901","name":"Bisiklet yar\u0131\u015f\u0131 nedeniyle pazar g\u00fcn\u00fc Lefko\u015fa Kuzey \u00c7evre Yolu 5 saat trafi\u011fe kapat\u0131lacak -","isPartOf":{"@id":"https:\/\/kibrisdakik.com\/#website"},"primaryImageOfPage":{"@id":"https:\/\/kibrisdakik.com\/?p=61901#primaryimage"},"image":{"@id":"https:\/\/kibrisdakik.com\/?p=61901#primaryimage"},"thumbnailUrl":"https:\/\/kibrisdakik.com\/wp-content\/uploads\/2024\/09\/bisiklet-2024-subat-gorseli-740x420.png","datePublished":"2024-09-13T11:51:40+00:00","author":{"@id":"https:\/\/kibrisdakik.com\/#\/schema\/person\/9cd9d437bbb44f72b73ba127e06d8e79"},"breadcrumb":{"@id":"https:\/\/kibrisdakik.com\/?p=61901#breadcrumb"},"inLanguage":"tr","potentialAction":[{"@type":"ReadAction","target":["https:\/\/kibrisdakik.com\/?p=61901"]}]},{"@type":"ImageObject","inLanguage":"tr","@id":"https:\/\/kibrisdakik.com\/?p=61901#primaryimage","url":"https:\/\/kibrisdakik.com\/wp-content\/uploads\/2024\/09\/bisiklet-2024-subat-gorseli-740x420.png","contentUrl":"https:\/\/kibrisdakik.com\/wp-content\/uploads\/2024\/09\/bisiklet-2024-subat-gorseli-740x420.png","width":1102,"height":712},{"@type":"BreadcrumbList","@id":"https:\/\/kibrisdakik.com\/?p=61901#breadcrumb","itemListElement":[{"@type":"ListItem","position":1,"name":"Home","item":"https:\/\/kibrisdakik.com\/"},{"@type":"ListItem","position":2,"name":"Bisiklet yar\u0131\u015f\u0131 nedeniyle pazar g\u00fcn\u00fc Lefko\u015fa Kuzey \u00c7evre Yolu 5 saat trafi\u011fe kapat\u0131lacak"}]},{"@type":"WebSite","@id":"https:\/\/kibrisdakik.com\/#website","url":"https:\/\/kibrisdakik.com\/","name":"","description":"Tam vaktinde haber","potentialAction":[{"@type":"SearchAction","target":{"@type":"EntryPoint","urlTemplate":"https:\/\/kibrisdakik.com\/?s={search_term_string}"},"query-input":{"@type":"PropertyValueSpecification","valueRequired":true,"valueName":"search_term_string"}}],"inLanguage":"tr"},{"@type":"Person","@id":"https:\/\/kibrisdakik.com\/#\/schema\/person\/9cd9d437bbb44f72b73ba127e06d8e79","name":"admin","image":{"@type":"ImageObject","inLanguage":"tr","@id":"https:\/\/secure.gravatar.com\/avatar\/ccc17943b9d660506c869530f897617f7cb1c21a4bf30023f252596d83e1f007?s=96&d=mm&r=g","url":"https:\/\/secure.gravatar.com\/avatar\/ccc17943b9d660506c869530f897617f7cb1c21a4bf30023f252596d83e1f007?s=96&d=mm&r=g","contentUrl":"https:\/\/secure.gravatar.com\/avatar\/ccc17943b9d660506c869530f897617f7cb1c21a4bf30023f252596d83e1f007?s=96&d=mm&r=g","caption":"admin"},"sameAs":["https:\/\/kibrisdakik.com"],"url":"https:\/\/kibrisdakik.com\/?author=1"}]}},"_links":{"self":[{"href":"https:\/\/kibrisdakik.com\/index.php?rest_route=\/wp\/v2\/posts\/61901","targetHints":{"allow":["GET"]}}],"collection":[{"href":"https:\/\/kibrisdakik.com\/index.php?rest_route=\/wp\/v2\/posts"}],"about":[{"href":"https:\/\/kibrisdakik.com\/index.php?rest_route=\/wp\/v2\/types\/post"}],"author":[{"embeddable":true,"href":"https:\/\/kibrisdakik.com\/index.php?rest_route=\/wp\/v2\/users\/1"}],"replies":[{"embeddable":true,"href":"https:\/\/kibrisdakik.com\/index.php?rest_route=%2Fwp%2Fv2%2Fcomments&post=61901"}],"version-history":[{"count":0,"href":"https:\/\/kibrisdakik.com\/index.php?rest_route=\/wp\/v2\/posts\/61901\/revisions"}],"wp:featuredmedia":[{"embeddable":true,"href":"https:\/\/kibrisdakik.com\/index.php?rest_route=\/wp\/v2\/media\/60116"}],"wp:attachment":[{"href":"https:\/\/kibrisdakik.com\/index.php?rest_route=%2Fwp%2Fv2%2Fmedia&parent=61901"}],"wp:term":[{"taxonomy":"category","embeddable":true,"href":"https:\/\/kibrisdakik.com\/index.php?rest_route=%2Fwp%2Fv2%2Fcategories&post=61901"},{"taxonomy":"post_tag","embeddable":true,"href":"https:\/\/kibrisdakik.com\/index.php?rest_route=%2Fwp%2Fv2%2Ftags&post=61901"}],"curies":[{"name":"wp","href":"https:\/\/api.w.org\/{rel}","templated":true}]}}