{"id":61910,"date":"2024-09-13T18:23:22","date_gmt":"2024-09-13T15:23:22","guid":{"rendered":"https:\/\/kibrisdakik.com\/index.php\/2024\/09\/13\/cavustan-mevlid-kandili-mesaji\/"},"modified":"2024-09-13T18:23:22","modified_gmt":"2024-09-13T15:23:22","slug":"cavustan-mevlid-kandili-mesaji","status":"publish","type":"post","link":"https:\/\/kibrisdakik.com\/?p=61910","title":{"rendered":"\u00c7avu\u015f\u2019tan Mevlid Kandili mesaj\u0131"},"content":{"rendered":"<div>\n<div class=\"mariselle-image-container none\">\n                                            <\/div>\n<p>Tar\u0131m ve Do\u011fal Kaynaklar Bakan\u0131 H\u00fcseyin \u00c7avu\u015f, Mevlid Kandili dolay\u0131s\u0131yla bir mesaj yay\u0131nlad\u0131. \u00c7avu\u015f, mesaj\u0131nda, \u201cPeygamber Efendimiz Hz. Muhammed\u2019in (s.a.v.) do\u011fumunu ve hayat\u0131n\u0131n \u0131\u015f\u0131\u011f\u0131n\u0131 anmak i\u00e7in topland\u0131\u011f\u0131m\u0131z bu m\u00fcbarek gecede, Allah\u2019\u0131n rahmetinin ve bereketinin \u00fczerimizde olmas\u0131n\u0131 diliyorum\u201d dedi.<\/p>\n<p>Mevlid Kandili\u2019nin, birlik ve beraberlik duygular\u0131n\u0131 peki\u015ftirdi\u011fini belirten \u00c7avu\u015f, sevgi, ho\u015fg\u00f6r\u00fc ve yard\u0131mla\u015fma gibi de\u011ferlerin \u00f6nemini hat\u0131rlatt\u0131\u011f\u0131n\u0131 kaydetti. Bu \u00f6zel gecede dualar\u0131n kabul olmas\u0131n\u0131, kalplerin ar\u0131nmas\u0131n\u0131 ve ruhlar\u0131n huzura kavu\u015fmas\u0131n\u0131 diledi\u011fini ifade eden \u00c7avu\u015f, \u201cDualar\u0131n\u0131zda ve kalplerinizde yer eden g\u00fczelliklerin, hayat\u0131n\u0131za bar\u0131\u015f ve huzur getirmesini temenni ederim. Mevlid Kandili\u2019nin t\u00fcm insanl\u0131k i\u00e7in hay\u0131rlara vesile olmas\u0131n\u0131 diliyorum\u201d dedi.<\/p>\n<\/p><\/div>\n<p><script async\n                    defer\n                    crossorigin=\"anonymous\"\n                    src=\"https:\/\/connect.facebook.net\/tr_TR\/sdk.js#xfbml=1&#038;version=v3.3\"\n            ><\/script><\/p>\n","protected":false},"excerpt":{"rendered":"<p>Tar\u0131m ve Do\u011fal Kaynaklar Bakan\u0131 H\u00fcseyin \u00c7avu\u015f, Mevlid Kandili dolay\u0131s\u0131yla bir mesaj yay\u0131nlad\u0131. \u00c7avu\u015f, mesaj\u0131nda, \u201cPeygamber Efendimiz Hz. Muhammed\u2019in (s.a.v.) do\u011fumunu ve hayat\u0131n\u0131n \u0131\u015f\u0131\u011f\u0131n\u0131 anmak i\u00e7in topland\u0131\u011f\u0131m\u0131z bu m\u00fcbarek gecede, Allah\u2019\u0131n rahmetinin ve bereketinin \u00fczerimizde olmas\u0131n\u0131 diliyorum\u201d dedi. Mevlid Kandili\u2019nin, birlik ve beraberlik duygular\u0131n\u0131 peki\u015ftirdi\u011fini belirten \u00c7avu\u015f, sevgi, ho\u015fg\u00f6r\u00fc ve yard\u0131mla\u015fma gibi de\u011ferlerin \u00f6nemini hat\u0131rlatt\u0131\u011f\u0131n\u0131<\/p>\n","protected":false},"author":1,"featured_media":61911,"comment_status":"open","ping_status":"open","sticky":false,"template":"","format":"standard","meta":{"footnotes":""},"categories":[81],"tags":[],"class_list":["post-61910","post","type-post","status-publish","format-standard","has-post-thumbnail","hentry","category-kibris"],"yoast_head":"<!-- This site is optimized with the Yoast SEO plugin v27.5 - https:\/\/yoast.com\/product\/yoast-seo-wordpress\/ -->\n<title>\u00c7avu\u015f\u2019tan Mevlid Kandili mesaj\u0131 -<\/title>\n<meta name=\"robots\" content=\"index, follow, max-snippet:-1, max-image-preview:large, max-video-preview:-1\" \/>\n<link rel=\"canonical\" href=\"https:\/\/kibrisdakik.com\/?p=61910\" \/>\n<meta property=\"og:locale\" content=\"tr_TR\" \/>\n<meta property=\"og:type\" content=\"article\" \/>\n<meta property=\"og:title\" content=\"\u00c7avu\u015f\u2019tan Mevlid Kandili mesaj\u0131 -\" \/>\n<meta property=\"og:description\" content=\"Tar\u0131m ve Do\u011fal Kaynaklar Bakan\u0131 H\u00fcseyin \u00c7avu\u015f, Mevlid Kandili dolay\u0131s\u0131yla bir mesaj yay\u0131nlad\u0131. \u00c7avu\u015f, mesaj\u0131nda, \u201cPeygamber Efendimiz Hz. Muhammed\u2019in (s.a.v.) do\u011fumunu ve hayat\u0131n\u0131n \u0131\u015f\u0131\u011f\u0131n\u0131 anmak i\u00e7in topland\u0131\u011f\u0131m\u0131z bu m\u00fcbarek gecede, Allah\u2019\u0131n rahmetinin ve bereketinin \u00fczerimizde olmas\u0131n\u0131 diliyorum\u201d dedi. Mevlid Kandili\u2019nin, birlik ve beraberlik duygular\u0131n\u0131 peki\u015ftirdi\u011fini belirten \u00c7avu\u015f, sevgi, ho\u015fg\u00f6r\u00fc ve yard\u0131mla\u015fma gibi de\u011ferlerin \u00f6nemini hat\u0131rlatt\u0131\u011f\u0131n\u0131\" \/>\n<meta property=\"og:url\" content=\"https:\/\/kibrisdakik.com\/?p=61910\" \/>\n<meta property=\"article:published_time\" content=\"2024-09-13T15:23:22+00:00\" \/>\n<meta property=\"og:image\" content=\"https:\/\/kibrisdakik.com\/wp-content\/uploads\/2024\/09\/huseyin-cavus-14-740x420.jpeg\" \/>\n\t<meta property=\"og:image:width\" content=\"1024\" \/>\n\t<meta property=\"og:image:height\" content=\"680\" \/>\n\t<meta property=\"og:image:type\" content=\"image\/jpeg\" \/>\n<meta name=\"author\" content=\"admin\" \/>\n<meta name=\"twitter:card\" content=\"summary_large_image\" \/>\n<meta name=\"twitter:label1\" content=\"Yazan:\" \/>\n\t<meta name=\"twitter:data1\" content=\"admin\" \/>\n\t<meta name=\"twitter:label2\" content=\"Tahmini okuma s\u00fcresi\" \/>\n\t<meta name=\"twitter:data2\" content=\"1 dakika\" \/>\n<script type=\"application\/ld+json\" class=\"yoast-schema-graph\">{\"@context\":\"https:\\\/\\\/schema.org\",\"@graph\":[{\"@type\":\"Article\",\"@id\":\"https:\\\/\\\/kibrisdakik.com\\\/?p=61910#article\",\"isPartOf\":{\"@id\":\"https:\\\/\\\/kibrisdakik.com\\\/?p=61910\"},\"author\":{\"name\":\"admin\",\"@id\":\"https:\\\/\\\/kibrisdakik.com\\\/#\\\/schema\\\/person\\\/9cd9d437bbb44f72b73ba127e06d8e79\"},\"headline\":\"\u00c7avu\u015f\u2019tan Mevlid Kandili mesaj\u0131\",\"datePublished\":\"2024-09-13T15:23:22+00:00\",\"mainEntityOfPage\":{\"@id\":\"https:\\\/\\\/kibrisdakik.com\\\/?p=61910\"},\"wordCount\":149,\"commentCount\":0,\"image\":{\"@id\":\"https:\\\/\\\/kibrisdakik.com\\\/?p=61910#primaryimage\"},\"thumbnailUrl\":\"https:\\\/\\\/kibrisdakik.com\\\/wp-content\\\/uploads\\\/2024\\\/09\\\/huseyin-cavus-14-740x420.jpeg\",\"articleSection\":[\"K\u0131br\u0131s\"],\"inLanguage\":\"tr\",\"potentialAction\":[{\"@type\":\"CommentAction\",\"name\":\"Comment\",\"target\":[\"https:\\\/\\\/kibrisdakik.com\\\/?p=61910#respond\"]}]},{\"@type\":\"WebPage\",\"@id\":\"https:\\\/\\\/kibrisdakik.com\\\/?p=61910\",\"url\":\"https:\\\/\\\/kibrisdakik.com\\\/?p=61910\",\"name\":\"\u00c7avu\u015f\u2019tan Mevlid Kandili mesaj\u0131 -\",\"isPartOf\":{\"@id\":\"https:\\\/\\\/kibrisdakik.com\\\/#website\"},\"primaryImageOfPage\":{\"@id\":\"https:\\\/\\\/kibrisdakik.com\\\/?p=61910#primaryimage\"},\"image\":{\"@id\":\"https:\\\/\\\/kibrisdakik.com\\\/?p=61910#primaryimage\"},\"thumbnailUrl\":\"https:\\\/\\\/kibrisdakik.com\\\/wp-content\\\/uploads\\\/2024\\\/09\\\/huseyin-cavus-14-740x420.jpeg\",\"datePublished\":\"2024-09-13T15:23:22+00:00\",\"author\":{\"@id\":\"https:\\\/\\\/kibrisdakik.com\\\/#\\\/schema\\\/person\\\/9cd9d437bbb44f72b73ba127e06d8e79\"},\"breadcrumb\":{\"@id\":\"https:\\\/\\\/kibrisdakik.com\\\/?p=61910#breadcrumb\"},\"inLanguage\":\"tr\",\"potentialAction\":[{\"@type\":\"ReadAction\",\"target\":[\"https:\\\/\\\/kibrisdakik.com\\\/?p=61910\"]}]},{\"@type\":\"ImageObject\",\"inLanguage\":\"tr\",\"@id\":\"https:\\\/\\\/kibrisdakik.com\\\/?p=61910#primaryimage\",\"url\":\"https:\\\/\\\/kibrisdakik.com\\\/wp-content\\\/uploads\\\/2024\\\/09\\\/huseyin-cavus-14-740x420.jpeg\",\"contentUrl\":\"https:\\\/\\\/kibrisdakik.com\\\/wp-content\\\/uploads\\\/2024\\\/09\\\/huseyin-cavus-14-740x420.jpeg\",\"width\":1024,\"height\":680},{\"@type\":\"BreadcrumbList\",\"@id\":\"https:\\\/\\\/kibrisdakik.com\\\/?p=61910#breadcrumb\",\"itemListElement\":[{\"@type\":\"ListItem\",\"position\":1,\"name\":\"Home\",\"item\":\"https:\\\/\\\/kibrisdakik.com\\\/\"},{\"@type\":\"ListItem\",\"position\":2,\"name\":\"\u00c7avu\u015f\u2019tan Mevlid Kandili mesaj\u0131\"}]},{\"@type\":\"WebSite\",\"@id\":\"https:\\\/\\\/kibrisdakik.com\\\/#website\",\"url\":\"https:\\\/\\\/kibrisdakik.com\\\/\",\"name\":\"\",\"description\":\"Tam vaktinde haber\",\"potentialAction\":[{\"@type\":\"SearchAction\",\"target\":{\"@type\":\"EntryPoint\",\"urlTemplate\":\"https:\\\/\\\/kibrisdakik.com\\\/?s={search_term_string}\"},\"query-input\":{\"@type\":\"PropertyValueSpecification\",\"valueRequired\":true,\"valueName\":\"search_term_string\"}}],\"inLanguage\":\"tr\"},{\"@type\":\"Person\",\"@id\":\"https:\\\/\\\/kibrisdakik.com\\\/#\\\/schema\\\/person\\\/9cd9d437bbb44f72b73ba127e06d8e79\",\"name\":\"admin\",\"image\":{\"@type\":\"ImageObject\",\"inLanguage\":\"tr\",\"@id\":\"https:\\\/\\\/secure.gravatar.com\\\/avatar\\\/ccc17943b9d660506c869530f897617f7cb1c21a4bf30023f252596d83e1f007?s=96&d=mm&r=g\",\"url\":\"https:\\\/\\\/secure.gravatar.com\\\/avatar\\\/ccc17943b9d660506c869530f897617f7cb1c21a4bf30023f252596d83e1f007?s=96&d=mm&r=g\",\"contentUrl\":\"https:\\\/\\\/secure.gravatar.com\\\/avatar\\\/ccc17943b9d660506c869530f897617f7cb1c21a4bf30023f252596d83e1f007?s=96&d=mm&r=g\",\"caption\":\"admin\"},\"sameAs\":[\"https:\\\/\\\/kibrisdakik.com\"],\"url\":\"https:\\\/\\\/kibrisdakik.com\\\/?author=1\"}]}<\/script>\n<!-- \/ Yoast SEO plugin. -->","yoast_head_json":{"title":"\u00c7avu\u015f\u2019tan Mevlid Kandili mesaj\u0131 -","robots":{"index":"index","follow":"follow","max-snippet":"max-snippet:-1","max-image-preview":"max-image-preview:large","max-video-preview":"max-video-preview:-1"},"canonical":"https:\/\/kibrisdakik.com\/?p=61910","og_locale":"tr_TR","og_type":"article","og_title":"\u00c7avu\u015f\u2019tan Mevlid Kandili mesaj\u0131 -","og_description":"Tar\u0131m ve Do\u011fal Kaynaklar Bakan\u0131 H\u00fcseyin \u00c7avu\u015f, Mevlid Kandili dolay\u0131s\u0131yla bir mesaj yay\u0131nlad\u0131. \u00c7avu\u015f, mesaj\u0131nda, \u201cPeygamber Efendimiz Hz. Muhammed\u2019in (s.a.v.) do\u011fumunu ve hayat\u0131n\u0131n \u0131\u015f\u0131\u011f\u0131n\u0131 anmak i\u00e7in topland\u0131\u011f\u0131m\u0131z bu m\u00fcbarek gecede, Allah\u2019\u0131n rahmetinin ve bereketinin \u00fczerimizde olmas\u0131n\u0131 diliyorum\u201d dedi. Mevlid Kandili\u2019nin, birlik ve beraberlik duygular\u0131n\u0131 peki\u015ftirdi\u011fini belirten \u00c7avu\u015f, sevgi, ho\u015fg\u00f6r\u00fc ve yard\u0131mla\u015fma gibi de\u011ferlerin \u00f6nemini hat\u0131rlatt\u0131\u011f\u0131n\u0131","og_url":"https:\/\/kibrisdakik.com\/?p=61910","article_published_time":"2024-09-13T15:23:22+00:00","og_image":[{"width":1024,"height":680,"url":"https:\/\/kibrisdakik.com\/wp-content\/uploads\/2024\/09\/huseyin-cavus-14-740x420.jpeg","type":"image\/jpeg"}],"author":"admin","twitter_card":"summary_large_image","twitter_misc":{"Yazan:":"admin","Tahmini okuma s\u00fcresi":"1 dakika"},"schema":{"@context":"https:\/\/schema.org","@graph":[{"@type":"Article","@id":"https:\/\/kibrisdakik.com\/?p=61910#article","isPartOf":{"@id":"https:\/\/kibrisdakik.com\/?p=61910"},"author":{"name":"admin","@id":"https:\/\/kibrisdakik.com\/#\/schema\/person\/9cd9d437bbb44f72b73ba127e06d8e79"},"headline":"\u00c7avu\u015f\u2019tan Mevlid Kandili mesaj\u0131","datePublished":"2024-09-13T15:23:22+00:00","mainEntityOfPage":{"@id":"https:\/\/kibrisdakik.com\/?p=61910"},"wordCount":149,"commentCount":0,"image":{"@id":"https:\/\/kibrisdakik.com\/?p=61910#primaryimage"},"thumbnailUrl":"https:\/\/kibrisdakik.com\/wp-content\/uploads\/2024\/09\/huseyin-cavus-14-740x420.jpeg","articleSection":["K\u0131br\u0131s"],"inLanguage":"tr","potentialAction":[{"@type":"CommentAction","name":"Comment","target":["https:\/\/kibrisdakik.com\/?p=61910#respond"]}]},{"@type":"WebPage","@id":"https:\/\/kibrisdakik.com\/?p=61910","url":"https:\/\/kibrisdakik.com\/?p=61910","name":"\u00c7avu\u015f\u2019tan Mevlid Kandili mesaj\u0131 -","isPartOf":{"@id":"https:\/\/kibrisdakik.com\/#website"},"primaryImageOfPage":{"@id":"https:\/\/kibrisdakik.com\/?p=61910#primaryimage"},"image":{"@id":"https:\/\/kibrisdakik.com\/?p=61910#primaryimage"},"thumbnailUrl":"https:\/\/kibrisdakik.com\/wp-content\/uploads\/2024\/09\/huseyin-cavus-14-740x420.jpeg","datePublished":"2024-09-13T15:23:22+00:00","author":{"@id":"https:\/\/kibrisdakik.com\/#\/schema\/person\/9cd9d437bbb44f72b73ba127e06d8e79"},"breadcrumb":{"@id":"https:\/\/kibrisdakik.com\/?p=61910#breadcrumb"},"inLanguage":"tr","potentialAction":[{"@type":"ReadAction","target":["https:\/\/kibrisdakik.com\/?p=61910"]}]},{"@type":"ImageObject","inLanguage":"tr","@id":"https:\/\/kibrisdakik.com\/?p=61910#primaryimage","url":"https:\/\/kibrisdakik.com\/wp-content\/uploads\/2024\/09\/huseyin-cavus-14-740x420.jpeg","contentUrl":"https:\/\/kibrisdakik.com\/wp-content\/uploads\/2024\/09\/huseyin-cavus-14-740x420.jpeg","width":1024,"height":680},{"@type":"BreadcrumbList","@id":"https:\/\/kibrisdakik.com\/?p=61910#breadcrumb","itemListElement":[{"@type":"ListItem","position":1,"name":"Home","item":"https:\/\/kibrisdakik.com\/"},{"@type":"ListItem","position":2,"name":"\u00c7avu\u015f\u2019tan Mevlid Kandili mesaj\u0131"}]},{"@type":"WebSite","@id":"https:\/\/kibrisdakik.com\/#website","url":"https:\/\/kibrisdakik.com\/","name":"","description":"Tam vaktinde haber","potentialAction":[{"@type":"SearchAction","target":{"@type":"EntryPoint","urlTemplate":"https:\/\/kibrisdakik.com\/?s={search_term_string}"},"query-input":{"@type":"PropertyValueSpecification","valueRequired":true,"valueName":"search_term_string"}}],"inLanguage":"tr"},{"@type":"Person","@id":"https:\/\/kibrisdakik.com\/#\/schema\/person\/9cd9d437bbb44f72b73ba127e06d8e79","name":"admin","image":{"@type":"ImageObject","inLanguage":"tr","@id":"https:\/\/secure.gravatar.com\/avatar\/ccc17943b9d660506c869530f897617f7cb1c21a4bf30023f252596d83e1f007?s=96&d=mm&r=g","url":"https:\/\/secure.gravatar.com\/avatar\/ccc17943b9d660506c869530f897617f7cb1c21a4bf30023f252596d83e1f007?s=96&d=mm&r=g","contentUrl":"https:\/\/secure.gravatar.com\/avatar\/ccc17943b9d660506c869530f897617f7cb1c21a4bf30023f252596d83e1f007?s=96&d=mm&r=g","caption":"admin"},"sameAs":["https:\/\/kibrisdakik.com"],"url":"https:\/\/kibrisdakik.com\/?author=1"}]}},"_links":{"self":[{"href":"https:\/\/kibrisdakik.com\/index.php?rest_route=\/wp\/v2\/posts\/61910","targetHints":{"allow":["GET"]}}],"collection":[{"href":"https:\/\/kibrisdakik.com\/index.php?rest_route=\/wp\/v2\/posts"}],"about":[{"href":"https:\/\/kibrisdakik.com\/index.php?rest_route=\/wp\/v2\/types\/post"}],"author":[{"embeddable":true,"href":"https:\/\/kibrisdakik.com\/index.php?rest_route=\/wp\/v2\/users\/1"}],"replies":[{"embeddable":true,"href":"https:\/\/kibrisdakik.com\/index.php?rest_route=%2Fwp%2Fv2%2Fcomments&post=61910"}],"version-history":[{"count":0,"href":"https:\/\/kibrisdakik.com\/index.php?rest_route=\/wp\/v2\/posts\/61910\/revisions"}],"wp:featuredmedia":[{"embeddable":true,"href":"https:\/\/kibrisdakik.com\/index.php?rest_route=\/wp\/v2\/media\/61911"}],"wp:attachment":[{"href":"https:\/\/kibrisdakik.com\/index.php?rest_route=%2Fwp%2Fv2%2Fmedia&parent=61910"}],"wp:term":[{"taxonomy":"category","embeddable":true,"href":"https:\/\/kibrisdakik.com\/index.php?rest_route=%2Fwp%2Fv2%2Fcategories&post=61910"},{"taxonomy":"post_tag","embeddable":true,"href":"https:\/\/kibrisdakik.com\/index.php?rest_route=%2Fwp%2Fv2%2Ftags&post=61910"}],"curies":[{"name":"wp","href":"https:\/\/api.w.org\/{rel}","templated":true}]}}