{"id":61941,"date":"2024-09-13T22:14:53","date_gmt":"2024-09-13T19:14:53","guid":{"rendered":"https:\/\/kibrisdakik.com\/index.php\/2024\/09\/13\/narinin-babasi-canli-yayinda-acik-acik-isim-verdi-nevzat-bahtiyarin-oldurdugunu-dusunuyorum\/"},"modified":"2024-09-13T22:14:53","modified_gmt":"2024-09-13T19:14:53","slug":"narinin-babasi-canli-yayinda-acik-acik-isim-verdi-nevzat-bahtiyarin-oldurdugunu-dusunuyorum","status":"publish","type":"post","link":"https:\/\/kibrisdakik.com\/?p=61941","title":{"rendered":"Narin&#8217;in babas\u0131 canl\u0131 yay\u0131nda a\u00e7\u0131k a\u00e7\u0131k isim verdi: Nevzat Bahtiyar&#8217;\u0131n \u00f6ld\u00fcrd\u00fc\u011f\u00fcn\u00fc d\u00fc\u015f\u00fcn\u00fcyorum"},"content":{"rendered":"<p><img decoding=\"async\" src=\"https:\/\/foto.haberler.com\/haber\/2024\/09\/13\/narin-in-babasi-canli-yayinda-acik-acik-isim-17818936_5438_amp.jpg\" \/><\/p>\n<div id=\"\">\n<p> <a class=\"keyword\" href=\"https:\/\/www.haberler.com\/diyarbakir\/\" title=\"Diyarbak\u0131r Haberleri, Diyarbak\u0131r Haberi, Diyarbak\u0131r Haber\"><strong>Diyarbak\u0131r<\/strong><\/a>&#8216;da Narin G\u00fcran&#8217;\u0131n \u00f6ld\u00fcr\u00fclmesine ili\u015fkin g\u00f6zalt\u0131na al\u0131n\u0131p serbest b\u0131rak\u0131lan baba Arif G\u00fcran, kat\u0131ld\u0131\u011f\u0131 canl\u0131 yay\u0131nda Nevzat Bahtiyar&#8217;\u0131n ismini verdi. Arif G\u00fcran, &#8220;Niye k\u0131z\u0131m\u0131n yerini bildi\u011fi halde s\u00f6ylemiyor. Ben art\u0131k Nevzat Bahtiyar&#8217;\u0131n para i\u00e7in \u00e7ocu\u011fumu \u00f6ld\u00fcrd\u00fc\u011f\u00fcn\u00fc d\u00fc\u015f\u00fcn\u00fcyorum. Nevzat Bahtiyar abimi su\u00e7luyorsa e\u011fer kendisi neden gidip jandarmaya s\u00f6ylemiyor.&#8221; ifadelerini kulland\u0131.<\/p>\n<p>Diyarbak\u0131r&#8217;\u0131n Ba\u011flar il\u00e7esinde Kur&#8217;an kursuna gittikten sonra bir daha  <a class=\"keyword\" href=\"https:\/\/www.haberler.com\/\" title=\"Haber, Haberler\"><strong>haber<\/strong><\/a> al\u0131namayan, 19 g\u00fcn sonra cans\u0131z bedeni dere yata\u011f\u0131nda bulunan Narin G\u00fcran&#8217;\u0131n \u00f6ld\u00fcr\u00fclmesine ili\u015fkin y\u00fcr\u00fct\u00fclen soru\u015fturmada, baba Arif G\u00fcran \u015f\u00fcphelendi\u011fi ismi s\u00f6yledi. 22 ki\u015fiyle birlikte g\u00f6zalt\u0131na al\u0131nd\u0131ktan sonra serbest b\u0131rak\u0131lan Arif G\u00fcran, CNN T\u00fcrk canl\u0131 yay\u0131n\u0131nda yapt\u0131\u011f\u0131 a\u00e7\u0131klamada, amca Salim G\u00fcran&#8217;\u0131n 200 bin TL para teklifi kar\u015f\u0131l\u0131\u011f\u0131nda cesedi kald\u0131rd\u0131\u011f\u0131n\u0131 itiraf eden Nevzat Bahtiyar&#8217;dan \u015f\u00fcphelendi\u011fini s\u00f6yledi.<\/p>\n<p>Arif G\u00fcran, &#8220;Bir baba olarak Narin&#8217;e ne oldu\u011funu bilsem ben ya\u015famam. Olay olduktan sonra Nevzat her ak\u015fam bu evime geliyor, eli bile titremiyor. Niye k\u0131z\u0131m\u0131n yerini bildi\u011fi halde s\u00f6ylemiyor. Ben art\u0131k Nevzat Bahtiyar&#8217;\u0131n para i\u00e7in \u00e7ocu\u011fumu \u00f6ld\u00fcrd\u00fc\u011f\u00fcn\u00fc d\u00fc\u015f\u00fcn\u00fcyorum. Hi\u00e7bir \u015fey olmam\u0131\u015f gibi yan\u0131ma geliyorsa ne desem bilmiyorum. Bu kadar cani bir insan. Bu s\u00fcre\u00e7 devam ediyor. O\u011flum ilk g\u00fcnde g\u00f6zalt\u0131na al\u0131nd\u0131 b\u0131rak\u0131ld\u0131, o zaman da ben gitmedim \u015fu anda da gitmiyorum. \u015eu an hi\u00e7bir yak\u0131n\u0131m\u0131n yan\u0131na gitmiyorum.&#8221; dedi.<\/p>\n<p>Arif G\u00fcran, s\u00f6zlerini \u015fu \u015fekilde s\u00fcrd\u00fcrd\u00fc: &#8220;Bir insan gelip benim yan\u0131mda oturup beni teselli etti, g\u00f6z\u00fc bile k\u0131rpmad\u0131 ben o insandan her \u015feyi beklerim. Nevzat Bahtiyar&#8217;\u0131n bize verdi\u011fi arabay\u0131 biz ba\u015fka bir galerici arkada\u015f\u0131m\u0131za satt\u0131k. 2 y\u0131ll\u0131k bir s\u00fcre\u00e7. Bu ara\u00e7 kaza ge\u00e7irdi. Kaza yapan ki\u015fi bir anla\u015fmayla galericinin yan\u0131na geldi ve beni \u00e7a\u011f\u0131rd\u0131 gittim. &#8216;Anla\u015fal\u0131m, davadan vazge\u00e7ece\u011fim&#8217; dedi. 2 ay s\u00fcre istedim. Abimi eni\u015ftemi ve iki kom\u015fumu arad\u0131m konu\u015ftuk. &#8216;Ben vermiyorum ev yap\u0131yorum&#8217; dedi. &#8216;Sen haks\u0131zs\u0131n 40 bin sen vereceksin&#8217; dendi Nevzat&#8217;a. Nevzat bu para i\u00e7in bu kini tutmu\u015fsa ne diyebilirim. Bu olay\u0131 kapatt\u0131k zannettim kapanmam\u0131\u015f.<\/p>\n<p>Salim G\u00fcran&#8217;la husumet olacak bir konu yok. Karde\u015fiz. Normal \u00e7ekirdek bir aile nas\u0131l ya\u015f\u0131yorsa biz de \u00f6yle ya\u015f\u0131yoruz. B\u00fct\u00fcn hesap kitap onun elinde. Devlet onu bu g\u00f6zle alm\u0131\u015fsa, devlet belgelerle bunu b\u00f6yle derse benim diyecek bir \u015feyim yok. Bir karde\u015f g\u00f6z\u00fcyle bakt\u0131\u011f\u0131mda inanam\u0131yorum.<\/p>\n<p>Devlet g\u00f6z\u00fcyle bak\u0131nca bir s\u00fcr\u00fc belge var. Devlet dedikten sonra ne diyebilirim. Bir anne nas\u0131l evlad\u0131na k\u0131yar. B\u00f6yle bir d\u00fcnya m\u0131 var. Hangi \u00e7a\u011fda ya\u015f\u0131yoruz. Bir insan e\u015fine g\u00fcvenmiyorsa ya\u015fayamaz. 20 y\u0131ldan fazla \u00f6m\u00fcr ge\u00e7irdik. G\u00fcvenmesem bo\u015fan\u0131rd\u0131m.<\/p>\n<p>&#8220;NAR\u0130N&#8217;E B\u0130RKA\u00c7 DEFA PARA VERM\u0130\u015e&#8221;<\/p>\n<p>Narin bana anlatmad\u0131 ama duydu\u011fuma g\u00f6re Narin&#8217;e birka\u00e7 kuru\u015f birka\u00e7 defa para vermi\u015f. \u00c7ocuklar\u0131m\u0131n b\u00f6yle bir paraya ihtiyac\u0131 yok. Nevzat Bahtiyar&#8217;\u0131n ve annesinin suyu yok. Evi yama\u00e7ta oldu\u011fu i\u00e7in ona hat gelmiyor. O insan\u0131n suyu benim evimden gidiyor. Muhtar kimdir ki milleti tehdit etsin. Muhtar sabahtan ak\u015fama kadar tarlalarla u\u011fra\u015f\u0131yor.<\/p>\n<p>Nevzat Bahtiyar abimi su\u00e7luyorsa e\u011fer kendisi neden gidip jandarmaya s\u00f6ylemiyor. Her yer jandarma dolu. Olay g\u00fcn\u00fc \u00e7o\u011fumuz k\u00f6yde de\u011fildik. Salim G\u00fcran&#8217;\u0131n arabas\u0131 de\u011fil Fuat G\u00fcran&#8217;\u0131n arabas\u0131. Salim&#8217;le Nevzat&#8217;\u0131n ili\u015fkisi normaldi.<\/p>\n<h4 id=\"nwsKeywords\"> <a href=\"https:\/\/www.haberler.com\/narin-guran\/\" title=\"Narin G\u00fcran\" class=\"hbptTag\">Narin G\u00fcran<\/a>  <a href=\"https:\/\/www.haberler.com\/diyarbakir\/\" title=\"Diyarbak\u0131r\" class=\"hbptTag\">Diyarbak\u0131r<\/a> <\/h4>\n<\/div>\n","protected":false},"excerpt":{"rendered":"<p>Diyarbak\u0131r&#8216;da Narin G\u00fcran&#8217;\u0131n \u00f6ld\u00fcr\u00fclmesine ili\u015fkin g\u00f6zalt\u0131na al\u0131n\u0131p serbest b\u0131rak\u0131lan baba Arif G\u00fcran, kat\u0131ld\u0131\u011f\u0131 canl\u0131 yay\u0131nda Nevzat Bahtiyar&#8217;\u0131n ismini verdi. Arif G\u00fcran, &#8220;Niye k\u0131z\u0131m\u0131n yerini bildi\u011fi halde s\u00f6ylemiyor. Ben art\u0131k Nevzat Bahtiyar&#8217;\u0131n para i\u00e7in \u00e7ocu\u011fumu \u00f6ld\u00fcrd\u00fc\u011f\u00fcn\u00fc d\u00fc\u015f\u00fcn\u00fcyorum. Nevzat Bahtiyar abimi su\u00e7luyorsa e\u011fer kendisi neden gidip jandarmaya s\u00f6ylemiyor.&#8221; ifadelerini kulland\u0131. Diyarbak\u0131r&#8217;\u0131n Ba\u011flar il\u00e7esinde Kur&#8217;an kursuna gittikten sonra<\/p>\n","protected":false},"author":1,"featured_media":61942,"comment_status":"open","ping_status":"open","sticky":false,"template":"","format":"standard","meta":{"footnotes":""},"categories":[83],"tags":[],"class_list":["post-61941","post","type-post","status-publish","format-standard","has-post-thumbnail","hentry","category-magazin"],"yoast_head":"<!-- This site is optimized with the Yoast SEO plugin v27.5 - https:\/\/yoast.com\/product\/yoast-seo-wordpress\/ -->\n<title>Narin&#039;in babas\u0131 canl\u0131 yay\u0131nda a\u00e7\u0131k a\u00e7\u0131k isim verdi: Nevzat Bahtiyar&#039;\u0131n \u00f6ld\u00fcrd\u00fc\u011f\u00fcn\u00fc d\u00fc\u015f\u00fcn\u00fcyorum -<\/title>\n<meta name=\"robots\" content=\"index, follow, max-snippet:-1, max-image-preview:large, max-video-preview:-1\" \/>\n<link rel=\"canonical\" href=\"https:\/\/kibrisdakik.com\/?p=61941\" \/>\n<meta property=\"og:locale\" content=\"tr_TR\" \/>\n<meta property=\"og:type\" content=\"article\" \/>\n<meta property=\"og:title\" content=\"Narin&#039;in babas\u0131 canl\u0131 yay\u0131nda a\u00e7\u0131k a\u00e7\u0131k isim verdi: Nevzat Bahtiyar&#039;\u0131n \u00f6ld\u00fcrd\u00fc\u011f\u00fcn\u00fc d\u00fc\u015f\u00fcn\u00fcyorum -\" \/>\n<meta property=\"og:description\" content=\"Diyarbak\u0131r&#8216;da Narin G\u00fcran&#8217;\u0131n \u00f6ld\u00fcr\u00fclmesine ili\u015fkin g\u00f6zalt\u0131na al\u0131n\u0131p serbest b\u0131rak\u0131lan baba Arif G\u00fcran, kat\u0131ld\u0131\u011f\u0131 canl\u0131 yay\u0131nda Nevzat Bahtiyar&#8217;\u0131n ismini verdi. Arif G\u00fcran, &#8220;Niye k\u0131z\u0131m\u0131n yerini bildi\u011fi halde s\u00f6ylemiyor. Ben art\u0131k Nevzat Bahtiyar&#8217;\u0131n para i\u00e7in \u00e7ocu\u011fumu \u00f6ld\u00fcrd\u00fc\u011f\u00fcn\u00fc d\u00fc\u015f\u00fcn\u00fcyorum. Nevzat Bahtiyar abimi su\u00e7luyorsa e\u011fer kendisi neden gidip jandarmaya s\u00f6ylemiyor.&#8221; ifadelerini kulland\u0131. Diyarbak\u0131r&#8217;\u0131n Ba\u011flar il\u00e7esinde Kur&#8217;an kursuna gittikten sonra\" \/>\n<meta property=\"og:url\" content=\"https:\/\/kibrisdakik.com\/?p=61941\" \/>\n<meta property=\"article:published_time\" content=\"2024-09-13T19:14:53+00:00\" \/>\n<meta property=\"og:image\" content=\"https:\/\/kibrisdakik.com\/wp-content\/uploads\/2024\/09\/narin-in-babasi-canli-yayinda-acik-acik-isim-17818936_5438_amp.jpg\" \/>\n\t<meta property=\"og:image:width\" content=\"1202\" \/>\n\t<meta property=\"og:image:height\" content=\"675\" \/>\n\t<meta property=\"og:image:type\" content=\"image\/jpeg\" \/>\n<meta name=\"author\" content=\"admin\" \/>\n<meta name=\"twitter:card\" content=\"summary_large_image\" \/>\n<meta name=\"twitter:label1\" content=\"Yazan:\" \/>\n\t<meta name=\"twitter:data1\" content=\"admin\" \/>\n\t<meta name=\"twitter:label2\" content=\"Tahmini okuma s\u00fcresi\" \/>\n\t<meta name=\"twitter:data2\" content=\"3 dakika\" \/>\n<script type=\"application\/ld+json\" class=\"yoast-schema-graph\">{\"@context\":\"https:\\\/\\\/schema.org\",\"@graph\":[{\"@type\":\"Article\",\"@id\":\"https:\\\/\\\/kibrisdakik.com\\\/?p=61941#article\",\"isPartOf\":{\"@id\":\"https:\\\/\\\/kibrisdakik.com\\\/?p=61941\"},\"author\":{\"name\":\"admin\",\"@id\":\"https:\\\/\\\/kibrisdakik.com\\\/#\\\/schema\\\/person\\\/9cd9d437bbb44f72b73ba127e06d8e79\"},\"headline\":\"Narin&#8217;in babas\u0131 canl\u0131 yay\u0131nda a\u00e7\u0131k a\u00e7\u0131k isim verdi: Nevzat Bahtiyar&#8217;\u0131n \u00f6ld\u00fcrd\u00fc\u011f\u00fcn\u00fc d\u00fc\u015f\u00fcn\u00fcyorum\",\"datePublished\":\"2024-09-13T19:14:53+00:00\",\"mainEntityOfPage\":{\"@id\":\"https:\\\/\\\/kibrisdakik.com\\\/?p=61941\"},\"wordCount\":676,\"commentCount\":0,\"image\":{\"@id\":\"https:\\\/\\\/kibrisdakik.com\\\/?p=61941#primaryimage\"},\"thumbnailUrl\":\"https:\\\/\\\/kibrisdakik.com\\\/wp-content\\\/uploads\\\/2024\\\/09\\\/narin-in-babasi-canli-yayinda-acik-acik-isim-17818936_5438_amp.jpg\",\"articleSection\":[\"Magazin\"],\"inLanguage\":\"tr\",\"potentialAction\":[{\"@type\":\"CommentAction\",\"name\":\"Comment\",\"target\":[\"https:\\\/\\\/kibrisdakik.com\\\/?p=61941#respond\"]}]},{\"@type\":\"WebPage\",\"@id\":\"https:\\\/\\\/kibrisdakik.com\\\/?p=61941\",\"url\":\"https:\\\/\\\/kibrisdakik.com\\\/?p=61941\",\"name\":\"Narin'in babas\u0131 canl\u0131 yay\u0131nda a\u00e7\u0131k a\u00e7\u0131k isim verdi: Nevzat Bahtiyar'\u0131n \u00f6ld\u00fcrd\u00fc\u011f\u00fcn\u00fc d\u00fc\u015f\u00fcn\u00fcyorum -\",\"isPartOf\":{\"@id\":\"https:\\\/\\\/kibrisdakik.com\\\/#website\"},\"primaryImageOfPage\":{\"@id\":\"https:\\\/\\\/kibrisdakik.com\\\/?p=61941#primaryimage\"},\"image\":{\"@id\":\"https:\\\/\\\/kibrisdakik.com\\\/?p=61941#primaryimage\"},\"thumbnailUrl\":\"https:\\\/\\\/kibrisdakik.com\\\/wp-content\\\/uploads\\\/2024\\\/09\\\/narin-in-babasi-canli-yayinda-acik-acik-isim-17818936_5438_amp.jpg\",\"datePublished\":\"2024-09-13T19:14:53+00:00\",\"author\":{\"@id\":\"https:\\\/\\\/kibrisdakik.com\\\/#\\\/schema\\\/person\\\/9cd9d437bbb44f72b73ba127e06d8e79\"},\"breadcrumb\":{\"@id\":\"https:\\\/\\\/kibrisdakik.com\\\/?p=61941#breadcrumb\"},\"inLanguage\":\"tr\",\"potentialAction\":[{\"@type\":\"ReadAction\",\"target\":[\"https:\\\/\\\/kibrisdakik.com\\\/?p=61941\"]}]},{\"@type\":\"ImageObject\",\"inLanguage\":\"tr\",\"@id\":\"https:\\\/\\\/kibrisdakik.com\\\/?p=61941#primaryimage\",\"url\":\"https:\\\/\\\/kibrisdakik.com\\\/wp-content\\\/uploads\\\/2024\\\/09\\\/narin-in-babasi-canli-yayinda-acik-acik-isim-17818936_5438_amp.jpg\",\"contentUrl\":\"https:\\\/\\\/kibrisdakik.com\\\/wp-content\\\/uploads\\\/2024\\\/09\\\/narin-in-babasi-canli-yayinda-acik-acik-isim-17818936_5438_amp.jpg\",\"width\":1202,\"height\":675},{\"@type\":\"BreadcrumbList\",\"@id\":\"https:\\\/\\\/kibrisdakik.com\\\/?p=61941#breadcrumb\",\"itemListElement\":[{\"@type\":\"ListItem\",\"position\":1,\"name\":\"Home\",\"item\":\"https:\\\/\\\/kibrisdakik.com\\\/\"},{\"@type\":\"ListItem\",\"position\":2,\"name\":\"Narin&#8217;in babas\u0131 canl\u0131 yay\u0131nda a\u00e7\u0131k a\u00e7\u0131k isim verdi: Nevzat Bahtiyar&#8217;\u0131n \u00f6ld\u00fcrd\u00fc\u011f\u00fcn\u00fc d\u00fc\u015f\u00fcn\u00fcyorum\"}]},{\"@type\":\"WebSite\",\"@id\":\"https:\\\/\\\/kibrisdakik.com\\\/#website\",\"url\":\"https:\\\/\\\/kibrisdakik.com\\\/\",\"name\":\"\",\"description\":\"Tam vaktinde haber\",\"potentialAction\":[{\"@type\":\"SearchAction\",\"target\":{\"@type\":\"EntryPoint\",\"urlTemplate\":\"https:\\\/\\\/kibrisdakik.com\\\/?s={search_term_string}\"},\"query-input\":{\"@type\":\"PropertyValueSpecification\",\"valueRequired\":true,\"valueName\":\"search_term_string\"}}],\"inLanguage\":\"tr\"},{\"@type\":\"Person\",\"@id\":\"https:\\\/\\\/kibrisdakik.com\\\/#\\\/schema\\\/person\\\/9cd9d437bbb44f72b73ba127e06d8e79\",\"name\":\"admin\",\"image\":{\"@type\":\"ImageObject\",\"inLanguage\":\"tr\",\"@id\":\"https:\\\/\\\/secure.gravatar.com\\\/avatar\\\/ccc17943b9d660506c869530f897617f7cb1c21a4bf30023f252596d83e1f007?s=96&d=mm&r=g\",\"url\":\"https:\\\/\\\/secure.gravatar.com\\\/avatar\\\/ccc17943b9d660506c869530f897617f7cb1c21a4bf30023f252596d83e1f007?s=96&d=mm&r=g\",\"contentUrl\":\"https:\\\/\\\/secure.gravatar.com\\\/avatar\\\/ccc17943b9d660506c869530f897617f7cb1c21a4bf30023f252596d83e1f007?s=96&d=mm&r=g\",\"caption\":\"admin\"},\"sameAs\":[\"https:\\\/\\\/kibrisdakik.com\"],\"url\":\"https:\\\/\\\/kibrisdakik.com\\\/?author=1\"}]}<\/script>\n<!-- \/ Yoast SEO plugin. -->","yoast_head_json":{"title":"Narin'in babas\u0131 canl\u0131 yay\u0131nda a\u00e7\u0131k a\u00e7\u0131k isim verdi: Nevzat Bahtiyar'\u0131n \u00f6ld\u00fcrd\u00fc\u011f\u00fcn\u00fc d\u00fc\u015f\u00fcn\u00fcyorum -","robots":{"index":"index","follow":"follow","max-snippet":"max-snippet:-1","max-image-preview":"max-image-preview:large","max-video-preview":"max-video-preview:-1"},"canonical":"https:\/\/kibrisdakik.com\/?p=61941","og_locale":"tr_TR","og_type":"article","og_title":"Narin'in babas\u0131 canl\u0131 yay\u0131nda a\u00e7\u0131k a\u00e7\u0131k isim verdi: Nevzat Bahtiyar'\u0131n \u00f6ld\u00fcrd\u00fc\u011f\u00fcn\u00fc d\u00fc\u015f\u00fcn\u00fcyorum -","og_description":"Diyarbak\u0131r&#8216;da Narin G\u00fcran&#8217;\u0131n \u00f6ld\u00fcr\u00fclmesine ili\u015fkin g\u00f6zalt\u0131na al\u0131n\u0131p serbest b\u0131rak\u0131lan baba Arif G\u00fcran, kat\u0131ld\u0131\u011f\u0131 canl\u0131 yay\u0131nda Nevzat Bahtiyar&#8217;\u0131n ismini verdi. Arif G\u00fcran, &#8220;Niye k\u0131z\u0131m\u0131n yerini bildi\u011fi halde s\u00f6ylemiyor. Ben art\u0131k Nevzat Bahtiyar&#8217;\u0131n para i\u00e7in \u00e7ocu\u011fumu \u00f6ld\u00fcrd\u00fc\u011f\u00fcn\u00fc d\u00fc\u015f\u00fcn\u00fcyorum. Nevzat Bahtiyar abimi su\u00e7luyorsa e\u011fer kendisi neden gidip jandarmaya s\u00f6ylemiyor.&#8221; ifadelerini kulland\u0131. Diyarbak\u0131r&#8217;\u0131n Ba\u011flar il\u00e7esinde Kur&#8217;an kursuna gittikten sonra","og_url":"https:\/\/kibrisdakik.com\/?p=61941","article_published_time":"2024-09-13T19:14:53+00:00","og_image":[{"width":1202,"height":675,"url":"https:\/\/kibrisdakik.com\/wp-content\/uploads\/2024\/09\/narin-in-babasi-canli-yayinda-acik-acik-isim-17818936_5438_amp.jpg","type":"image\/jpeg"}],"author":"admin","twitter_card":"summary_large_image","twitter_misc":{"Yazan:":"admin","Tahmini okuma s\u00fcresi":"3 dakika"},"schema":{"@context":"https:\/\/schema.org","@graph":[{"@type":"Article","@id":"https:\/\/kibrisdakik.com\/?p=61941#article","isPartOf":{"@id":"https:\/\/kibrisdakik.com\/?p=61941"},"author":{"name":"admin","@id":"https:\/\/kibrisdakik.com\/#\/schema\/person\/9cd9d437bbb44f72b73ba127e06d8e79"},"headline":"Narin&#8217;in babas\u0131 canl\u0131 yay\u0131nda a\u00e7\u0131k a\u00e7\u0131k isim verdi: Nevzat Bahtiyar&#8217;\u0131n \u00f6ld\u00fcrd\u00fc\u011f\u00fcn\u00fc d\u00fc\u015f\u00fcn\u00fcyorum","datePublished":"2024-09-13T19:14:53+00:00","mainEntityOfPage":{"@id":"https:\/\/kibrisdakik.com\/?p=61941"},"wordCount":676,"commentCount":0,"image":{"@id":"https:\/\/kibrisdakik.com\/?p=61941#primaryimage"},"thumbnailUrl":"https:\/\/kibrisdakik.com\/wp-content\/uploads\/2024\/09\/narin-in-babasi-canli-yayinda-acik-acik-isim-17818936_5438_amp.jpg","articleSection":["Magazin"],"inLanguage":"tr","potentialAction":[{"@type":"CommentAction","name":"Comment","target":["https:\/\/kibrisdakik.com\/?p=61941#respond"]}]},{"@type":"WebPage","@id":"https:\/\/kibrisdakik.com\/?p=61941","url":"https:\/\/kibrisdakik.com\/?p=61941","name":"Narin'in babas\u0131 canl\u0131 yay\u0131nda a\u00e7\u0131k a\u00e7\u0131k isim verdi: Nevzat Bahtiyar'\u0131n \u00f6ld\u00fcrd\u00fc\u011f\u00fcn\u00fc d\u00fc\u015f\u00fcn\u00fcyorum -","isPartOf":{"@id":"https:\/\/kibrisdakik.com\/#website"},"primaryImageOfPage":{"@id":"https:\/\/kibrisdakik.com\/?p=61941#primaryimage"},"image":{"@id":"https:\/\/kibrisdakik.com\/?p=61941#primaryimage"},"thumbnailUrl":"https:\/\/kibrisdakik.com\/wp-content\/uploads\/2024\/09\/narin-in-babasi-canli-yayinda-acik-acik-isim-17818936_5438_amp.jpg","datePublished":"2024-09-13T19:14:53+00:00","author":{"@id":"https:\/\/kibrisdakik.com\/#\/schema\/person\/9cd9d437bbb44f72b73ba127e06d8e79"},"breadcrumb":{"@id":"https:\/\/kibrisdakik.com\/?p=61941#breadcrumb"},"inLanguage":"tr","potentialAction":[{"@type":"ReadAction","target":["https:\/\/kibrisdakik.com\/?p=61941"]}]},{"@type":"ImageObject","inLanguage":"tr","@id":"https:\/\/kibrisdakik.com\/?p=61941#primaryimage","url":"https:\/\/kibrisdakik.com\/wp-content\/uploads\/2024\/09\/narin-in-babasi-canli-yayinda-acik-acik-isim-17818936_5438_amp.jpg","contentUrl":"https:\/\/kibrisdakik.com\/wp-content\/uploads\/2024\/09\/narin-in-babasi-canli-yayinda-acik-acik-isim-17818936_5438_amp.jpg","width":1202,"height":675},{"@type":"BreadcrumbList","@id":"https:\/\/kibrisdakik.com\/?p=61941#breadcrumb","itemListElement":[{"@type":"ListItem","position":1,"name":"Home","item":"https:\/\/kibrisdakik.com\/"},{"@type":"ListItem","position":2,"name":"Narin&#8217;in babas\u0131 canl\u0131 yay\u0131nda a\u00e7\u0131k a\u00e7\u0131k isim verdi: Nevzat Bahtiyar&#8217;\u0131n \u00f6ld\u00fcrd\u00fc\u011f\u00fcn\u00fc d\u00fc\u015f\u00fcn\u00fcyorum"}]},{"@type":"WebSite","@id":"https:\/\/kibrisdakik.com\/#website","url":"https:\/\/kibrisdakik.com\/","name":"","description":"Tam vaktinde haber","potentialAction":[{"@type":"SearchAction","target":{"@type":"EntryPoint","urlTemplate":"https:\/\/kibrisdakik.com\/?s={search_term_string}"},"query-input":{"@type":"PropertyValueSpecification","valueRequired":true,"valueName":"search_term_string"}}],"inLanguage":"tr"},{"@type":"Person","@id":"https:\/\/kibrisdakik.com\/#\/schema\/person\/9cd9d437bbb44f72b73ba127e06d8e79","name":"admin","image":{"@type":"ImageObject","inLanguage":"tr","@id":"https:\/\/secure.gravatar.com\/avatar\/ccc17943b9d660506c869530f897617f7cb1c21a4bf30023f252596d83e1f007?s=96&d=mm&r=g","url":"https:\/\/secure.gravatar.com\/avatar\/ccc17943b9d660506c869530f897617f7cb1c21a4bf30023f252596d83e1f007?s=96&d=mm&r=g","contentUrl":"https:\/\/secure.gravatar.com\/avatar\/ccc17943b9d660506c869530f897617f7cb1c21a4bf30023f252596d83e1f007?s=96&d=mm&r=g","caption":"admin"},"sameAs":["https:\/\/kibrisdakik.com"],"url":"https:\/\/kibrisdakik.com\/?author=1"}]}},"_links":{"self":[{"href":"https:\/\/kibrisdakik.com\/index.php?rest_route=\/wp\/v2\/posts\/61941","targetHints":{"allow":["GET"]}}],"collection":[{"href":"https:\/\/kibrisdakik.com\/index.php?rest_route=\/wp\/v2\/posts"}],"about":[{"href":"https:\/\/kibrisdakik.com\/index.php?rest_route=\/wp\/v2\/types\/post"}],"author":[{"embeddable":true,"href":"https:\/\/kibrisdakik.com\/index.php?rest_route=\/wp\/v2\/users\/1"}],"replies":[{"embeddable":true,"href":"https:\/\/kibrisdakik.com\/index.php?rest_route=%2Fwp%2Fv2%2Fcomments&post=61941"}],"version-history":[{"count":0,"href":"https:\/\/kibrisdakik.com\/index.php?rest_route=\/wp\/v2\/posts\/61941\/revisions"}],"wp:featuredmedia":[{"embeddable":true,"href":"https:\/\/kibrisdakik.com\/index.php?rest_route=\/wp\/v2\/media\/61942"}],"wp:attachment":[{"href":"https:\/\/kibrisdakik.com\/index.php?rest_route=%2Fwp%2Fv2%2Fmedia&parent=61941"}],"wp:term":[{"taxonomy":"category","embeddable":true,"href":"https:\/\/kibrisdakik.com\/index.php?rest_route=%2Fwp%2Fv2%2Fcategories&post=61941"},{"taxonomy":"post_tag","embeddable":true,"href":"https:\/\/kibrisdakik.com\/index.php?rest_route=%2Fwp%2Fv2%2Ftags&post=61941"}],"curies":[{"name":"wp","href":"https:\/\/api.w.org\/{rel}","templated":true}]}}