{"id":61946,"date":"2024-09-13T21:45:54","date_gmt":"2024-09-13T18:45:54","guid":{"rendered":"https:\/\/kibrisdakik.com\/index.php\/2024\/09\/13\/savcilik-cocugu-icin-harekete-gecti-jahrein-cezaevine-ters-kelepceyle-goturuldu\/"},"modified":"2024-09-13T21:45:54","modified_gmt":"2024-09-13T18:45:54","slug":"savcilik-cocugu-icin-harekete-gecti-jahrein-cezaevine-ters-kelepceyle-goturuldu","status":"publish","type":"post","link":"https:\/\/kibrisdakik.com\/?p=61946","title":{"rendered":"Savc\u0131l\u0131k, \u00e7ocu\u011fu i\u00e7in harekete ge\u00e7ti! Jahrein, cezaevine ters kelep\u00e7eyle g\u00f6t\u00fcr\u00fcld\u00fc"},"content":{"rendered":"<p><\/p>\n<div id=\"\">\n<p> <a class=\"keyword\" href=\"https:\/\/www.haberler.com\/antalya\/\" title=\"Antalya Haberleri, Antalya Haberi, Antalya Haber\"><strong>Antalya<\/strong><\/a>&#8216;da sosyal medya platformlar\u0131nda m\u00fcstehcen i\u00e7eriklerle g\u00fcndeme gelen Jahrein ve Pungent 666 rumuzlu iki fenomen, ters kelep\u00e7e tak\u0131larak cezaevine g\u00f6t\u00fcr\u00fcld\u00fc. <\/p>\n<h3>JAHRE\u0130N TUTUKLANDI<\/h3>\n<p> <a class=\"keyword\" href=\"https:\/\/www.haberler.com\/antalya\/\" title=\"Antalya Haberleri, Antalya Haberi, Antalya Haber\"><strong>Antalya<\/strong><\/a>&#8216;da sosyal medyada canl\u0131 sohbet odas\u0131nda toplumun genel ahlak\u0131na ve genel de\u011fer yarg\u0131lar\u0131na uygun olmayan m\u00fcstehcen konu\u015fmalar yapt\u0131\u011f\u0131 tespit edilen Pungent 666 rumuzlu Ert\u00fcrk K\u00f6sen ve Jahrein rumuzlu Ahmet Sonu\u00e7 g\u00f6zalt\u0131na al\u0131nd\u0131. 2 \u015fah\u0131s \u00e7\u0131kar\u0131ld\u0131klar\u0131 mahkemece m\u00fcstehcenlik su\u00e7undan tutukland\u0131.<\/p>\n<p>Valilikten yap\u0131lan a\u00e7\u0131klamada, &#8216;Jahrein&#8217; isimli\/rumuzlu kullan\u0131c\u0131n\u0131n, Twitch isimli sosyal medya platformundaki canl\u0131 yay\u0131nda benzer i\u00e7erikli konu\u015fmalar yapt\u0131\u011f\u0131 g\u00f6r\u00fclm\u00fc\u015f, yap\u0131lan incelemeler neticesinde &#8216;Jahrein&#8217; isimli\/rumuzlu kullan\u0131c\u0131n\u0131n A.S. isimli \u015fah\u0131s oldu\u011fu tespit edilmi\u015ftir. E.K. ve A.S. isimli \u015fah\u0131slar 12 Eyl\u00fcl g\u00fcn\u00fc Emniyet M\u00fcd\u00fcrl\u00fc\u011f\u00fc&#8217;m\u00fcz Siber Su\u00e7larla M\u00fccadele \u015eubesi g\u00f6revlilerimiz taraf\u0131ndan g\u00f6zalt\u0131na al\u0131narak haklar\u0131nda T\u00fcrk Ceza Kanunu&#8217;nun 226. maddesine g\u00f6re &#8216;m\u00fcstehcenlik&#8217; su\u00e7undan i\u015flem ba\u015flat\u0131lm\u0131\u015ft\u0131r.&#8221; bilgisi verildi.<\/p>\n<p><img loading=\"lazy\" decoding=\"async\" class=\"hbptMainImage lazyload ImgDetay\" src=\"https:\/\/foto.haberler.com\/haber\/2024\/09\/13\/jahrein-ve-pungent-666-mustehcenlik-sucundan-17818839_2922_m.jpg\" alt=\"Jahrein ve Pungent 666 M\u00fcstehcenlik Su\u00e7undan Tutukland\u0131\" width=\"640\" height=\"359\"\/><\/p>\n<h3>TERS KELEP\u00c7EYLE G\u00d6T\u00dcR\u00dcLD\u00dcLER<\/h3>\n<p>Ahmet Sonu\u00e7 ve Ert\u00fcrk K\u00f6sen&#8217;in tutukland\u0131ktan sonraki g\u00f6r\u00fcnt\u00fcleri ortaya \u00e7\u0131kt\u0131. \u015eah\u0131slar\u0131n ters kelep\u00e7eyle g\u00f6t\u00fcr\u00fcld\u00fc\u011f\u00fc g\u00f6r\u00fcld\u00fc.<\/p>\n<h3>SAVCILIK, JAHRE\u0130N&#8217;\u0130N \u00c7OCU\u011eU \u0130\u00c7\u0130N HAREKETE GE\u00c7T\u0130<\/h3>\n<p> <a class=\"keyword\" href=\"https:\/\/www.haberler.com\/antalya\/\" title=\"Antalya Haberleri, Antalya Haberi, Antalya Haber\"><strong>Antalya<\/strong><\/a> Cumhuriyet Ba\u015fsavc\u0131l\u0131\u011f\u0131, Jahrein&#8217;in s\u00f6yledi\u011fi s\u00f6zler nedeniyle \u00e7ocu\u011fu Bora Emir hakk\u0131nda de\u011ferlendirme ve tedbir al\u0131nmas\u0131na y\u00f6nelik Aile Bakanl\u0131\u011f\u0131&#8217;ndan talepte bulundu.<\/p>\n<figure class=\"type:primaryimage hbhOrder\" style=\"margin-bottom: 20px;\"><img loading=\"lazy\" decoding=\"async\" width=\"1202\" height=\"675\" class=\"hbptMainImage\" id=\"HaberImage\" src=\"https:\/\/foto.haberler.com\/resize\/601x337\/haber\/2024\/09\/13\/jahrein-ve-pungent-666-mustehcenlik-sucundan-17818839_7815_amp.jpg\"\/><\/figure>\n<div class=\"editorSade\">Kaynak: \u0130hlas Haber Ajans\u0131 \/  <a href=\"https:\/\/www.haberler.com\/3-sayfa\/\" title=\"3.Sayfa Haberleri\">3.Sayfa<\/a> <\/div>\n<h4 id=\"nwsKeywords\"> <a href=\"https:\/\/www.haberler.com\/cumhuriyet-bassavciligi\/\" title=\"Cumhuriyet Ba\u015fsavc\u0131l\u0131\u011f\u0131\" class=\"hbptTag\">Cumhuriyet Ba\u015fsavc\u0131l\u0131\u011f\u0131<\/a>  <a href=\"https:\/\/www.haberler.com\/aile-bakanligi\/\" title=\"Aile Bakanl\u0131\u011f\u0131\" class=\"hbptTag\">Aile Bakanl\u0131\u011f\u0131<\/a>  <a href=\"https:\/\/www.haberler.com\/sosyal-medya\/\" title=\"Sosyal Medya\" class=\"hbptTag\">Sosyal Medya<\/a>  <a href=\"https:\/\/www.haberler.com\/ahmet-sonuc\/\" title=\"Ahmet Sonu\u00e7\" class=\"hbptTag\">Ahmet Sonu\u00e7<\/a>  <a href=\"https:\/\/www.haberler.com\/guvenlik\/\" title=\"G\u00fcvenlik\" class=\"hbptTag\">G\u00fcvenlik<\/a>  <a href=\"https:\/\/www.haberler.com\/antalya\/\" title=\"Antalya\" class=\"hbptTag\">Antalya<\/a>  <a href=\"https:\/\/www.haberler.com\/3-sayfa\/\" title=\"3-sayfa\" class=\"hbptTag\">3-sayfa<\/a>  <a href=\"https:\/\/www.haberler.com\/sozler\/\" title=\"S\u00f6zler\" class=\"hbptTag\">S\u00f6zler<\/a>  <a href=\"https:\/\/www.haberler.com\/hukuk\/\" title=\"Hukuk\" class=\"hbptTag\">Hukuk<\/a>  <a href=\"https:\/\/www.haberler.com\/yasam\/\" title=\"Ya\u015fam\" class=\"hbptTag\">Ya\u015fam<\/a>  <a href=\"https:\/\/www.haberler.com\/medya\/\" title=\"Medya\" class=\"hbptTag\">Medya<\/a> <\/h4>\n<\/div>\n","protected":false},"excerpt":{"rendered":"<p>Antalya&#8216;da sosyal medya platformlar\u0131nda m\u00fcstehcen i\u00e7eriklerle g\u00fcndeme gelen Jahrein ve Pungent 666 rumuzlu iki fenomen, ters kelep\u00e7e tak\u0131larak cezaevine g\u00f6t\u00fcr\u00fcld\u00fc. JAHRE\u0130N TUTUKLANDI Antalya&#8216;da sosyal medyada canl\u0131 sohbet odas\u0131nda toplumun genel ahlak\u0131na ve genel de\u011fer yarg\u0131lar\u0131na uygun olmayan m\u00fcstehcen konu\u015fmalar yapt\u0131\u011f\u0131 tespit edilen Pungent 666 rumuzlu Ert\u00fcrk K\u00f6sen ve Jahrein rumuzlu Ahmet Sonu\u00e7 g\u00f6zalt\u0131na al\u0131nd\u0131. 2<\/p>\n","protected":false},"author":1,"featured_media":61947,"comment_status":"open","ping_status":"open","sticky":false,"template":"","format":"standard","meta":{"footnotes":""},"categories":[83],"tags":[],"class_list":["post-61946","post","type-post","status-publish","format-standard","has-post-thumbnail","hentry","category-magazin"],"yoast_head":"<!-- This site is optimized with the Yoast SEO plugin v27.5 - https:\/\/yoast.com\/product\/yoast-seo-wordpress\/ -->\n<title>Savc\u0131l\u0131k, \u00e7ocu\u011fu i\u00e7in harekete ge\u00e7ti! Jahrein, cezaevine ters kelep\u00e7eyle g\u00f6t\u00fcr\u00fcld\u00fc -<\/title>\n<meta name=\"robots\" content=\"index, follow, max-snippet:-1, max-image-preview:large, max-video-preview:-1\" \/>\n<link rel=\"canonical\" href=\"https:\/\/kibrisdakik.com\/?p=61946\" \/>\n<meta property=\"og:locale\" content=\"tr_TR\" \/>\n<meta property=\"og:type\" content=\"article\" \/>\n<meta property=\"og:title\" content=\"Savc\u0131l\u0131k, \u00e7ocu\u011fu i\u00e7in harekete ge\u00e7ti! Jahrein, cezaevine ters kelep\u00e7eyle g\u00f6t\u00fcr\u00fcld\u00fc -\" \/>\n<meta property=\"og:description\" content=\"Antalya&#8216;da sosyal medya platformlar\u0131nda m\u00fcstehcen i\u00e7eriklerle g\u00fcndeme gelen Jahrein ve Pungent 666 rumuzlu iki fenomen, ters kelep\u00e7e tak\u0131larak cezaevine g\u00f6t\u00fcr\u00fcld\u00fc. JAHRE\u0130N TUTUKLANDI Antalya&#8216;da sosyal medyada canl\u0131 sohbet odas\u0131nda toplumun genel ahlak\u0131na ve genel de\u011fer yarg\u0131lar\u0131na uygun olmayan m\u00fcstehcen konu\u015fmalar yapt\u0131\u011f\u0131 tespit edilen Pungent 666 rumuzlu Ert\u00fcrk K\u00f6sen ve Jahrein rumuzlu Ahmet Sonu\u00e7 g\u00f6zalt\u0131na al\u0131nd\u0131. 2\" \/>\n<meta property=\"og:url\" content=\"https:\/\/kibrisdakik.com\/?p=61946\" \/>\n<meta property=\"article:published_time\" content=\"2024-09-13T18:45:54+00:00\" \/>\n<meta property=\"og:image\" content=\"https:\/\/kibrisdakik.com\/wp-content\/uploads\/2024\/09\/jahrein-ve-pungent-666-mustehcenlik-sucundan-17818839_2922_m.jpg\" \/>\n\t<meta property=\"og:image:width\" content=\"640\" \/>\n\t<meta property=\"og:image:height\" content=\"360\" \/>\n\t<meta property=\"og:image:type\" content=\"image\/jpeg\" \/>\n<meta name=\"author\" content=\"admin\" \/>\n<meta name=\"twitter:card\" content=\"summary_large_image\" \/>\n<meta name=\"twitter:label1\" content=\"Yazan:\" \/>\n\t<meta name=\"twitter:data1\" content=\"admin\" \/>\n\t<meta name=\"twitter:label2\" content=\"Tahmini okuma s\u00fcresi\" \/>\n\t<meta name=\"twitter:data2\" content=\"1 dakika\" \/>\n<script type=\"application\/ld+json\" class=\"yoast-schema-graph\">{\"@context\":\"https:\\\/\\\/schema.org\",\"@graph\":[{\"@type\":\"Article\",\"@id\":\"https:\\\/\\\/kibrisdakik.com\\\/?p=61946#article\",\"isPartOf\":{\"@id\":\"https:\\\/\\\/kibrisdakik.com\\\/?p=61946\"},\"author\":{\"name\":\"admin\",\"@id\":\"https:\\\/\\\/kibrisdakik.com\\\/#\\\/schema\\\/person\\\/9cd9d437bbb44f72b73ba127e06d8e79\"},\"headline\":\"Savc\u0131l\u0131k, \u00e7ocu\u011fu i\u00e7in harekete ge\u00e7ti! Jahrein, cezaevine ters kelep\u00e7eyle g\u00f6t\u00fcr\u00fcld\u00fc\",\"datePublished\":\"2024-09-13T18:45:54+00:00\",\"mainEntityOfPage\":{\"@id\":\"https:\\\/\\\/kibrisdakik.com\\\/?p=61946\"},\"wordCount\":315,\"commentCount\":0,\"image\":{\"@id\":\"https:\\\/\\\/kibrisdakik.com\\\/?p=61946#primaryimage\"},\"thumbnailUrl\":\"https:\\\/\\\/kibrisdakik.com\\\/wp-content\\\/uploads\\\/2024\\\/09\\\/jahrein-ve-pungent-666-mustehcenlik-sucundan-17818839_2922_m.jpg\",\"articleSection\":[\"Magazin\"],\"inLanguage\":\"tr\",\"potentialAction\":[{\"@type\":\"CommentAction\",\"name\":\"Comment\",\"target\":[\"https:\\\/\\\/kibrisdakik.com\\\/?p=61946#respond\"]}]},{\"@type\":\"WebPage\",\"@id\":\"https:\\\/\\\/kibrisdakik.com\\\/?p=61946\",\"url\":\"https:\\\/\\\/kibrisdakik.com\\\/?p=61946\",\"name\":\"Savc\u0131l\u0131k, \u00e7ocu\u011fu i\u00e7in harekete ge\u00e7ti! Jahrein, cezaevine ters kelep\u00e7eyle g\u00f6t\u00fcr\u00fcld\u00fc -\",\"isPartOf\":{\"@id\":\"https:\\\/\\\/kibrisdakik.com\\\/#website\"},\"primaryImageOfPage\":{\"@id\":\"https:\\\/\\\/kibrisdakik.com\\\/?p=61946#primaryimage\"},\"image\":{\"@id\":\"https:\\\/\\\/kibrisdakik.com\\\/?p=61946#primaryimage\"},\"thumbnailUrl\":\"https:\\\/\\\/kibrisdakik.com\\\/wp-content\\\/uploads\\\/2024\\\/09\\\/jahrein-ve-pungent-666-mustehcenlik-sucundan-17818839_2922_m.jpg\",\"datePublished\":\"2024-09-13T18:45:54+00:00\",\"author\":{\"@id\":\"https:\\\/\\\/kibrisdakik.com\\\/#\\\/schema\\\/person\\\/9cd9d437bbb44f72b73ba127e06d8e79\"},\"breadcrumb\":{\"@id\":\"https:\\\/\\\/kibrisdakik.com\\\/?p=61946#breadcrumb\"},\"inLanguage\":\"tr\",\"potentialAction\":[{\"@type\":\"ReadAction\",\"target\":[\"https:\\\/\\\/kibrisdakik.com\\\/?p=61946\"]}]},{\"@type\":\"ImageObject\",\"inLanguage\":\"tr\",\"@id\":\"https:\\\/\\\/kibrisdakik.com\\\/?p=61946#primaryimage\",\"url\":\"https:\\\/\\\/kibrisdakik.com\\\/wp-content\\\/uploads\\\/2024\\\/09\\\/jahrein-ve-pungent-666-mustehcenlik-sucundan-17818839_2922_m.jpg\",\"contentUrl\":\"https:\\\/\\\/kibrisdakik.com\\\/wp-content\\\/uploads\\\/2024\\\/09\\\/jahrein-ve-pungent-666-mustehcenlik-sucundan-17818839_2922_m.jpg\",\"width\":640,\"height\":360},{\"@type\":\"BreadcrumbList\",\"@id\":\"https:\\\/\\\/kibrisdakik.com\\\/?p=61946#breadcrumb\",\"itemListElement\":[{\"@type\":\"ListItem\",\"position\":1,\"name\":\"Home\",\"item\":\"https:\\\/\\\/kibrisdakik.com\\\/\"},{\"@type\":\"ListItem\",\"position\":2,\"name\":\"Savc\u0131l\u0131k, \u00e7ocu\u011fu i\u00e7in harekete ge\u00e7ti! Jahrein, cezaevine ters kelep\u00e7eyle g\u00f6t\u00fcr\u00fcld\u00fc\"}]},{\"@type\":\"WebSite\",\"@id\":\"https:\\\/\\\/kibrisdakik.com\\\/#website\",\"url\":\"https:\\\/\\\/kibrisdakik.com\\\/\",\"name\":\"\",\"description\":\"Tam vaktinde haber\",\"potentialAction\":[{\"@type\":\"SearchAction\",\"target\":{\"@type\":\"EntryPoint\",\"urlTemplate\":\"https:\\\/\\\/kibrisdakik.com\\\/?s={search_term_string}\"},\"query-input\":{\"@type\":\"PropertyValueSpecification\",\"valueRequired\":true,\"valueName\":\"search_term_string\"}}],\"inLanguage\":\"tr\"},{\"@type\":\"Person\",\"@id\":\"https:\\\/\\\/kibrisdakik.com\\\/#\\\/schema\\\/person\\\/9cd9d437bbb44f72b73ba127e06d8e79\",\"name\":\"admin\",\"image\":{\"@type\":\"ImageObject\",\"inLanguage\":\"tr\",\"@id\":\"https:\\\/\\\/secure.gravatar.com\\\/avatar\\\/ccc17943b9d660506c869530f897617f7cb1c21a4bf30023f252596d83e1f007?s=96&d=mm&r=g\",\"url\":\"https:\\\/\\\/secure.gravatar.com\\\/avatar\\\/ccc17943b9d660506c869530f897617f7cb1c21a4bf30023f252596d83e1f007?s=96&d=mm&r=g\",\"contentUrl\":\"https:\\\/\\\/secure.gravatar.com\\\/avatar\\\/ccc17943b9d660506c869530f897617f7cb1c21a4bf30023f252596d83e1f007?s=96&d=mm&r=g\",\"caption\":\"admin\"},\"sameAs\":[\"https:\\\/\\\/kibrisdakik.com\"],\"url\":\"https:\\\/\\\/kibrisdakik.com\\\/?author=1\"}]}<\/script>\n<!-- \/ Yoast SEO plugin. -->","yoast_head_json":{"title":"Savc\u0131l\u0131k, \u00e7ocu\u011fu i\u00e7in harekete ge\u00e7ti! Jahrein, cezaevine ters kelep\u00e7eyle g\u00f6t\u00fcr\u00fcld\u00fc -","robots":{"index":"index","follow":"follow","max-snippet":"max-snippet:-1","max-image-preview":"max-image-preview:large","max-video-preview":"max-video-preview:-1"},"canonical":"https:\/\/kibrisdakik.com\/?p=61946","og_locale":"tr_TR","og_type":"article","og_title":"Savc\u0131l\u0131k, \u00e7ocu\u011fu i\u00e7in harekete ge\u00e7ti! Jahrein, cezaevine ters kelep\u00e7eyle g\u00f6t\u00fcr\u00fcld\u00fc -","og_description":"Antalya&#8216;da sosyal medya platformlar\u0131nda m\u00fcstehcen i\u00e7eriklerle g\u00fcndeme gelen Jahrein ve Pungent 666 rumuzlu iki fenomen, ters kelep\u00e7e tak\u0131larak cezaevine g\u00f6t\u00fcr\u00fcld\u00fc. JAHRE\u0130N TUTUKLANDI Antalya&#8216;da sosyal medyada canl\u0131 sohbet odas\u0131nda toplumun genel ahlak\u0131na ve genel de\u011fer yarg\u0131lar\u0131na uygun olmayan m\u00fcstehcen konu\u015fmalar yapt\u0131\u011f\u0131 tespit edilen Pungent 666 rumuzlu Ert\u00fcrk K\u00f6sen ve Jahrein rumuzlu Ahmet Sonu\u00e7 g\u00f6zalt\u0131na al\u0131nd\u0131. 2","og_url":"https:\/\/kibrisdakik.com\/?p=61946","article_published_time":"2024-09-13T18:45:54+00:00","og_image":[{"width":640,"height":360,"url":"https:\/\/kibrisdakik.com\/wp-content\/uploads\/2024\/09\/jahrein-ve-pungent-666-mustehcenlik-sucundan-17818839_2922_m.jpg","type":"image\/jpeg"}],"author":"admin","twitter_card":"summary_large_image","twitter_misc":{"Yazan:":"admin","Tahmini okuma s\u00fcresi":"1 dakika"},"schema":{"@context":"https:\/\/schema.org","@graph":[{"@type":"Article","@id":"https:\/\/kibrisdakik.com\/?p=61946#article","isPartOf":{"@id":"https:\/\/kibrisdakik.com\/?p=61946"},"author":{"name":"admin","@id":"https:\/\/kibrisdakik.com\/#\/schema\/person\/9cd9d437bbb44f72b73ba127e06d8e79"},"headline":"Savc\u0131l\u0131k, \u00e7ocu\u011fu i\u00e7in harekete ge\u00e7ti! Jahrein, cezaevine ters kelep\u00e7eyle g\u00f6t\u00fcr\u00fcld\u00fc","datePublished":"2024-09-13T18:45:54+00:00","mainEntityOfPage":{"@id":"https:\/\/kibrisdakik.com\/?p=61946"},"wordCount":315,"commentCount":0,"image":{"@id":"https:\/\/kibrisdakik.com\/?p=61946#primaryimage"},"thumbnailUrl":"https:\/\/kibrisdakik.com\/wp-content\/uploads\/2024\/09\/jahrein-ve-pungent-666-mustehcenlik-sucundan-17818839_2922_m.jpg","articleSection":["Magazin"],"inLanguage":"tr","potentialAction":[{"@type":"CommentAction","name":"Comment","target":["https:\/\/kibrisdakik.com\/?p=61946#respond"]}]},{"@type":"WebPage","@id":"https:\/\/kibrisdakik.com\/?p=61946","url":"https:\/\/kibrisdakik.com\/?p=61946","name":"Savc\u0131l\u0131k, \u00e7ocu\u011fu i\u00e7in harekete ge\u00e7ti! Jahrein, cezaevine ters kelep\u00e7eyle g\u00f6t\u00fcr\u00fcld\u00fc -","isPartOf":{"@id":"https:\/\/kibrisdakik.com\/#website"},"primaryImageOfPage":{"@id":"https:\/\/kibrisdakik.com\/?p=61946#primaryimage"},"image":{"@id":"https:\/\/kibrisdakik.com\/?p=61946#primaryimage"},"thumbnailUrl":"https:\/\/kibrisdakik.com\/wp-content\/uploads\/2024\/09\/jahrein-ve-pungent-666-mustehcenlik-sucundan-17818839_2922_m.jpg","datePublished":"2024-09-13T18:45:54+00:00","author":{"@id":"https:\/\/kibrisdakik.com\/#\/schema\/person\/9cd9d437bbb44f72b73ba127e06d8e79"},"breadcrumb":{"@id":"https:\/\/kibrisdakik.com\/?p=61946#breadcrumb"},"inLanguage":"tr","potentialAction":[{"@type":"ReadAction","target":["https:\/\/kibrisdakik.com\/?p=61946"]}]},{"@type":"ImageObject","inLanguage":"tr","@id":"https:\/\/kibrisdakik.com\/?p=61946#primaryimage","url":"https:\/\/kibrisdakik.com\/wp-content\/uploads\/2024\/09\/jahrein-ve-pungent-666-mustehcenlik-sucundan-17818839_2922_m.jpg","contentUrl":"https:\/\/kibrisdakik.com\/wp-content\/uploads\/2024\/09\/jahrein-ve-pungent-666-mustehcenlik-sucundan-17818839_2922_m.jpg","width":640,"height":360},{"@type":"BreadcrumbList","@id":"https:\/\/kibrisdakik.com\/?p=61946#breadcrumb","itemListElement":[{"@type":"ListItem","position":1,"name":"Home","item":"https:\/\/kibrisdakik.com\/"},{"@type":"ListItem","position":2,"name":"Savc\u0131l\u0131k, \u00e7ocu\u011fu i\u00e7in harekete ge\u00e7ti! Jahrein, cezaevine ters kelep\u00e7eyle g\u00f6t\u00fcr\u00fcld\u00fc"}]},{"@type":"WebSite","@id":"https:\/\/kibrisdakik.com\/#website","url":"https:\/\/kibrisdakik.com\/","name":"","description":"Tam vaktinde haber","potentialAction":[{"@type":"SearchAction","target":{"@type":"EntryPoint","urlTemplate":"https:\/\/kibrisdakik.com\/?s={search_term_string}"},"query-input":{"@type":"PropertyValueSpecification","valueRequired":true,"valueName":"search_term_string"}}],"inLanguage":"tr"},{"@type":"Person","@id":"https:\/\/kibrisdakik.com\/#\/schema\/person\/9cd9d437bbb44f72b73ba127e06d8e79","name":"admin","image":{"@type":"ImageObject","inLanguage":"tr","@id":"https:\/\/secure.gravatar.com\/avatar\/ccc17943b9d660506c869530f897617f7cb1c21a4bf30023f252596d83e1f007?s=96&d=mm&r=g","url":"https:\/\/secure.gravatar.com\/avatar\/ccc17943b9d660506c869530f897617f7cb1c21a4bf30023f252596d83e1f007?s=96&d=mm&r=g","contentUrl":"https:\/\/secure.gravatar.com\/avatar\/ccc17943b9d660506c869530f897617f7cb1c21a4bf30023f252596d83e1f007?s=96&d=mm&r=g","caption":"admin"},"sameAs":["https:\/\/kibrisdakik.com"],"url":"https:\/\/kibrisdakik.com\/?author=1"}]}},"_links":{"self":[{"href":"https:\/\/kibrisdakik.com\/index.php?rest_route=\/wp\/v2\/posts\/61946","targetHints":{"allow":["GET"]}}],"collection":[{"href":"https:\/\/kibrisdakik.com\/index.php?rest_route=\/wp\/v2\/posts"}],"about":[{"href":"https:\/\/kibrisdakik.com\/index.php?rest_route=\/wp\/v2\/types\/post"}],"author":[{"embeddable":true,"href":"https:\/\/kibrisdakik.com\/index.php?rest_route=\/wp\/v2\/users\/1"}],"replies":[{"embeddable":true,"href":"https:\/\/kibrisdakik.com\/index.php?rest_route=%2Fwp%2Fv2%2Fcomments&post=61946"}],"version-history":[{"count":0,"href":"https:\/\/kibrisdakik.com\/index.php?rest_route=\/wp\/v2\/posts\/61946\/revisions"}],"wp:featuredmedia":[{"embeddable":true,"href":"https:\/\/kibrisdakik.com\/index.php?rest_route=\/wp\/v2\/media\/61947"}],"wp:attachment":[{"href":"https:\/\/kibrisdakik.com\/index.php?rest_route=%2Fwp%2Fv2%2Fmedia&parent=61946"}],"wp:term":[{"taxonomy":"category","embeddable":true,"href":"https:\/\/kibrisdakik.com\/index.php?rest_route=%2Fwp%2Fv2%2Fcategories&post=61946"},{"taxonomy":"post_tag","embeddable":true,"href":"https:\/\/kibrisdakik.com\/index.php?rest_route=%2Fwp%2Fv2%2Ftags&post=61946"}],"curies":[{"name":"wp","href":"https:\/\/api.w.org\/{rel}","templated":true}]}}