{"id":61955,"date":"2024-09-13T22:04:55","date_gmt":"2024-09-13T19:04:55","guid":{"rendered":"https:\/\/kibrisdakik.com\/index.php\/2024\/09\/13\/kongoda-darbe-tesebbusu-davasinda-37-kisiye-idam-cezasi\/"},"modified":"2024-09-13T22:04:55","modified_gmt":"2024-09-13T19:04:55","slug":"kongoda-darbe-tesebbusu-davasinda-37-kisiye-idam-cezasi","status":"publish","type":"post","link":"https:\/\/kibrisdakik.com\/?p=61955","title":{"rendered":"Kongo&#8217;da darbe te\u015febb\u00fcs\u00fc davas\u0131nda 37 ki\u015fiye idam cezas\u0131"},"content":{"rendered":"<p><\/p>\n<div id=\"\">\n<p>Kongo Demokratik Cumhuriyeti&#8217;nde (KDC) darbe te\u015febb\u00fcs\u00fc su\u00e7lamas\u0131yla yarg\u0131lanan ve aralar\u0131nda ABD, Bel\u00e7ika, \u0130ngiltere ve Kanada vatanda\u015flar\u0131n\u0131n da bulundu\u011fu 37 ki\u015fiye idam cezas\u0131 verilmesi kararla\u015ft\u0131r\u0131ld\u0131.<\/p>\n<p><img loading=\"lazy\" decoding=\"async\" class=\"hbptMainImage lazyload ImgDetay\" src=\"https:\/\/foto.haberler.com\/haber\/2024\/09\/13\/kongo-demokratik-cumhuriyeti-nde-darbe-tesebbusu-17818888_6679_m.jpg\" alt=\"Kongo Demokratik Cumhuriyeti'nde Darbe Te\u015febb\u00fcs\u00fc Davas\u0131: 37 Ki\u015fiye \u0130dam Cezas\u0131\" width=\"640\" height=\"399\"\/><\/p>\n<h3>37 K\u0130\u015e\u0130 \u0130DAM ED\u0130LECEK<\/h3>\n<p>BBC&#8217;nin haberine g\u00f6re, KDC Cumhurba\u015fkan\u0131 Felix Tshisekedi&#8217;ye kar\u015f\u0131 darbe giri\u015fimi su\u00e7lamas\u0131na ili\u015fkin 51 san\u0131\u011f\u0131n tutuklu yarg\u0131land\u0131\u011f\u0131 dava mahkemece karara ba\u011fland\u0131. Aralar\u0131nda ABD, Bel\u00e7ika, \u0130ngiltere ve Kanada vatanda\u015flar\u0131n\u0131n da bulundu\u011fu 37 ki\u015fi mahkemece idam cezas\u0131na \u00e7arpt\u0131r\u0131ld\u0131, 14 ki\u015fi ise beraat ederek serbest b\u0131rak\u0131ld\u0131.<\/p>\n<p><img loading=\"lazy\" decoding=\"async\" class=\"hbptMainImage lazyload ImgDetay\" src=\"https:\/\/foto.haberler.com\/haber\/2024\/09\/13\/kongo-demokratik-cumhuriyeti-nde-darbe-tesebbusu-17818888_3923_m.jpg\" alt=\"Kongo Demokratik Cumhuriyeti'nde Darbe Te\u015febb\u00fcs\u00fc Davas\u0131: 37 Ki\u015fiye \u0130dam Cezas\u0131\" width=\"640\" height=\"397\"\/><\/p>\n<h3>KONGO&#8217;DAK\u0130 DARBE G\u0130R\u0130\u015e\u0130M\u0130<\/h3>\n<p>KDC&#8217;de, 19 May\u0131s&#8217;taki darbe giri\u015fimi g\u00fcvenlik g\u00fc\u00e7lerince engellenmi\u015fti. Ba\u015fkent Kin\u015fasa&#8217;n\u0131n Goma b\u00f6lgesinde g\u00fcvenlik g\u00fc\u00e7leri ile silahl\u0131 ki\u015filer aras\u0131nda \u00e7\u0131kan \u00e7at\u0131\u015fmada darbe te\u015febb\u00fcs\u00fcnde bulunanlar\u0131n baz\u0131lar\u0131 \u00f6ld\u00fcr\u00fclm\u00fc\u015f, 51 ki\u015finin de askeri mahkemede yarg\u0131lanmas\u0131na ba\u015flanm\u0131\u015ft\u0131.<\/p>\n<figure class=\"type:primaryimage hbhOrder\" style=\"margin-bottom: 20px;\"><img loading=\"lazy\" decoding=\"async\" width=\"1202\" height=\"675\" class=\"hbptMainImage\" id=\"HaberImage\" src=\"https:\/\/foto.haberler.com\/resize\/601x337\/haber\/2024\/09\/13\/kongo-demokratik-cumhuriyeti-nde-darbe-tesebbusu-17818888_8933_amp.jpg\"\/><\/figure>\n<h4 id=\"nwsKeywords\"> <a href=\"https:\/\/www.haberler.com\/uluslararasi-iliskiler\/\" title=\"Uluslararas\u0131 \u0130li\u015fkiler\" class=\"hbptTag\">Uluslararas\u0131 \u0130li\u015fkiler<\/a>  <a href=\"https:\/\/www.haberler.com\/darbe-girisimi\/\" title=\"Darbe Giri\u015fimi\" class=\"hbptTag\">Darbe Giri\u015fimi<\/a>  <a href=\"https:\/\/www.haberler.com\/dis-politika\/\" title=\"D\u0131\u015f Politika\" class=\"hbptTag\">D\u0131\u015f Politika<\/a>  <a href=\"https:\/\/www.haberler.com\/guvenlik\/\" title=\"G\u00fcvenlik\" class=\"hbptTag\">G\u00fcvenlik<\/a>  <a href=\"https:\/\/www.haberler.com\/politika\/\" title=\"Politika\" class=\"hbptTag\">Politika<\/a>  <a href=\"https:\/\/www.haberler.com\/belcika\/\" title=\"Bel\u00e7ika\" class=\"hbptTag\">Bel\u00e7ika<\/a>  <a href=\"https:\/\/www.haberler.com\/mahkum\/\" title=\"Mahkum\" class=\"hbptTag\">Mahkum<\/a>  <a href=\"https:\/\/www.haberler.com\/mahkum\/\" title=\"Mahkum\" class=\"hbptTag\">Mahkum<\/a>  <a href=\"https:\/\/www.haberler.com\/guncel\/\" title=\"G\u00fcncel\" class=\"hbptTag\">G\u00fcncel<\/a>  <a href=\"https:\/\/www.haberler.com\/kanada\/\" title=\"Kanada\" class=\"hbptTag\">Kanada<\/a>  <a href=\"https:\/\/www.haberler.com\/dunya\/\" title=\"D\u00fcnya\" class=\"hbptTag\">D\u00fcnya<\/a>  <a href=\"https:\/\/www.haberler.com\/kongo\/\" title=\"Kongo\" class=\"hbptTag\">Kongo<\/a>  <a href=\"https:\/\/www.haberler.com\/hukuk\/\" title=\"Hukuk\" class=\"hbptTag\">Hukuk<\/a>  <a href=\"https:\/\/www.haberler.com\/suc\/\" title=\"Su\u00e7\" class=\"hbptTag\">Su\u00e7<\/a> <\/h4>\n<\/div>\n","protected":false},"excerpt":{"rendered":"<p>Kongo Demokratik Cumhuriyeti&#8217;nde (KDC) darbe te\u015febb\u00fcs\u00fc su\u00e7lamas\u0131yla yarg\u0131lanan ve aralar\u0131nda ABD, Bel\u00e7ika, \u0130ngiltere ve Kanada vatanda\u015flar\u0131n\u0131n da bulundu\u011fu 37 ki\u015fiye idam cezas\u0131 verilmesi kararla\u015ft\u0131r\u0131ld\u0131. 37 K\u0130\u015e\u0130 \u0130DAM ED\u0130LECEK BBC&#8217;nin haberine g\u00f6re, KDC Cumhurba\u015fkan\u0131 Felix Tshisekedi&#8217;ye kar\u015f\u0131 darbe giri\u015fimi su\u00e7lamas\u0131na ili\u015fkin 51 san\u0131\u011f\u0131n tutuklu yarg\u0131land\u0131\u011f\u0131 dava mahkemece karara ba\u011fland\u0131. Aralar\u0131nda ABD, Bel\u00e7ika, \u0130ngiltere ve Kanada vatanda\u015flar\u0131n\u0131n<\/p>\n","protected":false},"author":1,"featured_media":61956,"comment_status":"open","ping_status":"open","sticky":false,"template":"","format":"standard","meta":{"footnotes":""},"categories":[83],"tags":[],"class_list":["post-61955","post","type-post","status-publish","format-standard","has-post-thumbnail","hentry","category-magazin"],"yoast_head":"<!-- This site is optimized with the Yoast SEO plugin v27.4 - https:\/\/yoast.com\/product\/yoast-seo-wordpress\/ -->\n<title>Kongo&#039;da darbe te\u015febb\u00fcs\u00fc davas\u0131nda 37 ki\u015fiye idam cezas\u0131 -<\/title>\n<meta name=\"robots\" content=\"index, follow, max-snippet:-1, max-image-preview:large, max-video-preview:-1\" \/>\n<link rel=\"canonical\" href=\"https:\/\/kibrisdakik.com\/?p=61955\" \/>\n<meta property=\"og:locale\" content=\"tr_TR\" \/>\n<meta property=\"og:type\" content=\"article\" \/>\n<meta property=\"og:title\" content=\"Kongo&#039;da darbe te\u015febb\u00fcs\u00fc davas\u0131nda 37 ki\u015fiye idam cezas\u0131 -\" \/>\n<meta property=\"og:description\" content=\"Kongo Demokratik Cumhuriyeti&#8217;nde (KDC) darbe te\u015febb\u00fcs\u00fc su\u00e7lamas\u0131yla yarg\u0131lanan ve aralar\u0131nda ABD, Bel\u00e7ika, \u0130ngiltere ve Kanada vatanda\u015flar\u0131n\u0131n da bulundu\u011fu 37 ki\u015fiye idam cezas\u0131 verilmesi kararla\u015ft\u0131r\u0131ld\u0131. 37 K\u0130\u015e\u0130 \u0130DAM ED\u0130LECEK BBC&#8217;nin haberine g\u00f6re, KDC Cumhurba\u015fkan\u0131 Felix Tshisekedi&#8217;ye kar\u015f\u0131 darbe giri\u015fimi su\u00e7lamas\u0131na ili\u015fkin 51 san\u0131\u011f\u0131n tutuklu yarg\u0131land\u0131\u011f\u0131 dava mahkemece karara ba\u011fland\u0131. Aralar\u0131nda ABD, Bel\u00e7ika, \u0130ngiltere ve Kanada vatanda\u015flar\u0131n\u0131n\" \/>\n<meta property=\"og:url\" content=\"https:\/\/kibrisdakik.com\/?p=61955\" \/>\n<meta property=\"article:published_time\" content=\"2024-09-13T19:04:55+00:00\" \/>\n<meta property=\"og:image\" content=\"https:\/\/kibrisdakik.com\/wp-content\/uploads\/2024\/09\/kongo-demokratik-cumhuriyeti-nde-darbe-tesebbusu-17818888_6679_m.jpg\" \/>\n\t<meta property=\"og:image:width\" content=\"640\" \/>\n\t<meta property=\"og:image:height\" content=\"399\" \/>\n\t<meta property=\"og:image:type\" content=\"image\/jpeg\" \/>\n<meta name=\"author\" content=\"admin\" \/>\n<meta name=\"twitter:card\" content=\"summary_large_image\" \/>\n<meta name=\"twitter:label1\" content=\"Yazan:\" \/>\n\t<meta name=\"twitter:data1\" content=\"admin\" \/>\n\t<meta name=\"twitter:label2\" content=\"Tahmini okuma s\u00fcresi\" \/>\n\t<meta name=\"twitter:data2\" content=\"1 dakika\" \/>\n<script type=\"application\/ld+json\" class=\"yoast-schema-graph\">{\"@context\":\"https:\\\/\\\/schema.org\",\"@graph\":[{\"@type\":\"Article\",\"@id\":\"https:\\\/\\\/kibrisdakik.com\\\/?p=61955#article\",\"isPartOf\":{\"@id\":\"https:\\\/\\\/kibrisdakik.com\\\/?p=61955\"},\"author\":{\"name\":\"admin\",\"@id\":\"https:\\\/\\\/kibrisdakik.com\\\/#\\\/schema\\\/person\\\/9cd9d437bbb44f72b73ba127e06d8e79\"},\"headline\":\"Kongo&#8217;da darbe te\u015febb\u00fcs\u00fc davas\u0131nda 37 ki\u015fiye idam cezas\u0131\",\"datePublished\":\"2024-09-13T19:04:55+00:00\",\"mainEntityOfPage\":{\"@id\":\"https:\\\/\\\/kibrisdakik.com\\\/?p=61955\"},\"wordCount\":198,\"commentCount\":0,\"image\":{\"@id\":\"https:\\\/\\\/kibrisdakik.com\\\/?p=61955#primaryimage\"},\"thumbnailUrl\":\"https:\\\/\\\/kibrisdakik.com\\\/wp-content\\\/uploads\\\/2024\\\/09\\\/kongo-demokratik-cumhuriyeti-nde-darbe-tesebbusu-17818888_6679_m.jpg\",\"articleSection\":[\"Magazin\"],\"inLanguage\":\"tr\",\"potentialAction\":[{\"@type\":\"CommentAction\",\"name\":\"Comment\",\"target\":[\"https:\\\/\\\/kibrisdakik.com\\\/?p=61955#respond\"]}]},{\"@type\":\"WebPage\",\"@id\":\"https:\\\/\\\/kibrisdakik.com\\\/?p=61955\",\"url\":\"https:\\\/\\\/kibrisdakik.com\\\/?p=61955\",\"name\":\"Kongo'da darbe te\u015febb\u00fcs\u00fc davas\u0131nda 37 ki\u015fiye idam cezas\u0131 -\",\"isPartOf\":{\"@id\":\"https:\\\/\\\/kibrisdakik.com\\\/#website\"},\"primaryImageOfPage\":{\"@id\":\"https:\\\/\\\/kibrisdakik.com\\\/?p=61955#primaryimage\"},\"image\":{\"@id\":\"https:\\\/\\\/kibrisdakik.com\\\/?p=61955#primaryimage\"},\"thumbnailUrl\":\"https:\\\/\\\/kibrisdakik.com\\\/wp-content\\\/uploads\\\/2024\\\/09\\\/kongo-demokratik-cumhuriyeti-nde-darbe-tesebbusu-17818888_6679_m.jpg\",\"datePublished\":\"2024-09-13T19:04:55+00:00\",\"author\":{\"@id\":\"https:\\\/\\\/kibrisdakik.com\\\/#\\\/schema\\\/person\\\/9cd9d437bbb44f72b73ba127e06d8e79\"},\"breadcrumb\":{\"@id\":\"https:\\\/\\\/kibrisdakik.com\\\/?p=61955#breadcrumb\"},\"inLanguage\":\"tr\",\"potentialAction\":[{\"@type\":\"ReadAction\",\"target\":[\"https:\\\/\\\/kibrisdakik.com\\\/?p=61955\"]}]},{\"@type\":\"ImageObject\",\"inLanguage\":\"tr\",\"@id\":\"https:\\\/\\\/kibrisdakik.com\\\/?p=61955#primaryimage\",\"url\":\"https:\\\/\\\/kibrisdakik.com\\\/wp-content\\\/uploads\\\/2024\\\/09\\\/kongo-demokratik-cumhuriyeti-nde-darbe-tesebbusu-17818888_6679_m.jpg\",\"contentUrl\":\"https:\\\/\\\/kibrisdakik.com\\\/wp-content\\\/uploads\\\/2024\\\/09\\\/kongo-demokratik-cumhuriyeti-nde-darbe-tesebbusu-17818888_6679_m.jpg\",\"width\":640,\"height\":399},{\"@type\":\"BreadcrumbList\",\"@id\":\"https:\\\/\\\/kibrisdakik.com\\\/?p=61955#breadcrumb\",\"itemListElement\":[{\"@type\":\"ListItem\",\"position\":1,\"name\":\"Home\",\"item\":\"https:\\\/\\\/kibrisdakik.com\\\/\"},{\"@type\":\"ListItem\",\"position\":2,\"name\":\"Kongo&#8217;da darbe te\u015febb\u00fcs\u00fc davas\u0131nda 37 ki\u015fiye idam cezas\u0131\"}]},{\"@type\":\"WebSite\",\"@id\":\"https:\\\/\\\/kibrisdakik.com\\\/#website\",\"url\":\"https:\\\/\\\/kibrisdakik.com\\\/\",\"name\":\"\",\"description\":\"Tam vaktinde haber\",\"potentialAction\":[{\"@type\":\"SearchAction\",\"target\":{\"@type\":\"EntryPoint\",\"urlTemplate\":\"https:\\\/\\\/kibrisdakik.com\\\/?s={search_term_string}\"},\"query-input\":{\"@type\":\"PropertyValueSpecification\",\"valueRequired\":true,\"valueName\":\"search_term_string\"}}],\"inLanguage\":\"tr\"},{\"@type\":\"Person\",\"@id\":\"https:\\\/\\\/kibrisdakik.com\\\/#\\\/schema\\\/person\\\/9cd9d437bbb44f72b73ba127e06d8e79\",\"name\":\"admin\",\"image\":{\"@type\":\"ImageObject\",\"inLanguage\":\"tr\",\"@id\":\"https:\\\/\\\/secure.gravatar.com\\\/avatar\\\/ccc17943b9d660506c869530f897617f7cb1c21a4bf30023f252596d83e1f007?s=96&d=mm&r=g\",\"url\":\"https:\\\/\\\/secure.gravatar.com\\\/avatar\\\/ccc17943b9d660506c869530f897617f7cb1c21a4bf30023f252596d83e1f007?s=96&d=mm&r=g\",\"contentUrl\":\"https:\\\/\\\/secure.gravatar.com\\\/avatar\\\/ccc17943b9d660506c869530f897617f7cb1c21a4bf30023f252596d83e1f007?s=96&d=mm&r=g\",\"caption\":\"admin\"},\"sameAs\":[\"https:\\\/\\\/kibrisdakik.com\"],\"url\":\"https:\\\/\\\/kibrisdakik.com\\\/?author=1\"}]}<\/script>\n<!-- \/ Yoast SEO plugin. -->","yoast_head_json":{"title":"Kongo'da darbe te\u015febb\u00fcs\u00fc davas\u0131nda 37 ki\u015fiye idam cezas\u0131 -","robots":{"index":"index","follow":"follow","max-snippet":"max-snippet:-1","max-image-preview":"max-image-preview:large","max-video-preview":"max-video-preview:-1"},"canonical":"https:\/\/kibrisdakik.com\/?p=61955","og_locale":"tr_TR","og_type":"article","og_title":"Kongo'da darbe te\u015febb\u00fcs\u00fc davas\u0131nda 37 ki\u015fiye idam cezas\u0131 -","og_description":"Kongo Demokratik Cumhuriyeti&#8217;nde (KDC) darbe te\u015febb\u00fcs\u00fc su\u00e7lamas\u0131yla yarg\u0131lanan ve aralar\u0131nda ABD, Bel\u00e7ika, \u0130ngiltere ve Kanada vatanda\u015flar\u0131n\u0131n da bulundu\u011fu 37 ki\u015fiye idam cezas\u0131 verilmesi kararla\u015ft\u0131r\u0131ld\u0131. 37 K\u0130\u015e\u0130 \u0130DAM ED\u0130LECEK BBC&#8217;nin haberine g\u00f6re, KDC Cumhurba\u015fkan\u0131 Felix Tshisekedi&#8217;ye kar\u015f\u0131 darbe giri\u015fimi su\u00e7lamas\u0131na ili\u015fkin 51 san\u0131\u011f\u0131n tutuklu yarg\u0131land\u0131\u011f\u0131 dava mahkemece karara ba\u011fland\u0131. Aralar\u0131nda ABD, Bel\u00e7ika, \u0130ngiltere ve Kanada vatanda\u015flar\u0131n\u0131n","og_url":"https:\/\/kibrisdakik.com\/?p=61955","article_published_time":"2024-09-13T19:04:55+00:00","og_image":[{"width":640,"height":399,"url":"https:\/\/kibrisdakik.com\/wp-content\/uploads\/2024\/09\/kongo-demokratik-cumhuriyeti-nde-darbe-tesebbusu-17818888_6679_m.jpg","type":"image\/jpeg"}],"author":"admin","twitter_card":"summary_large_image","twitter_misc":{"Yazan:":"admin","Tahmini okuma s\u00fcresi":"1 dakika"},"schema":{"@context":"https:\/\/schema.org","@graph":[{"@type":"Article","@id":"https:\/\/kibrisdakik.com\/?p=61955#article","isPartOf":{"@id":"https:\/\/kibrisdakik.com\/?p=61955"},"author":{"name":"admin","@id":"https:\/\/kibrisdakik.com\/#\/schema\/person\/9cd9d437bbb44f72b73ba127e06d8e79"},"headline":"Kongo&#8217;da darbe te\u015febb\u00fcs\u00fc davas\u0131nda 37 ki\u015fiye idam cezas\u0131","datePublished":"2024-09-13T19:04:55+00:00","mainEntityOfPage":{"@id":"https:\/\/kibrisdakik.com\/?p=61955"},"wordCount":198,"commentCount":0,"image":{"@id":"https:\/\/kibrisdakik.com\/?p=61955#primaryimage"},"thumbnailUrl":"https:\/\/kibrisdakik.com\/wp-content\/uploads\/2024\/09\/kongo-demokratik-cumhuriyeti-nde-darbe-tesebbusu-17818888_6679_m.jpg","articleSection":["Magazin"],"inLanguage":"tr","potentialAction":[{"@type":"CommentAction","name":"Comment","target":["https:\/\/kibrisdakik.com\/?p=61955#respond"]}]},{"@type":"WebPage","@id":"https:\/\/kibrisdakik.com\/?p=61955","url":"https:\/\/kibrisdakik.com\/?p=61955","name":"Kongo'da darbe te\u015febb\u00fcs\u00fc davas\u0131nda 37 ki\u015fiye idam cezas\u0131 -","isPartOf":{"@id":"https:\/\/kibrisdakik.com\/#website"},"primaryImageOfPage":{"@id":"https:\/\/kibrisdakik.com\/?p=61955#primaryimage"},"image":{"@id":"https:\/\/kibrisdakik.com\/?p=61955#primaryimage"},"thumbnailUrl":"https:\/\/kibrisdakik.com\/wp-content\/uploads\/2024\/09\/kongo-demokratik-cumhuriyeti-nde-darbe-tesebbusu-17818888_6679_m.jpg","datePublished":"2024-09-13T19:04:55+00:00","author":{"@id":"https:\/\/kibrisdakik.com\/#\/schema\/person\/9cd9d437bbb44f72b73ba127e06d8e79"},"breadcrumb":{"@id":"https:\/\/kibrisdakik.com\/?p=61955#breadcrumb"},"inLanguage":"tr","potentialAction":[{"@type":"ReadAction","target":["https:\/\/kibrisdakik.com\/?p=61955"]}]},{"@type":"ImageObject","inLanguage":"tr","@id":"https:\/\/kibrisdakik.com\/?p=61955#primaryimage","url":"https:\/\/kibrisdakik.com\/wp-content\/uploads\/2024\/09\/kongo-demokratik-cumhuriyeti-nde-darbe-tesebbusu-17818888_6679_m.jpg","contentUrl":"https:\/\/kibrisdakik.com\/wp-content\/uploads\/2024\/09\/kongo-demokratik-cumhuriyeti-nde-darbe-tesebbusu-17818888_6679_m.jpg","width":640,"height":399},{"@type":"BreadcrumbList","@id":"https:\/\/kibrisdakik.com\/?p=61955#breadcrumb","itemListElement":[{"@type":"ListItem","position":1,"name":"Home","item":"https:\/\/kibrisdakik.com\/"},{"@type":"ListItem","position":2,"name":"Kongo&#8217;da darbe te\u015febb\u00fcs\u00fc davas\u0131nda 37 ki\u015fiye idam cezas\u0131"}]},{"@type":"WebSite","@id":"https:\/\/kibrisdakik.com\/#website","url":"https:\/\/kibrisdakik.com\/","name":"","description":"Tam vaktinde haber","potentialAction":[{"@type":"SearchAction","target":{"@type":"EntryPoint","urlTemplate":"https:\/\/kibrisdakik.com\/?s={search_term_string}"},"query-input":{"@type":"PropertyValueSpecification","valueRequired":true,"valueName":"search_term_string"}}],"inLanguage":"tr"},{"@type":"Person","@id":"https:\/\/kibrisdakik.com\/#\/schema\/person\/9cd9d437bbb44f72b73ba127e06d8e79","name":"admin","image":{"@type":"ImageObject","inLanguage":"tr","@id":"https:\/\/secure.gravatar.com\/avatar\/ccc17943b9d660506c869530f897617f7cb1c21a4bf30023f252596d83e1f007?s=96&d=mm&r=g","url":"https:\/\/secure.gravatar.com\/avatar\/ccc17943b9d660506c869530f897617f7cb1c21a4bf30023f252596d83e1f007?s=96&d=mm&r=g","contentUrl":"https:\/\/secure.gravatar.com\/avatar\/ccc17943b9d660506c869530f897617f7cb1c21a4bf30023f252596d83e1f007?s=96&d=mm&r=g","caption":"admin"},"sameAs":["https:\/\/kibrisdakik.com"],"url":"https:\/\/kibrisdakik.com\/?author=1"}]}},"_links":{"self":[{"href":"https:\/\/kibrisdakik.com\/index.php?rest_route=\/wp\/v2\/posts\/61955","targetHints":{"allow":["GET"]}}],"collection":[{"href":"https:\/\/kibrisdakik.com\/index.php?rest_route=\/wp\/v2\/posts"}],"about":[{"href":"https:\/\/kibrisdakik.com\/index.php?rest_route=\/wp\/v2\/types\/post"}],"author":[{"embeddable":true,"href":"https:\/\/kibrisdakik.com\/index.php?rest_route=\/wp\/v2\/users\/1"}],"replies":[{"embeddable":true,"href":"https:\/\/kibrisdakik.com\/index.php?rest_route=%2Fwp%2Fv2%2Fcomments&post=61955"}],"version-history":[{"count":0,"href":"https:\/\/kibrisdakik.com\/index.php?rest_route=\/wp\/v2\/posts\/61955\/revisions"}],"wp:featuredmedia":[{"embeddable":true,"href":"https:\/\/kibrisdakik.com\/index.php?rest_route=\/wp\/v2\/media\/61956"}],"wp:attachment":[{"href":"https:\/\/kibrisdakik.com\/index.php?rest_route=%2Fwp%2Fv2%2Fmedia&parent=61955"}],"wp:term":[{"taxonomy":"category","embeddable":true,"href":"https:\/\/kibrisdakik.com\/index.php?rest_route=%2Fwp%2Fv2%2Fcategories&post=61955"},{"taxonomy":"post_tag","embeddable":true,"href":"https:\/\/kibrisdakik.com\/index.php?rest_route=%2Fwp%2Fv2%2Ftags&post=61955"}],"curies":[{"name":"wp","href":"https:\/\/api.w.org\/{rel}","templated":true}]}}