{"id":61974,"date":"2024-09-14T09:17:20","date_gmt":"2024-09-14T06:17:20","guid":{"rendered":"https:\/\/kibrisdakik.com\/index.php\/2024\/09\/14\/erden-timurdan-galatasaraya-geri-donus-iddialarina-yanit-dogru-degil\/"},"modified":"2024-09-14T09:17:20","modified_gmt":"2024-09-14T06:17:20","slug":"erden-timurdan-galatasaraya-geri-donus-iddialarina-yanit-dogru-degil","status":"publish","type":"post","link":"https:\/\/kibrisdakik.com\/?p=61974","title":{"rendered":"Erden Timur&#8217;dan Galatasaray&#8217;a Geri D\u00f6n\u00fc\u015f \u0130ddialar\u0131na Yan\u0131t: &#8216;Do\u011fru De\u011fil&#8217;"},"content":{"rendered":"<p><img decoding=\"async\" src=\"https:\/\/foto.haberler.com\/haber\/2024\/09\/14\/erden-timur-dan-galatasaray-a-geri-donus-17819397_8605_amp.jpg\" \/><\/p>\n<div id=\"\">\n<p> <a class=\"keyword\" href=\"https:\/\/www.haberler.com\/galatasaray\/\" title=\"Galatasaray Haberleri, Galatasaray Haberi, Galatasaray Haber\"><strong>Galatasaray<\/strong><\/a>&#8216;da Cenk Erg\u00fcn&#8217;\u00fcn istifas\u0131 sonras\u0131 kulislerde  <a class=\"keyword\" href=\"https:\/\/www.haberler.com\/erden-timur\/\" title=\"Erden Timur Haberleri, Erden Timur Haberi, Erden Timur Haber\"><strong>Erden Timur<\/strong><\/a>&#8216;un yeniden g\u00f6reve getirilece\u011fi iddia edilmi\u015fti. Sosyal medyada \u00e7\u0131kan bu  <a class=\"keyword\" href=\"https:\/\/www.haberler.com\/\" title=\"Haber, Haberler\"><strong>haber<\/strong><\/a> sonras\u0131 sar\u0131-k\u0131rm\u0131z\u0131l\u0131 taraftarlar bir hayli heyecanlanm\u0131\u015ft\u0131. Erden Timur cephesinden \u00e7\u0131kan bu iddialara yan\u0131t geldi.<\/p>\n<p> <a class=\"keyword\" href=\"https:\/\/www.haberler.com\/galatasaray\/\" title=\"Galatasaray Haberleri, Galatasaray Haberi, Galatasaray Haber\"><strong>Galatasaray<\/strong><\/a>&#8216;da Cenk Erg\u00fcn&#8217;\u00fcn istifas\u0131 g\u00fcndeme bomba gibi d\u00fc\u015fm\u00fc\u015ft\u00fc. \u00c7\u0131kan iddialar sonras\u0131 istifas\u0131n\u0131 sunan Cenk Erg\u00fcn&#8217;\u00fcn yerine Erden Timur&#8217;un getirilme ihtimali Galatasarayl\u0131 taraftarlar\u0131 heyecanland\u0131rm\u0131\u015ft\u0131.<\/p>\n<p>ERDEN T\u0130MUR&#8217;DAN A\u00c7IKLAMA GELD\u0130<\/p>\n<p>Sosyal medyada k\u0131sa s\u00fcre i\u00e7inde g\u00fcndem olan Erden Timur, dedikodular\u0131n \u00f6n\u00fcne ge\u00e7ebilmek i\u00e7in Taktik Mania&#8217;ya a\u00e7\u0131klama yapt\u0131. Timur, &#8220;Galatasaray y\u00f6netimiyle g\u00f6r\u00fc\u015ft\u00fc\u011f\u00fcm ve geri d\u00f6nece\u011fim haberleri kesinlikle do\u011fru de\u011fil.&#8221; dedi.<\/p>\n<p>TARAFTARLAR \u00c7OK \u0130ST\u0130YOR<\/p>\n<p>Galatasaray taraftar\u0131 Erden Timur&#8217;un geri d\u00f6n\u00fcp transfer komitesinin ba\u015f\u0131na ge\u00e7mesini \u00e7ok istiyor. Dursun \u00d6zbek ile aras\u0131n\u0131n k\u00f6t\u00fc oldu\u011fu bilinen Erden Timur&#8217;un ise mevcut y\u00f6netimle \u00e7al\u0131\u015fmak istemedi\u011fi belirtildi.<\/p>\n<h4 id=\"nwsKeywords\"> <a href=\"https:\/\/www.haberler.com\/galatasaray\/\" title=\"Galatasaray\" class=\"hbptTag\">Galatasaray<\/a>  <a href=\"https:\/\/www.haberler.com\/erden-timur\/\" title=\"Erden Timur\" class=\"hbptTag\">Erden Timur<\/a> <\/h4>\n<\/div>\n","protected":false},"excerpt":{"rendered":"<p>Galatasaray&#8216;da Cenk Erg\u00fcn&#8217;\u00fcn istifas\u0131 sonras\u0131 kulislerde Erden Timur&#8216;un yeniden g\u00f6reve getirilece\u011fi iddia edilmi\u015fti. Sosyal medyada \u00e7\u0131kan bu haber sonras\u0131 sar\u0131-k\u0131rm\u0131z\u0131l\u0131 taraftarlar bir hayli heyecanlanm\u0131\u015ft\u0131. Erden Timur cephesinden \u00e7\u0131kan bu iddialara yan\u0131t geldi. Galatasaray&#8216;da Cenk Erg\u00fcn&#8217;\u00fcn istifas\u0131 g\u00fcndeme bomba gibi d\u00fc\u015fm\u00fc\u015ft\u00fc. \u00c7\u0131kan iddialar sonras\u0131 istifas\u0131n\u0131 sunan Cenk Erg\u00fcn&#8217;\u00fcn yerine Erden Timur&#8217;un getirilme ihtimali Galatasarayl\u0131 taraftarlar\u0131 heyecanland\u0131rm\u0131\u015ft\u0131.<\/p>\n","protected":false},"author":1,"featured_media":61975,"comment_status":"open","ping_status":"open","sticky":false,"template":"","format":"standard","meta":{"footnotes":""},"categories":[83],"tags":[],"class_list":["post-61974","post","type-post","status-publish","format-standard","has-post-thumbnail","hentry","category-magazin"],"yoast_head":"<!-- This site is optimized with the Yoast SEO plugin v27.5 - https:\/\/yoast.com\/product\/yoast-seo-wordpress\/ -->\n<title>Erden Timur&#039;dan Galatasaray&#039;a Geri D\u00f6n\u00fc\u015f \u0130ddialar\u0131na Yan\u0131t: &#039;Do\u011fru De\u011fil&#039; -<\/title>\n<meta name=\"robots\" content=\"index, follow, max-snippet:-1, max-image-preview:large, max-video-preview:-1\" \/>\n<link rel=\"canonical\" href=\"https:\/\/kibrisdakik.com\/?p=61974\" \/>\n<meta property=\"og:locale\" content=\"tr_TR\" \/>\n<meta property=\"og:type\" content=\"article\" \/>\n<meta property=\"og:title\" content=\"Erden Timur&#039;dan Galatasaray&#039;a Geri D\u00f6n\u00fc\u015f \u0130ddialar\u0131na Yan\u0131t: &#039;Do\u011fru De\u011fil&#039; -\" \/>\n<meta property=\"og:description\" content=\"Galatasaray&#8216;da Cenk Erg\u00fcn&#8217;\u00fcn istifas\u0131 sonras\u0131 kulislerde Erden Timur&#8216;un yeniden g\u00f6reve getirilece\u011fi iddia edilmi\u015fti. Sosyal medyada \u00e7\u0131kan bu haber sonras\u0131 sar\u0131-k\u0131rm\u0131z\u0131l\u0131 taraftarlar bir hayli heyecanlanm\u0131\u015ft\u0131. Erden Timur cephesinden \u00e7\u0131kan bu iddialara yan\u0131t geldi. Galatasaray&#8216;da Cenk Erg\u00fcn&#8217;\u00fcn istifas\u0131 g\u00fcndeme bomba gibi d\u00fc\u015fm\u00fc\u015ft\u00fc. \u00c7\u0131kan iddialar sonras\u0131 istifas\u0131n\u0131 sunan Cenk Erg\u00fcn&#8217;\u00fcn yerine Erden Timur&#8217;un getirilme ihtimali Galatasarayl\u0131 taraftarlar\u0131 heyecanland\u0131rm\u0131\u015ft\u0131.\" \/>\n<meta property=\"og:url\" content=\"https:\/\/kibrisdakik.com\/?p=61974\" \/>\n<meta property=\"article:published_time\" content=\"2024-09-14T06:17:20+00:00\" \/>\n<meta property=\"og:image\" content=\"https:\/\/kibrisdakik.com\/wp-content\/uploads\/2024\/09\/erden-timur-dan-galatasaray-a-geri-donus-17819397_8605_amp.jpg\" \/>\n\t<meta property=\"og:image:width\" content=\"1202\" \/>\n\t<meta property=\"og:image:height\" content=\"675\" \/>\n\t<meta property=\"og:image:type\" content=\"image\/jpeg\" \/>\n<meta name=\"author\" content=\"admin\" \/>\n<meta name=\"twitter:card\" content=\"summary_large_image\" \/>\n<meta name=\"twitter:label1\" content=\"Yazan:\" \/>\n\t<meta name=\"twitter:data1\" content=\"admin\" \/>\n\t<meta name=\"twitter:label2\" content=\"Tahmini okuma s\u00fcresi\" \/>\n\t<meta name=\"twitter:data2\" content=\"1 dakika\" \/>\n<script type=\"application\/ld+json\" class=\"yoast-schema-graph\">{\"@context\":\"https:\\\/\\\/schema.org\",\"@graph\":[{\"@type\":\"Article\",\"@id\":\"https:\\\/\\\/kibrisdakik.com\\\/?p=61974#article\",\"isPartOf\":{\"@id\":\"https:\\\/\\\/kibrisdakik.com\\\/?p=61974\"},\"author\":{\"name\":\"admin\",\"@id\":\"https:\\\/\\\/kibrisdakik.com\\\/#\\\/schema\\\/person\\\/9cd9d437bbb44f72b73ba127e06d8e79\"},\"headline\":\"Erden Timur&#8217;dan Galatasaray&#8217;a Geri D\u00f6n\u00fc\u015f \u0130ddialar\u0131na Yan\u0131t: &#8216;Do\u011fru De\u011fil&#8217;\",\"datePublished\":\"2024-09-14T06:17:20+00:00\",\"mainEntityOfPage\":{\"@id\":\"https:\\\/\\\/kibrisdakik.com\\\/?p=61974\"},\"wordCount\":190,\"commentCount\":0,\"image\":{\"@id\":\"https:\\\/\\\/kibrisdakik.com\\\/?p=61974#primaryimage\"},\"thumbnailUrl\":\"https:\\\/\\\/kibrisdakik.com\\\/wp-content\\\/uploads\\\/2024\\\/09\\\/erden-timur-dan-galatasaray-a-geri-donus-17819397_8605_amp.jpg\",\"articleSection\":[\"Magazin\"],\"inLanguage\":\"tr\",\"potentialAction\":[{\"@type\":\"CommentAction\",\"name\":\"Comment\",\"target\":[\"https:\\\/\\\/kibrisdakik.com\\\/?p=61974#respond\"]}]},{\"@type\":\"WebPage\",\"@id\":\"https:\\\/\\\/kibrisdakik.com\\\/?p=61974\",\"url\":\"https:\\\/\\\/kibrisdakik.com\\\/?p=61974\",\"name\":\"Erden Timur'dan Galatasaray'a Geri D\u00f6n\u00fc\u015f \u0130ddialar\u0131na Yan\u0131t: 'Do\u011fru De\u011fil' -\",\"isPartOf\":{\"@id\":\"https:\\\/\\\/kibrisdakik.com\\\/#website\"},\"primaryImageOfPage\":{\"@id\":\"https:\\\/\\\/kibrisdakik.com\\\/?p=61974#primaryimage\"},\"image\":{\"@id\":\"https:\\\/\\\/kibrisdakik.com\\\/?p=61974#primaryimage\"},\"thumbnailUrl\":\"https:\\\/\\\/kibrisdakik.com\\\/wp-content\\\/uploads\\\/2024\\\/09\\\/erden-timur-dan-galatasaray-a-geri-donus-17819397_8605_amp.jpg\",\"datePublished\":\"2024-09-14T06:17:20+00:00\",\"author\":{\"@id\":\"https:\\\/\\\/kibrisdakik.com\\\/#\\\/schema\\\/person\\\/9cd9d437bbb44f72b73ba127e06d8e79\"},\"breadcrumb\":{\"@id\":\"https:\\\/\\\/kibrisdakik.com\\\/?p=61974#breadcrumb\"},\"inLanguage\":\"tr\",\"potentialAction\":[{\"@type\":\"ReadAction\",\"target\":[\"https:\\\/\\\/kibrisdakik.com\\\/?p=61974\"]}]},{\"@type\":\"ImageObject\",\"inLanguage\":\"tr\",\"@id\":\"https:\\\/\\\/kibrisdakik.com\\\/?p=61974#primaryimage\",\"url\":\"https:\\\/\\\/kibrisdakik.com\\\/wp-content\\\/uploads\\\/2024\\\/09\\\/erden-timur-dan-galatasaray-a-geri-donus-17819397_8605_amp.jpg\",\"contentUrl\":\"https:\\\/\\\/kibrisdakik.com\\\/wp-content\\\/uploads\\\/2024\\\/09\\\/erden-timur-dan-galatasaray-a-geri-donus-17819397_8605_amp.jpg\",\"width\":1202,\"height\":675},{\"@type\":\"BreadcrumbList\",\"@id\":\"https:\\\/\\\/kibrisdakik.com\\\/?p=61974#breadcrumb\",\"itemListElement\":[{\"@type\":\"ListItem\",\"position\":1,\"name\":\"Home\",\"item\":\"https:\\\/\\\/kibrisdakik.com\\\/\"},{\"@type\":\"ListItem\",\"position\":2,\"name\":\"Erden Timur&#8217;dan Galatasaray&#8217;a Geri D\u00f6n\u00fc\u015f \u0130ddialar\u0131na Yan\u0131t: &#8216;Do\u011fru De\u011fil&#8217;\"}]},{\"@type\":\"WebSite\",\"@id\":\"https:\\\/\\\/kibrisdakik.com\\\/#website\",\"url\":\"https:\\\/\\\/kibrisdakik.com\\\/\",\"name\":\"\",\"description\":\"Tam vaktinde haber\",\"potentialAction\":[{\"@type\":\"SearchAction\",\"target\":{\"@type\":\"EntryPoint\",\"urlTemplate\":\"https:\\\/\\\/kibrisdakik.com\\\/?s={search_term_string}\"},\"query-input\":{\"@type\":\"PropertyValueSpecification\",\"valueRequired\":true,\"valueName\":\"search_term_string\"}}],\"inLanguage\":\"tr\"},{\"@type\":\"Person\",\"@id\":\"https:\\\/\\\/kibrisdakik.com\\\/#\\\/schema\\\/person\\\/9cd9d437bbb44f72b73ba127e06d8e79\",\"name\":\"admin\",\"image\":{\"@type\":\"ImageObject\",\"inLanguage\":\"tr\",\"@id\":\"https:\\\/\\\/secure.gravatar.com\\\/avatar\\\/ccc17943b9d660506c869530f897617f7cb1c21a4bf30023f252596d83e1f007?s=96&d=mm&r=g\",\"url\":\"https:\\\/\\\/secure.gravatar.com\\\/avatar\\\/ccc17943b9d660506c869530f897617f7cb1c21a4bf30023f252596d83e1f007?s=96&d=mm&r=g\",\"contentUrl\":\"https:\\\/\\\/secure.gravatar.com\\\/avatar\\\/ccc17943b9d660506c869530f897617f7cb1c21a4bf30023f252596d83e1f007?s=96&d=mm&r=g\",\"caption\":\"admin\"},\"sameAs\":[\"https:\\\/\\\/kibrisdakik.com\"],\"url\":\"https:\\\/\\\/kibrisdakik.com\\\/?author=1\"}]}<\/script>\n<!-- \/ Yoast SEO plugin. -->","yoast_head_json":{"title":"Erden Timur'dan Galatasaray'a Geri D\u00f6n\u00fc\u015f \u0130ddialar\u0131na Yan\u0131t: 'Do\u011fru De\u011fil' -","robots":{"index":"index","follow":"follow","max-snippet":"max-snippet:-1","max-image-preview":"max-image-preview:large","max-video-preview":"max-video-preview:-1"},"canonical":"https:\/\/kibrisdakik.com\/?p=61974","og_locale":"tr_TR","og_type":"article","og_title":"Erden Timur'dan Galatasaray'a Geri D\u00f6n\u00fc\u015f \u0130ddialar\u0131na Yan\u0131t: 'Do\u011fru De\u011fil' -","og_description":"Galatasaray&#8216;da Cenk Erg\u00fcn&#8217;\u00fcn istifas\u0131 sonras\u0131 kulislerde Erden Timur&#8216;un yeniden g\u00f6reve getirilece\u011fi iddia edilmi\u015fti. Sosyal medyada \u00e7\u0131kan bu haber sonras\u0131 sar\u0131-k\u0131rm\u0131z\u0131l\u0131 taraftarlar bir hayli heyecanlanm\u0131\u015ft\u0131. Erden Timur cephesinden \u00e7\u0131kan bu iddialara yan\u0131t geldi. Galatasaray&#8216;da Cenk Erg\u00fcn&#8217;\u00fcn istifas\u0131 g\u00fcndeme bomba gibi d\u00fc\u015fm\u00fc\u015ft\u00fc. \u00c7\u0131kan iddialar sonras\u0131 istifas\u0131n\u0131 sunan Cenk Erg\u00fcn&#8217;\u00fcn yerine Erden Timur&#8217;un getirilme ihtimali Galatasarayl\u0131 taraftarlar\u0131 heyecanland\u0131rm\u0131\u015ft\u0131.","og_url":"https:\/\/kibrisdakik.com\/?p=61974","article_published_time":"2024-09-14T06:17:20+00:00","og_image":[{"width":1202,"height":675,"url":"https:\/\/kibrisdakik.com\/wp-content\/uploads\/2024\/09\/erden-timur-dan-galatasaray-a-geri-donus-17819397_8605_amp.jpg","type":"image\/jpeg"}],"author":"admin","twitter_card":"summary_large_image","twitter_misc":{"Yazan:":"admin","Tahmini okuma s\u00fcresi":"1 dakika"},"schema":{"@context":"https:\/\/schema.org","@graph":[{"@type":"Article","@id":"https:\/\/kibrisdakik.com\/?p=61974#article","isPartOf":{"@id":"https:\/\/kibrisdakik.com\/?p=61974"},"author":{"name":"admin","@id":"https:\/\/kibrisdakik.com\/#\/schema\/person\/9cd9d437bbb44f72b73ba127e06d8e79"},"headline":"Erden Timur&#8217;dan Galatasaray&#8217;a Geri D\u00f6n\u00fc\u015f \u0130ddialar\u0131na Yan\u0131t: &#8216;Do\u011fru De\u011fil&#8217;","datePublished":"2024-09-14T06:17:20+00:00","mainEntityOfPage":{"@id":"https:\/\/kibrisdakik.com\/?p=61974"},"wordCount":190,"commentCount":0,"image":{"@id":"https:\/\/kibrisdakik.com\/?p=61974#primaryimage"},"thumbnailUrl":"https:\/\/kibrisdakik.com\/wp-content\/uploads\/2024\/09\/erden-timur-dan-galatasaray-a-geri-donus-17819397_8605_amp.jpg","articleSection":["Magazin"],"inLanguage":"tr","potentialAction":[{"@type":"CommentAction","name":"Comment","target":["https:\/\/kibrisdakik.com\/?p=61974#respond"]}]},{"@type":"WebPage","@id":"https:\/\/kibrisdakik.com\/?p=61974","url":"https:\/\/kibrisdakik.com\/?p=61974","name":"Erden Timur'dan Galatasaray'a Geri D\u00f6n\u00fc\u015f \u0130ddialar\u0131na Yan\u0131t: 'Do\u011fru De\u011fil' -","isPartOf":{"@id":"https:\/\/kibrisdakik.com\/#website"},"primaryImageOfPage":{"@id":"https:\/\/kibrisdakik.com\/?p=61974#primaryimage"},"image":{"@id":"https:\/\/kibrisdakik.com\/?p=61974#primaryimage"},"thumbnailUrl":"https:\/\/kibrisdakik.com\/wp-content\/uploads\/2024\/09\/erden-timur-dan-galatasaray-a-geri-donus-17819397_8605_amp.jpg","datePublished":"2024-09-14T06:17:20+00:00","author":{"@id":"https:\/\/kibrisdakik.com\/#\/schema\/person\/9cd9d437bbb44f72b73ba127e06d8e79"},"breadcrumb":{"@id":"https:\/\/kibrisdakik.com\/?p=61974#breadcrumb"},"inLanguage":"tr","potentialAction":[{"@type":"ReadAction","target":["https:\/\/kibrisdakik.com\/?p=61974"]}]},{"@type":"ImageObject","inLanguage":"tr","@id":"https:\/\/kibrisdakik.com\/?p=61974#primaryimage","url":"https:\/\/kibrisdakik.com\/wp-content\/uploads\/2024\/09\/erden-timur-dan-galatasaray-a-geri-donus-17819397_8605_amp.jpg","contentUrl":"https:\/\/kibrisdakik.com\/wp-content\/uploads\/2024\/09\/erden-timur-dan-galatasaray-a-geri-donus-17819397_8605_amp.jpg","width":1202,"height":675},{"@type":"BreadcrumbList","@id":"https:\/\/kibrisdakik.com\/?p=61974#breadcrumb","itemListElement":[{"@type":"ListItem","position":1,"name":"Home","item":"https:\/\/kibrisdakik.com\/"},{"@type":"ListItem","position":2,"name":"Erden Timur&#8217;dan Galatasaray&#8217;a Geri D\u00f6n\u00fc\u015f \u0130ddialar\u0131na Yan\u0131t: &#8216;Do\u011fru De\u011fil&#8217;"}]},{"@type":"WebSite","@id":"https:\/\/kibrisdakik.com\/#website","url":"https:\/\/kibrisdakik.com\/","name":"","description":"Tam vaktinde haber","potentialAction":[{"@type":"SearchAction","target":{"@type":"EntryPoint","urlTemplate":"https:\/\/kibrisdakik.com\/?s={search_term_string}"},"query-input":{"@type":"PropertyValueSpecification","valueRequired":true,"valueName":"search_term_string"}}],"inLanguage":"tr"},{"@type":"Person","@id":"https:\/\/kibrisdakik.com\/#\/schema\/person\/9cd9d437bbb44f72b73ba127e06d8e79","name":"admin","image":{"@type":"ImageObject","inLanguage":"tr","@id":"https:\/\/secure.gravatar.com\/avatar\/ccc17943b9d660506c869530f897617f7cb1c21a4bf30023f252596d83e1f007?s=96&d=mm&r=g","url":"https:\/\/secure.gravatar.com\/avatar\/ccc17943b9d660506c869530f897617f7cb1c21a4bf30023f252596d83e1f007?s=96&d=mm&r=g","contentUrl":"https:\/\/secure.gravatar.com\/avatar\/ccc17943b9d660506c869530f897617f7cb1c21a4bf30023f252596d83e1f007?s=96&d=mm&r=g","caption":"admin"},"sameAs":["https:\/\/kibrisdakik.com"],"url":"https:\/\/kibrisdakik.com\/?author=1"}]}},"_links":{"self":[{"href":"https:\/\/kibrisdakik.com\/index.php?rest_route=\/wp\/v2\/posts\/61974","targetHints":{"allow":["GET"]}}],"collection":[{"href":"https:\/\/kibrisdakik.com\/index.php?rest_route=\/wp\/v2\/posts"}],"about":[{"href":"https:\/\/kibrisdakik.com\/index.php?rest_route=\/wp\/v2\/types\/post"}],"author":[{"embeddable":true,"href":"https:\/\/kibrisdakik.com\/index.php?rest_route=\/wp\/v2\/users\/1"}],"replies":[{"embeddable":true,"href":"https:\/\/kibrisdakik.com\/index.php?rest_route=%2Fwp%2Fv2%2Fcomments&post=61974"}],"version-history":[{"count":0,"href":"https:\/\/kibrisdakik.com\/index.php?rest_route=\/wp\/v2\/posts\/61974\/revisions"}],"wp:featuredmedia":[{"embeddable":true,"href":"https:\/\/kibrisdakik.com\/index.php?rest_route=\/wp\/v2\/media\/61975"}],"wp:attachment":[{"href":"https:\/\/kibrisdakik.com\/index.php?rest_route=%2Fwp%2Fv2%2Fmedia&parent=61974"}],"wp:term":[{"taxonomy":"category","embeddable":true,"href":"https:\/\/kibrisdakik.com\/index.php?rest_route=%2Fwp%2Fv2%2Fcategories&post=61974"},{"taxonomy":"post_tag","embeddable":true,"href":"https:\/\/kibrisdakik.com\/index.php?rest_route=%2Fwp%2Fv2%2Ftags&post=61974"}],"curies":[{"name":"wp","href":"https:\/\/api.w.org\/{rel}","templated":true}]}}