{"id":62080,"date":"2024-09-14T16:13:21","date_gmt":"2024-09-14T13:13:21","guid":{"rendered":"https:\/\/kibrisdakik.com\/index.php\/2024\/09\/14\/polisiye-haberler-gazimagusada-rahatsizlik-veren-genc-tutuklandi\/"},"modified":"2024-09-14T16:13:21","modified_gmt":"2024-09-14T13:13:21","slug":"polisiye-haberler-gazimagusada-rahatsizlik-veren-genc-tutuklandi","status":"publish","type":"post","link":"https:\/\/kibrisdakik.com\/?p=62080","title":{"rendered":"Polisiye haberler\u2026 Gazima\u011fusa\u2019da rahats\u0131zl\u0131k veren gen\u00e7 tutukland\u0131"},"content":{"rendered":"<p><\/p>\n<div>\n<div class=\"mariselle-image-container center\">\n                <img loading=\"lazy\" decoding=\"async\" width=\"960\" height=\"960\" class=\"lazy-image\" alt=\"\" sizes=\"auto, (max-width: 960px) 100vw, 960px\" src=\"https:\/\/brtk.net\/wp-content\/uploads\/2024\/09\/14\/polis-logo46-1.jpg?ver=17a56a4b4d034a371ea31d6933efe5eb\" srcset=\"https:\/\/brtk.net\/wp-content\/uploads\/2024\/09\/14\/polis-logo46-1.jpg?ver=17a56a4b4d034a371ea31d6933efe5eb 960w, https:\/\/brtk.net\/wp-content\/uploads\/2024\/09\/14\/polis-logo46-1-300x300.jpg?ver=17a56a4b4d034a371ea31d6933efe5eb 300w, https:\/\/brtk.net\/wp-content\/uploads\/2024\/09\/14\/polis-logo46-1-150x150.jpg?ver=17a56a4b4d034a371ea31d6933efe5eb 150w, https:\/\/brtk.net\/wp-content\/uploads\/2024\/09\/14\/polis-logo46-1-768x768.jpg?ver=bfe06e16f662e366877b28b49c2b9c1a 768w, https:\/\/brtk.net\/wp-content\/uploads\/2024\/09\/14\/polis-logo46-1-800x800.jpg?ver=bfe06e16f662e366877b28b49c2b9c1a 800w\"\/>                            <\/div>\n<p>Gazima\u011fusa\u2019da d\u00fcn \u00d6.F.A. (E-19), tasarrufundaki keseri keseri sa\u011fa sola sallay\u0131p \u00e7evreye rahats\u0131zl\u0131k verdi\u011fi s\u0131rada su\u00e7\u00fcst\u00fc tutukland\u0131.<\/p>\n<p>Polis bas\u0131n b\u00fcltenine g\u00f6re, ad\u0131 edilenin yap\u0131lan muhaceret kontrol\u00fcnde, \u00fclkede yasal stat\u00fcs\u00fc olmad\u0131\u011f\u0131 halde ikamet izinsiz olarak ikamet etti\u011fi de tespit edildi.<\/p>\n<p>-Haspolat\u2019ta yang\u0131n  <\/p>\n<p>Haspolat\u2019ta d\u00fcn Cumhuriyet Caddesi\u2019nde, Ahmet Otlu\u2019nun kald\u0131\u011f\u0131 evin dam\u0131nda, muhtemelen elektrik kablolar\u0131n\u0131n \u0131s\u0131n\u0131p k\u0131sa devre yapmas\u0131 sonucu yang\u0131n \u00e7\u0131kt\u0131.<\/p>\n<p>Yang\u0131n \u0130tfaiye ekipleri taraf\u0131ndan s\u00f6nd\u00fcr\u00fcld\u00fc. \u00c7\u0131kan yang\u0131n sonucu, muhtelif \u00f6l\u00e7\u00fclerdeki elektrik ve anten kablolar\u0131, plastik su borusu ile iki mertek yand\u0131.<\/p>\n<\/p><\/div>\n<p><script async\n                    defer\n                    crossorigin=\"anonymous\"\n                    src=\"https:\/\/connect.facebook.net\/tr_TR\/sdk.js#xfbml=1&#038;version=v3.3\"\n            ><\/script><\/p>\n","protected":false},"excerpt":{"rendered":"<p>Gazima\u011fusa\u2019da d\u00fcn \u00d6.F.A. (E-19), tasarrufundaki keseri keseri sa\u011fa sola sallay\u0131p \u00e7evreye rahats\u0131zl\u0131k verdi\u011fi s\u0131rada su\u00e7\u00fcst\u00fc tutukland\u0131. Polis bas\u0131n b\u00fcltenine g\u00f6re, ad\u0131 edilenin yap\u0131lan muhaceret kontrol\u00fcnde, \u00fclkede yasal stat\u00fcs\u00fc olmad\u0131\u011f\u0131 halde ikamet izinsiz olarak ikamet etti\u011fi de tespit edildi. -Haspolat\u2019ta yang\u0131n Haspolat\u2019ta d\u00fcn Cumhuriyet Caddesi\u2019nde, Ahmet Otlu\u2019nun kald\u0131\u011f\u0131 evin dam\u0131nda, muhtemelen elektrik kablolar\u0131n\u0131n \u0131s\u0131n\u0131p k\u0131sa devre<\/p>\n","protected":false},"author":1,"featured_media":62038,"comment_status":"open","ping_status":"open","sticky":false,"template":"","format":"standard","meta":{"footnotes":""},"categories":[1],"tags":[],"class_list":["post-62080","post","type-post","status-publish","format-standard","has-post-thumbnail","hentry","category-gundem"],"yoast_head":"<!-- This site is optimized with the Yoast SEO plugin v27.5 - https:\/\/yoast.com\/product\/yoast-seo-wordpress\/ -->\n<title>Polisiye haberler\u2026 Gazima\u011fusa\u2019da rahats\u0131zl\u0131k veren gen\u00e7 tutukland\u0131 -<\/title>\n<meta name=\"robots\" content=\"index, follow, max-snippet:-1, max-image-preview:large, max-video-preview:-1\" \/>\n<link rel=\"canonical\" href=\"https:\/\/kibrisdakik.com\/?p=62080\" \/>\n<meta property=\"og:locale\" content=\"tr_TR\" \/>\n<meta property=\"og:type\" content=\"article\" \/>\n<meta property=\"og:title\" content=\"Polisiye haberler\u2026 Gazima\u011fusa\u2019da rahats\u0131zl\u0131k veren gen\u00e7 tutukland\u0131 -\" \/>\n<meta property=\"og:description\" content=\"Gazima\u011fusa\u2019da d\u00fcn \u00d6.F.A. (E-19), tasarrufundaki keseri keseri sa\u011fa sola sallay\u0131p \u00e7evreye rahats\u0131zl\u0131k verdi\u011fi s\u0131rada su\u00e7\u00fcst\u00fc tutukland\u0131. Polis bas\u0131n b\u00fcltenine g\u00f6re, ad\u0131 edilenin yap\u0131lan muhaceret kontrol\u00fcnde, \u00fclkede yasal stat\u00fcs\u00fc olmad\u0131\u011f\u0131 halde ikamet izinsiz olarak ikamet etti\u011fi de tespit edildi. -Haspolat\u2019ta yang\u0131n Haspolat\u2019ta d\u00fcn Cumhuriyet Caddesi\u2019nde, Ahmet Otlu\u2019nun kald\u0131\u011f\u0131 evin dam\u0131nda, muhtemelen elektrik kablolar\u0131n\u0131n \u0131s\u0131n\u0131p k\u0131sa devre\" \/>\n<meta property=\"og:url\" content=\"https:\/\/kibrisdakik.com\/?p=62080\" \/>\n<meta property=\"article:published_time\" content=\"2024-09-14T13:13:21+00:00\" \/>\n<meta property=\"og:image\" content=\"https:\/\/kibrisdakik.com\/wp-content\/uploads\/2024\/09\/polis-logo46-740x420.jpg\" \/>\n\t<meta property=\"og:image:width\" content=\"960\" \/>\n\t<meta property=\"og:image:height\" content=\"960\" \/>\n\t<meta property=\"og:image:type\" content=\"image\/jpeg\" \/>\n<meta name=\"author\" content=\"admin\" \/>\n<meta name=\"twitter:card\" content=\"summary_large_image\" \/>\n<meta name=\"twitter:label1\" content=\"Yazan:\" \/>\n\t<meta name=\"twitter:data1\" content=\"admin\" \/>\n\t<meta name=\"twitter:label2\" content=\"Tahmini okuma s\u00fcresi\" \/>\n\t<meta name=\"twitter:data2\" content=\"1 dakika\" \/>\n<script type=\"application\/ld+json\" class=\"yoast-schema-graph\">{\"@context\":\"https:\\\/\\\/schema.org\",\"@graph\":[{\"@type\":\"Article\",\"@id\":\"https:\\\/\\\/kibrisdakik.com\\\/?p=62080#article\",\"isPartOf\":{\"@id\":\"https:\\\/\\\/kibrisdakik.com\\\/?p=62080\"},\"author\":{\"name\":\"admin\",\"@id\":\"https:\\\/\\\/kibrisdakik.com\\\/#\\\/schema\\\/person\\\/9cd9d437bbb44f72b73ba127e06d8e79\"},\"headline\":\"Polisiye haberler\u2026 Gazima\u011fusa\u2019da rahats\u0131zl\u0131k veren gen\u00e7 tutukland\u0131\",\"datePublished\":\"2024-09-14T13:13:21+00:00\",\"mainEntityOfPage\":{\"@id\":\"https:\\\/\\\/kibrisdakik.com\\\/?p=62080\"},\"wordCount\":129,\"commentCount\":0,\"image\":{\"@id\":\"https:\\\/\\\/kibrisdakik.com\\\/?p=62080#primaryimage\"},\"thumbnailUrl\":\"https:\\\/\\\/kibrisdakik.com\\\/wp-content\\\/uploads\\\/2024\\\/09\\\/polis-logo46-740x420.jpg\",\"articleSection\":[\"G\u00fcndem\"],\"inLanguage\":\"tr\",\"potentialAction\":[{\"@type\":\"CommentAction\",\"name\":\"Comment\",\"target\":[\"https:\\\/\\\/kibrisdakik.com\\\/?p=62080#respond\"]}]},{\"@type\":\"WebPage\",\"@id\":\"https:\\\/\\\/kibrisdakik.com\\\/?p=62080\",\"url\":\"https:\\\/\\\/kibrisdakik.com\\\/?p=62080\",\"name\":\"Polisiye haberler\u2026 Gazima\u011fusa\u2019da rahats\u0131zl\u0131k veren gen\u00e7 tutukland\u0131 -\",\"isPartOf\":{\"@id\":\"https:\\\/\\\/kibrisdakik.com\\\/#website\"},\"primaryImageOfPage\":{\"@id\":\"https:\\\/\\\/kibrisdakik.com\\\/?p=62080#primaryimage\"},\"image\":{\"@id\":\"https:\\\/\\\/kibrisdakik.com\\\/?p=62080#primaryimage\"},\"thumbnailUrl\":\"https:\\\/\\\/kibrisdakik.com\\\/wp-content\\\/uploads\\\/2024\\\/09\\\/polis-logo46-740x420.jpg\",\"datePublished\":\"2024-09-14T13:13:21+00:00\",\"author\":{\"@id\":\"https:\\\/\\\/kibrisdakik.com\\\/#\\\/schema\\\/person\\\/9cd9d437bbb44f72b73ba127e06d8e79\"},\"breadcrumb\":{\"@id\":\"https:\\\/\\\/kibrisdakik.com\\\/?p=62080#breadcrumb\"},\"inLanguage\":\"tr\",\"potentialAction\":[{\"@type\":\"ReadAction\",\"target\":[\"https:\\\/\\\/kibrisdakik.com\\\/?p=62080\"]}]},{\"@type\":\"ImageObject\",\"inLanguage\":\"tr\",\"@id\":\"https:\\\/\\\/kibrisdakik.com\\\/?p=62080#primaryimage\",\"url\":\"https:\\\/\\\/kibrisdakik.com\\\/wp-content\\\/uploads\\\/2024\\\/09\\\/polis-logo46-740x420.jpg\",\"contentUrl\":\"https:\\\/\\\/kibrisdakik.com\\\/wp-content\\\/uploads\\\/2024\\\/09\\\/polis-logo46-740x420.jpg\",\"width\":960,\"height\":960},{\"@type\":\"BreadcrumbList\",\"@id\":\"https:\\\/\\\/kibrisdakik.com\\\/?p=62080#breadcrumb\",\"itemListElement\":[{\"@type\":\"ListItem\",\"position\":1,\"name\":\"Home\",\"item\":\"https:\\\/\\\/kibrisdakik.com\\\/\"},{\"@type\":\"ListItem\",\"position\":2,\"name\":\"Polisiye haberler\u2026 Gazima\u011fusa\u2019da rahats\u0131zl\u0131k veren gen\u00e7 tutukland\u0131\"}]},{\"@type\":\"WebSite\",\"@id\":\"https:\\\/\\\/kibrisdakik.com\\\/#website\",\"url\":\"https:\\\/\\\/kibrisdakik.com\\\/\",\"name\":\"\",\"description\":\"Tam vaktinde haber\",\"potentialAction\":[{\"@type\":\"SearchAction\",\"target\":{\"@type\":\"EntryPoint\",\"urlTemplate\":\"https:\\\/\\\/kibrisdakik.com\\\/?s={search_term_string}\"},\"query-input\":{\"@type\":\"PropertyValueSpecification\",\"valueRequired\":true,\"valueName\":\"search_term_string\"}}],\"inLanguage\":\"tr\"},{\"@type\":\"Person\",\"@id\":\"https:\\\/\\\/kibrisdakik.com\\\/#\\\/schema\\\/person\\\/9cd9d437bbb44f72b73ba127e06d8e79\",\"name\":\"admin\",\"image\":{\"@type\":\"ImageObject\",\"inLanguage\":\"tr\",\"@id\":\"https:\\\/\\\/secure.gravatar.com\\\/avatar\\\/ccc17943b9d660506c869530f897617f7cb1c21a4bf30023f252596d83e1f007?s=96&d=mm&r=g\",\"url\":\"https:\\\/\\\/secure.gravatar.com\\\/avatar\\\/ccc17943b9d660506c869530f897617f7cb1c21a4bf30023f252596d83e1f007?s=96&d=mm&r=g\",\"contentUrl\":\"https:\\\/\\\/secure.gravatar.com\\\/avatar\\\/ccc17943b9d660506c869530f897617f7cb1c21a4bf30023f252596d83e1f007?s=96&d=mm&r=g\",\"caption\":\"admin\"},\"sameAs\":[\"https:\\\/\\\/kibrisdakik.com\"],\"url\":\"https:\\\/\\\/kibrisdakik.com\\\/?author=1\"}]}<\/script>\n<!-- \/ Yoast SEO plugin. -->","yoast_head_json":{"title":"Polisiye haberler\u2026 Gazima\u011fusa\u2019da rahats\u0131zl\u0131k veren gen\u00e7 tutukland\u0131 -","robots":{"index":"index","follow":"follow","max-snippet":"max-snippet:-1","max-image-preview":"max-image-preview:large","max-video-preview":"max-video-preview:-1"},"canonical":"https:\/\/kibrisdakik.com\/?p=62080","og_locale":"tr_TR","og_type":"article","og_title":"Polisiye haberler\u2026 Gazima\u011fusa\u2019da rahats\u0131zl\u0131k veren gen\u00e7 tutukland\u0131 -","og_description":"Gazima\u011fusa\u2019da d\u00fcn \u00d6.F.A. (E-19), tasarrufundaki keseri keseri sa\u011fa sola sallay\u0131p \u00e7evreye rahats\u0131zl\u0131k verdi\u011fi s\u0131rada su\u00e7\u00fcst\u00fc tutukland\u0131. Polis bas\u0131n b\u00fcltenine g\u00f6re, ad\u0131 edilenin yap\u0131lan muhaceret kontrol\u00fcnde, \u00fclkede yasal stat\u00fcs\u00fc olmad\u0131\u011f\u0131 halde ikamet izinsiz olarak ikamet etti\u011fi de tespit edildi. -Haspolat\u2019ta yang\u0131n Haspolat\u2019ta d\u00fcn Cumhuriyet Caddesi\u2019nde, Ahmet Otlu\u2019nun kald\u0131\u011f\u0131 evin dam\u0131nda, muhtemelen elektrik kablolar\u0131n\u0131n \u0131s\u0131n\u0131p k\u0131sa devre","og_url":"https:\/\/kibrisdakik.com\/?p=62080","article_published_time":"2024-09-14T13:13:21+00:00","og_image":[{"width":960,"height":960,"url":"https:\/\/kibrisdakik.com\/wp-content\/uploads\/2024\/09\/polis-logo46-740x420.jpg","type":"image\/jpeg"}],"author":"admin","twitter_card":"summary_large_image","twitter_misc":{"Yazan:":"admin","Tahmini okuma s\u00fcresi":"1 dakika"},"schema":{"@context":"https:\/\/schema.org","@graph":[{"@type":"Article","@id":"https:\/\/kibrisdakik.com\/?p=62080#article","isPartOf":{"@id":"https:\/\/kibrisdakik.com\/?p=62080"},"author":{"name":"admin","@id":"https:\/\/kibrisdakik.com\/#\/schema\/person\/9cd9d437bbb44f72b73ba127e06d8e79"},"headline":"Polisiye haberler\u2026 Gazima\u011fusa\u2019da rahats\u0131zl\u0131k veren gen\u00e7 tutukland\u0131","datePublished":"2024-09-14T13:13:21+00:00","mainEntityOfPage":{"@id":"https:\/\/kibrisdakik.com\/?p=62080"},"wordCount":129,"commentCount":0,"image":{"@id":"https:\/\/kibrisdakik.com\/?p=62080#primaryimage"},"thumbnailUrl":"https:\/\/kibrisdakik.com\/wp-content\/uploads\/2024\/09\/polis-logo46-740x420.jpg","articleSection":["G\u00fcndem"],"inLanguage":"tr","potentialAction":[{"@type":"CommentAction","name":"Comment","target":["https:\/\/kibrisdakik.com\/?p=62080#respond"]}]},{"@type":"WebPage","@id":"https:\/\/kibrisdakik.com\/?p=62080","url":"https:\/\/kibrisdakik.com\/?p=62080","name":"Polisiye haberler\u2026 Gazima\u011fusa\u2019da rahats\u0131zl\u0131k veren gen\u00e7 tutukland\u0131 -","isPartOf":{"@id":"https:\/\/kibrisdakik.com\/#website"},"primaryImageOfPage":{"@id":"https:\/\/kibrisdakik.com\/?p=62080#primaryimage"},"image":{"@id":"https:\/\/kibrisdakik.com\/?p=62080#primaryimage"},"thumbnailUrl":"https:\/\/kibrisdakik.com\/wp-content\/uploads\/2024\/09\/polis-logo46-740x420.jpg","datePublished":"2024-09-14T13:13:21+00:00","author":{"@id":"https:\/\/kibrisdakik.com\/#\/schema\/person\/9cd9d437bbb44f72b73ba127e06d8e79"},"breadcrumb":{"@id":"https:\/\/kibrisdakik.com\/?p=62080#breadcrumb"},"inLanguage":"tr","potentialAction":[{"@type":"ReadAction","target":["https:\/\/kibrisdakik.com\/?p=62080"]}]},{"@type":"ImageObject","inLanguage":"tr","@id":"https:\/\/kibrisdakik.com\/?p=62080#primaryimage","url":"https:\/\/kibrisdakik.com\/wp-content\/uploads\/2024\/09\/polis-logo46-740x420.jpg","contentUrl":"https:\/\/kibrisdakik.com\/wp-content\/uploads\/2024\/09\/polis-logo46-740x420.jpg","width":960,"height":960},{"@type":"BreadcrumbList","@id":"https:\/\/kibrisdakik.com\/?p=62080#breadcrumb","itemListElement":[{"@type":"ListItem","position":1,"name":"Home","item":"https:\/\/kibrisdakik.com\/"},{"@type":"ListItem","position":2,"name":"Polisiye haberler\u2026 Gazima\u011fusa\u2019da rahats\u0131zl\u0131k veren gen\u00e7 tutukland\u0131"}]},{"@type":"WebSite","@id":"https:\/\/kibrisdakik.com\/#website","url":"https:\/\/kibrisdakik.com\/","name":"","description":"Tam vaktinde haber","potentialAction":[{"@type":"SearchAction","target":{"@type":"EntryPoint","urlTemplate":"https:\/\/kibrisdakik.com\/?s={search_term_string}"},"query-input":{"@type":"PropertyValueSpecification","valueRequired":true,"valueName":"search_term_string"}}],"inLanguage":"tr"},{"@type":"Person","@id":"https:\/\/kibrisdakik.com\/#\/schema\/person\/9cd9d437bbb44f72b73ba127e06d8e79","name":"admin","image":{"@type":"ImageObject","inLanguage":"tr","@id":"https:\/\/secure.gravatar.com\/avatar\/ccc17943b9d660506c869530f897617f7cb1c21a4bf30023f252596d83e1f007?s=96&d=mm&r=g","url":"https:\/\/secure.gravatar.com\/avatar\/ccc17943b9d660506c869530f897617f7cb1c21a4bf30023f252596d83e1f007?s=96&d=mm&r=g","contentUrl":"https:\/\/secure.gravatar.com\/avatar\/ccc17943b9d660506c869530f897617f7cb1c21a4bf30023f252596d83e1f007?s=96&d=mm&r=g","caption":"admin"},"sameAs":["https:\/\/kibrisdakik.com"],"url":"https:\/\/kibrisdakik.com\/?author=1"}]}},"_links":{"self":[{"href":"https:\/\/kibrisdakik.com\/index.php?rest_route=\/wp\/v2\/posts\/62080","targetHints":{"allow":["GET"]}}],"collection":[{"href":"https:\/\/kibrisdakik.com\/index.php?rest_route=\/wp\/v2\/posts"}],"about":[{"href":"https:\/\/kibrisdakik.com\/index.php?rest_route=\/wp\/v2\/types\/post"}],"author":[{"embeddable":true,"href":"https:\/\/kibrisdakik.com\/index.php?rest_route=\/wp\/v2\/users\/1"}],"replies":[{"embeddable":true,"href":"https:\/\/kibrisdakik.com\/index.php?rest_route=%2Fwp%2Fv2%2Fcomments&post=62080"}],"version-history":[{"count":0,"href":"https:\/\/kibrisdakik.com\/index.php?rest_route=\/wp\/v2\/posts\/62080\/revisions"}],"wp:featuredmedia":[{"embeddable":true,"href":"https:\/\/kibrisdakik.com\/index.php?rest_route=\/wp\/v2\/media\/62038"}],"wp:attachment":[{"href":"https:\/\/kibrisdakik.com\/index.php?rest_route=%2Fwp%2Fv2%2Fmedia&parent=62080"}],"wp:term":[{"taxonomy":"category","embeddable":true,"href":"https:\/\/kibrisdakik.com\/index.php?rest_route=%2Fwp%2Fv2%2Fcategories&post=62080"},{"taxonomy":"post_tag","embeddable":true,"href":"https:\/\/kibrisdakik.com\/index.php?rest_route=%2Fwp%2Fv2%2Ftags&post=62080"}],"curies":[{"name":"wp","href":"https:\/\/api.w.org\/{rel}","templated":true}]}}