{"id":62095,"date":"2024-09-14T17:40:41","date_gmt":"2024-09-14T14:40:41","guid":{"rendered":"https:\/\/kibrisdakik.com\/index.php\/2024\/09\/14\/asal-arastirmanin-guvenilirlik-anketi-cumhurbaskanligi-%11-diyanet-2-guven-oyu-aldi\/"},"modified":"2024-09-14T17:40:41","modified_gmt":"2024-09-14T14:40:41","slug":"asal-arastirmanin-guvenilirlik-anketi-cumhurbaskanligi-%11-diyanet-2-guven-oyu-aldi","status":"publish","type":"post","link":"https:\/\/kibrisdakik.com\/?p=62095","title":{"rendered":"Asal Ara\u015ft\u0131rma&#8217;n\u0131n G\u00fcvenilirlik Anketi: Cumhurba\u015fkanl\u0131\u011f\u0131 %11, Diyanet %2 G\u00fcven Oyu Ald\u0131"},"content":{"rendered":"<p><img decoding=\"async\" src=\"https:\/\/foto.haberler.com\/haber\/2024\/09\/14\/iste-vatandaslarin-en-guvendigi-kurumlar-17821094_1372_amp.jpg\" \/><\/p>\n<div id=\"\">\n<p>Asal Ara\u015ft\u0131rma&#8217;n\u0131n kurumlar\u0131n g\u00fcvenilirli\u011fine ili\u015fkin yapt\u0131\u011f\u0131 ankette ordu birinci, polis ikinci oldu. Cumhurba\u015fkanl\u0131\u011f\u0131 y\u00fczde 11,1 ile \u00fc\u00e7\u00fcnc\u00fc olurken, Diyanet, yarg\u0131, politikac\u0131lar ve medya listenin son s\u0131ralar\u0131nda yer ald\u0131.<\/p>\n<h3>\u0130\u015eTE VATANDA\u015eLARIN EN G\u00dcVEND\u0130\u011e\u0130 KURUMLAR<\/h3>\n<p>Asal Ara\u015ft\u0131rma, vatanda\u015flara T\u00fcrkiye&#8217;de en g\u00fcvendikleri kurumlar\u0131 sordu. Kat\u0131l\u0131mc\u0131lar\u0131n verdikleri yan\u0131tlar bir hayli ilgin\u00e7 oldu.<\/p>\n<h3>ORDU, POL\u0130S VE CUMHURBA\u015eKANLI\u011eI Z\u0130RVEDE<\/h3>\n<p>Listede T\u00fcrk Silahl\u0131 Kuvvetleri y\u00fczde 19,7 ile birinci s\u0131rada yer ald\u0131. Polis te\u015fkilat\u0131 y\u00fczde 16,5 ile ikinci, Cumhurba\u015fkanl\u0131\u011f\u0131 y\u00fczde 11,1 ile \u00fc\u00e7\u00fcnc\u00fc oldu.<\/p>\n<p>D\u0130YANET, YARGI, POL\u0130T\u0130KACILAR VE MEDYA EN G\u00dcVEN\u0130LMEYENLER<\/p>\n<p>Listenin alt s\u0131ralar\u0131na yerle\u015fen kurumlar ise dikkat \u00e7ekti. &#8221;  <a class=\"keyword\" href=\"https:\/\/www.haberler.com\/diyanet-isleri-baskanligi\/\" title=\"Diyanet \u0130\u015fleri Ba\u015fkanl\u0131\u011f\u0131 Haberleri, Diyanet \u0130\u015fleri Ba\u015fkanl\u0131\u011f\u0131 Haberi, Diyanet \u0130\u015fleri Ba\u015fkanl\u0131\u011f\u0131 Haber\"><strong>Diyanet \u0130\u015fleri Ba\u015fkanl\u0131\u011f\u0131<\/strong><\/a>&#8216;na g\u00fcveniyorum&#8221; diyenler y\u00fczde 2&#8217;de kal\u0131rken, yarg\u0131 y\u00fczde 1,4, politikac\u0131lar ise y\u00fczde 1 puan ald\u0131. Medya ise y\u00fczde 0,9 ile listenin dibine demir att\u0131.<\/p>\n<h4 id=\"nwsKeywords\"> <a href=\"https:\/\/www.haberler.com\/diyanet-isleri-baskanligi\/\" title=\"Diyanet \u0130\u015fleri Ba\u015fkanl\u0131\u011f\u0131\" class=\"hbptTag\">Diyanet \u0130\u015fleri Ba\u015fkanl\u0131\u011f\u0131<\/a>  <a href=\"https:\/\/www.haberler.com\/politika\/\" title=\"Politika\" class=\"hbptTag\">Politika<\/a>  <a href=\"https:\/\/www.haberler.com\/guncel\/\" title=\"G\u00fcncel\" class=\"hbptTag\">G\u00fcncel<\/a>  <a href=\"https:\/\/www.haberler.com\/ordu\/\" title=\"Ordu\" class=\"hbptTag\">Ordu<\/a> <\/h4>\n<\/div>\n","protected":false},"excerpt":{"rendered":"<p>Asal Ara\u015ft\u0131rma&#8217;n\u0131n kurumlar\u0131n g\u00fcvenilirli\u011fine ili\u015fkin yapt\u0131\u011f\u0131 ankette ordu birinci, polis ikinci oldu. Cumhurba\u015fkanl\u0131\u011f\u0131 y\u00fczde 11,1 ile \u00fc\u00e7\u00fcnc\u00fc olurken, Diyanet, yarg\u0131, politikac\u0131lar ve medya listenin son s\u0131ralar\u0131nda yer ald\u0131. \u0130\u015eTE VATANDA\u015eLARIN EN G\u00dcVEND\u0130\u011e\u0130 KURUMLAR Asal Ara\u015ft\u0131rma, vatanda\u015flara T\u00fcrkiye&#8217;de en g\u00fcvendikleri kurumlar\u0131 sordu. Kat\u0131l\u0131mc\u0131lar\u0131n verdikleri yan\u0131tlar bir hayli ilgin\u00e7 oldu. ORDU, POL\u0130S VE CUMHURBA\u015eKANLI\u011eI Z\u0130RVEDE Listede T\u00fcrk<\/p>\n","protected":false},"author":1,"featured_media":62096,"comment_status":"open","ping_status":"open","sticky":false,"template":"","format":"standard","meta":{"footnotes":""},"categories":[83],"tags":[],"class_list":["post-62095","post","type-post","status-publish","format-standard","has-post-thumbnail","hentry","category-magazin"],"yoast_head":"<!-- This site is optimized with the Yoast SEO plugin v27.5 - https:\/\/yoast.com\/product\/yoast-seo-wordpress\/ -->\n<title>Asal Ara\u015ft\u0131rma&#039;n\u0131n G\u00fcvenilirlik Anketi: Cumhurba\u015fkanl\u0131\u011f\u0131 %11, Diyanet %2 G\u00fcven Oyu Ald\u0131 -<\/title>\n<meta name=\"robots\" content=\"index, follow, max-snippet:-1, max-image-preview:large, max-video-preview:-1\" \/>\n<link rel=\"canonical\" href=\"https:\/\/kibrisdakik.com\/?p=62095\" \/>\n<meta property=\"og:locale\" content=\"tr_TR\" \/>\n<meta property=\"og:type\" content=\"article\" \/>\n<meta property=\"og:title\" content=\"Asal Ara\u015ft\u0131rma&#039;n\u0131n G\u00fcvenilirlik Anketi: Cumhurba\u015fkanl\u0131\u011f\u0131 %11, Diyanet %2 G\u00fcven Oyu Ald\u0131 -\" \/>\n<meta property=\"og:description\" content=\"Asal Ara\u015ft\u0131rma&#8217;n\u0131n kurumlar\u0131n g\u00fcvenilirli\u011fine ili\u015fkin yapt\u0131\u011f\u0131 ankette ordu birinci, polis ikinci oldu. Cumhurba\u015fkanl\u0131\u011f\u0131 y\u00fczde 11,1 ile \u00fc\u00e7\u00fcnc\u00fc olurken, Diyanet, yarg\u0131, politikac\u0131lar ve medya listenin son s\u0131ralar\u0131nda yer ald\u0131. \u0130\u015eTE VATANDA\u015eLARIN EN G\u00dcVEND\u0130\u011e\u0130 KURUMLAR Asal Ara\u015ft\u0131rma, vatanda\u015flara T\u00fcrkiye&#8217;de en g\u00fcvendikleri kurumlar\u0131 sordu. Kat\u0131l\u0131mc\u0131lar\u0131n verdikleri yan\u0131tlar bir hayli ilgin\u00e7 oldu. ORDU, POL\u0130S VE CUMHURBA\u015eKANLI\u011eI Z\u0130RVEDE Listede T\u00fcrk\" \/>\n<meta property=\"og:url\" content=\"https:\/\/kibrisdakik.com\/?p=62095\" \/>\n<meta property=\"article:published_time\" content=\"2024-09-14T14:40:41+00:00\" \/>\n<meta property=\"og:image\" content=\"https:\/\/kibrisdakik.com\/wp-content\/uploads\/2024\/09\/iste-vatandaslarin-en-guvendigi-kurumlar-17821094_1372_amp.jpg\" \/>\n\t<meta property=\"og:image:width\" content=\"1202\" \/>\n\t<meta property=\"og:image:height\" content=\"675\" \/>\n\t<meta property=\"og:image:type\" content=\"image\/jpeg\" \/>\n<meta name=\"author\" content=\"admin\" \/>\n<meta name=\"twitter:card\" content=\"summary_large_image\" \/>\n<meta name=\"twitter:label1\" content=\"Yazan:\" \/>\n\t<meta name=\"twitter:data1\" content=\"admin\" \/>\n\t<meta name=\"twitter:label2\" content=\"Tahmini okuma s\u00fcresi\" \/>\n\t<meta name=\"twitter:data2\" content=\"1 dakika\" \/>\n<script type=\"application\/ld+json\" class=\"yoast-schema-graph\">{\"@context\":\"https:\\\/\\\/schema.org\",\"@graph\":[{\"@type\":\"Article\",\"@id\":\"https:\\\/\\\/kibrisdakik.com\\\/?p=62095#article\",\"isPartOf\":{\"@id\":\"https:\\\/\\\/kibrisdakik.com\\\/?p=62095\"},\"author\":{\"name\":\"admin\",\"@id\":\"https:\\\/\\\/kibrisdakik.com\\\/#\\\/schema\\\/person\\\/9cd9d437bbb44f72b73ba127e06d8e79\"},\"headline\":\"Asal Ara\u015ft\u0131rma&#8217;n\u0131n G\u00fcvenilirlik Anketi: Cumhurba\u015fkanl\u0131\u011f\u0131 %11, Diyanet %2 G\u00fcven Oyu Ald\u0131\",\"datePublished\":\"2024-09-14T14:40:41+00:00\",\"mainEntityOfPage\":{\"@id\":\"https:\\\/\\\/kibrisdakik.com\\\/?p=62095\"},\"wordCount\":185,\"commentCount\":0,\"image\":{\"@id\":\"https:\\\/\\\/kibrisdakik.com\\\/?p=62095#primaryimage\"},\"thumbnailUrl\":\"https:\\\/\\\/kibrisdakik.com\\\/wp-content\\\/uploads\\\/2024\\\/09\\\/iste-vatandaslarin-en-guvendigi-kurumlar-17821094_1372_amp.jpg\",\"articleSection\":[\"Magazin\"],\"inLanguage\":\"tr\",\"potentialAction\":[{\"@type\":\"CommentAction\",\"name\":\"Comment\",\"target\":[\"https:\\\/\\\/kibrisdakik.com\\\/?p=62095#respond\"]}]},{\"@type\":\"WebPage\",\"@id\":\"https:\\\/\\\/kibrisdakik.com\\\/?p=62095\",\"url\":\"https:\\\/\\\/kibrisdakik.com\\\/?p=62095\",\"name\":\"Asal Ara\u015ft\u0131rma'n\u0131n G\u00fcvenilirlik Anketi: Cumhurba\u015fkanl\u0131\u011f\u0131 %11, Diyanet %2 G\u00fcven Oyu Ald\u0131 -\",\"isPartOf\":{\"@id\":\"https:\\\/\\\/kibrisdakik.com\\\/#website\"},\"primaryImageOfPage\":{\"@id\":\"https:\\\/\\\/kibrisdakik.com\\\/?p=62095#primaryimage\"},\"image\":{\"@id\":\"https:\\\/\\\/kibrisdakik.com\\\/?p=62095#primaryimage\"},\"thumbnailUrl\":\"https:\\\/\\\/kibrisdakik.com\\\/wp-content\\\/uploads\\\/2024\\\/09\\\/iste-vatandaslarin-en-guvendigi-kurumlar-17821094_1372_amp.jpg\",\"datePublished\":\"2024-09-14T14:40:41+00:00\",\"author\":{\"@id\":\"https:\\\/\\\/kibrisdakik.com\\\/#\\\/schema\\\/person\\\/9cd9d437bbb44f72b73ba127e06d8e79\"},\"breadcrumb\":{\"@id\":\"https:\\\/\\\/kibrisdakik.com\\\/?p=62095#breadcrumb\"},\"inLanguage\":\"tr\",\"potentialAction\":[{\"@type\":\"ReadAction\",\"target\":[\"https:\\\/\\\/kibrisdakik.com\\\/?p=62095\"]}]},{\"@type\":\"ImageObject\",\"inLanguage\":\"tr\",\"@id\":\"https:\\\/\\\/kibrisdakik.com\\\/?p=62095#primaryimage\",\"url\":\"https:\\\/\\\/kibrisdakik.com\\\/wp-content\\\/uploads\\\/2024\\\/09\\\/iste-vatandaslarin-en-guvendigi-kurumlar-17821094_1372_amp.jpg\",\"contentUrl\":\"https:\\\/\\\/kibrisdakik.com\\\/wp-content\\\/uploads\\\/2024\\\/09\\\/iste-vatandaslarin-en-guvendigi-kurumlar-17821094_1372_amp.jpg\",\"width\":1202,\"height\":675},{\"@type\":\"BreadcrumbList\",\"@id\":\"https:\\\/\\\/kibrisdakik.com\\\/?p=62095#breadcrumb\",\"itemListElement\":[{\"@type\":\"ListItem\",\"position\":1,\"name\":\"Home\",\"item\":\"https:\\\/\\\/kibrisdakik.com\\\/\"},{\"@type\":\"ListItem\",\"position\":2,\"name\":\"Asal Ara\u015ft\u0131rma&#8217;n\u0131n G\u00fcvenilirlik Anketi: Cumhurba\u015fkanl\u0131\u011f\u0131 %11, Diyanet %2 G\u00fcven Oyu Ald\u0131\"}]},{\"@type\":\"WebSite\",\"@id\":\"https:\\\/\\\/kibrisdakik.com\\\/#website\",\"url\":\"https:\\\/\\\/kibrisdakik.com\\\/\",\"name\":\"\",\"description\":\"Tam vaktinde haber\",\"potentialAction\":[{\"@type\":\"SearchAction\",\"target\":{\"@type\":\"EntryPoint\",\"urlTemplate\":\"https:\\\/\\\/kibrisdakik.com\\\/?s={search_term_string}\"},\"query-input\":{\"@type\":\"PropertyValueSpecification\",\"valueRequired\":true,\"valueName\":\"search_term_string\"}}],\"inLanguage\":\"tr\"},{\"@type\":\"Person\",\"@id\":\"https:\\\/\\\/kibrisdakik.com\\\/#\\\/schema\\\/person\\\/9cd9d437bbb44f72b73ba127e06d8e79\",\"name\":\"admin\",\"image\":{\"@type\":\"ImageObject\",\"inLanguage\":\"tr\",\"@id\":\"https:\\\/\\\/secure.gravatar.com\\\/avatar\\\/ccc17943b9d660506c869530f897617f7cb1c21a4bf30023f252596d83e1f007?s=96&d=mm&r=g\",\"url\":\"https:\\\/\\\/secure.gravatar.com\\\/avatar\\\/ccc17943b9d660506c869530f897617f7cb1c21a4bf30023f252596d83e1f007?s=96&d=mm&r=g\",\"contentUrl\":\"https:\\\/\\\/secure.gravatar.com\\\/avatar\\\/ccc17943b9d660506c869530f897617f7cb1c21a4bf30023f252596d83e1f007?s=96&d=mm&r=g\",\"caption\":\"admin\"},\"sameAs\":[\"https:\\\/\\\/kibrisdakik.com\"],\"url\":\"https:\\\/\\\/kibrisdakik.com\\\/?author=1\"}]}<\/script>\n<!-- \/ Yoast SEO plugin. -->","yoast_head_json":{"title":"Asal Ara\u015ft\u0131rma'n\u0131n G\u00fcvenilirlik Anketi: Cumhurba\u015fkanl\u0131\u011f\u0131 %11, Diyanet %2 G\u00fcven Oyu Ald\u0131 -","robots":{"index":"index","follow":"follow","max-snippet":"max-snippet:-1","max-image-preview":"max-image-preview:large","max-video-preview":"max-video-preview:-1"},"canonical":"https:\/\/kibrisdakik.com\/?p=62095","og_locale":"tr_TR","og_type":"article","og_title":"Asal Ara\u015ft\u0131rma'n\u0131n G\u00fcvenilirlik Anketi: Cumhurba\u015fkanl\u0131\u011f\u0131 %11, Diyanet %2 G\u00fcven Oyu Ald\u0131 -","og_description":"Asal Ara\u015ft\u0131rma&#8217;n\u0131n kurumlar\u0131n g\u00fcvenilirli\u011fine ili\u015fkin yapt\u0131\u011f\u0131 ankette ordu birinci, polis ikinci oldu. Cumhurba\u015fkanl\u0131\u011f\u0131 y\u00fczde 11,1 ile \u00fc\u00e7\u00fcnc\u00fc olurken, Diyanet, yarg\u0131, politikac\u0131lar ve medya listenin son s\u0131ralar\u0131nda yer ald\u0131. \u0130\u015eTE VATANDA\u015eLARIN EN G\u00dcVEND\u0130\u011e\u0130 KURUMLAR Asal Ara\u015ft\u0131rma, vatanda\u015flara T\u00fcrkiye&#8217;de en g\u00fcvendikleri kurumlar\u0131 sordu. Kat\u0131l\u0131mc\u0131lar\u0131n verdikleri yan\u0131tlar bir hayli ilgin\u00e7 oldu. ORDU, POL\u0130S VE CUMHURBA\u015eKANLI\u011eI Z\u0130RVEDE Listede T\u00fcrk","og_url":"https:\/\/kibrisdakik.com\/?p=62095","article_published_time":"2024-09-14T14:40:41+00:00","og_image":[{"width":1202,"height":675,"url":"https:\/\/kibrisdakik.com\/wp-content\/uploads\/2024\/09\/iste-vatandaslarin-en-guvendigi-kurumlar-17821094_1372_amp.jpg","type":"image\/jpeg"}],"author":"admin","twitter_card":"summary_large_image","twitter_misc":{"Yazan:":"admin","Tahmini okuma s\u00fcresi":"1 dakika"},"schema":{"@context":"https:\/\/schema.org","@graph":[{"@type":"Article","@id":"https:\/\/kibrisdakik.com\/?p=62095#article","isPartOf":{"@id":"https:\/\/kibrisdakik.com\/?p=62095"},"author":{"name":"admin","@id":"https:\/\/kibrisdakik.com\/#\/schema\/person\/9cd9d437bbb44f72b73ba127e06d8e79"},"headline":"Asal Ara\u015ft\u0131rma&#8217;n\u0131n G\u00fcvenilirlik Anketi: Cumhurba\u015fkanl\u0131\u011f\u0131 %11, Diyanet %2 G\u00fcven Oyu Ald\u0131","datePublished":"2024-09-14T14:40:41+00:00","mainEntityOfPage":{"@id":"https:\/\/kibrisdakik.com\/?p=62095"},"wordCount":185,"commentCount":0,"image":{"@id":"https:\/\/kibrisdakik.com\/?p=62095#primaryimage"},"thumbnailUrl":"https:\/\/kibrisdakik.com\/wp-content\/uploads\/2024\/09\/iste-vatandaslarin-en-guvendigi-kurumlar-17821094_1372_amp.jpg","articleSection":["Magazin"],"inLanguage":"tr","potentialAction":[{"@type":"CommentAction","name":"Comment","target":["https:\/\/kibrisdakik.com\/?p=62095#respond"]}]},{"@type":"WebPage","@id":"https:\/\/kibrisdakik.com\/?p=62095","url":"https:\/\/kibrisdakik.com\/?p=62095","name":"Asal Ara\u015ft\u0131rma'n\u0131n G\u00fcvenilirlik Anketi: Cumhurba\u015fkanl\u0131\u011f\u0131 %11, Diyanet %2 G\u00fcven Oyu Ald\u0131 -","isPartOf":{"@id":"https:\/\/kibrisdakik.com\/#website"},"primaryImageOfPage":{"@id":"https:\/\/kibrisdakik.com\/?p=62095#primaryimage"},"image":{"@id":"https:\/\/kibrisdakik.com\/?p=62095#primaryimage"},"thumbnailUrl":"https:\/\/kibrisdakik.com\/wp-content\/uploads\/2024\/09\/iste-vatandaslarin-en-guvendigi-kurumlar-17821094_1372_amp.jpg","datePublished":"2024-09-14T14:40:41+00:00","author":{"@id":"https:\/\/kibrisdakik.com\/#\/schema\/person\/9cd9d437bbb44f72b73ba127e06d8e79"},"breadcrumb":{"@id":"https:\/\/kibrisdakik.com\/?p=62095#breadcrumb"},"inLanguage":"tr","potentialAction":[{"@type":"ReadAction","target":["https:\/\/kibrisdakik.com\/?p=62095"]}]},{"@type":"ImageObject","inLanguage":"tr","@id":"https:\/\/kibrisdakik.com\/?p=62095#primaryimage","url":"https:\/\/kibrisdakik.com\/wp-content\/uploads\/2024\/09\/iste-vatandaslarin-en-guvendigi-kurumlar-17821094_1372_amp.jpg","contentUrl":"https:\/\/kibrisdakik.com\/wp-content\/uploads\/2024\/09\/iste-vatandaslarin-en-guvendigi-kurumlar-17821094_1372_amp.jpg","width":1202,"height":675},{"@type":"BreadcrumbList","@id":"https:\/\/kibrisdakik.com\/?p=62095#breadcrumb","itemListElement":[{"@type":"ListItem","position":1,"name":"Home","item":"https:\/\/kibrisdakik.com\/"},{"@type":"ListItem","position":2,"name":"Asal Ara\u015ft\u0131rma&#8217;n\u0131n G\u00fcvenilirlik Anketi: Cumhurba\u015fkanl\u0131\u011f\u0131 %11, Diyanet %2 G\u00fcven Oyu Ald\u0131"}]},{"@type":"WebSite","@id":"https:\/\/kibrisdakik.com\/#website","url":"https:\/\/kibrisdakik.com\/","name":"","description":"Tam vaktinde haber","potentialAction":[{"@type":"SearchAction","target":{"@type":"EntryPoint","urlTemplate":"https:\/\/kibrisdakik.com\/?s={search_term_string}"},"query-input":{"@type":"PropertyValueSpecification","valueRequired":true,"valueName":"search_term_string"}}],"inLanguage":"tr"},{"@type":"Person","@id":"https:\/\/kibrisdakik.com\/#\/schema\/person\/9cd9d437bbb44f72b73ba127e06d8e79","name":"admin","image":{"@type":"ImageObject","inLanguage":"tr","@id":"https:\/\/secure.gravatar.com\/avatar\/ccc17943b9d660506c869530f897617f7cb1c21a4bf30023f252596d83e1f007?s=96&d=mm&r=g","url":"https:\/\/secure.gravatar.com\/avatar\/ccc17943b9d660506c869530f897617f7cb1c21a4bf30023f252596d83e1f007?s=96&d=mm&r=g","contentUrl":"https:\/\/secure.gravatar.com\/avatar\/ccc17943b9d660506c869530f897617f7cb1c21a4bf30023f252596d83e1f007?s=96&d=mm&r=g","caption":"admin"},"sameAs":["https:\/\/kibrisdakik.com"],"url":"https:\/\/kibrisdakik.com\/?author=1"}]}},"_links":{"self":[{"href":"https:\/\/kibrisdakik.com\/index.php?rest_route=\/wp\/v2\/posts\/62095","targetHints":{"allow":["GET"]}}],"collection":[{"href":"https:\/\/kibrisdakik.com\/index.php?rest_route=\/wp\/v2\/posts"}],"about":[{"href":"https:\/\/kibrisdakik.com\/index.php?rest_route=\/wp\/v2\/types\/post"}],"author":[{"embeddable":true,"href":"https:\/\/kibrisdakik.com\/index.php?rest_route=\/wp\/v2\/users\/1"}],"replies":[{"embeddable":true,"href":"https:\/\/kibrisdakik.com\/index.php?rest_route=%2Fwp%2Fv2%2Fcomments&post=62095"}],"version-history":[{"count":0,"href":"https:\/\/kibrisdakik.com\/index.php?rest_route=\/wp\/v2\/posts\/62095\/revisions"}],"wp:featuredmedia":[{"embeddable":true,"href":"https:\/\/kibrisdakik.com\/index.php?rest_route=\/wp\/v2\/media\/62096"}],"wp:attachment":[{"href":"https:\/\/kibrisdakik.com\/index.php?rest_route=%2Fwp%2Fv2%2Fmedia&parent=62095"}],"wp:term":[{"taxonomy":"category","embeddable":true,"href":"https:\/\/kibrisdakik.com\/index.php?rest_route=%2Fwp%2Fv2%2Fcategories&post=62095"},{"taxonomy":"post_tag","embeddable":true,"href":"https:\/\/kibrisdakik.com\/index.php?rest_route=%2Fwp%2Fv2%2Ftags&post=62095"}],"curies":[{"name":"wp","href":"https:\/\/api.w.org\/{rel}","templated":true}]}}