{"id":6210,"date":"2023-05-03T17:59:41","date_gmt":"2023-05-03T17:59:41","guid":{"rendered":"https:\/\/kibrisdakik.com\/index.php\/2023\/05\/03\/kadin-kadinin-yurdudur-festivali-basladi-sibel-tatar-yaralarimizi-ancak-dayanisma-ruhu-icinde-sarabiliriz\/"},"modified":"2023-05-03T17:59:41","modified_gmt":"2023-05-03T17:59:41","slug":"kadin-kadinin-yurdudur-festivali-basladi-sibel-tatar-yaralarimizi-ancak-dayanisma-ruhu-icinde-sarabiliriz","status":"publish","type":"post","link":"https:\/\/kibrisdakik.com\/?p=6210","title":{"rendered":"\u201cKad\u0131n Kad\u0131n\u0131n Yurdudur Festivali\u201d ba\u015flad\u0131..Sibel Tatar: Yaralar\u0131m\u0131z\u0131 ancak dayan\u0131\u015fma ruhu i\u00e7inde sarabiliriz"},"content":{"rendered":"<p><\/p>\n<div>\n<div class=\"mariselle-image-container center\">\n                <img width=\"2048\" height=\"1151\" class=\"lazy-image\" alt=\"\" decoding=\"async\" loading=\"lazy\" sizes=\"auto, (max-width: 2048px) 100vw, 2048px\" src=\"https:\/\/brtk.net\/wp-content\/uploads\/2023\/05\/03\/kadinnnnn.jpg?ver=9678c4e3814a30006cb603bad26908ed\" srcset=\"https:\/\/brtk.net\/wp-content\/uploads\/2023\/05\/03\/kadinnnnn.jpg?ver=9678c4e3814a30006cb603bad26908ed 2048w, https:\/\/brtk.net\/wp-content\/uploads\/2023\/05\/03\/kadinnnnn-300x169.jpg?ver=9678c4e3814a30006cb603bad26908ed 300w, https:\/\/brtk.net\/wp-content\/uploads\/2023\/05\/03\/kadinnnnn-1024x576.jpg?ver=544ced384a8cf75a88e18694c86f080c 1024w, https:\/\/brtk.net\/wp-content\/uploads\/2023\/05\/03\/kadinnnnn-768x432.jpg?ver=544ced384a8cf75a88e18694c86f080c 768w, https:\/\/brtk.net\/wp-content\/uploads\/2023\/05\/03\/kadinnnnn-1536x863.jpg?ver=544ced384a8cf75a88e18694c86f080c 1536w\"\/>                            <\/div>\n<p>K\u0131br\u0131s T\u00fcrk  Giri\u015fimci Kad\u0131nlar  Derne\u011fi, \u201cKad\u0131n Kad\u0131n\u0131n Yurdudur\u201d festivaliyle, Hatayl\u0131 depremzede \u00fcreten kad\u0131nlar \u0131K\u0131br\u0131s\u2019ta bulu\u015fturuyor. <\/p>\n<p>Dernek organizasyonunda, Hatay Gastronomi Evi ve T\u00fcrkiye\u2019nin Lefko\u015fa B\u00fcy\u00fckel\u00e7ili\u011fi katk\u0131lar\u0131yla d\u00fczenlenen ve 2 g\u00fcn s\u00fcrecek festival, Acapulco Resort Otel\u2019de  yer alan panel ve K\u00f6mbe At\u00f6lyesi ile ba\u015flad\u0131. <\/p>\n<p>Festivalin a\u00e7\u0131l\u0131\u015f etkinli\u011finde konu\u015fan Cumhurba\u015fkan\u0131 <a href=\"https:\/\/brtk.net\/\" target=\"_blank\" rel=\"noopener\">Ersin <\/a><a href=\"https:\/\/brtk.net\/\"\/><a href=\"https:\/\/brtk.net\/\"\/><a href=\"https:\/\/brtk.net\/\"\/><a href=\"https:\/\/brtk.net\/\"\/><a href=\"https:\/\/brtk.net\/\">Tatar<\/a>\u2019\u0131n e\u015fi Sibel <a href=\"https:\/\/brtk.net\/\"\/><a href=\"https:\/\/brtk.net\/\"\/><a href=\"https:\/\/brtk.net\/\"\/><a href=\"https:\/\/brtk.net\/\"\/><a href=\"https:\/\/brtk.net\/\">Tatar<\/a>, kad\u0131nlar\u0131n kararl\u0131l\u0131klar\u0131, \u00e7al\u0131\u015fkanl\u0131klar\u0131 ve cesaretleriyle \u00f6ncelikle ailelerini, sonra da i\u015flerini, \u015fehirlerini, b\u00f6lgeyi ve \u00fclkeyi aya\u011fa kald\u0131raca\u011f\u0131na vurgu yapt\u0131. <\/p>\n<p>Depremzede \u00fcretici kad\u0131nlara \u201cKad\u0131n, kad\u0131n\u0131n yurdudur. Bizler de birbirimizin yurduyuz. Sizlerde yurdunuza ho\u015f geldiniz\u201d diye seslenen Sibel <a href=\"https:\/\/brtk.net\/\"\/><a href=\"https:\/\/brtk.net\/\"\/><a href=\"https:\/\/brtk.net\/\"\/><a href=\"https:\/\/brtk.net\/\"\/><a href=\"https:\/\/brtk.net\/\">Tatar<\/a>,depremzede \u00fcretici kad\u0131nlara bir araya gelmenin h\u00fcz\u00fcn ve mutlulu\u011funu bir arada ya\u015fad\u0131\u011f\u0131n\u0131  belirtti.<\/p>\n<div class=\"mariselle-image-container center\">\n                <img width=\"768\" height=\"468\" class=\"lazy-image\" alt=\"\" decoding=\"async\" loading=\"lazy\" sizes=\"auto, (max-width: 768px) 100vw, 768px\" src=\"https:\/\/brtk.net\/wp-content\/uploads\/2023\/05\/03\/ae1d39f4-aac2-48ad-8d83-1ed3113672bb.jpg?ver=6f8dc444d33f5eed501f1800c01d784a\" srcset=\"https:\/\/brtk.net\/wp-content\/uploads\/2023\/05\/03\/ae1d39f4-aac2-48ad-8d83-1ed3113672bb.jpg?ver=6f8dc444d33f5eed501f1800c01d784a 768w, https:\/\/brtk.net\/wp-content\/uploads\/2023\/05\/03\/ae1d39f4-aac2-48ad-8d83-1ed3113672bb-300x183.jpg?ver=6f8dc444d33f5eed501f1800c01d784a 300w\"\/>                            <\/div>\n<p> Sibel <a href=\"https:\/\/brtk.net\/\"\/><a href=\"https:\/\/brtk.net\/\"\/><a href=\"https:\/\/brtk.net\/\"\/><a href=\"https:\/\/brtk.net\/\"\/><a href=\"https:\/\/brtk.net\/\">Tatar<\/a>, K\u0131br\u0131s T\u00fcrk Halk\u0131n\u0131n Anavatan\u0131 T\u00fcrkiye\u2019nin tasas\u0131, \u00fcz\u00fcnt\u00fcs\u00fc, ac\u0131s\u0131, keder ve sevincini kendisininkiyle \u00f6zde\u015f tuttu\u011funu vurgulayarak, \u201c6 \u015eubat\u2019tan sonra ya\u015fanan s\u00fcre\u00e7te en \u00e7ok ihtiyac\u0131m\u0131z olan \u015feyin birlik, beraberlik ve dayan\u0131\u015fma oldu\u011funu g\u00f6rd\u00fck. Kay\u0131plar\u0131 geri getirmek m\u00fcmk\u00fcn olmasa da yaralar\u0131m\u0131z\u0131 ancak dayan\u0131\u015fma ruhu i\u00e7inde sarabiliriz\u201d diye konu\u015ftu. <\/p>\n<p>Tarih boyunca bir\u00e7ok medeniyete ev sahipli\u011fi yapan ve Anadolu\u2019nun en eski yerle\u015fim merkezlerinden biri olan Hatay\u2019\u0131n tarihsel ve k\u00fclt\u00fcrel zenginli\u011finin her alanda oldu\u011fu gibi mutfa\u011f\u0131na da yans\u0131d\u0131\u011f\u0131n\u0131 an\u0131msatan Sibel <a href=\"https:\/\/brtk.net\/\"\/><a href=\"https:\/\/brtk.net\/\"\/><a href=\"https:\/\/brtk.net\/\"\/><a href=\"https:\/\/brtk.net\/\"\/><a href=\"https:\/\/brtk.net\/\">Tatar<\/a>, Hatay mutfak k\u00fclt\u00fcr\u00fcn\u00fcn, mutfak ara\u00e7 gere\u00e7lerinin ve y\u00f6resel tariflerin korunarak nesilden nesle aktar\u0131m\u0131n\u0131n \u00f6nemine de vurgu yapt\u0131.<\/p>\n<p>Sibel <a href=\"https:\/\/brtk.net\/\"\/><a href=\"https:\/\/brtk.net\/\"\/><a href=\"https:\/\/brtk.net\/\"\/><a href=\"https:\/\/brtk.net\/\"\/><a href=\"https:\/\/brtk.net\/\">Tatar<\/a>, \u00f6nc\u00fcl\u00fc\u011f\u00fcn\u00fc \u00fcstlendi\u011fi ve \u00e7al\u0131\u015fmalar\u0131 devam eden \u201cGelenekten Gelece\u011fe K\u0131br\u0131s Mutfa\u011f\u0131\u201c isimli gastronomi kitab\u0131n\u0131n da bu ba\u011flamda b\u00fcy\u00fck \u00f6nemli bir eser olaca\u011f\u0131n\u0131 s\u00f6yledi.<\/p>\n<p>Etkinli\u011finde G\u0130KAD Ba\u015fkan\u0131 \u0130\u00e7im \u00c7a\u011f\u0131ner Kavuklu ve Hatay B\u00fcy\u00fck\u015fehir Belediye Ba\u015fkan\u0131 L\u00fctf\u00fc Sava\u015f\u2019\u0131n e\u015fi, T\u0131p Fak\u00fcltesi  Halk Sa\u011fl\u0131\u011f\u0131  Anabilim Dal\u0131 \u00d6\u011fretim \u00dcyesi Profes\u00f6r Doktor  Nazan Sava\u015f da birer konu\u015fma yapt\u0131.<\/p>\n<p>brt<\/p>\n<\/p><\/div>\n<p><script async\n                    defer\n                    crossorigin=\"anonymous\"\n                    src=\"https:\/\/connect.facebook.net\/tr_TR\/sdk.js#xfbml=1&#038;version=v3.3\"\n            ><\/script><\/p>\n","protected":false},"excerpt":{"rendered":"<p>K\u0131br\u0131s T\u00fcrk Giri\u015fimci Kad\u0131nlar Derne\u011fi, \u201cKad\u0131n Kad\u0131n\u0131n Yurdudur\u201d festivaliyle, Hatayl\u0131 depremzede \u00fcreten kad\u0131nlar \u0131K\u0131br\u0131s\u2019ta bulu\u015fturuyor. Dernek organizasyonunda, Hatay Gastronomi Evi ve T\u00fcrkiye\u2019nin Lefko\u015fa B\u00fcy\u00fckel\u00e7ili\u011fi katk\u0131lar\u0131yla d\u00fczenlenen ve 2 g\u00fcn s\u00fcrecek festival, Acapulco Resort Otel\u2019de yer alan panel ve K\u00f6mbe At\u00f6lyesi ile ba\u015flad\u0131. Festivalin a\u00e7\u0131l\u0131\u015f etkinli\u011finde konu\u015fan Cumhurba\u015fkan\u0131 Ersin Tatar\u2019\u0131n e\u015fi Sibel Tatar, kad\u0131nlar\u0131n kararl\u0131l\u0131klar\u0131, \u00e7al\u0131\u015fkanl\u0131klar\u0131<\/p>\n","protected":false},"author":1,"featured_media":6211,"comment_status":"open","ping_status":"open","sticky":false,"template":"","format":"standard","meta":{"footnotes":""},"categories":[1],"tags":[],"class_list":["post-6210","post","type-post","status-publish","format-standard","has-post-thumbnail","hentry","category-gundem"],"yoast_head":"<!-- This site is optimized with the Yoast SEO plugin v27.5 - https:\/\/yoast.com\/product\/yoast-seo-wordpress\/ -->\n<title>\u201cKad\u0131n Kad\u0131n\u0131n Yurdudur Festivali\u201d ba\u015flad\u0131..Sibel Tatar: Yaralar\u0131m\u0131z\u0131 ancak dayan\u0131\u015fma ruhu i\u00e7inde sarabiliriz -<\/title>\n<meta name=\"robots\" content=\"index, follow, max-snippet:-1, max-image-preview:large, max-video-preview:-1\" \/>\n<link rel=\"canonical\" href=\"https:\/\/kibrisdakik.com\/?p=6210\" \/>\n<meta property=\"og:locale\" content=\"tr_TR\" \/>\n<meta property=\"og:type\" content=\"article\" \/>\n<meta property=\"og:title\" content=\"\u201cKad\u0131n Kad\u0131n\u0131n Yurdudur Festivali\u201d ba\u015flad\u0131..Sibel Tatar: Yaralar\u0131m\u0131z\u0131 ancak dayan\u0131\u015fma ruhu i\u00e7inde sarabiliriz -\" \/>\n<meta property=\"og:description\" content=\"K\u0131br\u0131s T\u00fcrk Giri\u015fimci Kad\u0131nlar Derne\u011fi, \u201cKad\u0131n Kad\u0131n\u0131n Yurdudur\u201d festivaliyle, Hatayl\u0131 depremzede \u00fcreten kad\u0131nlar \u0131K\u0131br\u0131s\u2019ta bulu\u015fturuyor. Dernek organizasyonunda, Hatay Gastronomi Evi ve T\u00fcrkiye\u2019nin Lefko\u015fa B\u00fcy\u00fckel\u00e7ili\u011fi katk\u0131lar\u0131yla d\u00fczenlenen ve 2 g\u00fcn s\u00fcrecek festival, Acapulco Resort Otel\u2019de yer alan panel ve K\u00f6mbe At\u00f6lyesi ile ba\u015flad\u0131. Festivalin a\u00e7\u0131l\u0131\u015f etkinli\u011finde konu\u015fan Cumhurba\u015fkan\u0131 Ersin Tatar\u2019\u0131n e\u015fi Sibel Tatar, kad\u0131nlar\u0131n kararl\u0131l\u0131klar\u0131, \u00e7al\u0131\u015fkanl\u0131klar\u0131\" \/>\n<meta property=\"og:url\" content=\"https:\/\/kibrisdakik.com\/?p=6210\" \/>\n<meta property=\"article:published_time\" content=\"2023-05-03T17:59:41+00:00\" \/>\n<meta property=\"og:image\" content=\"https:\/\/kibrisdakik.com\/wp-content\/uploads\/2023\/05\/kadinnnnn-740x420.jpg\" \/>\n\t<meta property=\"og:image:width\" content=\"2048\" \/>\n\t<meta property=\"og:image:height\" content=\"1151\" \/>\n\t<meta property=\"og:image:type\" content=\"image\/jpeg\" \/>\n<meta name=\"author\" content=\"admin\" \/>\n<meta name=\"twitter:card\" content=\"summary_large_image\" \/>\n<meta name=\"twitter:label1\" content=\"Yazan:\" \/>\n\t<meta name=\"twitter:data1\" content=\"admin\" \/>\n\t<meta name=\"twitter:label2\" content=\"Tahmini okuma s\u00fcresi\" \/>\n\t<meta name=\"twitter:data2\" content=\"2 dakika\" \/>\n<script type=\"application\/ld+json\" class=\"yoast-schema-graph\">{\"@context\":\"https:\\\/\\\/schema.org\",\"@graph\":[{\"@type\":\"Article\",\"@id\":\"https:\\\/\\\/kibrisdakik.com\\\/?p=6210#article\",\"isPartOf\":{\"@id\":\"https:\\\/\\\/kibrisdakik.com\\\/?p=6210\"},\"author\":{\"name\":\"admin\",\"@id\":\"https:\\\/\\\/kibrisdakik.com\\\/#\\\/schema\\\/person\\\/9cd9d437bbb44f72b73ba127e06d8e79\"},\"headline\":\"\u201cKad\u0131n Kad\u0131n\u0131n Yurdudur Festivali\u201d ba\u015flad\u0131..Sibel Tatar: Yaralar\u0131m\u0131z\u0131 ancak dayan\u0131\u015fma ruhu i\u00e7inde sarabiliriz\",\"datePublished\":\"2023-05-03T17:59:41+00:00\",\"mainEntityOfPage\":{\"@id\":\"https:\\\/\\\/kibrisdakik.com\\\/?p=6210\"},\"wordCount\":407,\"commentCount\":0,\"image\":{\"@id\":\"https:\\\/\\\/kibrisdakik.com\\\/?p=6210#primaryimage\"},\"thumbnailUrl\":\"https:\\\/\\\/kibrisdakik.com\\\/wp-content\\\/uploads\\\/2023\\\/05\\\/kadinnnnn-740x420.jpg\",\"articleSection\":[\"G\u00fcndem\"],\"inLanguage\":\"tr\",\"potentialAction\":[{\"@type\":\"CommentAction\",\"name\":\"Comment\",\"target\":[\"https:\\\/\\\/kibrisdakik.com\\\/?p=6210#respond\"]}]},{\"@type\":\"WebPage\",\"@id\":\"https:\\\/\\\/kibrisdakik.com\\\/?p=6210\",\"url\":\"https:\\\/\\\/kibrisdakik.com\\\/?p=6210\",\"name\":\"\u201cKad\u0131n Kad\u0131n\u0131n Yurdudur Festivali\u201d ba\u015flad\u0131..Sibel Tatar: Yaralar\u0131m\u0131z\u0131 ancak dayan\u0131\u015fma ruhu i\u00e7inde sarabiliriz -\",\"isPartOf\":{\"@id\":\"https:\\\/\\\/kibrisdakik.com\\\/#website\"},\"primaryImageOfPage\":{\"@id\":\"https:\\\/\\\/kibrisdakik.com\\\/?p=6210#primaryimage\"},\"image\":{\"@id\":\"https:\\\/\\\/kibrisdakik.com\\\/?p=6210#primaryimage\"},\"thumbnailUrl\":\"https:\\\/\\\/kibrisdakik.com\\\/wp-content\\\/uploads\\\/2023\\\/05\\\/kadinnnnn-740x420.jpg\",\"datePublished\":\"2023-05-03T17:59:41+00:00\",\"author\":{\"@id\":\"https:\\\/\\\/kibrisdakik.com\\\/#\\\/schema\\\/person\\\/9cd9d437bbb44f72b73ba127e06d8e79\"},\"breadcrumb\":{\"@id\":\"https:\\\/\\\/kibrisdakik.com\\\/?p=6210#breadcrumb\"},\"inLanguage\":\"tr\",\"potentialAction\":[{\"@type\":\"ReadAction\",\"target\":[\"https:\\\/\\\/kibrisdakik.com\\\/?p=6210\"]}]},{\"@type\":\"ImageObject\",\"inLanguage\":\"tr\",\"@id\":\"https:\\\/\\\/kibrisdakik.com\\\/?p=6210#primaryimage\",\"url\":\"https:\\\/\\\/kibrisdakik.com\\\/wp-content\\\/uploads\\\/2023\\\/05\\\/kadinnnnn-740x420.jpg\",\"contentUrl\":\"https:\\\/\\\/kibrisdakik.com\\\/wp-content\\\/uploads\\\/2023\\\/05\\\/kadinnnnn-740x420.jpg\",\"width\":2048,\"height\":1151},{\"@type\":\"BreadcrumbList\",\"@id\":\"https:\\\/\\\/kibrisdakik.com\\\/?p=6210#breadcrumb\",\"itemListElement\":[{\"@type\":\"ListItem\",\"position\":1,\"name\":\"Home\",\"item\":\"https:\\\/\\\/kibrisdakik.com\\\/\"},{\"@type\":\"ListItem\",\"position\":2,\"name\":\"\u201cKad\u0131n Kad\u0131n\u0131n Yurdudur Festivali\u201d ba\u015flad\u0131..Sibel Tatar: Yaralar\u0131m\u0131z\u0131 ancak dayan\u0131\u015fma ruhu i\u00e7inde sarabiliriz\"}]},{\"@type\":\"WebSite\",\"@id\":\"https:\\\/\\\/kibrisdakik.com\\\/#website\",\"url\":\"https:\\\/\\\/kibrisdakik.com\\\/\",\"name\":\"\",\"description\":\"Tam vaktinde haber\",\"potentialAction\":[{\"@type\":\"SearchAction\",\"target\":{\"@type\":\"EntryPoint\",\"urlTemplate\":\"https:\\\/\\\/kibrisdakik.com\\\/?s={search_term_string}\"},\"query-input\":{\"@type\":\"PropertyValueSpecification\",\"valueRequired\":true,\"valueName\":\"search_term_string\"}}],\"inLanguage\":\"tr\"},{\"@type\":\"Person\",\"@id\":\"https:\\\/\\\/kibrisdakik.com\\\/#\\\/schema\\\/person\\\/9cd9d437bbb44f72b73ba127e06d8e79\",\"name\":\"admin\",\"image\":{\"@type\":\"ImageObject\",\"inLanguage\":\"tr\",\"@id\":\"https:\\\/\\\/secure.gravatar.com\\\/avatar\\\/ccc17943b9d660506c869530f897617f7cb1c21a4bf30023f252596d83e1f007?s=96&d=mm&r=g\",\"url\":\"https:\\\/\\\/secure.gravatar.com\\\/avatar\\\/ccc17943b9d660506c869530f897617f7cb1c21a4bf30023f252596d83e1f007?s=96&d=mm&r=g\",\"contentUrl\":\"https:\\\/\\\/secure.gravatar.com\\\/avatar\\\/ccc17943b9d660506c869530f897617f7cb1c21a4bf30023f252596d83e1f007?s=96&d=mm&r=g\",\"caption\":\"admin\"},\"sameAs\":[\"https:\\\/\\\/kibrisdakik.com\"],\"url\":\"https:\\\/\\\/kibrisdakik.com\\\/?author=1\"}]}<\/script>\n<!-- \/ Yoast SEO plugin. -->","yoast_head_json":{"title":"\u201cKad\u0131n Kad\u0131n\u0131n Yurdudur Festivali\u201d ba\u015flad\u0131..Sibel Tatar: Yaralar\u0131m\u0131z\u0131 ancak dayan\u0131\u015fma ruhu i\u00e7inde sarabiliriz -","robots":{"index":"index","follow":"follow","max-snippet":"max-snippet:-1","max-image-preview":"max-image-preview:large","max-video-preview":"max-video-preview:-1"},"canonical":"https:\/\/kibrisdakik.com\/?p=6210","og_locale":"tr_TR","og_type":"article","og_title":"\u201cKad\u0131n Kad\u0131n\u0131n Yurdudur Festivali\u201d ba\u015flad\u0131..Sibel Tatar: Yaralar\u0131m\u0131z\u0131 ancak dayan\u0131\u015fma ruhu i\u00e7inde sarabiliriz -","og_description":"K\u0131br\u0131s T\u00fcrk Giri\u015fimci Kad\u0131nlar Derne\u011fi, \u201cKad\u0131n Kad\u0131n\u0131n Yurdudur\u201d festivaliyle, Hatayl\u0131 depremzede \u00fcreten kad\u0131nlar \u0131K\u0131br\u0131s\u2019ta bulu\u015fturuyor. Dernek organizasyonunda, Hatay Gastronomi Evi ve T\u00fcrkiye\u2019nin Lefko\u015fa B\u00fcy\u00fckel\u00e7ili\u011fi katk\u0131lar\u0131yla d\u00fczenlenen ve 2 g\u00fcn s\u00fcrecek festival, Acapulco Resort Otel\u2019de yer alan panel ve K\u00f6mbe At\u00f6lyesi ile ba\u015flad\u0131. Festivalin a\u00e7\u0131l\u0131\u015f etkinli\u011finde konu\u015fan Cumhurba\u015fkan\u0131 Ersin Tatar\u2019\u0131n e\u015fi Sibel Tatar, kad\u0131nlar\u0131n kararl\u0131l\u0131klar\u0131, \u00e7al\u0131\u015fkanl\u0131klar\u0131","og_url":"https:\/\/kibrisdakik.com\/?p=6210","article_published_time":"2023-05-03T17:59:41+00:00","og_image":[{"width":2048,"height":1151,"url":"https:\/\/kibrisdakik.com\/wp-content\/uploads\/2023\/05\/kadinnnnn-740x420.jpg","type":"image\/jpeg"}],"author":"admin","twitter_card":"summary_large_image","twitter_misc":{"Yazan:":"admin","Tahmini okuma s\u00fcresi":"2 dakika"},"schema":{"@context":"https:\/\/schema.org","@graph":[{"@type":"Article","@id":"https:\/\/kibrisdakik.com\/?p=6210#article","isPartOf":{"@id":"https:\/\/kibrisdakik.com\/?p=6210"},"author":{"name":"admin","@id":"https:\/\/kibrisdakik.com\/#\/schema\/person\/9cd9d437bbb44f72b73ba127e06d8e79"},"headline":"\u201cKad\u0131n Kad\u0131n\u0131n Yurdudur Festivali\u201d ba\u015flad\u0131..Sibel Tatar: Yaralar\u0131m\u0131z\u0131 ancak dayan\u0131\u015fma ruhu i\u00e7inde sarabiliriz","datePublished":"2023-05-03T17:59:41+00:00","mainEntityOfPage":{"@id":"https:\/\/kibrisdakik.com\/?p=6210"},"wordCount":407,"commentCount":0,"image":{"@id":"https:\/\/kibrisdakik.com\/?p=6210#primaryimage"},"thumbnailUrl":"https:\/\/kibrisdakik.com\/wp-content\/uploads\/2023\/05\/kadinnnnn-740x420.jpg","articleSection":["G\u00fcndem"],"inLanguage":"tr","potentialAction":[{"@type":"CommentAction","name":"Comment","target":["https:\/\/kibrisdakik.com\/?p=6210#respond"]}]},{"@type":"WebPage","@id":"https:\/\/kibrisdakik.com\/?p=6210","url":"https:\/\/kibrisdakik.com\/?p=6210","name":"\u201cKad\u0131n Kad\u0131n\u0131n Yurdudur Festivali\u201d ba\u015flad\u0131..Sibel Tatar: Yaralar\u0131m\u0131z\u0131 ancak dayan\u0131\u015fma ruhu i\u00e7inde sarabiliriz -","isPartOf":{"@id":"https:\/\/kibrisdakik.com\/#website"},"primaryImageOfPage":{"@id":"https:\/\/kibrisdakik.com\/?p=6210#primaryimage"},"image":{"@id":"https:\/\/kibrisdakik.com\/?p=6210#primaryimage"},"thumbnailUrl":"https:\/\/kibrisdakik.com\/wp-content\/uploads\/2023\/05\/kadinnnnn-740x420.jpg","datePublished":"2023-05-03T17:59:41+00:00","author":{"@id":"https:\/\/kibrisdakik.com\/#\/schema\/person\/9cd9d437bbb44f72b73ba127e06d8e79"},"breadcrumb":{"@id":"https:\/\/kibrisdakik.com\/?p=6210#breadcrumb"},"inLanguage":"tr","potentialAction":[{"@type":"ReadAction","target":["https:\/\/kibrisdakik.com\/?p=6210"]}]},{"@type":"ImageObject","inLanguage":"tr","@id":"https:\/\/kibrisdakik.com\/?p=6210#primaryimage","url":"https:\/\/kibrisdakik.com\/wp-content\/uploads\/2023\/05\/kadinnnnn-740x420.jpg","contentUrl":"https:\/\/kibrisdakik.com\/wp-content\/uploads\/2023\/05\/kadinnnnn-740x420.jpg","width":2048,"height":1151},{"@type":"BreadcrumbList","@id":"https:\/\/kibrisdakik.com\/?p=6210#breadcrumb","itemListElement":[{"@type":"ListItem","position":1,"name":"Home","item":"https:\/\/kibrisdakik.com\/"},{"@type":"ListItem","position":2,"name":"\u201cKad\u0131n Kad\u0131n\u0131n Yurdudur Festivali\u201d ba\u015flad\u0131..Sibel Tatar: Yaralar\u0131m\u0131z\u0131 ancak dayan\u0131\u015fma ruhu i\u00e7inde sarabiliriz"}]},{"@type":"WebSite","@id":"https:\/\/kibrisdakik.com\/#website","url":"https:\/\/kibrisdakik.com\/","name":"","description":"Tam vaktinde haber","potentialAction":[{"@type":"SearchAction","target":{"@type":"EntryPoint","urlTemplate":"https:\/\/kibrisdakik.com\/?s={search_term_string}"},"query-input":{"@type":"PropertyValueSpecification","valueRequired":true,"valueName":"search_term_string"}}],"inLanguage":"tr"},{"@type":"Person","@id":"https:\/\/kibrisdakik.com\/#\/schema\/person\/9cd9d437bbb44f72b73ba127e06d8e79","name":"admin","image":{"@type":"ImageObject","inLanguage":"tr","@id":"https:\/\/secure.gravatar.com\/avatar\/ccc17943b9d660506c869530f897617f7cb1c21a4bf30023f252596d83e1f007?s=96&d=mm&r=g","url":"https:\/\/secure.gravatar.com\/avatar\/ccc17943b9d660506c869530f897617f7cb1c21a4bf30023f252596d83e1f007?s=96&d=mm&r=g","contentUrl":"https:\/\/secure.gravatar.com\/avatar\/ccc17943b9d660506c869530f897617f7cb1c21a4bf30023f252596d83e1f007?s=96&d=mm&r=g","caption":"admin"},"sameAs":["https:\/\/kibrisdakik.com"],"url":"https:\/\/kibrisdakik.com\/?author=1"}]}},"_links":{"self":[{"href":"https:\/\/kibrisdakik.com\/index.php?rest_route=\/wp\/v2\/posts\/6210","targetHints":{"allow":["GET"]}}],"collection":[{"href":"https:\/\/kibrisdakik.com\/index.php?rest_route=\/wp\/v2\/posts"}],"about":[{"href":"https:\/\/kibrisdakik.com\/index.php?rest_route=\/wp\/v2\/types\/post"}],"author":[{"embeddable":true,"href":"https:\/\/kibrisdakik.com\/index.php?rest_route=\/wp\/v2\/users\/1"}],"replies":[{"embeddable":true,"href":"https:\/\/kibrisdakik.com\/index.php?rest_route=%2Fwp%2Fv2%2Fcomments&post=6210"}],"version-history":[{"count":0,"href":"https:\/\/kibrisdakik.com\/index.php?rest_route=\/wp\/v2\/posts\/6210\/revisions"}],"wp:featuredmedia":[{"embeddable":true,"href":"https:\/\/kibrisdakik.com\/index.php?rest_route=\/wp\/v2\/media\/6211"}],"wp:attachment":[{"href":"https:\/\/kibrisdakik.com\/index.php?rest_route=%2Fwp%2Fv2%2Fmedia&parent=6210"}],"wp:term":[{"taxonomy":"category","embeddable":true,"href":"https:\/\/kibrisdakik.com\/index.php?rest_route=%2Fwp%2Fv2%2Fcategories&post=6210"},{"taxonomy":"post_tag","embeddable":true,"href":"https:\/\/kibrisdakik.com\/index.php?rest_route=%2Fwp%2Fv2%2Ftags&post=6210"}],"curies":[{"name":"wp","href":"https:\/\/api.w.org\/{rel}","templated":true}]}}