{"id":62157,"date":"2024-09-14T22:42:25","date_gmt":"2024-09-14T19:42:25","guid":{"rendered":"https:\/\/kibrisdakik.com\/index.php\/2024\/09\/14\/victor-osimhenden-cok-konusulacak-icardi-ve-batshuayi-sozleri\/"},"modified":"2024-09-14T22:42:25","modified_gmt":"2024-09-14T19:42:25","slug":"victor-osimhenden-cok-konusulacak-icardi-ve-batshuayi-sozleri","status":"publish","type":"post","link":"https:\/\/kibrisdakik.com\/?p=62157","title":{"rendered":"Victor Osimhen&#8217;den \u00e7ok konu\u015fulacak Icardi ve Batshuayi s\u00f6zleri"},"content":{"rendered":"<p><img decoding=\"async\" src=\"https:\/\/foto.haberler.com\/haber\/2024\/09\/14\/victor-osimhen-den-cok-konusulacak-icardi-ve-17821753_1829_amp.jpg\" \/><\/p>\n<div id=\"\">\n<p> <a class=\"keyword\" href=\"https:\/\/www.haberler.com\/galatasaray\/\" title=\"Galatasaray Haberleri, Galatasaray Haberi, Galatasaray Haber\"><strong>Galatasaray<\/strong><\/a>&#8216;\u0131n Napoli&#8217;den kiralad\u0131\u011f\u0131 d\u00fcnyaca \u00fcnl\u00fc golc\u00fc  <a class=\"keyword\" href=\"https:\/\/www.haberler.com\/victor-osimhen\/\" title=\"Victor Osimhen Haberleri, Victor Osimhen Haberi, Victor Osimhen Haber\"><strong>Victor Osimhen<\/strong><\/a>, Sar\u0131-k\u0131rm\u0131z\u0131l\u0131 formay\u0131 ilk kez giydi\u011fi ve 5-0 kazand\u0131klar\u0131 \u00c7aykur Rizespor kar\u015f\u0131la\u015fmas\u0131n\u0131n ard\u0131ndan dikkat \u00e7eken a\u00e7\u0131klamalarda bulundu.<\/p>\n<h3>&#8220;HER MA\u00c7I KAZANMAK \u0130ST\u0130YORUZ&#8221;<\/h3>\n<p>Nijeryal\u0131 y\u0131ld\u0131z s\u00f6zlerine &#8220;Burada bulundu\u011fum i\u00e7in \u00e7ok mutluyum. \u0130lk defa bu \u015fehre geldim. Taraftar\u0131m\u0131zla bulu\u015ftuk. \u0130lk ma\u00e7\u0131mda b\u00f6yle farkl\u0131 kazand\u0131\u011f\u0131m\u0131z i\u00e7in mutluyum. Bu \u015fekilde devam etmek ve her ma\u00e7\u0131 kazanmak istiyoruz&#8221; diyerek ba\u015flad\u0131.<\/p>\n<h3>GALATASARAY TERC\u0130H\u0130<\/h3>\n<p> <a class=\"keyword\" href=\"https:\/\/www.haberler.com\/galatasaray\/\" title=\"Galatasaray Haberleri, Galatasaray Haberi, Galatasaray Haber\"><strong>Galatasaray<\/strong><\/a>&#8216;a gelmesi hakk\u0131nda sorulan soruyu yan\u0131tlayan Victor Osimhen &#8220;\u0130lgiyi ilk duydu\u011fumda benim i\u00e7in \u00e7ok \u00f6nemli oldu. Bu ilgiyi duydu\u011fumda soru i\u015fareti yoktu kafamda. Her ma\u00e7\u0131n ne kadar \u00f6nemli oldu\u011funu biliyorum. Gelmeden \u00f6nce de Galatasaray&#8217;\u0131n ne kadar b\u00fcy\u00fck bir tak\u0131m oldu\u011funu biliyordum. Elimden geleni yapaca\u011f\u0131m&#8221; ifadelerini kulland\u0131.<\/p>\n<h3>ICARDI VE BATSHUAYI S\u00d6ZLER\u0130<\/h3>\n<p>H\u00fccum hatt\u0131nda kimin oynayaca\u011f\u0131yla ilgili soru \u00fczerine Osimhen &#8220;Forma i\u00e7in bir m\u00fccadele yok. Icardi bu oyunun efsanesi. Batshuayi de \u00f6l\u00fcmc\u00fcl bir oyuncu. \u0130kisinden de \u00f6\u011frenece\u011fim \u015feyler var. Onlarla birlikte i\u015fbirli\u011fi yapaca\u011f\u0131z. Buraya gelirken de bu bana heyecan verdi. S\u00fcper Lig ve Avrupa Ligi&#8217;nde m\u00fccadele edece\u011fiz. Birbirimizi tamamlayaca\u011f\u0131m\u0131za inan\u0131yorum&#8221; yan\u0131t\u0131 verdi.<\/p>\n<h3>&#8220;AS\u0130ST SAYILMI\u015e OLDU&#8221;<\/h3>\n<p>Sar\u0131-k\u0131rm\u0131z\u0131l\u0131 tak\u0131m\u0131n ikinci gol\u00fc hakk\u0131nda a\u00e7\u0131klama yapan Osimhen &#8220;Gol\u00fc ben att\u0131m sand\u0131m ama Abd\u00fclkerim&#8217;in att\u0131\u011f\u0131n\u0131 s\u00f6ylediler. Benim ki asist say\u0131lm\u0131\u015f oldu&#8221; dedi.<\/p>\n<h4 id=\"nwsKeywords\"> <a href=\"https:\/\/www.haberler.com\/michy-batshuayi\/\" title=\"Michy Batshuayi\" class=\"hbptTag\">Michy Batshuayi<\/a>  <a href=\"https:\/\/www.haberler.com\/victor-osimhen\/\" title=\"Victor Osimhen\" class=\"hbptTag\">Victor Osimhen<\/a>  <a href=\"https:\/\/www.haberler.com\/mauro-icardi\/\" title=\"Mauro Icardi\" class=\"hbptTag\">Mauro Icardi<\/a>  <a href=\"https:\/\/www.haberler.com\/galatasaray\/\" title=\"Galatasaray\" class=\"hbptTag\">Galatasaray<\/a>  <a href=\"https:\/\/www.haberler.com\/rizespor\/\" title=\"Rizespor\" class=\"hbptTag\">Rizespor<\/a> <\/h4>\n<\/div>\n","protected":false},"excerpt":{"rendered":"<p>Galatasaray&#8216;\u0131n Napoli&#8217;den kiralad\u0131\u011f\u0131 d\u00fcnyaca \u00fcnl\u00fc golc\u00fc Victor Osimhen, Sar\u0131-k\u0131rm\u0131z\u0131l\u0131 formay\u0131 ilk kez giydi\u011fi ve 5-0 kazand\u0131klar\u0131 \u00c7aykur Rizespor kar\u015f\u0131la\u015fmas\u0131n\u0131n ard\u0131ndan dikkat \u00e7eken a\u00e7\u0131klamalarda bulundu. &#8220;HER MA\u00c7I KAZANMAK \u0130ST\u0130YORUZ&#8221; Nijeryal\u0131 y\u0131ld\u0131z s\u00f6zlerine &#8220;Burada bulundu\u011fum i\u00e7in \u00e7ok mutluyum. \u0130lk defa bu \u015fehre geldim. Taraftar\u0131m\u0131zla bulu\u015ftuk. \u0130lk ma\u00e7\u0131mda b\u00f6yle farkl\u0131 kazand\u0131\u011f\u0131m\u0131z i\u00e7in mutluyum. Bu \u015fekilde devam etmek ve<\/p>\n","protected":false},"author":1,"featured_media":62158,"comment_status":"open","ping_status":"open","sticky":false,"template":"","format":"standard","meta":{"footnotes":""},"categories":[83],"tags":[],"class_list":["post-62157","post","type-post","status-publish","format-standard","has-post-thumbnail","hentry","category-magazin"],"yoast_head":"<!-- This site is optimized with the Yoast SEO plugin v27.5 - https:\/\/yoast.com\/product\/yoast-seo-wordpress\/ -->\n<title>Victor Osimhen&#039;den \u00e7ok konu\u015fulacak Icardi ve Batshuayi s\u00f6zleri -<\/title>\n<meta name=\"robots\" content=\"index, follow, max-snippet:-1, max-image-preview:large, max-video-preview:-1\" \/>\n<link rel=\"canonical\" href=\"https:\/\/kibrisdakik.com\/?p=62157\" \/>\n<meta property=\"og:locale\" content=\"tr_TR\" \/>\n<meta property=\"og:type\" content=\"article\" \/>\n<meta property=\"og:title\" content=\"Victor Osimhen&#039;den \u00e7ok konu\u015fulacak Icardi ve Batshuayi s\u00f6zleri -\" \/>\n<meta property=\"og:description\" content=\"Galatasaray&#8216;\u0131n Napoli&#8217;den kiralad\u0131\u011f\u0131 d\u00fcnyaca \u00fcnl\u00fc golc\u00fc Victor Osimhen, Sar\u0131-k\u0131rm\u0131z\u0131l\u0131 formay\u0131 ilk kez giydi\u011fi ve 5-0 kazand\u0131klar\u0131 \u00c7aykur Rizespor kar\u015f\u0131la\u015fmas\u0131n\u0131n ard\u0131ndan dikkat \u00e7eken a\u00e7\u0131klamalarda bulundu. &#8220;HER MA\u00c7I KAZANMAK \u0130ST\u0130YORUZ&#8221; Nijeryal\u0131 y\u0131ld\u0131z s\u00f6zlerine &#8220;Burada bulundu\u011fum i\u00e7in \u00e7ok mutluyum. \u0130lk defa bu \u015fehre geldim. Taraftar\u0131m\u0131zla bulu\u015ftuk. \u0130lk ma\u00e7\u0131mda b\u00f6yle farkl\u0131 kazand\u0131\u011f\u0131m\u0131z i\u00e7in mutluyum. Bu \u015fekilde devam etmek ve\" \/>\n<meta property=\"og:url\" content=\"https:\/\/kibrisdakik.com\/?p=62157\" \/>\n<meta property=\"article:published_time\" content=\"2024-09-14T19:42:25+00:00\" \/>\n<meta property=\"og:image\" content=\"https:\/\/kibrisdakik.com\/wp-content\/uploads\/2024\/09\/victor-osimhen-den-cok-konusulacak-icardi-ve-17821753_1829_amp.jpg\" \/>\n\t<meta property=\"og:image:width\" content=\"1202\" \/>\n\t<meta property=\"og:image:height\" content=\"675\" \/>\n\t<meta property=\"og:image:type\" content=\"image\/jpeg\" \/>\n<meta name=\"author\" content=\"admin\" \/>\n<meta name=\"twitter:card\" content=\"summary_large_image\" \/>\n<meta name=\"twitter:label1\" content=\"Yazan:\" \/>\n\t<meta name=\"twitter:data1\" content=\"admin\" \/>\n\t<meta name=\"twitter:label2\" content=\"Tahmini okuma s\u00fcresi\" \/>\n\t<meta name=\"twitter:data2\" content=\"1 dakika\" \/>\n<script type=\"application\/ld+json\" class=\"yoast-schema-graph\">{\"@context\":\"https:\\\/\\\/schema.org\",\"@graph\":[{\"@type\":\"Article\",\"@id\":\"https:\\\/\\\/kibrisdakik.com\\\/?p=62157#article\",\"isPartOf\":{\"@id\":\"https:\\\/\\\/kibrisdakik.com\\\/?p=62157\"},\"author\":{\"name\":\"admin\",\"@id\":\"https:\\\/\\\/kibrisdakik.com\\\/#\\\/schema\\\/person\\\/9cd9d437bbb44f72b73ba127e06d8e79\"},\"headline\":\"Victor Osimhen&#8217;den \u00e7ok konu\u015fulacak Icardi ve Batshuayi s\u00f6zleri\",\"datePublished\":\"2024-09-14T19:42:25+00:00\",\"mainEntityOfPage\":{\"@id\":\"https:\\\/\\\/kibrisdakik.com\\\/?p=62157\"},\"wordCount\":287,\"commentCount\":0,\"image\":{\"@id\":\"https:\\\/\\\/kibrisdakik.com\\\/?p=62157#primaryimage\"},\"thumbnailUrl\":\"https:\\\/\\\/kibrisdakik.com\\\/wp-content\\\/uploads\\\/2024\\\/09\\\/victor-osimhen-den-cok-konusulacak-icardi-ve-17821753_1829_amp.jpg\",\"articleSection\":[\"Magazin\"],\"inLanguage\":\"tr\",\"potentialAction\":[{\"@type\":\"CommentAction\",\"name\":\"Comment\",\"target\":[\"https:\\\/\\\/kibrisdakik.com\\\/?p=62157#respond\"]}]},{\"@type\":\"WebPage\",\"@id\":\"https:\\\/\\\/kibrisdakik.com\\\/?p=62157\",\"url\":\"https:\\\/\\\/kibrisdakik.com\\\/?p=62157\",\"name\":\"Victor Osimhen'den \u00e7ok konu\u015fulacak Icardi ve Batshuayi s\u00f6zleri -\",\"isPartOf\":{\"@id\":\"https:\\\/\\\/kibrisdakik.com\\\/#website\"},\"primaryImageOfPage\":{\"@id\":\"https:\\\/\\\/kibrisdakik.com\\\/?p=62157#primaryimage\"},\"image\":{\"@id\":\"https:\\\/\\\/kibrisdakik.com\\\/?p=62157#primaryimage\"},\"thumbnailUrl\":\"https:\\\/\\\/kibrisdakik.com\\\/wp-content\\\/uploads\\\/2024\\\/09\\\/victor-osimhen-den-cok-konusulacak-icardi-ve-17821753_1829_amp.jpg\",\"datePublished\":\"2024-09-14T19:42:25+00:00\",\"author\":{\"@id\":\"https:\\\/\\\/kibrisdakik.com\\\/#\\\/schema\\\/person\\\/9cd9d437bbb44f72b73ba127e06d8e79\"},\"breadcrumb\":{\"@id\":\"https:\\\/\\\/kibrisdakik.com\\\/?p=62157#breadcrumb\"},\"inLanguage\":\"tr\",\"potentialAction\":[{\"@type\":\"ReadAction\",\"target\":[\"https:\\\/\\\/kibrisdakik.com\\\/?p=62157\"]}]},{\"@type\":\"ImageObject\",\"inLanguage\":\"tr\",\"@id\":\"https:\\\/\\\/kibrisdakik.com\\\/?p=62157#primaryimage\",\"url\":\"https:\\\/\\\/kibrisdakik.com\\\/wp-content\\\/uploads\\\/2024\\\/09\\\/victor-osimhen-den-cok-konusulacak-icardi-ve-17821753_1829_amp.jpg\",\"contentUrl\":\"https:\\\/\\\/kibrisdakik.com\\\/wp-content\\\/uploads\\\/2024\\\/09\\\/victor-osimhen-den-cok-konusulacak-icardi-ve-17821753_1829_amp.jpg\",\"width\":1202,\"height\":675},{\"@type\":\"BreadcrumbList\",\"@id\":\"https:\\\/\\\/kibrisdakik.com\\\/?p=62157#breadcrumb\",\"itemListElement\":[{\"@type\":\"ListItem\",\"position\":1,\"name\":\"Home\",\"item\":\"https:\\\/\\\/kibrisdakik.com\\\/\"},{\"@type\":\"ListItem\",\"position\":2,\"name\":\"Victor Osimhen&#8217;den \u00e7ok konu\u015fulacak Icardi ve Batshuayi s\u00f6zleri\"}]},{\"@type\":\"WebSite\",\"@id\":\"https:\\\/\\\/kibrisdakik.com\\\/#website\",\"url\":\"https:\\\/\\\/kibrisdakik.com\\\/\",\"name\":\"\",\"description\":\"Tam vaktinde haber\",\"potentialAction\":[{\"@type\":\"SearchAction\",\"target\":{\"@type\":\"EntryPoint\",\"urlTemplate\":\"https:\\\/\\\/kibrisdakik.com\\\/?s={search_term_string}\"},\"query-input\":{\"@type\":\"PropertyValueSpecification\",\"valueRequired\":true,\"valueName\":\"search_term_string\"}}],\"inLanguage\":\"tr\"},{\"@type\":\"Person\",\"@id\":\"https:\\\/\\\/kibrisdakik.com\\\/#\\\/schema\\\/person\\\/9cd9d437bbb44f72b73ba127e06d8e79\",\"name\":\"admin\",\"image\":{\"@type\":\"ImageObject\",\"inLanguage\":\"tr\",\"@id\":\"https:\\\/\\\/secure.gravatar.com\\\/avatar\\\/ccc17943b9d660506c869530f897617f7cb1c21a4bf30023f252596d83e1f007?s=96&d=mm&r=g\",\"url\":\"https:\\\/\\\/secure.gravatar.com\\\/avatar\\\/ccc17943b9d660506c869530f897617f7cb1c21a4bf30023f252596d83e1f007?s=96&d=mm&r=g\",\"contentUrl\":\"https:\\\/\\\/secure.gravatar.com\\\/avatar\\\/ccc17943b9d660506c869530f897617f7cb1c21a4bf30023f252596d83e1f007?s=96&d=mm&r=g\",\"caption\":\"admin\"},\"sameAs\":[\"https:\\\/\\\/kibrisdakik.com\"],\"url\":\"https:\\\/\\\/kibrisdakik.com\\\/?author=1\"}]}<\/script>\n<!-- \/ Yoast SEO plugin. -->","yoast_head_json":{"title":"Victor Osimhen'den \u00e7ok konu\u015fulacak Icardi ve Batshuayi s\u00f6zleri -","robots":{"index":"index","follow":"follow","max-snippet":"max-snippet:-1","max-image-preview":"max-image-preview:large","max-video-preview":"max-video-preview:-1"},"canonical":"https:\/\/kibrisdakik.com\/?p=62157","og_locale":"tr_TR","og_type":"article","og_title":"Victor Osimhen'den \u00e7ok konu\u015fulacak Icardi ve Batshuayi s\u00f6zleri -","og_description":"Galatasaray&#8216;\u0131n Napoli&#8217;den kiralad\u0131\u011f\u0131 d\u00fcnyaca \u00fcnl\u00fc golc\u00fc Victor Osimhen, Sar\u0131-k\u0131rm\u0131z\u0131l\u0131 formay\u0131 ilk kez giydi\u011fi ve 5-0 kazand\u0131klar\u0131 \u00c7aykur Rizespor kar\u015f\u0131la\u015fmas\u0131n\u0131n ard\u0131ndan dikkat \u00e7eken a\u00e7\u0131klamalarda bulundu. &#8220;HER MA\u00c7I KAZANMAK \u0130ST\u0130YORUZ&#8221; Nijeryal\u0131 y\u0131ld\u0131z s\u00f6zlerine &#8220;Burada bulundu\u011fum i\u00e7in \u00e7ok mutluyum. \u0130lk defa bu \u015fehre geldim. Taraftar\u0131m\u0131zla bulu\u015ftuk. \u0130lk ma\u00e7\u0131mda b\u00f6yle farkl\u0131 kazand\u0131\u011f\u0131m\u0131z i\u00e7in mutluyum. Bu \u015fekilde devam etmek ve","og_url":"https:\/\/kibrisdakik.com\/?p=62157","article_published_time":"2024-09-14T19:42:25+00:00","og_image":[{"width":1202,"height":675,"url":"https:\/\/kibrisdakik.com\/wp-content\/uploads\/2024\/09\/victor-osimhen-den-cok-konusulacak-icardi-ve-17821753_1829_amp.jpg","type":"image\/jpeg"}],"author":"admin","twitter_card":"summary_large_image","twitter_misc":{"Yazan:":"admin","Tahmini okuma s\u00fcresi":"1 dakika"},"schema":{"@context":"https:\/\/schema.org","@graph":[{"@type":"Article","@id":"https:\/\/kibrisdakik.com\/?p=62157#article","isPartOf":{"@id":"https:\/\/kibrisdakik.com\/?p=62157"},"author":{"name":"admin","@id":"https:\/\/kibrisdakik.com\/#\/schema\/person\/9cd9d437bbb44f72b73ba127e06d8e79"},"headline":"Victor Osimhen&#8217;den \u00e7ok konu\u015fulacak Icardi ve Batshuayi s\u00f6zleri","datePublished":"2024-09-14T19:42:25+00:00","mainEntityOfPage":{"@id":"https:\/\/kibrisdakik.com\/?p=62157"},"wordCount":287,"commentCount":0,"image":{"@id":"https:\/\/kibrisdakik.com\/?p=62157#primaryimage"},"thumbnailUrl":"https:\/\/kibrisdakik.com\/wp-content\/uploads\/2024\/09\/victor-osimhen-den-cok-konusulacak-icardi-ve-17821753_1829_amp.jpg","articleSection":["Magazin"],"inLanguage":"tr","potentialAction":[{"@type":"CommentAction","name":"Comment","target":["https:\/\/kibrisdakik.com\/?p=62157#respond"]}]},{"@type":"WebPage","@id":"https:\/\/kibrisdakik.com\/?p=62157","url":"https:\/\/kibrisdakik.com\/?p=62157","name":"Victor Osimhen'den \u00e7ok konu\u015fulacak Icardi ve Batshuayi s\u00f6zleri -","isPartOf":{"@id":"https:\/\/kibrisdakik.com\/#website"},"primaryImageOfPage":{"@id":"https:\/\/kibrisdakik.com\/?p=62157#primaryimage"},"image":{"@id":"https:\/\/kibrisdakik.com\/?p=62157#primaryimage"},"thumbnailUrl":"https:\/\/kibrisdakik.com\/wp-content\/uploads\/2024\/09\/victor-osimhen-den-cok-konusulacak-icardi-ve-17821753_1829_amp.jpg","datePublished":"2024-09-14T19:42:25+00:00","author":{"@id":"https:\/\/kibrisdakik.com\/#\/schema\/person\/9cd9d437bbb44f72b73ba127e06d8e79"},"breadcrumb":{"@id":"https:\/\/kibrisdakik.com\/?p=62157#breadcrumb"},"inLanguage":"tr","potentialAction":[{"@type":"ReadAction","target":["https:\/\/kibrisdakik.com\/?p=62157"]}]},{"@type":"ImageObject","inLanguage":"tr","@id":"https:\/\/kibrisdakik.com\/?p=62157#primaryimage","url":"https:\/\/kibrisdakik.com\/wp-content\/uploads\/2024\/09\/victor-osimhen-den-cok-konusulacak-icardi-ve-17821753_1829_amp.jpg","contentUrl":"https:\/\/kibrisdakik.com\/wp-content\/uploads\/2024\/09\/victor-osimhen-den-cok-konusulacak-icardi-ve-17821753_1829_amp.jpg","width":1202,"height":675},{"@type":"BreadcrumbList","@id":"https:\/\/kibrisdakik.com\/?p=62157#breadcrumb","itemListElement":[{"@type":"ListItem","position":1,"name":"Home","item":"https:\/\/kibrisdakik.com\/"},{"@type":"ListItem","position":2,"name":"Victor Osimhen&#8217;den \u00e7ok konu\u015fulacak Icardi ve Batshuayi s\u00f6zleri"}]},{"@type":"WebSite","@id":"https:\/\/kibrisdakik.com\/#website","url":"https:\/\/kibrisdakik.com\/","name":"","description":"Tam vaktinde haber","potentialAction":[{"@type":"SearchAction","target":{"@type":"EntryPoint","urlTemplate":"https:\/\/kibrisdakik.com\/?s={search_term_string}"},"query-input":{"@type":"PropertyValueSpecification","valueRequired":true,"valueName":"search_term_string"}}],"inLanguage":"tr"},{"@type":"Person","@id":"https:\/\/kibrisdakik.com\/#\/schema\/person\/9cd9d437bbb44f72b73ba127e06d8e79","name":"admin","image":{"@type":"ImageObject","inLanguage":"tr","@id":"https:\/\/secure.gravatar.com\/avatar\/ccc17943b9d660506c869530f897617f7cb1c21a4bf30023f252596d83e1f007?s=96&d=mm&r=g","url":"https:\/\/secure.gravatar.com\/avatar\/ccc17943b9d660506c869530f897617f7cb1c21a4bf30023f252596d83e1f007?s=96&d=mm&r=g","contentUrl":"https:\/\/secure.gravatar.com\/avatar\/ccc17943b9d660506c869530f897617f7cb1c21a4bf30023f252596d83e1f007?s=96&d=mm&r=g","caption":"admin"},"sameAs":["https:\/\/kibrisdakik.com"],"url":"https:\/\/kibrisdakik.com\/?author=1"}]}},"_links":{"self":[{"href":"https:\/\/kibrisdakik.com\/index.php?rest_route=\/wp\/v2\/posts\/62157","targetHints":{"allow":["GET"]}}],"collection":[{"href":"https:\/\/kibrisdakik.com\/index.php?rest_route=\/wp\/v2\/posts"}],"about":[{"href":"https:\/\/kibrisdakik.com\/index.php?rest_route=\/wp\/v2\/types\/post"}],"author":[{"embeddable":true,"href":"https:\/\/kibrisdakik.com\/index.php?rest_route=\/wp\/v2\/users\/1"}],"replies":[{"embeddable":true,"href":"https:\/\/kibrisdakik.com\/index.php?rest_route=%2Fwp%2Fv2%2Fcomments&post=62157"}],"version-history":[{"count":0,"href":"https:\/\/kibrisdakik.com\/index.php?rest_route=\/wp\/v2\/posts\/62157\/revisions"}],"wp:featuredmedia":[{"embeddable":true,"href":"https:\/\/kibrisdakik.com\/index.php?rest_route=\/wp\/v2\/media\/62158"}],"wp:attachment":[{"href":"https:\/\/kibrisdakik.com\/index.php?rest_route=%2Fwp%2Fv2%2Fmedia&parent=62157"}],"wp:term":[{"taxonomy":"category","embeddable":true,"href":"https:\/\/kibrisdakik.com\/index.php?rest_route=%2Fwp%2Fv2%2Fcategories&post=62157"},{"taxonomy":"post_tag","embeddable":true,"href":"https:\/\/kibrisdakik.com\/index.php?rest_route=%2Fwp%2Fv2%2Ftags&post=62157"}],"curies":[{"name":"wp","href":"https:\/\/api.w.org\/{rel}","templated":true}]}}