{"id":6219,"date":"2023-05-03T23:08:58","date_gmt":"2023-05-03T23:08:58","guid":{"rendered":"https:\/\/kibrisdakik.com\/index.php\/2023\/05\/03\/guzelyurtta-biri-yerli-olmak-uzere-5-farkli-cesit-yer-fistigi-ekimi-yapildi\/"},"modified":"2023-05-03T23:08:58","modified_gmt":"2023-05-03T23:08:58","slug":"guzelyurtta-biri-yerli-olmak-uzere-5-farkli-cesit-yer-fistigi-ekimi-yapildi","status":"publish","type":"post","link":"https:\/\/kibrisdakik.com\/?p=6219","title":{"rendered":"G\u00fczelyurt\u2019ta biri yerli olmak \u00fczere 5 farkl\u0131 \u00e7e\u015fit yer f\u0131st\u0131\u011f\u0131 ekimi yap\u0131ld\u0131"},"content":{"rendered":"<p><\/p>\n<div>\n<div class=\"mariselle-image-container center\">\n                <img width=\"1600\" height=\"1200\" class=\"lazy-image\" alt=\"\" decoding=\"async\" loading=\"lazy\" sizes=\"auto, (max-width: 1600px) 100vw, 1600px\" src=\"https:\/\/brtk.net\/wp-content\/uploads\/2023\/05\/03\/d1f4bcc6-37b0-4a21-932d-f8fd226e8083.jpg?ver=36be6f759c2ece151f5b195095f5e7dc\" srcset=\"https:\/\/brtk.net\/wp-content\/uploads\/2023\/05\/03\/d1f4bcc6-37b0-4a21-932d-f8fd226e8083.jpg?ver=36be6f759c2ece151f5b195095f5e7dc 1600w, https:\/\/brtk.net\/wp-content\/uploads\/2023\/05\/03\/d1f4bcc6-37b0-4a21-932d-f8fd226e8083-300x225.jpg?ver=36be6f759c2ece151f5b195095f5e7dc 300w, https:\/\/brtk.net\/wp-content\/uploads\/2023\/05\/03\/d1f4bcc6-37b0-4a21-932d-f8fd226e8083-1024x768.jpg?ver=36be6f759c2ece151f5b195095f5e7dc 1024w, https:\/\/brtk.net\/wp-content\/uploads\/2023\/05\/03\/d1f4bcc6-37b0-4a21-932d-f8fd226e8083-768x576.jpg?ver=ae2355a7334c00d95d57e90869391488 768w, https:\/\/brtk.net\/wp-content\/uploads\/2023\/05\/03\/d1f4bcc6-37b0-4a21-932d-f8fd226e8083-1536x1152.jpg?ver=ae2355a7334c00d95d57e90869391488 1536w\"\/>                            <\/div>\n<p>Tar\u0131m ve Do\u011fal Kaynaklar Bakanl\u0131\u011f\u0131\u2019na ba\u011fl\u0131 Tar\u0131msal Ara\u015ft\u0131rma Enstit\u00fcs\u00fc taraf\u0131ndan T\u00fcrkiye Tar\u0131msal Ara\u015ft\u0131rmalar ve Politikalar Genel M\u00fcd\u00fcrl\u00fc\u011f\u00fc i\u015fbirli\u011fiyle yer f\u0131st\u0131\u011f\u0131 adaptasyon deneme \u00e7al\u0131\u015fmalar\u0131 \u00e7er\u00e7evesinde G\u00fczelyurt\u2019ta biri yerli olmak \u00fczere 5 farkl\u0131 \u00e7e\u015fit yer f\u0131st\u0131\u011f\u0131 ekimi ger\u00e7ekle\u015ftirildi.<\/p>\n<p>\u00c7al\u0131\u015fmalar\u0131 yerinden inceleyen Tar\u0131m ve Do\u011fal Kaynaklar Bakan\u0131 Dursun O\u011fuz, <a href=\"https:\/\/brtk.net\/\">BRT<\/a>\u2019ye yapt\u0131\u011f\u0131 a\u00e7\u0131klamada Bakanl\u0131k olarak \u00fclkede yeti\u015ftirilebilen ancak ithal edilen nohut, susam ve yer f\u0131st\u0131\u011f\u0131 gibi \u00fcr\u00fcnlerin \u00fcreticilere sa\u011flanacak y\u00fczde 50 hibe ile yeniden \u00fcretilebilmesi i\u00e7in \u00e7al\u0131\u015fmalar ba\u015flatt\u0131\u011f\u0131n\u0131 hat\u0131rlatarak, ama\u00e7lar\u0131n\u0131n \u00fclkede bu \u00fcr\u00fcnlerin yeniden \u00fcretilmesi oldu\u011funu s\u00f6yledi.<\/p>\n<div class=\"mariselle-image-container center\">\n                <img width=\"1600\" height=\"1200\" class=\"lazy-image\" alt=\"\" decoding=\"async\" loading=\"lazy\" sizes=\"auto, (max-width: 1600px) 100vw, 1600px\" src=\"https:\/\/brtk.net\/wp-content\/uploads\/2023\/05\/03\/406064cc-3306-4e3b-8af7-e52fb76c82ef.jpg?ver=cca047e0b7fc3e9c5cd44963aa463a0c\" srcset=\"https:\/\/brtk.net\/wp-content\/uploads\/2023\/05\/03\/406064cc-3306-4e3b-8af7-e52fb76c82ef.jpg?ver=cca047e0b7fc3e9c5cd44963aa463a0c 1600w, https:\/\/brtk.net\/wp-content\/uploads\/2023\/05\/03\/406064cc-3306-4e3b-8af7-e52fb76c82ef-300x225.jpg?ver=cca047e0b7fc3e9c5cd44963aa463a0c 300w, https:\/\/brtk.net\/wp-content\/uploads\/2023\/05\/03\/406064cc-3306-4e3b-8af7-e52fb76c82ef-1024x768.jpg?ver=cca047e0b7fc3e9c5cd44963aa463a0c 1024w, https:\/\/brtk.net\/wp-content\/uploads\/2023\/05\/03\/406064cc-3306-4e3b-8af7-e52fb76c82ef-768x576.jpg?ver=2c5a61e25797457f31429c7b2e0aa9ed 768w, https:\/\/brtk.net\/wp-content\/uploads\/2023\/05\/03\/406064cc-3306-4e3b-8af7-e52fb76c82ef-1536x1152.jpg?ver=2c5a61e25797457f31429c7b2e0aa9ed 1536w\"\/>                            <\/div>\n<p>Bakan O\u011fuz, \u00e7e\u015fitli nedenlerle art\u0131k \u00fcretilmeyen \u00fcr\u00fcnleri yeniden canland\u0131rmak i\u00e7in T\u00fcrkiye Cumhuriyeti TAGEM i\u015fbirli\u011fiyle projeler \u00fcrettiklerine i\u015faret ederek, bu \u00e7er\u00e7evede G\u00fczelyurt\u2019ta 5 \u00e7e\u015fit yer f\u0131st\u0131\u011f\u0131 adaptasyon uygulamas\u0131 i\u00e7in ekim yapt\u0131klar\u0131n\u0131 anlatt\u0131.<\/p>\n<p>\u00c7al\u0131\u015fmalar sonucunda hasat s\u00fcresi, verimlili\u011fi ve maliyetle ilgili olu\u015fturulacak verileri \u00fcreticilerle payla\u015facaklar\u0131n\u0131 kaydeden Bakan O\u011fuz, yerli \u00fcretime \u00f6nem verdiklerinin alt\u0131n\u0131 \u00e7izdi.<\/p>\n<div class=\"mariselle-image-container center\">\n                <img width=\"1600\" height=\"1200\" class=\"lazy-image\" alt=\"\" decoding=\"async\" loading=\"lazy\" sizes=\"auto, (max-width: 1600px) 100vw, 1600px\" src=\"https:\/\/brtk.net\/wp-content\/uploads\/2023\/05\/03\/285d2f21-176e-4ded-89ba-e6aacd7bc8ba.jpg?ver=28e8b58da5d1b8bd7c9c42e5ab5ca6e8\" srcset=\"https:\/\/brtk.net\/wp-content\/uploads\/2023\/05\/03\/285d2f21-176e-4ded-89ba-e6aacd7bc8ba.jpg?ver=28e8b58da5d1b8bd7c9c42e5ab5ca6e8 1600w, https:\/\/brtk.net\/wp-content\/uploads\/2023\/05\/03\/285d2f21-176e-4ded-89ba-e6aacd7bc8ba-300x225.jpg?ver=28e8b58da5d1b8bd7c9c42e5ab5ca6e8 300w, https:\/\/brtk.net\/wp-content\/uploads\/2023\/05\/03\/285d2f21-176e-4ded-89ba-e6aacd7bc8ba-1024x768.jpg?ver=759f490611d8ba79cafc83f330ead2f0 1024w, https:\/\/brtk.net\/wp-content\/uploads\/2023\/05\/03\/285d2f21-176e-4ded-89ba-e6aacd7bc8ba-768x576.jpg?ver=759f490611d8ba79cafc83f330ead2f0 768w, https:\/\/brtk.net\/wp-content\/uploads\/2023\/05\/03\/285d2f21-176e-4ded-89ba-e6aacd7bc8ba-1536x1152.jpg?ver=15796d45056935bf8b3f71f9ff383f81 1536w\"\/>                            <\/div>\n<p>G\u00fczelyurt Belediye Ba\u015fkan\u0131 Mahmut \u00d6z\u00e7\u0131nar da, tar\u0131m \u015fehri G\u00fczelyurt\u2019ta bu t\u00fcr \u00e7al\u0131\u015fmalara destek verdiklerini ifade ederek, \u00fcreten toplum yarat\u0131p \u00fclkenin geli\u015fime katk\u0131 sa\u011flamay\u0131 ve G\u00fczelyurt\u2019ta \u00fcretimin s\u00fcreklili\u011fini sa\u011flamay\u0131 hedeflediklerini s\u00f6yledi.<\/p>\n<p>T\u00fcrkiye Tar\u0131msal Ara\u015ft\u0131rmalar ve Politikalar Genel M\u00fcd\u00fcrl\u00fc\u011f\u00fc\u2019nden  Ziraat M\u00fchendisi Bekir \u015eim\u015fek ve Tar\u0131msal Ara\u015ft\u0131rma Enstit\u00fcs\u00fc M\u00fcd\u00fcr\u00fc Cem Karaca da projenin ba\u015far\u0131l\u0131 sonu\u00e7lar verip hay\u0131rl\u0131 olmas\u0131n\u0131 dilediler.<\/p>\n<div class=\"mariselle-image-container center\">\n                <img width=\"1600\" height=\"919\" class=\"lazy-image\" alt=\"\" decoding=\"async\" loading=\"lazy\" sizes=\"auto, (max-width: 1600px) 100vw, 1600px\" src=\"https:\/\/brtk.net\/wp-content\/uploads\/2023\/05\/03\/09885efb-d187-425d-985d-5596ea6418ec.jpg?ver=790588b36342ed82c8b43c89c3a3ef7e\" srcset=\"https:\/\/brtk.net\/wp-content\/uploads\/2023\/05\/03\/09885efb-d187-425d-985d-5596ea6418ec.jpg?ver=790588b36342ed82c8b43c89c3a3ef7e 1600w, https:\/\/brtk.net\/wp-content\/uploads\/2023\/05\/03\/09885efb-d187-425d-985d-5596ea6418ec-300x172.jpg?ver=790588b36342ed82c8b43c89c3a3ef7e 300w, https:\/\/brtk.net\/wp-content\/uploads\/2023\/05\/03\/09885efb-d187-425d-985d-5596ea6418ec-1024x588.jpg?ver=790588b36342ed82c8b43c89c3a3ef7e 1024w, https:\/\/brtk.net\/wp-content\/uploads\/2023\/05\/03\/09885efb-d187-425d-985d-5596ea6418ec-768x441.jpg?ver=f2dcf2b8e75aac10900f10de917ed291 768w, https:\/\/brtk.net\/wp-content\/uploads\/2023\/05\/03\/09885efb-d187-425d-985d-5596ea6418ec-1536x882.jpg?ver=f2dcf2b8e75aac10900f10de917ed291 1536w\"\/>                            <\/div>\n<\/p><\/div>\n<p><script async\n                    defer\n                    crossorigin=\"anonymous\"\n                    src=\"https:\/\/connect.facebook.net\/tr_TR\/sdk.js#xfbml=1&#038;version=v3.3\"\n            ><\/script><\/p>\n","protected":false},"excerpt":{"rendered":"<p>Tar\u0131m ve Do\u011fal Kaynaklar Bakanl\u0131\u011f\u0131\u2019na ba\u011fl\u0131 Tar\u0131msal Ara\u015ft\u0131rma Enstit\u00fcs\u00fc taraf\u0131ndan T\u00fcrkiye Tar\u0131msal Ara\u015ft\u0131rmalar ve Politikalar Genel M\u00fcd\u00fcrl\u00fc\u011f\u00fc i\u015fbirli\u011fiyle yer f\u0131st\u0131\u011f\u0131 adaptasyon deneme \u00e7al\u0131\u015fmalar\u0131 \u00e7er\u00e7evesinde G\u00fczelyurt\u2019ta biri yerli olmak \u00fczere 5 farkl\u0131 \u00e7e\u015fit yer f\u0131st\u0131\u011f\u0131 ekimi ger\u00e7ekle\u015ftirildi. \u00c7al\u0131\u015fmalar\u0131 yerinden inceleyen Tar\u0131m ve Do\u011fal Kaynaklar Bakan\u0131 Dursun O\u011fuz, BRT\u2019ye yapt\u0131\u011f\u0131 a\u00e7\u0131klamada Bakanl\u0131k olarak \u00fclkede yeti\u015ftirilebilen ancak ithal<\/p>\n","protected":false},"author":1,"featured_media":6220,"comment_status":"open","ping_status":"open","sticky":false,"template":"","format":"standard","meta":{"footnotes":""},"categories":[1],"tags":[],"class_list":["post-6219","post","type-post","status-publish","format-standard","has-post-thumbnail","hentry","category-gundem"],"yoast_head":"<!-- This site is optimized with the Yoast SEO plugin v27.5 - https:\/\/yoast.com\/product\/yoast-seo-wordpress\/ -->\n<title>G\u00fczelyurt\u2019ta biri yerli olmak \u00fczere 5 farkl\u0131 \u00e7e\u015fit yer f\u0131st\u0131\u011f\u0131 ekimi yap\u0131ld\u0131 -<\/title>\n<meta name=\"robots\" content=\"index, follow, max-snippet:-1, max-image-preview:large, max-video-preview:-1\" \/>\n<link rel=\"canonical\" href=\"https:\/\/kibrisdakik.com\/?p=6219\" \/>\n<meta property=\"og:locale\" content=\"tr_TR\" \/>\n<meta property=\"og:type\" content=\"article\" \/>\n<meta property=\"og:title\" content=\"G\u00fczelyurt\u2019ta biri yerli olmak \u00fczere 5 farkl\u0131 \u00e7e\u015fit yer f\u0131st\u0131\u011f\u0131 ekimi yap\u0131ld\u0131 -\" \/>\n<meta property=\"og:description\" content=\"Tar\u0131m ve Do\u011fal Kaynaklar Bakanl\u0131\u011f\u0131\u2019na ba\u011fl\u0131 Tar\u0131msal Ara\u015ft\u0131rma Enstit\u00fcs\u00fc taraf\u0131ndan T\u00fcrkiye Tar\u0131msal Ara\u015ft\u0131rmalar ve Politikalar Genel M\u00fcd\u00fcrl\u00fc\u011f\u00fc i\u015fbirli\u011fiyle yer f\u0131st\u0131\u011f\u0131 adaptasyon deneme \u00e7al\u0131\u015fmalar\u0131 \u00e7er\u00e7evesinde G\u00fczelyurt\u2019ta biri yerli olmak \u00fczere 5 farkl\u0131 \u00e7e\u015fit yer f\u0131st\u0131\u011f\u0131 ekimi ger\u00e7ekle\u015ftirildi. \u00c7al\u0131\u015fmalar\u0131 yerinden inceleyen Tar\u0131m ve Do\u011fal Kaynaklar Bakan\u0131 Dursun O\u011fuz, BRT\u2019ye yapt\u0131\u011f\u0131 a\u00e7\u0131klamada Bakanl\u0131k olarak \u00fclkede yeti\u015ftirilebilen ancak ithal\" \/>\n<meta property=\"og:url\" content=\"https:\/\/kibrisdakik.com\/?p=6219\" \/>\n<meta property=\"article:published_time\" content=\"2023-05-03T23:08:58+00:00\" \/>\n<meta property=\"og:image\" content=\"https:\/\/kibrisdakik.com\/wp-content\/uploads\/2023\/05\/09885efb-d187-425d-985d-5596ea6418ec-740x420.jpg\" \/>\n\t<meta property=\"og:image:width\" content=\"1600\" \/>\n\t<meta property=\"og:image:height\" content=\"919\" \/>\n\t<meta property=\"og:image:type\" content=\"image\/jpeg\" \/>\n<meta name=\"author\" content=\"admin\" \/>\n<meta name=\"twitter:card\" content=\"summary_large_image\" \/>\n<meta name=\"twitter:label1\" content=\"Yazan:\" \/>\n\t<meta name=\"twitter:data1\" content=\"admin\" \/>\n\t<meta name=\"twitter:label2\" content=\"Tahmini okuma s\u00fcresi\" \/>\n\t<meta name=\"twitter:data2\" content=\"2 dakika\" \/>\n<script type=\"application\/ld+json\" class=\"yoast-schema-graph\">{\"@context\":\"https:\\\/\\\/schema.org\",\"@graph\":[{\"@type\":\"Article\",\"@id\":\"https:\\\/\\\/kibrisdakik.com\\\/?p=6219#article\",\"isPartOf\":{\"@id\":\"https:\\\/\\\/kibrisdakik.com\\\/?p=6219\"},\"author\":{\"name\":\"admin\",\"@id\":\"https:\\\/\\\/kibrisdakik.com\\\/#\\\/schema\\\/person\\\/9cd9d437bbb44f72b73ba127e06d8e79\"},\"headline\":\"G\u00fczelyurt\u2019ta biri yerli olmak \u00fczere 5 farkl\u0131 \u00e7e\u015fit yer f\u0131st\u0131\u011f\u0131 ekimi yap\u0131ld\u0131\",\"datePublished\":\"2023-05-03T23:08:58+00:00\",\"mainEntityOfPage\":{\"@id\":\"https:\\\/\\\/kibrisdakik.com\\\/?p=6219\"},\"wordCount\":316,\"commentCount\":0,\"image\":{\"@id\":\"https:\\\/\\\/kibrisdakik.com\\\/?p=6219#primaryimage\"},\"thumbnailUrl\":\"https:\\\/\\\/kibrisdakik.com\\\/wp-content\\\/uploads\\\/2023\\\/05\\\/09885efb-d187-425d-985d-5596ea6418ec-740x420.jpg\",\"articleSection\":[\"G\u00fcndem\"],\"inLanguage\":\"tr\",\"potentialAction\":[{\"@type\":\"CommentAction\",\"name\":\"Comment\",\"target\":[\"https:\\\/\\\/kibrisdakik.com\\\/?p=6219#respond\"]}]},{\"@type\":\"WebPage\",\"@id\":\"https:\\\/\\\/kibrisdakik.com\\\/?p=6219\",\"url\":\"https:\\\/\\\/kibrisdakik.com\\\/?p=6219\",\"name\":\"G\u00fczelyurt\u2019ta biri yerli olmak \u00fczere 5 farkl\u0131 \u00e7e\u015fit yer f\u0131st\u0131\u011f\u0131 ekimi yap\u0131ld\u0131 -\",\"isPartOf\":{\"@id\":\"https:\\\/\\\/kibrisdakik.com\\\/#website\"},\"primaryImageOfPage\":{\"@id\":\"https:\\\/\\\/kibrisdakik.com\\\/?p=6219#primaryimage\"},\"image\":{\"@id\":\"https:\\\/\\\/kibrisdakik.com\\\/?p=6219#primaryimage\"},\"thumbnailUrl\":\"https:\\\/\\\/kibrisdakik.com\\\/wp-content\\\/uploads\\\/2023\\\/05\\\/09885efb-d187-425d-985d-5596ea6418ec-740x420.jpg\",\"datePublished\":\"2023-05-03T23:08:58+00:00\",\"author\":{\"@id\":\"https:\\\/\\\/kibrisdakik.com\\\/#\\\/schema\\\/person\\\/9cd9d437bbb44f72b73ba127e06d8e79\"},\"breadcrumb\":{\"@id\":\"https:\\\/\\\/kibrisdakik.com\\\/?p=6219#breadcrumb\"},\"inLanguage\":\"tr\",\"potentialAction\":[{\"@type\":\"ReadAction\",\"target\":[\"https:\\\/\\\/kibrisdakik.com\\\/?p=6219\"]}]},{\"@type\":\"ImageObject\",\"inLanguage\":\"tr\",\"@id\":\"https:\\\/\\\/kibrisdakik.com\\\/?p=6219#primaryimage\",\"url\":\"https:\\\/\\\/kibrisdakik.com\\\/wp-content\\\/uploads\\\/2023\\\/05\\\/09885efb-d187-425d-985d-5596ea6418ec-740x420.jpg\",\"contentUrl\":\"https:\\\/\\\/kibrisdakik.com\\\/wp-content\\\/uploads\\\/2023\\\/05\\\/09885efb-d187-425d-985d-5596ea6418ec-740x420.jpg\",\"width\":1600,\"height\":919},{\"@type\":\"BreadcrumbList\",\"@id\":\"https:\\\/\\\/kibrisdakik.com\\\/?p=6219#breadcrumb\",\"itemListElement\":[{\"@type\":\"ListItem\",\"position\":1,\"name\":\"Home\",\"item\":\"https:\\\/\\\/kibrisdakik.com\\\/\"},{\"@type\":\"ListItem\",\"position\":2,\"name\":\"G\u00fczelyurt\u2019ta biri yerli olmak \u00fczere 5 farkl\u0131 \u00e7e\u015fit yer f\u0131st\u0131\u011f\u0131 ekimi yap\u0131ld\u0131\"}]},{\"@type\":\"WebSite\",\"@id\":\"https:\\\/\\\/kibrisdakik.com\\\/#website\",\"url\":\"https:\\\/\\\/kibrisdakik.com\\\/\",\"name\":\"\",\"description\":\"Tam vaktinde haber\",\"potentialAction\":[{\"@type\":\"SearchAction\",\"target\":{\"@type\":\"EntryPoint\",\"urlTemplate\":\"https:\\\/\\\/kibrisdakik.com\\\/?s={search_term_string}\"},\"query-input\":{\"@type\":\"PropertyValueSpecification\",\"valueRequired\":true,\"valueName\":\"search_term_string\"}}],\"inLanguage\":\"tr\"},{\"@type\":\"Person\",\"@id\":\"https:\\\/\\\/kibrisdakik.com\\\/#\\\/schema\\\/person\\\/9cd9d437bbb44f72b73ba127e06d8e79\",\"name\":\"admin\",\"image\":{\"@type\":\"ImageObject\",\"inLanguage\":\"tr\",\"@id\":\"https:\\\/\\\/secure.gravatar.com\\\/avatar\\\/ccc17943b9d660506c869530f897617f7cb1c21a4bf30023f252596d83e1f007?s=96&d=mm&r=g\",\"url\":\"https:\\\/\\\/secure.gravatar.com\\\/avatar\\\/ccc17943b9d660506c869530f897617f7cb1c21a4bf30023f252596d83e1f007?s=96&d=mm&r=g\",\"contentUrl\":\"https:\\\/\\\/secure.gravatar.com\\\/avatar\\\/ccc17943b9d660506c869530f897617f7cb1c21a4bf30023f252596d83e1f007?s=96&d=mm&r=g\",\"caption\":\"admin\"},\"sameAs\":[\"https:\\\/\\\/kibrisdakik.com\"],\"url\":\"https:\\\/\\\/kibrisdakik.com\\\/?author=1\"}]}<\/script>\n<!-- \/ Yoast SEO plugin. -->","yoast_head_json":{"title":"G\u00fczelyurt\u2019ta biri yerli olmak \u00fczere 5 farkl\u0131 \u00e7e\u015fit yer f\u0131st\u0131\u011f\u0131 ekimi yap\u0131ld\u0131 -","robots":{"index":"index","follow":"follow","max-snippet":"max-snippet:-1","max-image-preview":"max-image-preview:large","max-video-preview":"max-video-preview:-1"},"canonical":"https:\/\/kibrisdakik.com\/?p=6219","og_locale":"tr_TR","og_type":"article","og_title":"G\u00fczelyurt\u2019ta biri yerli olmak \u00fczere 5 farkl\u0131 \u00e7e\u015fit yer f\u0131st\u0131\u011f\u0131 ekimi yap\u0131ld\u0131 -","og_description":"Tar\u0131m ve Do\u011fal Kaynaklar Bakanl\u0131\u011f\u0131\u2019na ba\u011fl\u0131 Tar\u0131msal Ara\u015ft\u0131rma Enstit\u00fcs\u00fc taraf\u0131ndan T\u00fcrkiye Tar\u0131msal Ara\u015ft\u0131rmalar ve Politikalar Genel M\u00fcd\u00fcrl\u00fc\u011f\u00fc i\u015fbirli\u011fiyle yer f\u0131st\u0131\u011f\u0131 adaptasyon deneme \u00e7al\u0131\u015fmalar\u0131 \u00e7er\u00e7evesinde G\u00fczelyurt\u2019ta biri yerli olmak \u00fczere 5 farkl\u0131 \u00e7e\u015fit yer f\u0131st\u0131\u011f\u0131 ekimi ger\u00e7ekle\u015ftirildi. \u00c7al\u0131\u015fmalar\u0131 yerinden inceleyen Tar\u0131m ve Do\u011fal Kaynaklar Bakan\u0131 Dursun O\u011fuz, BRT\u2019ye yapt\u0131\u011f\u0131 a\u00e7\u0131klamada Bakanl\u0131k olarak \u00fclkede yeti\u015ftirilebilen ancak ithal","og_url":"https:\/\/kibrisdakik.com\/?p=6219","article_published_time":"2023-05-03T23:08:58+00:00","og_image":[{"width":1600,"height":919,"url":"https:\/\/kibrisdakik.com\/wp-content\/uploads\/2023\/05\/09885efb-d187-425d-985d-5596ea6418ec-740x420.jpg","type":"image\/jpeg"}],"author":"admin","twitter_card":"summary_large_image","twitter_misc":{"Yazan:":"admin","Tahmini okuma s\u00fcresi":"2 dakika"},"schema":{"@context":"https:\/\/schema.org","@graph":[{"@type":"Article","@id":"https:\/\/kibrisdakik.com\/?p=6219#article","isPartOf":{"@id":"https:\/\/kibrisdakik.com\/?p=6219"},"author":{"name":"admin","@id":"https:\/\/kibrisdakik.com\/#\/schema\/person\/9cd9d437bbb44f72b73ba127e06d8e79"},"headline":"G\u00fczelyurt\u2019ta biri yerli olmak \u00fczere 5 farkl\u0131 \u00e7e\u015fit yer f\u0131st\u0131\u011f\u0131 ekimi yap\u0131ld\u0131","datePublished":"2023-05-03T23:08:58+00:00","mainEntityOfPage":{"@id":"https:\/\/kibrisdakik.com\/?p=6219"},"wordCount":316,"commentCount":0,"image":{"@id":"https:\/\/kibrisdakik.com\/?p=6219#primaryimage"},"thumbnailUrl":"https:\/\/kibrisdakik.com\/wp-content\/uploads\/2023\/05\/09885efb-d187-425d-985d-5596ea6418ec-740x420.jpg","articleSection":["G\u00fcndem"],"inLanguage":"tr","potentialAction":[{"@type":"CommentAction","name":"Comment","target":["https:\/\/kibrisdakik.com\/?p=6219#respond"]}]},{"@type":"WebPage","@id":"https:\/\/kibrisdakik.com\/?p=6219","url":"https:\/\/kibrisdakik.com\/?p=6219","name":"G\u00fczelyurt\u2019ta biri yerli olmak \u00fczere 5 farkl\u0131 \u00e7e\u015fit yer f\u0131st\u0131\u011f\u0131 ekimi yap\u0131ld\u0131 -","isPartOf":{"@id":"https:\/\/kibrisdakik.com\/#website"},"primaryImageOfPage":{"@id":"https:\/\/kibrisdakik.com\/?p=6219#primaryimage"},"image":{"@id":"https:\/\/kibrisdakik.com\/?p=6219#primaryimage"},"thumbnailUrl":"https:\/\/kibrisdakik.com\/wp-content\/uploads\/2023\/05\/09885efb-d187-425d-985d-5596ea6418ec-740x420.jpg","datePublished":"2023-05-03T23:08:58+00:00","author":{"@id":"https:\/\/kibrisdakik.com\/#\/schema\/person\/9cd9d437bbb44f72b73ba127e06d8e79"},"breadcrumb":{"@id":"https:\/\/kibrisdakik.com\/?p=6219#breadcrumb"},"inLanguage":"tr","potentialAction":[{"@type":"ReadAction","target":["https:\/\/kibrisdakik.com\/?p=6219"]}]},{"@type":"ImageObject","inLanguage":"tr","@id":"https:\/\/kibrisdakik.com\/?p=6219#primaryimage","url":"https:\/\/kibrisdakik.com\/wp-content\/uploads\/2023\/05\/09885efb-d187-425d-985d-5596ea6418ec-740x420.jpg","contentUrl":"https:\/\/kibrisdakik.com\/wp-content\/uploads\/2023\/05\/09885efb-d187-425d-985d-5596ea6418ec-740x420.jpg","width":1600,"height":919},{"@type":"BreadcrumbList","@id":"https:\/\/kibrisdakik.com\/?p=6219#breadcrumb","itemListElement":[{"@type":"ListItem","position":1,"name":"Home","item":"https:\/\/kibrisdakik.com\/"},{"@type":"ListItem","position":2,"name":"G\u00fczelyurt\u2019ta biri yerli olmak \u00fczere 5 farkl\u0131 \u00e7e\u015fit yer f\u0131st\u0131\u011f\u0131 ekimi yap\u0131ld\u0131"}]},{"@type":"WebSite","@id":"https:\/\/kibrisdakik.com\/#website","url":"https:\/\/kibrisdakik.com\/","name":"","description":"Tam vaktinde haber","potentialAction":[{"@type":"SearchAction","target":{"@type":"EntryPoint","urlTemplate":"https:\/\/kibrisdakik.com\/?s={search_term_string}"},"query-input":{"@type":"PropertyValueSpecification","valueRequired":true,"valueName":"search_term_string"}}],"inLanguage":"tr"},{"@type":"Person","@id":"https:\/\/kibrisdakik.com\/#\/schema\/person\/9cd9d437bbb44f72b73ba127e06d8e79","name":"admin","image":{"@type":"ImageObject","inLanguage":"tr","@id":"https:\/\/secure.gravatar.com\/avatar\/ccc17943b9d660506c869530f897617f7cb1c21a4bf30023f252596d83e1f007?s=96&d=mm&r=g","url":"https:\/\/secure.gravatar.com\/avatar\/ccc17943b9d660506c869530f897617f7cb1c21a4bf30023f252596d83e1f007?s=96&d=mm&r=g","contentUrl":"https:\/\/secure.gravatar.com\/avatar\/ccc17943b9d660506c869530f897617f7cb1c21a4bf30023f252596d83e1f007?s=96&d=mm&r=g","caption":"admin"},"sameAs":["https:\/\/kibrisdakik.com"],"url":"https:\/\/kibrisdakik.com\/?author=1"}]}},"_links":{"self":[{"href":"https:\/\/kibrisdakik.com\/index.php?rest_route=\/wp\/v2\/posts\/6219","targetHints":{"allow":["GET"]}}],"collection":[{"href":"https:\/\/kibrisdakik.com\/index.php?rest_route=\/wp\/v2\/posts"}],"about":[{"href":"https:\/\/kibrisdakik.com\/index.php?rest_route=\/wp\/v2\/types\/post"}],"author":[{"embeddable":true,"href":"https:\/\/kibrisdakik.com\/index.php?rest_route=\/wp\/v2\/users\/1"}],"replies":[{"embeddable":true,"href":"https:\/\/kibrisdakik.com\/index.php?rest_route=%2Fwp%2Fv2%2Fcomments&post=6219"}],"version-history":[{"count":0,"href":"https:\/\/kibrisdakik.com\/index.php?rest_route=\/wp\/v2\/posts\/6219\/revisions"}],"wp:featuredmedia":[{"embeddable":true,"href":"https:\/\/kibrisdakik.com\/index.php?rest_route=\/wp\/v2\/media\/6220"}],"wp:attachment":[{"href":"https:\/\/kibrisdakik.com\/index.php?rest_route=%2Fwp%2Fv2%2Fmedia&parent=6219"}],"wp:term":[{"taxonomy":"category","embeddable":true,"href":"https:\/\/kibrisdakik.com\/index.php?rest_route=%2Fwp%2Fv2%2Fcategories&post=6219"},{"taxonomy":"post_tag","embeddable":true,"href":"https:\/\/kibrisdakik.com\/index.php?rest_route=%2Fwp%2Fv2%2Ftags&post=6219"}],"curies":[{"name":"wp","href":"https:\/\/api.w.org\/{rel}","templated":true}]}}