{"id":62223,"date":"2024-09-15T13:08:14","date_gmt":"2024-09-15T10:08:14","guid":{"rendered":"https:\/\/kibrisdakik.com\/index.php\/2024\/09\/15\/karaoglanoglu-antis-deniz-festivali-bugun-tamamlaniyor\/"},"modified":"2024-09-15T13:08:14","modified_gmt":"2024-09-15T10:08:14","slug":"karaoglanoglu-antis-deniz-festivali-bugun-tamamlaniyor","status":"publish","type":"post","link":"https:\/\/kibrisdakik.com\/?p=62223","title":{"rendered":"\u201cKarao\u011flano\u011flu Antis Deniz Festivali\u201d bug\u00fcn tamamlan\u0131yor"},"content":{"rendered":"<p> <br \/>\n<\/p>\n<div>\n<div class=\"mariselle-image-container center\">\n                <img loading=\"lazy\" decoding=\"async\" width=\"2560\" height=\"1928\" class=\"lazy-image\" alt=\"\" sizes=\"auto, (max-width: 2560px) 100vw, 2560px\" src=\"https:\/\/brtk.net\/wp-content\/uploads\/2024\/09\/15\/girne-4--scaled.jpg?ver=058ca2515a32026f32a1161db81777db\" srcset=\"https:\/\/brtk.net\/wp-content\/uploads\/2024\/09\/15\/girne-4--scaled.jpg?ver=058ca2515a32026f32a1161db81777db 2560w, https:\/\/brtk.net\/wp-content\/uploads\/2024\/09\/15\/girne-4--300x226.jpg?ver=dc26e5f8b469a8ab4f7f646e2b04c16f 300w, https:\/\/brtk.net\/wp-content\/uploads\/2024\/09\/15\/girne-4--1024x771.jpg?ver=a2bb9595938acfa86cf56aeab9fca652 1024w, https:\/\/brtk.net\/wp-content\/uploads\/2024\/09\/15\/girne-4--768x578.jpg?ver=f2ae3a6aa1d18b2644123b3561b32f4f 768w, https:\/\/brtk.net\/wp-content\/uploads\/2024\/09\/15\/girne-4--1536x1157.jpg?ver=36edea10a4b4b5ece9d73c9b143f9b94 1536w, https:\/\/brtk.net\/wp-content\/uploads\/2024\/09\/15\/girne-4--2048x1542.jpg?ver=5218c704d8b02ce811433af6446803f8 2048w\"\/>                            <\/div>\n<p>\n\u201cGirne Ark\u0131n Group Fest 24\u201d kapsam\u0131nda devam eden \u201cKarao\u011flano\u011flu Antis Deniz Festivali\u201d bug\u00fcn tamamlan\u0131yor.<\/p>\n<p>Festivalde bug\u00fcn 6.00\u2019da G\u00fclseren Ataker An\u0131s\u0131na Olta ile Bal\u0131k Avlama Yar\u0131\u015fmas\u0131 ve 11.00\u2019de Plaj Voleybolu yap\u0131l\u0131rken, 17.00\u2019de de Yakan Top Yar\u0131\u015fmas\u0131, 18.00\u2019de Sandalye Oyunu, 19.00\u2019da Limbo Dans Yar\u0131\u015fmas\u0131 ve 20.00\u2019de Retro \u00c7alg\u0131c\u0131lar konseri d\u00fczenlenecek.<\/p>\n<p>Girne Belediyesi\u2019nden yap\u0131lan a\u00e7\u0131klamaya g\u00f6re, festivalde d\u00fcn ise, Sandallardan Olta ile Lambuka (Akalamuta) \u2013 Mineri \u2013 Palamut Avlama M\u00fcsabakas\u0131, Plaj Voleybolu, Optimist &amp; Laser Yelken Yar\u0131\u015flar\u0131, Paddle Board Yar\u0131\u015f\u0131, Deniz Y\u0131ld\u0131z\u0131 Tavla Turnuvas\u0131, G\u00fclseren Ataker An\u0131s\u0131na Ba\u015flang\u0131\u00e7 Seviyesi Bal\u0131k Avlama Pratik E\u011fitimi ve Niyal \u00d6zt\u00fcrk Band konseri yap\u0131ld\u0131.<\/p>\n<\/p><\/div>\n<p><script async\n                    defer\n                    crossorigin=\"anonymous\"\n                    src=\"https:\/\/connect.facebook.net\/tr_TR\/sdk.js#xfbml=1&#038;version=v3.3\"\n            ><\/script><br \/>\n<br \/><br \/>\n<br \/><a href=\"https:\/\/brtk.net\/karaoglanoglu-antis-deniz-festivali-bugun-tamamlaniyor\/\">kpostasi <\/a><\/p>\n","protected":false},"excerpt":{"rendered":"<p>\u201cGirne Ark\u0131n Group Fest 24\u201d kapsam\u0131nda devam eden \u201cKarao\u011flano\u011flu Antis Deniz Festivali\u201d bug\u00fcn tamamlan\u0131yor. Festivalde bug\u00fcn 6.00\u2019da G\u00fclseren Ataker An\u0131s\u0131na Olta ile Bal\u0131k Avlama Yar\u0131\u015fmas\u0131 ve 11.00\u2019de Plaj Voleybolu yap\u0131l\u0131rken, 17.00\u2019de de Yakan Top Yar\u0131\u015fmas\u0131, 18.00\u2019de Sandalye Oyunu, 19.00\u2019da Limbo Dans Yar\u0131\u015fmas\u0131 ve 20.00\u2019de Retro \u00c7alg\u0131c\u0131lar konseri d\u00fczenlenecek. Girne Belediyesi\u2019nden yap\u0131lan a\u00e7\u0131klamaya g\u00f6re, festivalde d\u00fcn<\/p>\n","protected":false},"author":1,"featured_media":62224,"comment_status":"open","ping_status":"open","sticky":false,"template":"","format":"standard","meta":{"footnotes":""},"categories":[1,81],"tags":[],"class_list":["post-62223","post","type-post","status-publish","format-standard","has-post-thumbnail","hentry","category-gundem","category-kibris"],"yoast_head":"<!-- This site is optimized with the Yoast SEO plugin v27.4 - https:\/\/yoast.com\/product\/yoast-seo-wordpress\/ -->\n<title>\u201cKarao\u011flano\u011flu Antis Deniz Festivali\u201d bug\u00fcn tamamlan\u0131yor -<\/title>\n<meta name=\"robots\" content=\"index, follow, max-snippet:-1, max-image-preview:large, max-video-preview:-1\" \/>\n<link rel=\"canonical\" href=\"https:\/\/kibrisdakik.com\/?p=62223\" \/>\n<meta property=\"og:locale\" content=\"tr_TR\" \/>\n<meta property=\"og:type\" content=\"article\" \/>\n<meta property=\"og:title\" content=\"\u201cKarao\u011flano\u011flu Antis Deniz Festivali\u201d bug\u00fcn tamamlan\u0131yor -\" \/>\n<meta property=\"og:description\" content=\"\u201cGirne Ark\u0131n Group Fest 24\u201d kapsam\u0131nda devam eden \u201cKarao\u011flano\u011flu Antis Deniz Festivali\u201d bug\u00fcn tamamlan\u0131yor. Festivalde bug\u00fcn 6.00\u2019da G\u00fclseren Ataker An\u0131s\u0131na Olta ile Bal\u0131k Avlama Yar\u0131\u015fmas\u0131 ve 11.00\u2019de Plaj Voleybolu yap\u0131l\u0131rken, 17.00\u2019de de Yakan Top Yar\u0131\u015fmas\u0131, 18.00\u2019de Sandalye Oyunu, 19.00\u2019da Limbo Dans Yar\u0131\u015fmas\u0131 ve 20.00\u2019de Retro \u00c7alg\u0131c\u0131lar konseri d\u00fczenlenecek. Girne Belediyesi\u2019nden yap\u0131lan a\u00e7\u0131klamaya g\u00f6re, festivalde d\u00fcn\" \/>\n<meta property=\"og:url\" content=\"https:\/\/kibrisdakik.com\/?p=62223\" \/>\n<meta property=\"article:published_time\" content=\"2024-09-15T10:08:14+00:00\" \/>\n<meta property=\"og:image\" content=\"https:\/\/kibrisdakik.com\/wp-content\/uploads\/2024\/09\/girne-4-scaled-740x420.jpg\" \/>\n\t<meta property=\"og:image:width\" content=\"2560\" \/>\n\t<meta property=\"og:image:height\" content=\"1928\" \/>\n\t<meta property=\"og:image:type\" content=\"image\/jpeg\" \/>\n<meta name=\"author\" content=\"admin\" \/>\n<meta name=\"twitter:card\" content=\"summary_large_image\" \/>\n<meta name=\"twitter:label1\" content=\"Yazan:\" \/>\n\t<meta name=\"twitter:data1\" content=\"admin\" \/>\n\t<meta name=\"twitter:label2\" content=\"Tahmini okuma s\u00fcresi\" \/>\n\t<meta name=\"twitter:data2\" content=\"1 dakika\" \/>\n<script type=\"application\/ld+json\" class=\"yoast-schema-graph\">{\"@context\":\"https:\\\/\\\/schema.org\",\"@graph\":[{\"@type\":\"Article\",\"@id\":\"https:\\\/\\\/kibrisdakik.com\\\/?p=62223#article\",\"isPartOf\":{\"@id\":\"https:\\\/\\\/kibrisdakik.com\\\/?p=62223\"},\"author\":{\"name\":\"admin\",\"@id\":\"https:\\\/\\\/kibrisdakik.com\\\/#\\\/schema\\\/person\\\/9cd9d437bbb44f72b73ba127e06d8e79\"},\"headline\":\"\u201cKarao\u011flano\u011flu Antis Deniz Festivali\u201d bug\u00fcn tamamlan\u0131yor\",\"datePublished\":\"2024-09-15T10:08:14+00:00\",\"mainEntityOfPage\":{\"@id\":\"https:\\\/\\\/kibrisdakik.com\\\/?p=62223\"},\"wordCount\":142,\"commentCount\":0,\"image\":{\"@id\":\"https:\\\/\\\/kibrisdakik.com\\\/?p=62223#primaryimage\"},\"thumbnailUrl\":\"https:\\\/\\\/kibrisdakik.com\\\/wp-content\\\/uploads\\\/2024\\\/09\\\/girne-4-scaled-740x420.jpg\",\"articleSection\":[\"G\u00fcndem\",\"K\u0131br\u0131s\"],\"inLanguage\":\"tr\",\"potentialAction\":[{\"@type\":\"CommentAction\",\"name\":\"Comment\",\"target\":[\"https:\\\/\\\/kibrisdakik.com\\\/?p=62223#respond\"]}]},{\"@type\":\"WebPage\",\"@id\":\"https:\\\/\\\/kibrisdakik.com\\\/?p=62223\",\"url\":\"https:\\\/\\\/kibrisdakik.com\\\/?p=62223\",\"name\":\"\u201cKarao\u011flano\u011flu Antis Deniz Festivali\u201d bug\u00fcn tamamlan\u0131yor -\",\"isPartOf\":{\"@id\":\"https:\\\/\\\/kibrisdakik.com\\\/#website\"},\"primaryImageOfPage\":{\"@id\":\"https:\\\/\\\/kibrisdakik.com\\\/?p=62223#primaryimage\"},\"image\":{\"@id\":\"https:\\\/\\\/kibrisdakik.com\\\/?p=62223#primaryimage\"},\"thumbnailUrl\":\"https:\\\/\\\/kibrisdakik.com\\\/wp-content\\\/uploads\\\/2024\\\/09\\\/girne-4-scaled-740x420.jpg\",\"datePublished\":\"2024-09-15T10:08:14+00:00\",\"author\":{\"@id\":\"https:\\\/\\\/kibrisdakik.com\\\/#\\\/schema\\\/person\\\/9cd9d437bbb44f72b73ba127e06d8e79\"},\"breadcrumb\":{\"@id\":\"https:\\\/\\\/kibrisdakik.com\\\/?p=62223#breadcrumb\"},\"inLanguage\":\"tr\",\"potentialAction\":[{\"@type\":\"ReadAction\",\"target\":[\"https:\\\/\\\/kibrisdakik.com\\\/?p=62223\"]}]},{\"@type\":\"ImageObject\",\"inLanguage\":\"tr\",\"@id\":\"https:\\\/\\\/kibrisdakik.com\\\/?p=62223#primaryimage\",\"url\":\"https:\\\/\\\/kibrisdakik.com\\\/wp-content\\\/uploads\\\/2024\\\/09\\\/girne-4-scaled-740x420.jpg\",\"contentUrl\":\"https:\\\/\\\/kibrisdakik.com\\\/wp-content\\\/uploads\\\/2024\\\/09\\\/girne-4-scaled-740x420.jpg\",\"width\":2560,\"height\":1928},{\"@type\":\"BreadcrumbList\",\"@id\":\"https:\\\/\\\/kibrisdakik.com\\\/?p=62223#breadcrumb\",\"itemListElement\":[{\"@type\":\"ListItem\",\"position\":1,\"name\":\"Home\",\"item\":\"https:\\\/\\\/kibrisdakik.com\\\/\"},{\"@type\":\"ListItem\",\"position\":2,\"name\":\"\u201cKarao\u011flano\u011flu Antis Deniz Festivali\u201d bug\u00fcn tamamlan\u0131yor\"}]},{\"@type\":\"WebSite\",\"@id\":\"https:\\\/\\\/kibrisdakik.com\\\/#website\",\"url\":\"https:\\\/\\\/kibrisdakik.com\\\/\",\"name\":\"\",\"description\":\"Tam vaktinde haber\",\"potentialAction\":[{\"@type\":\"SearchAction\",\"target\":{\"@type\":\"EntryPoint\",\"urlTemplate\":\"https:\\\/\\\/kibrisdakik.com\\\/?s={search_term_string}\"},\"query-input\":{\"@type\":\"PropertyValueSpecification\",\"valueRequired\":true,\"valueName\":\"search_term_string\"}}],\"inLanguage\":\"tr\"},{\"@type\":\"Person\",\"@id\":\"https:\\\/\\\/kibrisdakik.com\\\/#\\\/schema\\\/person\\\/9cd9d437bbb44f72b73ba127e06d8e79\",\"name\":\"admin\",\"image\":{\"@type\":\"ImageObject\",\"inLanguage\":\"tr\",\"@id\":\"https:\\\/\\\/secure.gravatar.com\\\/avatar\\\/ccc17943b9d660506c869530f897617f7cb1c21a4bf30023f252596d83e1f007?s=96&d=mm&r=g\",\"url\":\"https:\\\/\\\/secure.gravatar.com\\\/avatar\\\/ccc17943b9d660506c869530f897617f7cb1c21a4bf30023f252596d83e1f007?s=96&d=mm&r=g\",\"contentUrl\":\"https:\\\/\\\/secure.gravatar.com\\\/avatar\\\/ccc17943b9d660506c869530f897617f7cb1c21a4bf30023f252596d83e1f007?s=96&d=mm&r=g\",\"caption\":\"admin\"},\"sameAs\":[\"https:\\\/\\\/kibrisdakik.com\"],\"url\":\"https:\\\/\\\/kibrisdakik.com\\\/?author=1\"}]}<\/script>\n<!-- \/ Yoast SEO plugin. -->","yoast_head_json":{"title":"\u201cKarao\u011flano\u011flu Antis Deniz Festivali\u201d bug\u00fcn tamamlan\u0131yor -","robots":{"index":"index","follow":"follow","max-snippet":"max-snippet:-1","max-image-preview":"max-image-preview:large","max-video-preview":"max-video-preview:-1"},"canonical":"https:\/\/kibrisdakik.com\/?p=62223","og_locale":"tr_TR","og_type":"article","og_title":"\u201cKarao\u011flano\u011flu Antis Deniz Festivali\u201d bug\u00fcn tamamlan\u0131yor -","og_description":"\u201cGirne Ark\u0131n Group Fest 24\u201d kapsam\u0131nda devam eden \u201cKarao\u011flano\u011flu Antis Deniz Festivali\u201d bug\u00fcn tamamlan\u0131yor. Festivalde bug\u00fcn 6.00\u2019da G\u00fclseren Ataker An\u0131s\u0131na Olta ile Bal\u0131k Avlama Yar\u0131\u015fmas\u0131 ve 11.00\u2019de Plaj Voleybolu yap\u0131l\u0131rken, 17.00\u2019de de Yakan Top Yar\u0131\u015fmas\u0131, 18.00\u2019de Sandalye Oyunu, 19.00\u2019da Limbo Dans Yar\u0131\u015fmas\u0131 ve 20.00\u2019de Retro \u00c7alg\u0131c\u0131lar konseri d\u00fczenlenecek. Girne Belediyesi\u2019nden yap\u0131lan a\u00e7\u0131klamaya g\u00f6re, festivalde d\u00fcn","og_url":"https:\/\/kibrisdakik.com\/?p=62223","article_published_time":"2024-09-15T10:08:14+00:00","og_image":[{"width":2560,"height":1928,"url":"https:\/\/kibrisdakik.com\/wp-content\/uploads\/2024\/09\/girne-4-scaled-740x420.jpg","type":"image\/jpeg"}],"author":"admin","twitter_card":"summary_large_image","twitter_misc":{"Yazan:":"admin","Tahmini okuma s\u00fcresi":"1 dakika"},"schema":{"@context":"https:\/\/schema.org","@graph":[{"@type":"Article","@id":"https:\/\/kibrisdakik.com\/?p=62223#article","isPartOf":{"@id":"https:\/\/kibrisdakik.com\/?p=62223"},"author":{"name":"admin","@id":"https:\/\/kibrisdakik.com\/#\/schema\/person\/9cd9d437bbb44f72b73ba127e06d8e79"},"headline":"\u201cKarao\u011flano\u011flu Antis Deniz Festivali\u201d bug\u00fcn tamamlan\u0131yor","datePublished":"2024-09-15T10:08:14+00:00","mainEntityOfPage":{"@id":"https:\/\/kibrisdakik.com\/?p=62223"},"wordCount":142,"commentCount":0,"image":{"@id":"https:\/\/kibrisdakik.com\/?p=62223#primaryimage"},"thumbnailUrl":"https:\/\/kibrisdakik.com\/wp-content\/uploads\/2024\/09\/girne-4-scaled-740x420.jpg","articleSection":["G\u00fcndem","K\u0131br\u0131s"],"inLanguage":"tr","potentialAction":[{"@type":"CommentAction","name":"Comment","target":["https:\/\/kibrisdakik.com\/?p=62223#respond"]}]},{"@type":"WebPage","@id":"https:\/\/kibrisdakik.com\/?p=62223","url":"https:\/\/kibrisdakik.com\/?p=62223","name":"\u201cKarao\u011flano\u011flu Antis Deniz Festivali\u201d bug\u00fcn tamamlan\u0131yor -","isPartOf":{"@id":"https:\/\/kibrisdakik.com\/#website"},"primaryImageOfPage":{"@id":"https:\/\/kibrisdakik.com\/?p=62223#primaryimage"},"image":{"@id":"https:\/\/kibrisdakik.com\/?p=62223#primaryimage"},"thumbnailUrl":"https:\/\/kibrisdakik.com\/wp-content\/uploads\/2024\/09\/girne-4-scaled-740x420.jpg","datePublished":"2024-09-15T10:08:14+00:00","author":{"@id":"https:\/\/kibrisdakik.com\/#\/schema\/person\/9cd9d437bbb44f72b73ba127e06d8e79"},"breadcrumb":{"@id":"https:\/\/kibrisdakik.com\/?p=62223#breadcrumb"},"inLanguage":"tr","potentialAction":[{"@type":"ReadAction","target":["https:\/\/kibrisdakik.com\/?p=62223"]}]},{"@type":"ImageObject","inLanguage":"tr","@id":"https:\/\/kibrisdakik.com\/?p=62223#primaryimage","url":"https:\/\/kibrisdakik.com\/wp-content\/uploads\/2024\/09\/girne-4-scaled-740x420.jpg","contentUrl":"https:\/\/kibrisdakik.com\/wp-content\/uploads\/2024\/09\/girne-4-scaled-740x420.jpg","width":2560,"height":1928},{"@type":"BreadcrumbList","@id":"https:\/\/kibrisdakik.com\/?p=62223#breadcrumb","itemListElement":[{"@type":"ListItem","position":1,"name":"Home","item":"https:\/\/kibrisdakik.com\/"},{"@type":"ListItem","position":2,"name":"\u201cKarao\u011flano\u011flu Antis Deniz Festivali\u201d bug\u00fcn tamamlan\u0131yor"}]},{"@type":"WebSite","@id":"https:\/\/kibrisdakik.com\/#website","url":"https:\/\/kibrisdakik.com\/","name":"","description":"Tam vaktinde haber","potentialAction":[{"@type":"SearchAction","target":{"@type":"EntryPoint","urlTemplate":"https:\/\/kibrisdakik.com\/?s={search_term_string}"},"query-input":{"@type":"PropertyValueSpecification","valueRequired":true,"valueName":"search_term_string"}}],"inLanguage":"tr"},{"@type":"Person","@id":"https:\/\/kibrisdakik.com\/#\/schema\/person\/9cd9d437bbb44f72b73ba127e06d8e79","name":"admin","image":{"@type":"ImageObject","inLanguage":"tr","@id":"https:\/\/secure.gravatar.com\/avatar\/ccc17943b9d660506c869530f897617f7cb1c21a4bf30023f252596d83e1f007?s=96&d=mm&r=g","url":"https:\/\/secure.gravatar.com\/avatar\/ccc17943b9d660506c869530f897617f7cb1c21a4bf30023f252596d83e1f007?s=96&d=mm&r=g","contentUrl":"https:\/\/secure.gravatar.com\/avatar\/ccc17943b9d660506c869530f897617f7cb1c21a4bf30023f252596d83e1f007?s=96&d=mm&r=g","caption":"admin"},"sameAs":["https:\/\/kibrisdakik.com"],"url":"https:\/\/kibrisdakik.com\/?author=1"}]}},"_links":{"self":[{"href":"https:\/\/kibrisdakik.com\/index.php?rest_route=\/wp\/v2\/posts\/62223","targetHints":{"allow":["GET"]}}],"collection":[{"href":"https:\/\/kibrisdakik.com\/index.php?rest_route=\/wp\/v2\/posts"}],"about":[{"href":"https:\/\/kibrisdakik.com\/index.php?rest_route=\/wp\/v2\/types\/post"}],"author":[{"embeddable":true,"href":"https:\/\/kibrisdakik.com\/index.php?rest_route=\/wp\/v2\/users\/1"}],"replies":[{"embeddable":true,"href":"https:\/\/kibrisdakik.com\/index.php?rest_route=%2Fwp%2Fv2%2Fcomments&post=62223"}],"version-history":[{"count":0,"href":"https:\/\/kibrisdakik.com\/index.php?rest_route=\/wp\/v2\/posts\/62223\/revisions"}],"wp:featuredmedia":[{"embeddable":true,"href":"https:\/\/kibrisdakik.com\/index.php?rest_route=\/wp\/v2\/media\/62224"}],"wp:attachment":[{"href":"https:\/\/kibrisdakik.com\/index.php?rest_route=%2Fwp%2Fv2%2Fmedia&parent=62223"}],"wp:term":[{"taxonomy":"category","embeddable":true,"href":"https:\/\/kibrisdakik.com\/index.php?rest_route=%2Fwp%2Fv2%2Fcategories&post=62223"},{"taxonomy":"post_tag","embeddable":true,"href":"https:\/\/kibrisdakik.com\/index.php?rest_route=%2Fwp%2Fv2%2Ftags&post=62223"}],"curies":[{"name":"wp","href":"https:\/\/api.w.org\/{rel}","templated":true}]}}