{"id":62285,"date":"2024-09-15T17:59:46","date_gmt":"2024-09-15T14:59:46","guid":{"rendered":"https:\/\/kibrisdakik.com\/index.php\/2024\/09\/15\/vunos-sempozyumu-yarin-yapilacak-kapanis-toreniyle-sona-erecek\/"},"modified":"2024-09-15T17:59:46","modified_gmt":"2024-09-15T14:59:46","slug":"vunos-sempozyumu-yarin-yapilacak-kapanis-toreniyle-sona-erecek","status":"publish","type":"post","link":"https:\/\/kibrisdakik.com\/?p=62285","title":{"rendered":"Vunos Sempozyumu yar\u0131n yap\u0131lacak kapan\u0131\u015f t\u00f6reniyle sona erecek"},"content":{"rendered":"<p> <br \/>\n<\/p>\n<div>\n<div class=\"mariselle-image-container center\">\n                <img loading=\"lazy\" decoding=\"async\" width=\"720\" height=\"405\" class=\"lazy-image\" alt=\"\" sizes=\"auto, (max-width: 720px) 100vw, 720px\" src=\"https:\/\/brtk.net\/wp-content\/uploads\/2024\/09\/15\/459557172-506798068647570-1618009876080119392-n.jpg?ver=6d384e05d024e8e6ce9a06f551f888b1\" srcset=\"https:\/\/brtk.net\/wp-content\/uploads\/2024\/09\/15\/459557172-506798068647570-1618009876080119392-n.jpg?ver=6d384e05d024e8e6ce9a06f551f888b1 720w, https:\/\/brtk.net\/wp-content\/uploads\/2024\/09\/15\/459557172-506798068647570-1618009876080119392-n-300x169.jpg?ver=a1026fd0e4b540535142e9bea00047fc 300w\"\/>                            <\/div>\n<p>\u00c7atalk\u00f6y-Esentepe Belediyesi taraf\u0131ndan organize edilen \u201c6. Uluslararas\u0131 Vunos Pi\u015fmi\u015f Toprak Sempozyumu\u201d yar\u0131n final t\u00f6reniyle sona erecek.<\/p>\n<p>\u00c7atalk\u00f6y-Esentepe Belediyesinden yap\u0131lan a\u00e7\u0131klamaya g\u00f6re, 8 \u00fclkeden 20 akademisyen ve sanat\u00e7\u0131 ile \u00fclkede 50 kat\u0131l\u0131mc\u0131n\u0131n yer ald\u0131\u011f\u0131 bu organizasyonun final g\u00fcn\u00fcnde, her y\u0131l oldu\u011fu gibi, 15 g\u00fcn boyunca \u00fcretilen eserler sergilenecek ve m\u00fczikler e\u015fli\u011finde yap\u0131lacak me\u015fale y\u00fcr\u00fcy\u00fc\u015f\u00fcyle Vunos ate\u015fi yak\u0131lacak.<\/p>\n<p>\u00c7atalk\u00f6y-Esentepe Belediye Ba\u015fkan\u0131 Ceyhun K\u0131rok, etkinli\u011fe ili\u015fkin yapt\u0131\u011f\u0131 a\u00e7\u0131klamada, tarih ve sanat\u0131n bulu\u015ftu\u011fu bu organizasyonun en iyi \u015fekilde y\u00fcr\u00fct\u00fclmesi i\u00e7in ellerinden gelen her t\u00fcrl\u00fc katk\u0131y\u0131 yapmaktan \u00e7ekinmediklerini kaydederek, \u201c\u00c7\u00fcnk\u00fc biliyoruz ki; Vunos art\u0131k bir d\u00fcnya markas\u0131d\u0131r ve bir\u00e7ok \u00fclkede bilinen ve ses getiren bir organizasyondur.\u201d dedi.<\/p>\n<p>Vunos\u2019a ili\u015fkin ileriye y\u00f6nelik \u00e7ok g\u00fczel projelerinin oldu\u011fu ve gerekli onay\u0131n verilmesi halinde Akdeniz co\u011frafyas\u0131n\u0131n ilk ger\u00e7ek Tun\u00e7 \u00c7a\u011f\u0131 k\u00f6y\u00fcn\u00fcn hayata ge\u00e7irilmi\u015f olaca\u011f\u0131n\u0131 belirten K\u0131rok, \u201cA\u00e7\u0131k hava m\u00fczesi olarak planlad\u0131\u011f\u0131m\u0131z bu heyecan verici projenin hayat bulmas\u0131 halinde 365 g\u00fcn \u00fclkemizi ziyaret edecek turistler i\u00e7in de yeni bir destinasyon olacak. Tabii b\u00fct\u00fcn bunlar\u0131 ilgili resmi makamlarla i\u015fbirli\u011fi i\u00e7erisinde ger\u00e7ekle\u015ftirece\u011fiz.\u201d ifadelerini kulland\u0131.<\/p>\n<p>K\u0131rok, yar\u0131n ak\u015fam Vunos ate\u015fini yakmak \u00fczere t\u00fcm halk\u0131 t\u00f6rene davet etti.<\/p>\n<\/p><\/div>\n<p><script async\n                    defer\n                    crossorigin=\"anonymous\"\n                    src=\"https:\/\/connect.facebook.net\/tr_TR\/sdk.js#xfbml=1&#038;version=v3.3\"\n            ><\/script><br \/>\n<br \/><br \/>\n<br \/><a href=\"https:\/\/brtk.net\/vunos-sempozyumu-yarin-yapilacak-kapanis-toreniyle-sona-erecek\/\">kpostasi <\/a><\/p>\n","protected":false},"excerpt":{"rendered":"<p>\u00c7atalk\u00f6y-Esentepe Belediyesi taraf\u0131ndan organize edilen \u201c6. Uluslararas\u0131 Vunos Pi\u015fmi\u015f Toprak Sempozyumu\u201d yar\u0131n final t\u00f6reniyle sona erecek. \u00c7atalk\u00f6y-Esentepe Belediyesinden yap\u0131lan a\u00e7\u0131klamaya g\u00f6re, 8 \u00fclkeden 20 akademisyen ve sanat\u00e7\u0131 ile \u00fclkede 50 kat\u0131l\u0131mc\u0131n\u0131n yer ald\u0131\u011f\u0131 bu organizasyonun final g\u00fcn\u00fcnde, her y\u0131l oldu\u011fu gibi, 15 g\u00fcn boyunca \u00fcretilen eserler sergilenecek ve m\u00fczikler e\u015fli\u011finde yap\u0131lacak me\u015fale y\u00fcr\u00fcy\u00fc\u015f\u00fcyle Vunos ate\u015fi<\/p>\n","protected":false},"author":1,"featured_media":62286,"comment_status":"open","ping_status":"open","sticky":false,"template":"","format":"standard","meta":{"footnotes":""},"categories":[1,81],"tags":[],"class_list":["post-62285","post","type-post","status-publish","format-standard","has-post-thumbnail","hentry","category-gundem","category-kibris"],"yoast_head":"<!-- This site is optimized with the Yoast SEO plugin v27.4 - https:\/\/yoast.com\/product\/yoast-seo-wordpress\/ -->\n<title>Vunos Sempozyumu yar\u0131n yap\u0131lacak kapan\u0131\u015f t\u00f6reniyle sona erecek -<\/title>\n<meta name=\"robots\" content=\"index, follow, max-snippet:-1, max-image-preview:large, max-video-preview:-1\" \/>\n<link rel=\"canonical\" href=\"https:\/\/kibrisdakik.com\/?p=62285\" \/>\n<meta property=\"og:locale\" content=\"tr_TR\" \/>\n<meta property=\"og:type\" content=\"article\" \/>\n<meta property=\"og:title\" content=\"Vunos Sempozyumu yar\u0131n yap\u0131lacak kapan\u0131\u015f t\u00f6reniyle sona erecek -\" \/>\n<meta property=\"og:description\" content=\"\u00c7atalk\u00f6y-Esentepe Belediyesi taraf\u0131ndan organize edilen \u201c6. Uluslararas\u0131 Vunos Pi\u015fmi\u015f Toprak Sempozyumu\u201d yar\u0131n final t\u00f6reniyle sona erecek. \u00c7atalk\u00f6y-Esentepe Belediyesinden yap\u0131lan a\u00e7\u0131klamaya g\u00f6re, 8 \u00fclkeden 20 akademisyen ve sanat\u00e7\u0131 ile \u00fclkede 50 kat\u0131l\u0131mc\u0131n\u0131n yer ald\u0131\u011f\u0131 bu organizasyonun final g\u00fcn\u00fcnde, her y\u0131l oldu\u011fu gibi, 15 g\u00fcn boyunca \u00fcretilen eserler sergilenecek ve m\u00fczikler e\u015fli\u011finde yap\u0131lacak me\u015fale y\u00fcr\u00fcy\u00fc\u015f\u00fcyle Vunos ate\u015fi\" \/>\n<meta property=\"og:url\" content=\"https:\/\/kibrisdakik.com\/?p=62285\" \/>\n<meta property=\"article:published_time\" content=\"2024-09-15T14:59:46+00:00\" \/>\n<meta property=\"og:image\" content=\"https:\/\/kibrisdakik.com\/wp-content\/uploads\/2024\/09\/459557172-506798068647570-1618009876080119392-n.jpg\" \/>\n\t<meta property=\"og:image:width\" content=\"720\" \/>\n\t<meta property=\"og:image:height\" content=\"405\" \/>\n\t<meta property=\"og:image:type\" content=\"image\/jpeg\" \/>\n<meta name=\"author\" content=\"admin\" \/>\n<meta name=\"twitter:card\" content=\"summary_large_image\" \/>\n<meta name=\"twitter:label1\" content=\"Yazan:\" \/>\n\t<meta name=\"twitter:data1\" content=\"admin\" \/>\n\t<meta name=\"twitter:label2\" content=\"Tahmini okuma s\u00fcresi\" \/>\n\t<meta name=\"twitter:data2\" content=\"1 dakika\" \/>\n<script type=\"application\/ld+json\" class=\"yoast-schema-graph\">{\"@context\":\"https:\\\/\\\/schema.org\",\"@graph\":[{\"@type\":\"Article\",\"@id\":\"https:\\\/\\\/kibrisdakik.com\\\/?p=62285#article\",\"isPartOf\":{\"@id\":\"https:\\\/\\\/kibrisdakik.com\\\/?p=62285\"},\"author\":{\"name\":\"admin\",\"@id\":\"https:\\\/\\\/kibrisdakik.com\\\/#\\\/schema\\\/person\\\/9cd9d437bbb44f72b73ba127e06d8e79\"},\"headline\":\"Vunos Sempozyumu yar\u0131n yap\u0131lacak kapan\u0131\u015f t\u00f6reniyle sona erecek\",\"datePublished\":\"2024-09-15T14:59:46+00:00\",\"mainEntityOfPage\":{\"@id\":\"https:\\\/\\\/kibrisdakik.com\\\/?p=62285\"},\"wordCount\":266,\"commentCount\":0,\"image\":{\"@id\":\"https:\\\/\\\/kibrisdakik.com\\\/?p=62285#primaryimage\"},\"thumbnailUrl\":\"https:\\\/\\\/kibrisdakik.com\\\/wp-content\\\/uploads\\\/2024\\\/09\\\/459557172-506798068647570-1618009876080119392-n.jpg\",\"articleSection\":[\"G\u00fcndem\",\"K\u0131br\u0131s\"],\"inLanguage\":\"tr\",\"potentialAction\":[{\"@type\":\"CommentAction\",\"name\":\"Comment\",\"target\":[\"https:\\\/\\\/kibrisdakik.com\\\/?p=62285#respond\"]}]},{\"@type\":\"WebPage\",\"@id\":\"https:\\\/\\\/kibrisdakik.com\\\/?p=62285\",\"url\":\"https:\\\/\\\/kibrisdakik.com\\\/?p=62285\",\"name\":\"Vunos Sempozyumu yar\u0131n yap\u0131lacak kapan\u0131\u015f t\u00f6reniyle sona erecek -\",\"isPartOf\":{\"@id\":\"https:\\\/\\\/kibrisdakik.com\\\/#website\"},\"primaryImageOfPage\":{\"@id\":\"https:\\\/\\\/kibrisdakik.com\\\/?p=62285#primaryimage\"},\"image\":{\"@id\":\"https:\\\/\\\/kibrisdakik.com\\\/?p=62285#primaryimage\"},\"thumbnailUrl\":\"https:\\\/\\\/kibrisdakik.com\\\/wp-content\\\/uploads\\\/2024\\\/09\\\/459557172-506798068647570-1618009876080119392-n.jpg\",\"datePublished\":\"2024-09-15T14:59:46+00:00\",\"author\":{\"@id\":\"https:\\\/\\\/kibrisdakik.com\\\/#\\\/schema\\\/person\\\/9cd9d437bbb44f72b73ba127e06d8e79\"},\"breadcrumb\":{\"@id\":\"https:\\\/\\\/kibrisdakik.com\\\/?p=62285#breadcrumb\"},\"inLanguage\":\"tr\",\"potentialAction\":[{\"@type\":\"ReadAction\",\"target\":[\"https:\\\/\\\/kibrisdakik.com\\\/?p=62285\"]}]},{\"@type\":\"ImageObject\",\"inLanguage\":\"tr\",\"@id\":\"https:\\\/\\\/kibrisdakik.com\\\/?p=62285#primaryimage\",\"url\":\"https:\\\/\\\/kibrisdakik.com\\\/wp-content\\\/uploads\\\/2024\\\/09\\\/459557172-506798068647570-1618009876080119392-n.jpg\",\"contentUrl\":\"https:\\\/\\\/kibrisdakik.com\\\/wp-content\\\/uploads\\\/2024\\\/09\\\/459557172-506798068647570-1618009876080119392-n.jpg\",\"width\":720,\"height\":405},{\"@type\":\"BreadcrumbList\",\"@id\":\"https:\\\/\\\/kibrisdakik.com\\\/?p=62285#breadcrumb\",\"itemListElement\":[{\"@type\":\"ListItem\",\"position\":1,\"name\":\"Home\",\"item\":\"https:\\\/\\\/kibrisdakik.com\\\/\"},{\"@type\":\"ListItem\",\"position\":2,\"name\":\"Vunos Sempozyumu yar\u0131n yap\u0131lacak kapan\u0131\u015f t\u00f6reniyle sona erecek\"}]},{\"@type\":\"WebSite\",\"@id\":\"https:\\\/\\\/kibrisdakik.com\\\/#website\",\"url\":\"https:\\\/\\\/kibrisdakik.com\\\/\",\"name\":\"\",\"description\":\"Tam vaktinde haber\",\"potentialAction\":[{\"@type\":\"SearchAction\",\"target\":{\"@type\":\"EntryPoint\",\"urlTemplate\":\"https:\\\/\\\/kibrisdakik.com\\\/?s={search_term_string}\"},\"query-input\":{\"@type\":\"PropertyValueSpecification\",\"valueRequired\":true,\"valueName\":\"search_term_string\"}}],\"inLanguage\":\"tr\"},{\"@type\":\"Person\",\"@id\":\"https:\\\/\\\/kibrisdakik.com\\\/#\\\/schema\\\/person\\\/9cd9d437bbb44f72b73ba127e06d8e79\",\"name\":\"admin\",\"image\":{\"@type\":\"ImageObject\",\"inLanguage\":\"tr\",\"@id\":\"https:\\\/\\\/secure.gravatar.com\\\/avatar\\\/ccc17943b9d660506c869530f897617f7cb1c21a4bf30023f252596d83e1f007?s=96&d=mm&r=g\",\"url\":\"https:\\\/\\\/secure.gravatar.com\\\/avatar\\\/ccc17943b9d660506c869530f897617f7cb1c21a4bf30023f252596d83e1f007?s=96&d=mm&r=g\",\"contentUrl\":\"https:\\\/\\\/secure.gravatar.com\\\/avatar\\\/ccc17943b9d660506c869530f897617f7cb1c21a4bf30023f252596d83e1f007?s=96&d=mm&r=g\",\"caption\":\"admin\"},\"sameAs\":[\"https:\\\/\\\/kibrisdakik.com\"],\"url\":\"https:\\\/\\\/kibrisdakik.com\\\/?author=1\"}]}<\/script>\n<!-- \/ Yoast SEO plugin. -->","yoast_head_json":{"title":"Vunos Sempozyumu yar\u0131n yap\u0131lacak kapan\u0131\u015f t\u00f6reniyle sona erecek -","robots":{"index":"index","follow":"follow","max-snippet":"max-snippet:-1","max-image-preview":"max-image-preview:large","max-video-preview":"max-video-preview:-1"},"canonical":"https:\/\/kibrisdakik.com\/?p=62285","og_locale":"tr_TR","og_type":"article","og_title":"Vunos Sempozyumu yar\u0131n yap\u0131lacak kapan\u0131\u015f t\u00f6reniyle sona erecek -","og_description":"\u00c7atalk\u00f6y-Esentepe Belediyesi taraf\u0131ndan organize edilen \u201c6. Uluslararas\u0131 Vunos Pi\u015fmi\u015f Toprak Sempozyumu\u201d yar\u0131n final t\u00f6reniyle sona erecek. \u00c7atalk\u00f6y-Esentepe Belediyesinden yap\u0131lan a\u00e7\u0131klamaya g\u00f6re, 8 \u00fclkeden 20 akademisyen ve sanat\u00e7\u0131 ile \u00fclkede 50 kat\u0131l\u0131mc\u0131n\u0131n yer ald\u0131\u011f\u0131 bu organizasyonun final g\u00fcn\u00fcnde, her y\u0131l oldu\u011fu gibi, 15 g\u00fcn boyunca \u00fcretilen eserler sergilenecek ve m\u00fczikler e\u015fli\u011finde yap\u0131lacak me\u015fale y\u00fcr\u00fcy\u00fc\u015f\u00fcyle Vunos ate\u015fi","og_url":"https:\/\/kibrisdakik.com\/?p=62285","article_published_time":"2024-09-15T14:59:46+00:00","og_image":[{"width":720,"height":405,"url":"https:\/\/kibrisdakik.com\/wp-content\/uploads\/2024\/09\/459557172-506798068647570-1618009876080119392-n.jpg","type":"image\/jpeg"}],"author":"admin","twitter_card":"summary_large_image","twitter_misc":{"Yazan:":"admin","Tahmini okuma s\u00fcresi":"1 dakika"},"schema":{"@context":"https:\/\/schema.org","@graph":[{"@type":"Article","@id":"https:\/\/kibrisdakik.com\/?p=62285#article","isPartOf":{"@id":"https:\/\/kibrisdakik.com\/?p=62285"},"author":{"name":"admin","@id":"https:\/\/kibrisdakik.com\/#\/schema\/person\/9cd9d437bbb44f72b73ba127e06d8e79"},"headline":"Vunos Sempozyumu yar\u0131n yap\u0131lacak kapan\u0131\u015f t\u00f6reniyle sona erecek","datePublished":"2024-09-15T14:59:46+00:00","mainEntityOfPage":{"@id":"https:\/\/kibrisdakik.com\/?p=62285"},"wordCount":266,"commentCount":0,"image":{"@id":"https:\/\/kibrisdakik.com\/?p=62285#primaryimage"},"thumbnailUrl":"https:\/\/kibrisdakik.com\/wp-content\/uploads\/2024\/09\/459557172-506798068647570-1618009876080119392-n.jpg","articleSection":["G\u00fcndem","K\u0131br\u0131s"],"inLanguage":"tr","potentialAction":[{"@type":"CommentAction","name":"Comment","target":["https:\/\/kibrisdakik.com\/?p=62285#respond"]}]},{"@type":"WebPage","@id":"https:\/\/kibrisdakik.com\/?p=62285","url":"https:\/\/kibrisdakik.com\/?p=62285","name":"Vunos Sempozyumu yar\u0131n yap\u0131lacak kapan\u0131\u015f t\u00f6reniyle sona erecek -","isPartOf":{"@id":"https:\/\/kibrisdakik.com\/#website"},"primaryImageOfPage":{"@id":"https:\/\/kibrisdakik.com\/?p=62285#primaryimage"},"image":{"@id":"https:\/\/kibrisdakik.com\/?p=62285#primaryimage"},"thumbnailUrl":"https:\/\/kibrisdakik.com\/wp-content\/uploads\/2024\/09\/459557172-506798068647570-1618009876080119392-n.jpg","datePublished":"2024-09-15T14:59:46+00:00","author":{"@id":"https:\/\/kibrisdakik.com\/#\/schema\/person\/9cd9d437bbb44f72b73ba127e06d8e79"},"breadcrumb":{"@id":"https:\/\/kibrisdakik.com\/?p=62285#breadcrumb"},"inLanguage":"tr","potentialAction":[{"@type":"ReadAction","target":["https:\/\/kibrisdakik.com\/?p=62285"]}]},{"@type":"ImageObject","inLanguage":"tr","@id":"https:\/\/kibrisdakik.com\/?p=62285#primaryimage","url":"https:\/\/kibrisdakik.com\/wp-content\/uploads\/2024\/09\/459557172-506798068647570-1618009876080119392-n.jpg","contentUrl":"https:\/\/kibrisdakik.com\/wp-content\/uploads\/2024\/09\/459557172-506798068647570-1618009876080119392-n.jpg","width":720,"height":405},{"@type":"BreadcrumbList","@id":"https:\/\/kibrisdakik.com\/?p=62285#breadcrumb","itemListElement":[{"@type":"ListItem","position":1,"name":"Home","item":"https:\/\/kibrisdakik.com\/"},{"@type":"ListItem","position":2,"name":"Vunos Sempozyumu yar\u0131n yap\u0131lacak kapan\u0131\u015f t\u00f6reniyle sona erecek"}]},{"@type":"WebSite","@id":"https:\/\/kibrisdakik.com\/#website","url":"https:\/\/kibrisdakik.com\/","name":"","description":"Tam vaktinde haber","potentialAction":[{"@type":"SearchAction","target":{"@type":"EntryPoint","urlTemplate":"https:\/\/kibrisdakik.com\/?s={search_term_string}"},"query-input":{"@type":"PropertyValueSpecification","valueRequired":true,"valueName":"search_term_string"}}],"inLanguage":"tr"},{"@type":"Person","@id":"https:\/\/kibrisdakik.com\/#\/schema\/person\/9cd9d437bbb44f72b73ba127e06d8e79","name":"admin","image":{"@type":"ImageObject","inLanguage":"tr","@id":"https:\/\/secure.gravatar.com\/avatar\/ccc17943b9d660506c869530f897617f7cb1c21a4bf30023f252596d83e1f007?s=96&d=mm&r=g","url":"https:\/\/secure.gravatar.com\/avatar\/ccc17943b9d660506c869530f897617f7cb1c21a4bf30023f252596d83e1f007?s=96&d=mm&r=g","contentUrl":"https:\/\/secure.gravatar.com\/avatar\/ccc17943b9d660506c869530f897617f7cb1c21a4bf30023f252596d83e1f007?s=96&d=mm&r=g","caption":"admin"},"sameAs":["https:\/\/kibrisdakik.com"],"url":"https:\/\/kibrisdakik.com\/?author=1"}]}},"_links":{"self":[{"href":"https:\/\/kibrisdakik.com\/index.php?rest_route=\/wp\/v2\/posts\/62285","targetHints":{"allow":["GET"]}}],"collection":[{"href":"https:\/\/kibrisdakik.com\/index.php?rest_route=\/wp\/v2\/posts"}],"about":[{"href":"https:\/\/kibrisdakik.com\/index.php?rest_route=\/wp\/v2\/types\/post"}],"author":[{"embeddable":true,"href":"https:\/\/kibrisdakik.com\/index.php?rest_route=\/wp\/v2\/users\/1"}],"replies":[{"embeddable":true,"href":"https:\/\/kibrisdakik.com\/index.php?rest_route=%2Fwp%2Fv2%2Fcomments&post=62285"}],"version-history":[{"count":0,"href":"https:\/\/kibrisdakik.com\/index.php?rest_route=\/wp\/v2\/posts\/62285\/revisions"}],"wp:featuredmedia":[{"embeddable":true,"href":"https:\/\/kibrisdakik.com\/index.php?rest_route=\/wp\/v2\/media\/62286"}],"wp:attachment":[{"href":"https:\/\/kibrisdakik.com\/index.php?rest_route=%2Fwp%2Fv2%2Fmedia&parent=62285"}],"wp:term":[{"taxonomy":"category","embeddable":true,"href":"https:\/\/kibrisdakik.com\/index.php?rest_route=%2Fwp%2Fv2%2Fcategories&post=62285"},{"taxonomy":"post_tag","embeddable":true,"href":"https:\/\/kibrisdakik.com\/index.php?rest_route=%2Fwp%2Fv2%2Ftags&post=62285"}],"curies":[{"name":"wp","href":"https:\/\/api.w.org\/{rel}","templated":true}]}}