{"id":62287,"date":"2024-09-15T18:01:14","date_gmt":"2024-09-15T15:01:14","guid":{"rendered":"https:\/\/kibrisdakik.com\/index.php\/2024\/09\/15\/halkin-partisi-genclerle-bir-araya-geldi-ozersay-orgutlu-bir-kotulukle-karsi-karsiyayiz-orgutlu-iyilikte-birlesmeliyiz\/"},"modified":"2024-09-15T18:01:14","modified_gmt":"2024-09-15T15:01:14","slug":"halkin-partisi-genclerle-bir-araya-geldi-ozersay-orgutlu-bir-kotulukle-karsi-karsiyayiz-orgutlu-iyilikte-birlesmeliyiz","status":"publish","type":"post","link":"https:\/\/kibrisdakik.com\/?p=62287","title":{"rendered":"Halk\u0131n Partisi gen\u00e7lerle bir araya geldi\u2026 \u00d6zersay: \u201c\u00d6rg\u00fctl\u00fc bir k\u00f6t\u00fcl\u00fckle kar\u015f\u0131 kar\u015f\u0131yay\u0131z, \u00f6rg\u00fctl\u00fc iyilikte birle\u015fmeliyiz\u201d"},"content":{"rendered":"<div>\n<div class=\"mariselle-image-container center\">\n                                            <\/div>\n<p>\nHalk\u0131n Partisi (HP) Genel Ba\u015fkan\u0131 Kudret \u00d6zersay ve Halk\u0131n Partisi y\u00f6neticileri Girne\u2019de \u00fcniversite \u00f6\u011frencisi gen\u00e7lerle bir sohbet toplant\u0131s\u0131nda bir araya geldi ve \u00fclkenin gelece\u011fi konusunda g\u00f6r\u00fc\u015f al\u0131\u015f veri\u015finde bulundu. <\/p>\n<p>Halk\u0131n Partisi\u2019nden yap\u0131lan a\u00e7\u0131klamaya g\u00f6re, HP Genel Sekreteri Turgut Alas, Girne \u0130l\u00e7e Ba\u015fkan\u0131 \u00c7a\u011f\u0131n \u00c7a\u011fatay Karata\u015f ve en gen\u00e7 Parti Meclisi \u00fcyesi Onur G\u00fcler\u2019in kat\u0131l\u0131m\u0131yla yap\u0131lan etkinlikte \u00d6zersay \u201cmemleketimiz \u00f6rg\u00fctl\u00fc bir k\u00f6t\u00fcl\u00fckle kar\u015f\u0131 kar\u015f\u0131yad\u0131r, kendi \u015fahsi menfaati i\u00e7in rant i\u00e7in bencilce \u00fclkenin gelece\u011fini ipotek alt\u0131na koyanlar, harcayanlarla kar\u015f\u0131 kar\u015f\u0131yay\u0131z. Bu \u00f6rg\u00fctl\u00fc k\u00f6t\u00fcl\u00fc\u011fe kar\u015f\u0131 \u00f6rg\u00fctl\u00fc bir iyili\u011fe ihtiya\u00e7 vard\u0131r. Toplumsal d\u00fc\u015f\u00fcnen, kendi \u015fahsi menfaatlerinden \u00f6nce toplumun ve \u00fclkenin yarar\u0131n\u0131 d\u00fc\u015f\u00fcnenlerin bir araya gelmeye, \u00f6rg\u00fctl\u00fc bir iyilikte birle\u015fmesine ihtiya\u00e7 vard\u0131r. Bu konularda gen\u00e7lerin bize \u0131\u015f\u0131k tutan d\u00fc\u015f\u00fcnceleri, sorular\u0131 ve kayg\u0131lar\u0131 yan\u0131nda umutlar\u0131 vard\u0131r.\u201d ifadelerini kulland\u0131.<\/p>\n<p>\u2013 \u201cSahte diplomalar \u00fcniversiteli gen\u00e7lerimize ve ailelerine b\u00fcy\u00fck haks\u0131zl\u0131k\u201d<\/p>\n<p>Bir soru \u00fczerine sahte diploma konusuna da de\u011finen \u00d6zersay \u201csizler \u00fcniversite \u00f6\u011frencisi gen\u00e7ler olarak y\u0131llarca b\u00fcy\u00fck bir emek ve \u00f6zveriyle okumaya, mezun olmaya, kendinizi geli\u015ftirmeye \u00e7al\u0131\u015f\u0131rken, hakk\u0131n\u0131zla diploma almaya, e\u011fitim almaya \u00e7al\u0131\u015f\u0131rken bir \u00fcniversitenin kap\u0131s\u0131ndan dahi i\u00e7eriye girmeden diploma al\u0131p sizlerin \u00f6n\u00fcne ge\u00e7enler y\u00fcz\u00fcnden bu \u00fclkede adalet duygusu da zedelenmektedir.\u201d dedi.<\/p>\n<p>\u00d6zersay, bu ki\u015filere hak etmedikleri halde diploma verenlerin, onlar\u0131 bunu bile bile devlet i\u015fine alanlar\u0131n, maa\u015f art\u0131\u015f\u0131 verenlerin, m\u00fcd\u00fcr, m\u00fcste\u015far, mukayyit atayanlar\u0131n hem gen\u00e7lere hem de ailelere b\u00fcy\u00fck bir haks\u0131zl\u0131k yapt\u0131\u011f\u0131n\u0131 s\u00f6yledi.<\/p>\n<p>Bu nedenle Halk\u0131n Partisi olarak bu konunun pe\u015fini b\u0131rakmad\u0131klar\u0131n\u0131 ve b\u0131rakmayacaklar\u0131n\u0131 belirten \u00d6zersay, gereken cezalar\u0131n verilmesi i\u00e7in konuyu sonuna kadar takip edeceklerini belirtti. <\/p>\n<p>\u2013 G\u00fcler: \u201cK\u0131br\u0131s sorununda kendimizi ezberlere hapsetmemeliyiz\u201d<\/p>\n<p>Halk\u0131n Partisi\u2019nin en gen\u00e7 Parti Meclisi \u00fcyesi olan ve siyaset bilimi b\u00f6l\u00fcm\u00fcnde \u00fcniversite \u00f6\u011frencisi olarak e\u011fitim g\u00f6ren Onur G\u00fcler de toplant\u0131da K\u0131br\u0131s sorunuyla ilgili olarak sorulan sorular \u00fczerine \u201cK\u0131br\u0131s sorununda \u00f6zellikle biz gen\u00e7ler kendimizi birtak\u0131m geleneksel ezberler i\u00e7erisine hapsetmemeliyiz.\u201d dedi. <\/p>\n<p>G\u00fcler, \u015f\u00f6yle konu\u015ftu:<\/p>\n<p>\u201cFederasyon, iki devletlilik, konfederasyon gibi kavramlar asl\u0131nda tam olarak neyi ifade ettiklerini bilmeksizin veya bu kavramlara y\u00fcklenen sabit anlamlarla sorunun \u00e7\u00f6z\u00fcm\u00fcnden ziyade kampla\u015fmaya hizmet ediyor. Biz Halk\u0131n Partisi olarak bir gecede \u00e7\u00f6z\u00fclebilecek, bir sabah uyand\u0131\u011f\u0131m\u0131zda bir ortakl\u0131\u011f\u0131n oldu\u011fu bir modelin pek de ger\u00e7ek\u00e7i olmad\u0131\u011f\u0131n\u0131 K\u0131br\u0131s\u2019ta \u00e7\u00f6z\u00fcm\u00fcn kademeli olarak, ad\u0131m ad\u0131m bir ortakl\u0131\u011fa gidecek \u015fekilde ele al\u0131nmas\u0131 gerekti\u011fini d\u00fc\u015f\u00fcn\u00fcyoruz.\u201d<\/p>\n<p>\u00c7\u00f6z\u00fcm\u00fcn ad\u0131ndan \u00e7ok her iki halk\u0131n y\u0131llar i\u00e7erisinde ya\u015fad\u0131klar\u0131 travmalar\u0131 dikkate alan ve ya\u015fayabilir bir \u00e7\u00f6z\u00fcm olmas\u0131n\u0131n \u00f6nemli oldu\u011funu kaydeden G\u00fcler, K\u0131br\u0131sl\u0131 T\u00fcrklerin ortak beklentisinin kendi kendilerini y\u00f6netebilecekleri ve g\u00fcvenlik a\u00e7\u0131s\u0131ndan T\u00fcrkiye\u2019nin garant\u00f6rl\u00fc\u011f\u00fcn\u00fcn suland\u0131r\u0131lmayaca\u011f\u0131 bir yap\u0131 oldu\u011funu belirtti.<\/p>\n<\/p><\/div>\n<p><script async\n                    defer\n                    crossorigin=\"anonymous\"\n                    src=\"https:\/\/connect.facebook.net\/tr_TR\/sdk.js#xfbml=1&#038;version=v3.3\"\n            ><\/script><\/p>\n","protected":false},"excerpt":{"rendered":"<p>Halk\u0131n Partisi (HP) Genel Ba\u015fkan\u0131 Kudret \u00d6zersay ve Halk\u0131n Partisi y\u00f6neticileri Girne\u2019de \u00fcniversite \u00f6\u011frencisi gen\u00e7lerle bir sohbet toplant\u0131s\u0131nda bir araya geldi ve \u00fclkenin gelece\u011fi konusunda g\u00f6r\u00fc\u015f al\u0131\u015f veri\u015finde bulundu. Halk\u0131n Partisi\u2019nden yap\u0131lan a\u00e7\u0131klamaya g\u00f6re, HP Genel Sekreteri Turgut Alas, Girne \u0130l\u00e7e Ba\u015fkan\u0131 \u00c7a\u011f\u0131n \u00c7a\u011fatay Karata\u015f ve en gen\u00e7 Parti Meclisi \u00fcyesi Onur G\u00fcler\u2019in kat\u0131l\u0131m\u0131yla yap\u0131lan<\/p>\n","protected":false},"author":1,"featured_media":62288,"comment_status":"open","ping_status":"open","sticky":false,"template":"","format":"standard","meta":{"footnotes":""},"categories":[81],"tags":[],"class_list":["post-62287","post","type-post","status-publish","format-standard","has-post-thumbnail","hentry","category-kibris"],"yoast_head":"<!-- This site is optimized with the Yoast SEO plugin v27.5 - https:\/\/yoast.com\/product\/yoast-seo-wordpress\/ -->\n<title>Halk\u0131n Partisi gen\u00e7lerle bir araya geldi\u2026 \u00d6zersay: \u201c\u00d6rg\u00fctl\u00fc bir k\u00f6t\u00fcl\u00fckle kar\u015f\u0131 kar\u015f\u0131yay\u0131z, \u00f6rg\u00fctl\u00fc iyilikte birle\u015fmeliyiz\u201d -<\/title>\n<meta name=\"robots\" content=\"index, follow, max-snippet:-1, max-image-preview:large, max-video-preview:-1\" \/>\n<link rel=\"canonical\" href=\"https:\/\/kibrisdakik.com\/?p=62287\" \/>\n<meta property=\"og:locale\" content=\"tr_TR\" \/>\n<meta property=\"og:type\" content=\"article\" \/>\n<meta property=\"og:title\" content=\"Halk\u0131n Partisi gen\u00e7lerle bir araya geldi\u2026 \u00d6zersay: \u201c\u00d6rg\u00fctl\u00fc bir k\u00f6t\u00fcl\u00fckle kar\u015f\u0131 kar\u015f\u0131yay\u0131z, \u00f6rg\u00fctl\u00fc iyilikte birle\u015fmeliyiz\u201d -\" \/>\n<meta property=\"og:description\" content=\"Halk\u0131n Partisi (HP) Genel Ba\u015fkan\u0131 Kudret \u00d6zersay ve Halk\u0131n Partisi y\u00f6neticileri Girne\u2019de \u00fcniversite \u00f6\u011frencisi gen\u00e7lerle bir sohbet toplant\u0131s\u0131nda bir araya geldi ve \u00fclkenin gelece\u011fi konusunda g\u00f6r\u00fc\u015f al\u0131\u015f veri\u015finde bulundu. Halk\u0131n Partisi\u2019nden yap\u0131lan a\u00e7\u0131klamaya g\u00f6re, HP Genel Sekreteri Turgut Alas, Girne \u0130l\u00e7e Ba\u015fkan\u0131 \u00c7a\u011f\u0131n \u00c7a\u011fatay Karata\u015f ve en gen\u00e7 Parti Meclisi \u00fcyesi Onur G\u00fcler\u2019in kat\u0131l\u0131m\u0131yla yap\u0131lan\" \/>\n<meta property=\"og:url\" content=\"https:\/\/kibrisdakik.com\/?p=62287\" \/>\n<meta property=\"article:published_time\" content=\"2024-09-15T15:01:14+00:00\" \/>\n<meta property=\"og:image\" content=\"https:\/\/kibrisdakik.com\/wp-content\/uploads\/2024\/09\/hp38-740x420.jpg\" \/>\n\t<meta property=\"og:image:width\" content=\"1599\" \/>\n\t<meta property=\"og:image:height\" content=\"1066\" \/>\n\t<meta property=\"og:image:type\" content=\"image\/jpeg\" \/>\n<meta name=\"author\" content=\"admin\" \/>\n<meta name=\"twitter:card\" content=\"summary_large_image\" \/>\n<meta name=\"twitter:label1\" content=\"Yazan:\" \/>\n\t<meta name=\"twitter:data1\" content=\"admin\" \/>\n\t<meta name=\"twitter:label2\" content=\"Tahmini okuma s\u00fcresi\" \/>\n\t<meta name=\"twitter:data2\" content=\"3 dakika\" \/>\n<script type=\"application\/ld+json\" class=\"yoast-schema-graph\">{\"@context\":\"https:\\\/\\\/schema.org\",\"@graph\":[{\"@type\":\"Article\",\"@id\":\"https:\\\/\\\/kibrisdakik.com\\\/?p=62287#article\",\"isPartOf\":{\"@id\":\"https:\\\/\\\/kibrisdakik.com\\\/?p=62287\"},\"author\":{\"name\":\"admin\",\"@id\":\"https:\\\/\\\/kibrisdakik.com\\\/#\\\/schema\\\/person\\\/9cd9d437bbb44f72b73ba127e06d8e79\"},\"headline\":\"Halk\u0131n Partisi gen\u00e7lerle bir araya geldi\u2026 \u00d6zersay: \u201c\u00d6rg\u00fctl\u00fc bir k\u00f6t\u00fcl\u00fckle kar\u015f\u0131 kar\u015f\u0131yay\u0131z, \u00f6rg\u00fctl\u00fc iyilikte birle\u015fmeliyiz\u201d\",\"datePublished\":\"2024-09-15T15:01:14+00:00\",\"mainEntityOfPage\":{\"@id\":\"https:\\\/\\\/kibrisdakik.com\\\/?p=62287\"},\"wordCount\":586,\"commentCount\":0,\"image\":{\"@id\":\"https:\\\/\\\/kibrisdakik.com\\\/?p=62287#primaryimage\"},\"thumbnailUrl\":\"https:\\\/\\\/kibrisdakik.com\\\/wp-content\\\/uploads\\\/2024\\\/09\\\/hp38-740x420.jpg\",\"articleSection\":[\"K\u0131br\u0131s\"],\"inLanguage\":\"tr\",\"potentialAction\":[{\"@type\":\"CommentAction\",\"name\":\"Comment\",\"target\":[\"https:\\\/\\\/kibrisdakik.com\\\/?p=62287#respond\"]}]},{\"@type\":\"WebPage\",\"@id\":\"https:\\\/\\\/kibrisdakik.com\\\/?p=62287\",\"url\":\"https:\\\/\\\/kibrisdakik.com\\\/?p=62287\",\"name\":\"Halk\u0131n Partisi gen\u00e7lerle bir araya geldi\u2026 \u00d6zersay: \u201c\u00d6rg\u00fctl\u00fc bir k\u00f6t\u00fcl\u00fckle kar\u015f\u0131 kar\u015f\u0131yay\u0131z, \u00f6rg\u00fctl\u00fc iyilikte birle\u015fmeliyiz\u201d -\",\"isPartOf\":{\"@id\":\"https:\\\/\\\/kibrisdakik.com\\\/#website\"},\"primaryImageOfPage\":{\"@id\":\"https:\\\/\\\/kibrisdakik.com\\\/?p=62287#primaryimage\"},\"image\":{\"@id\":\"https:\\\/\\\/kibrisdakik.com\\\/?p=62287#primaryimage\"},\"thumbnailUrl\":\"https:\\\/\\\/kibrisdakik.com\\\/wp-content\\\/uploads\\\/2024\\\/09\\\/hp38-740x420.jpg\",\"datePublished\":\"2024-09-15T15:01:14+00:00\",\"author\":{\"@id\":\"https:\\\/\\\/kibrisdakik.com\\\/#\\\/schema\\\/person\\\/9cd9d437bbb44f72b73ba127e06d8e79\"},\"breadcrumb\":{\"@id\":\"https:\\\/\\\/kibrisdakik.com\\\/?p=62287#breadcrumb\"},\"inLanguage\":\"tr\",\"potentialAction\":[{\"@type\":\"ReadAction\",\"target\":[\"https:\\\/\\\/kibrisdakik.com\\\/?p=62287\"]}]},{\"@type\":\"ImageObject\",\"inLanguage\":\"tr\",\"@id\":\"https:\\\/\\\/kibrisdakik.com\\\/?p=62287#primaryimage\",\"url\":\"https:\\\/\\\/kibrisdakik.com\\\/wp-content\\\/uploads\\\/2024\\\/09\\\/hp38-740x420.jpg\",\"contentUrl\":\"https:\\\/\\\/kibrisdakik.com\\\/wp-content\\\/uploads\\\/2024\\\/09\\\/hp38-740x420.jpg\",\"width\":1599,\"height\":1066},{\"@type\":\"BreadcrumbList\",\"@id\":\"https:\\\/\\\/kibrisdakik.com\\\/?p=62287#breadcrumb\",\"itemListElement\":[{\"@type\":\"ListItem\",\"position\":1,\"name\":\"Home\",\"item\":\"https:\\\/\\\/kibrisdakik.com\\\/\"},{\"@type\":\"ListItem\",\"position\":2,\"name\":\"Halk\u0131n Partisi gen\u00e7lerle bir araya geldi\u2026 \u00d6zersay: \u201c\u00d6rg\u00fctl\u00fc bir k\u00f6t\u00fcl\u00fckle kar\u015f\u0131 kar\u015f\u0131yay\u0131z, \u00f6rg\u00fctl\u00fc iyilikte birle\u015fmeliyiz\u201d\"}]},{\"@type\":\"WebSite\",\"@id\":\"https:\\\/\\\/kibrisdakik.com\\\/#website\",\"url\":\"https:\\\/\\\/kibrisdakik.com\\\/\",\"name\":\"\",\"description\":\"Tam vaktinde haber\",\"potentialAction\":[{\"@type\":\"SearchAction\",\"target\":{\"@type\":\"EntryPoint\",\"urlTemplate\":\"https:\\\/\\\/kibrisdakik.com\\\/?s={search_term_string}\"},\"query-input\":{\"@type\":\"PropertyValueSpecification\",\"valueRequired\":true,\"valueName\":\"search_term_string\"}}],\"inLanguage\":\"tr\"},{\"@type\":\"Person\",\"@id\":\"https:\\\/\\\/kibrisdakik.com\\\/#\\\/schema\\\/person\\\/9cd9d437bbb44f72b73ba127e06d8e79\",\"name\":\"admin\",\"image\":{\"@type\":\"ImageObject\",\"inLanguage\":\"tr\",\"@id\":\"https:\\\/\\\/secure.gravatar.com\\\/avatar\\\/ccc17943b9d660506c869530f897617f7cb1c21a4bf30023f252596d83e1f007?s=96&d=mm&r=g\",\"url\":\"https:\\\/\\\/secure.gravatar.com\\\/avatar\\\/ccc17943b9d660506c869530f897617f7cb1c21a4bf30023f252596d83e1f007?s=96&d=mm&r=g\",\"contentUrl\":\"https:\\\/\\\/secure.gravatar.com\\\/avatar\\\/ccc17943b9d660506c869530f897617f7cb1c21a4bf30023f252596d83e1f007?s=96&d=mm&r=g\",\"caption\":\"admin\"},\"sameAs\":[\"https:\\\/\\\/kibrisdakik.com\"],\"url\":\"https:\\\/\\\/kibrisdakik.com\\\/?author=1\"}]}<\/script>\n<!-- \/ Yoast SEO plugin. -->","yoast_head_json":{"title":"Halk\u0131n Partisi gen\u00e7lerle bir araya geldi\u2026 \u00d6zersay: \u201c\u00d6rg\u00fctl\u00fc bir k\u00f6t\u00fcl\u00fckle kar\u015f\u0131 kar\u015f\u0131yay\u0131z, \u00f6rg\u00fctl\u00fc iyilikte birle\u015fmeliyiz\u201d -","robots":{"index":"index","follow":"follow","max-snippet":"max-snippet:-1","max-image-preview":"max-image-preview:large","max-video-preview":"max-video-preview:-1"},"canonical":"https:\/\/kibrisdakik.com\/?p=62287","og_locale":"tr_TR","og_type":"article","og_title":"Halk\u0131n Partisi gen\u00e7lerle bir araya geldi\u2026 \u00d6zersay: \u201c\u00d6rg\u00fctl\u00fc bir k\u00f6t\u00fcl\u00fckle kar\u015f\u0131 kar\u015f\u0131yay\u0131z, \u00f6rg\u00fctl\u00fc iyilikte birle\u015fmeliyiz\u201d -","og_description":"Halk\u0131n Partisi (HP) Genel Ba\u015fkan\u0131 Kudret \u00d6zersay ve Halk\u0131n Partisi y\u00f6neticileri Girne\u2019de \u00fcniversite \u00f6\u011frencisi gen\u00e7lerle bir sohbet toplant\u0131s\u0131nda bir araya geldi ve \u00fclkenin gelece\u011fi konusunda g\u00f6r\u00fc\u015f al\u0131\u015f veri\u015finde bulundu. Halk\u0131n Partisi\u2019nden yap\u0131lan a\u00e7\u0131klamaya g\u00f6re, HP Genel Sekreteri Turgut Alas, Girne \u0130l\u00e7e Ba\u015fkan\u0131 \u00c7a\u011f\u0131n \u00c7a\u011fatay Karata\u015f ve en gen\u00e7 Parti Meclisi \u00fcyesi Onur G\u00fcler\u2019in kat\u0131l\u0131m\u0131yla yap\u0131lan","og_url":"https:\/\/kibrisdakik.com\/?p=62287","article_published_time":"2024-09-15T15:01:14+00:00","og_image":[{"width":1599,"height":1066,"url":"https:\/\/kibrisdakik.com\/wp-content\/uploads\/2024\/09\/hp38-740x420.jpg","type":"image\/jpeg"}],"author":"admin","twitter_card":"summary_large_image","twitter_misc":{"Yazan:":"admin","Tahmini okuma s\u00fcresi":"3 dakika"},"schema":{"@context":"https:\/\/schema.org","@graph":[{"@type":"Article","@id":"https:\/\/kibrisdakik.com\/?p=62287#article","isPartOf":{"@id":"https:\/\/kibrisdakik.com\/?p=62287"},"author":{"name":"admin","@id":"https:\/\/kibrisdakik.com\/#\/schema\/person\/9cd9d437bbb44f72b73ba127e06d8e79"},"headline":"Halk\u0131n Partisi gen\u00e7lerle bir araya geldi\u2026 \u00d6zersay: \u201c\u00d6rg\u00fctl\u00fc bir k\u00f6t\u00fcl\u00fckle kar\u015f\u0131 kar\u015f\u0131yay\u0131z, \u00f6rg\u00fctl\u00fc iyilikte birle\u015fmeliyiz\u201d","datePublished":"2024-09-15T15:01:14+00:00","mainEntityOfPage":{"@id":"https:\/\/kibrisdakik.com\/?p=62287"},"wordCount":586,"commentCount":0,"image":{"@id":"https:\/\/kibrisdakik.com\/?p=62287#primaryimage"},"thumbnailUrl":"https:\/\/kibrisdakik.com\/wp-content\/uploads\/2024\/09\/hp38-740x420.jpg","articleSection":["K\u0131br\u0131s"],"inLanguage":"tr","potentialAction":[{"@type":"CommentAction","name":"Comment","target":["https:\/\/kibrisdakik.com\/?p=62287#respond"]}]},{"@type":"WebPage","@id":"https:\/\/kibrisdakik.com\/?p=62287","url":"https:\/\/kibrisdakik.com\/?p=62287","name":"Halk\u0131n Partisi gen\u00e7lerle bir araya geldi\u2026 \u00d6zersay: \u201c\u00d6rg\u00fctl\u00fc bir k\u00f6t\u00fcl\u00fckle kar\u015f\u0131 kar\u015f\u0131yay\u0131z, \u00f6rg\u00fctl\u00fc iyilikte birle\u015fmeliyiz\u201d -","isPartOf":{"@id":"https:\/\/kibrisdakik.com\/#website"},"primaryImageOfPage":{"@id":"https:\/\/kibrisdakik.com\/?p=62287#primaryimage"},"image":{"@id":"https:\/\/kibrisdakik.com\/?p=62287#primaryimage"},"thumbnailUrl":"https:\/\/kibrisdakik.com\/wp-content\/uploads\/2024\/09\/hp38-740x420.jpg","datePublished":"2024-09-15T15:01:14+00:00","author":{"@id":"https:\/\/kibrisdakik.com\/#\/schema\/person\/9cd9d437bbb44f72b73ba127e06d8e79"},"breadcrumb":{"@id":"https:\/\/kibrisdakik.com\/?p=62287#breadcrumb"},"inLanguage":"tr","potentialAction":[{"@type":"ReadAction","target":["https:\/\/kibrisdakik.com\/?p=62287"]}]},{"@type":"ImageObject","inLanguage":"tr","@id":"https:\/\/kibrisdakik.com\/?p=62287#primaryimage","url":"https:\/\/kibrisdakik.com\/wp-content\/uploads\/2024\/09\/hp38-740x420.jpg","contentUrl":"https:\/\/kibrisdakik.com\/wp-content\/uploads\/2024\/09\/hp38-740x420.jpg","width":1599,"height":1066},{"@type":"BreadcrumbList","@id":"https:\/\/kibrisdakik.com\/?p=62287#breadcrumb","itemListElement":[{"@type":"ListItem","position":1,"name":"Home","item":"https:\/\/kibrisdakik.com\/"},{"@type":"ListItem","position":2,"name":"Halk\u0131n Partisi gen\u00e7lerle bir araya geldi\u2026 \u00d6zersay: \u201c\u00d6rg\u00fctl\u00fc bir k\u00f6t\u00fcl\u00fckle kar\u015f\u0131 kar\u015f\u0131yay\u0131z, \u00f6rg\u00fctl\u00fc iyilikte birle\u015fmeliyiz\u201d"}]},{"@type":"WebSite","@id":"https:\/\/kibrisdakik.com\/#website","url":"https:\/\/kibrisdakik.com\/","name":"","description":"Tam vaktinde haber","potentialAction":[{"@type":"SearchAction","target":{"@type":"EntryPoint","urlTemplate":"https:\/\/kibrisdakik.com\/?s={search_term_string}"},"query-input":{"@type":"PropertyValueSpecification","valueRequired":true,"valueName":"search_term_string"}}],"inLanguage":"tr"},{"@type":"Person","@id":"https:\/\/kibrisdakik.com\/#\/schema\/person\/9cd9d437bbb44f72b73ba127e06d8e79","name":"admin","image":{"@type":"ImageObject","inLanguage":"tr","@id":"https:\/\/secure.gravatar.com\/avatar\/ccc17943b9d660506c869530f897617f7cb1c21a4bf30023f252596d83e1f007?s=96&d=mm&r=g","url":"https:\/\/secure.gravatar.com\/avatar\/ccc17943b9d660506c869530f897617f7cb1c21a4bf30023f252596d83e1f007?s=96&d=mm&r=g","contentUrl":"https:\/\/secure.gravatar.com\/avatar\/ccc17943b9d660506c869530f897617f7cb1c21a4bf30023f252596d83e1f007?s=96&d=mm&r=g","caption":"admin"},"sameAs":["https:\/\/kibrisdakik.com"],"url":"https:\/\/kibrisdakik.com\/?author=1"}]}},"_links":{"self":[{"href":"https:\/\/kibrisdakik.com\/index.php?rest_route=\/wp\/v2\/posts\/62287","targetHints":{"allow":["GET"]}}],"collection":[{"href":"https:\/\/kibrisdakik.com\/index.php?rest_route=\/wp\/v2\/posts"}],"about":[{"href":"https:\/\/kibrisdakik.com\/index.php?rest_route=\/wp\/v2\/types\/post"}],"author":[{"embeddable":true,"href":"https:\/\/kibrisdakik.com\/index.php?rest_route=\/wp\/v2\/users\/1"}],"replies":[{"embeddable":true,"href":"https:\/\/kibrisdakik.com\/index.php?rest_route=%2Fwp%2Fv2%2Fcomments&post=62287"}],"version-history":[{"count":0,"href":"https:\/\/kibrisdakik.com\/index.php?rest_route=\/wp\/v2\/posts\/62287\/revisions"}],"wp:featuredmedia":[{"embeddable":true,"href":"https:\/\/kibrisdakik.com\/index.php?rest_route=\/wp\/v2\/media\/62288"}],"wp:attachment":[{"href":"https:\/\/kibrisdakik.com\/index.php?rest_route=%2Fwp%2Fv2%2Fmedia&parent=62287"}],"wp:term":[{"taxonomy":"category","embeddable":true,"href":"https:\/\/kibrisdakik.com\/index.php?rest_route=%2Fwp%2Fv2%2Fcategories&post=62287"},{"taxonomy":"post_tag","embeddable":true,"href":"https:\/\/kibrisdakik.com\/index.php?rest_route=%2Fwp%2Fv2%2Ftags&post=62287"}],"curies":[{"name":"wp","href":"https:\/\/api.w.org\/{rel}","templated":true}]}}