{"id":62326,"date":"2024-09-15T20:39:09","date_gmt":"2024-09-15T17:39:09","guid":{"rendered":"https:\/\/kibrisdakik.com\/index.php\/2024\/09\/15\/metadan-dikkat-ceken-yapay-zeka-karari\/"},"modified":"2024-09-15T20:39:09","modified_gmt":"2024-09-15T17:39:09","slug":"metadan-dikkat-ceken-yapay-zeka-karari","status":"publish","type":"post","link":"https:\/\/kibrisdakik.com\/?p=62326","title":{"rendered":"Meta&#8217;dan dikkat \u00e7eken yapay zeka karar\u0131"},"content":{"rendered":"<p><\/p>\n<div id=\"\">\n<p>Meta, Birle\u015fik Krall\u0131k&#8217;ta yapay zeka modellerini geli\u015ftirmek \u00fczere Facebook ve Instagram kullan\u0131c\u0131lar\u0131n\u0131n kamuya a\u00e7\u0131k verilerini kullanma karar\u0131n\u0131 a\u00e7\u0131klad\u0131. Bu hamle, Avrupa Birli\u011fi&#8217;nde benzer bir uygulaman\u0131n durdurulmas\u0131n\u0131n ard\u0131ndan geldi ve kullan\u0131c\u0131lar\u0131n veri gizlili\u011fi haklar\u0131 ile ilgili yeni d\u00fczenlemeleri de beraberinde getirdi. \u015eirket, kullan\u0131c\u0131lar\u0131n itiraz haklar\u0131n\u0131 koruyarak, onlar\u0131n tercihlerine sayg\u0131 g\u00f6stermeye devam edece\u011fini belirtti.<\/p>\n<h3>Meta Yeni Politika Ve Kullan\u0131c\u0131 Haklar\u0131n\u0131 A\u00e7\u0131klad\u0131<\/h3>\n<p> <a class=\"keyword\" href=\"https:\/\/www.haberler.com\/metaverse\/\" title=\"Metaverse Haberleri, Metaverse Haberi, Metaverse Haber\"><strong>Metaverse<\/strong><\/a> ve yapay zeka alan\u0131nda \u00f6nemli alan\u0131nda \u00f6nemli at\u0131l\u0131mlar yapan sosyal medya devi Meta, yeni politika ve kullan\u0131c\u0131 haklar\u0131n\u0131 duyurdu. <\/p>\n<p>Birle\u015fik Krall\u0131k&#8217;ta faaliyet g\u00f6steren sosyal medya platformlar\u0131 Facebook ve Instagram&#8217;\u0131n ana \u015firketi olan Meta, yapay zeka modellerini geli\u015ftirmek amac\u0131yla cesur bir ad\u0131m att\u0131. \u015eirket, yeti\u015fkin kullan\u0131c\u0131lar\u0131n platformlarda payla\u015ft\u0131\u011f\u0131 a\u00e7\u0131k i\u00e7erikleri yapay zeka e\u011fitiminde kullanma karar\u0131 ald\u0131.<\/p>\n<p>\u015eirket yetkilileri, bu hamlenin yapay zeka sistemlerini daha kapsay\u0131c\u0131 ve \u00e7e\u015fitli hale getirmeyi ama\u00e7lad\u0131\u011f\u0131n\u0131 belirtti. Kullan\u0131lacak i\u00e7erikler aras\u0131nda kullan\u0131c\u0131 g\u00f6nderileri, yorumlar, foto\u011fraflar ve altyaz\u0131lar yer al\u0131yor. \u015eirket, bu uygulamay\u0131 ilerleyen d\u00f6nemde ba\u015fka \u00fclkelere de yaymay\u0131 planl\u0131yor.<\/p>\n<p>Bu geli\u015fme, \u015firketin Avrupa Birli\u011fi&#8217;nde benzer bir giri\u015fimi ask\u0131ya almas\u0131n\u0131n ard\u0131ndan geldi. \u0130rlanda&#8217;daki veri koruma otoritesi, gizlilik endi\u015feleri nedeniyle \u015firketin yapay zeka asistanlar\u0131n\u0131 sunmas\u0131n\u0131 ge\u00e7ici olarak engellemi\u015fti. \u015eirket, kullan\u0131c\u0131 verilerini onay alarak toplad\u0131\u011f\u0131n\u0131 ve veri kullan\u0131m\u0131 konusunda \u015feffaf oldu\u011funu vurguluyor.<\/p>\n<p>Yeni politika sadece yeti\u015fkin kullan\u0131c\u0131lar\u0131n halka a\u00e7\u0131k bilgilerini kaps\u0131yor. \u015eirket, Birle\u015fik Krall\u0131k&#8217;taki kullan\u0131c\u0131 deneyimini iyile\u015ftirmek i\u00e7in bu verileri kullanaca\u011f\u0131n\u0131 a\u00e7\u0131klad\u0131. Yeni hamleyle birlikte kullan\u0131c\u0131lara, bu uygulamaya itiraz etme hakk\u0131 tan\u0131nacak ve daha \u00f6nce itiraz edenlerle tekrar ileti\u015fime ge\u00e7ilmeyecek.<\/p>\n<p>Bu arada, \u0130rlanda Veri Koruma Komisyonu, Genel Veri Koruma Y\u00f6netmeli\u011fi (GDPR) kapsam\u0131ndaki denetimlerini s\u0131k\u0131la\u015ft\u0131r\u0131yor. Komisyon, Google&#8217;\u0131n Avrupa Birli\u011fi veri koruma yasalar\u0131na uyumunu incelemek \u00fczere bir soru\u015fturma ba\u015flatt\u0131. Soru\u015fturma, \u015firketin yeni dil modeli PaLM2&#8217;nin geli\u015ftirilme s\u00fcrecini mercek alt\u0131na al\u0131yor.<\/p>\n<p>\u00d6te yandan, pop\u00fcler sosyal medya platformu X (eski ad\u0131yla Twitter), Avrupa Birli\u011fi ve Avrupa Ekonomik Alan\u0131&#8217;ndaki kullan\u0131c\u0131lar\u0131n verilerini yapay zeka projelerinde kullanmay\u0131 sonland\u0131rd\u0131\u011f\u0131n\u0131 duyurdu. Bu karar, platformun sohbet robotu Grok&#8217;un geli\u015ftirilmesinde kullan\u0131lan verileri kaps\u0131yor ve bir uyum soru\u015fturmas\u0131n\u0131n ard\u0131ndan al\u0131nd\u0131.<\/p>\n<div class=\"orderFlex\">\n<div class=\"hbptItem imgtxtarea\">\n<div class=\"hbptAuthorImg\"><img decoding=\"async\" class=\"lazyload imgelips\" src=\"https:\/\/foto.haberler.com\/genel\/editor\/2024\/09\/13\/editor--300243.jpg\" alt=\"Burak K\u00d6SE\"\/><\/div>\n<\/div>\n<\/div>\n<h4 id=\"nwsKeywords\"> <a href=\"https:\/\/www.haberler.com\/birlesik-krallik\/\" title=\"Birle\u015fik Krall\u0131k\" class=\"hbptTag\">Birle\u015fik Krall\u0131k<\/a>  <a href=\"https:\/\/www.haberler.com\/kripto-para\/\" title=\"Kripto Para\" class=\"hbptTag\">Kripto Para<\/a>  <a href=\"https:\/\/www.haberler.com\/yapay-zeka\/\" title=\"Yapay Zeka\" class=\"hbptTag\">Yapay Zeka<\/a>  <a href=\"https:\/\/www.haberler.com\/metaverse\/\" title=\"Metaverse\" class=\"hbptTag\">Metaverse<\/a> <\/h4>\n<\/div>\n","protected":false},"excerpt":{"rendered":"<p>Meta, Birle\u015fik Krall\u0131k&#8217;ta yapay zeka modellerini geli\u015ftirmek \u00fczere Facebook ve Instagram kullan\u0131c\u0131lar\u0131n\u0131n kamuya a\u00e7\u0131k verilerini kullanma karar\u0131n\u0131 a\u00e7\u0131klad\u0131. Bu hamle, Avrupa Birli\u011fi&#8217;nde benzer bir uygulaman\u0131n durdurulmas\u0131n\u0131n ard\u0131ndan geldi ve kullan\u0131c\u0131lar\u0131n veri gizlili\u011fi haklar\u0131 ile ilgili yeni d\u00fczenlemeleri de beraberinde getirdi. \u015eirket, kullan\u0131c\u0131lar\u0131n itiraz haklar\u0131n\u0131 koruyarak, onlar\u0131n tercihlerine sayg\u0131 g\u00f6stermeye devam edece\u011fini belirtti. Meta Yeni Politika<\/p>\n","protected":false},"author":1,"featured_media":0,"comment_status":"open","ping_status":"open","sticky":false,"template":"","format":"standard","meta":{"footnotes":""},"categories":[83],"tags":[],"class_list":["post-62326","post","type-post","status-publish","format-standard","hentry","category-magazin"],"yoast_head":"<!-- This site is optimized with the Yoast SEO plugin v28.3 - https:\/\/yoast.com\/product\/yoast-seo-wordpress\/ -->\n<title>Meta&#039;dan dikkat \u00e7eken yapay zeka karar\u0131 -<\/title>\n<meta name=\"robots\" content=\"index, follow, max-snippet:-1, max-image-preview:large, max-video-preview:-1\" \/>\n<link rel=\"canonical\" href=\"https:\/\/kibrisdakik.com\/?p=62326\" \/>\n<meta property=\"og:locale\" content=\"tr_TR\" \/>\n<meta property=\"og:type\" content=\"article\" \/>\n<meta property=\"og:title\" content=\"Meta&#039;dan dikkat \u00e7eken yapay zeka karar\u0131 -\" \/>\n<meta property=\"og:description\" content=\"Meta, Birle\u015fik Krall\u0131k&#8217;ta yapay zeka modellerini geli\u015ftirmek \u00fczere Facebook ve Instagram kullan\u0131c\u0131lar\u0131n\u0131n kamuya a\u00e7\u0131k verilerini kullanma karar\u0131n\u0131 a\u00e7\u0131klad\u0131. Bu hamle, Avrupa Birli\u011fi&#8217;nde benzer bir uygulaman\u0131n durdurulmas\u0131n\u0131n ard\u0131ndan geldi ve kullan\u0131c\u0131lar\u0131n veri gizlili\u011fi haklar\u0131 ile ilgili yeni d\u00fczenlemeleri de beraberinde getirdi. \u015eirket, kullan\u0131c\u0131lar\u0131n itiraz haklar\u0131n\u0131 koruyarak, onlar\u0131n tercihlerine sayg\u0131 g\u00f6stermeye devam edece\u011fini belirtti. Meta Yeni Politika\" \/>\n<meta property=\"og:url\" content=\"https:\/\/kibrisdakik.com\/?p=62326\" \/>\n<meta property=\"article:published_time\" content=\"2024-09-15T17:39:09+00:00\" \/>\n<meta property=\"og:image\" content=\"https:\/\/foto.haberler.com\/genel\/editor\/2024\/09\/13\/editor--300243.jpg\" \/>\n<meta name=\"author\" content=\"admin\" \/>\n<meta name=\"twitter:card\" content=\"summary_large_image\" \/>\n<meta name=\"twitter:label1\" content=\"Yazan:\" \/>\n\t<meta name=\"twitter:data1\" content=\"admin\" \/>\n\t<meta name=\"twitter:label2\" content=\"Tahmini okuma s\u00fcresi\" \/>\n\t<meta name=\"twitter:data2\" content=\"2 dakika\" \/>\n<script type=\"application\/ld+json\" class=\"yoast-schema-graph\">{\"@context\":\"https:\\\/\\\/schema.org\",\"@graph\":[{\"@type\":\"Article\",\"@id\":\"https:\\\/\\\/kibrisdakik.com\\\/?p=62326#article\",\"isPartOf\":{\"@id\":\"https:\\\/\\\/kibrisdakik.com\\\/?p=62326\"},\"author\":{\"name\":\"admin\",\"@id\":\"https:\\\/\\\/kibrisdakik.com\\\/#\\\/schema\\\/person\\\/9cd9d437bbb44f72b73ba127e06d8e79\"},\"headline\":\"Meta&#8217;dan dikkat \u00e7eken yapay zeka karar\u0131\",\"datePublished\":\"2024-09-15T17:39:09+00:00\",\"mainEntityOfPage\":{\"@id\":\"https:\\\/\\\/kibrisdakik.com\\\/?p=62326\"},\"wordCount\":466,\"commentCount\":0,\"publisher\":{\"@id\":\"https:\\\/\\\/kibrisdakik.com\\\/#organization\"},\"image\":{\"@id\":\"https:\\\/\\\/kibrisdakik.com\\\/?p=62326#primaryimage\"},\"thumbnailUrl\":\"https:\\\/\\\/foto.haberler.com\\\/genel\\\/editor\\\/2024\\\/09\\\/13\\\/editor--300243.jpg\",\"articleSection\":[\"Magazin\"],\"inLanguage\":\"tr\",\"potentialAction\":[{\"@type\":\"CommentAction\",\"name\":\"Comment\",\"target\":[\"https:\\\/\\\/kibrisdakik.com\\\/?p=62326#respond\"]}]},{\"@type\":\"WebPage\",\"@id\":\"https:\\\/\\\/kibrisdakik.com\\\/?p=62326\",\"url\":\"https:\\\/\\\/kibrisdakik.com\\\/?p=62326\",\"name\":\"Meta'dan dikkat \u00e7eken yapay zeka karar\u0131 -\",\"isPartOf\":{\"@id\":\"https:\\\/\\\/kibrisdakik.com\\\/#website\"},\"primaryImageOfPage\":{\"@id\":\"https:\\\/\\\/kibrisdakik.com\\\/?p=62326#primaryimage\"},\"image\":{\"@id\":\"https:\\\/\\\/kibrisdakik.com\\\/?p=62326#primaryimage\"},\"thumbnailUrl\":\"https:\\\/\\\/foto.haberler.com\\\/genel\\\/editor\\\/2024\\\/09\\\/13\\\/editor--300243.jpg\",\"datePublished\":\"2024-09-15T17:39:09+00:00\",\"breadcrumb\":{\"@id\":\"https:\\\/\\\/kibrisdakik.com\\\/?p=62326#breadcrumb\"},\"inLanguage\":\"tr\",\"potentialAction\":[{\"@type\":\"ReadAction\",\"target\":[\"https:\\\/\\\/kibrisdakik.com\\\/?p=62326\"]}]},{\"@type\":\"ImageObject\",\"inLanguage\":\"tr\",\"@id\":\"https:\\\/\\\/kibrisdakik.com\\\/?p=62326#primaryimage\",\"url\":\"https:\\\/\\\/foto.haberler.com\\\/genel\\\/editor\\\/2024\\\/09\\\/13\\\/editor--300243.jpg\",\"contentUrl\":\"https:\\\/\\\/foto.haberler.com\\\/genel\\\/editor\\\/2024\\\/09\\\/13\\\/editor--300243.jpg\"},{\"@type\":\"BreadcrumbList\",\"@id\":\"https:\\\/\\\/kibrisdakik.com\\\/?p=62326#breadcrumb\",\"itemListElement\":[{\"@type\":\"ListItem\",\"position\":1,\"name\":\"Home\",\"item\":\"https:\\\/\\\/kibrisdakik.com\\\/\"},{\"@type\":\"ListItem\",\"position\":2,\"name\":\"Meta&#8217;dan dikkat \u00e7eken yapay zeka karar\u0131\"}]},{\"@type\":\"WebSite\",\"@id\":\"https:\\\/\\\/kibrisdakik.com\\\/#website\",\"url\":\"https:\\\/\\\/kibrisdakik.com\\\/\",\"name\":\"K\u0131br\u0131s Dakik\",\"description\":\"Tam vaktinde haber\",\"publisher\":{\"@id\":\"https:\\\/\\\/kibrisdakik.com\\\/#organization\"},\"potentialAction\":[{\"@type\":\"SearchAction\",\"target\":{\"@type\":\"EntryPoint\",\"urlTemplate\":\"https:\\\/\\\/kibrisdakik.com\\\/?s={search_term_string}\"},\"query-input\":{\"@type\":\"PropertyValueSpecification\",\"valueRequired\":true,\"valueName\":\"search_term_string\"}}],\"inLanguage\":\"tr\"},{\"@type\":\"Organization\",\"@id\":\"https:\\\/\\\/kibrisdakik.com\\\/#organization\",\"name\":\"K\u0131br\u0131s Dakik\",\"url\":\"https:\\\/\\\/kibrisdakik.com\\\/\",\"logo\":{\"@type\":\"ImageObject\",\"inLanguage\":\"tr\",\"@id\":\"https:\\\/\\\/kibrisdakik.com\\\/#\\\/schema\\\/logo\\\/image\\\/\",\"url\":\"https:\\\/\\\/kibrisdakik.com\\\/wp-content\\\/uploads\\\/2025\\\/10\\\/cropped-WhatsApp-Image-2025-10-02-at-12.58.31.jpeg\",\"contentUrl\":\"https:\\\/\\\/kibrisdakik.com\\\/wp-content\\\/uploads\\\/2025\\\/10\\\/cropped-WhatsApp-Image-2025-10-02-at-12.58.31.jpeg\",\"width\":1237,\"height\":190,\"caption\":\"K\u0131br\u0131s Dakik\"},\"image\":{\"@id\":\"https:\\\/\\\/kibrisdakik.com\\\/#\\\/schema\\\/logo\\\/image\\\/\"}},{\"@type\":\"Person\",\"@id\":\"https:\\\/\\\/kibrisdakik.com\\\/#\\\/schema\\\/person\\\/9cd9d437bbb44f72b73ba127e06d8e79\",\"name\":\"admin\",\"image\":{\"@type\":\"ImageObject\",\"inLanguage\":\"tr\",\"@id\":\"https:\\\/\\\/secure.gravatar.com\\\/avatar\\\/ccc17943b9d660506c869530f897617f7cb1c21a4bf30023f252596d83e1f007?s=96&d=mm&r=g\",\"url\":\"https:\\\/\\\/secure.gravatar.com\\\/avatar\\\/ccc17943b9d660506c869530f897617f7cb1c21a4bf30023f252596d83e1f007?s=96&d=mm&r=g\",\"contentUrl\":\"https:\\\/\\\/secure.gravatar.com\\\/avatar\\\/ccc17943b9d660506c869530f897617f7cb1c21a4bf30023f252596d83e1f007?s=96&d=mm&r=g\",\"caption\":\"admin\"},\"sameAs\":[\"https:\\\/\\\/kibrisdakik.com\"],\"url\":\"https:\\\/\\\/kibrisdakik.com\\\/?author=1\"}]}<\/script>\n<!-- \/ Yoast SEO plugin. -->","yoast_head_json":{"title":"Meta'dan dikkat \u00e7eken yapay zeka karar\u0131 -","robots":{"index":"index","follow":"follow","max-snippet":"max-snippet:-1","max-image-preview":"max-image-preview:large","max-video-preview":"max-video-preview:-1"},"canonical":"https:\/\/kibrisdakik.com\/?p=62326","og_locale":"tr_TR","og_type":"article","og_title":"Meta'dan dikkat \u00e7eken yapay zeka karar\u0131 -","og_description":"Meta, Birle\u015fik Krall\u0131k&#8217;ta yapay zeka modellerini geli\u015ftirmek \u00fczere Facebook ve Instagram kullan\u0131c\u0131lar\u0131n\u0131n kamuya a\u00e7\u0131k verilerini kullanma karar\u0131n\u0131 a\u00e7\u0131klad\u0131. Bu hamle, Avrupa Birli\u011fi&#8217;nde benzer bir uygulaman\u0131n durdurulmas\u0131n\u0131n ard\u0131ndan geldi ve kullan\u0131c\u0131lar\u0131n veri gizlili\u011fi haklar\u0131 ile ilgili yeni d\u00fczenlemeleri de beraberinde getirdi. \u015eirket, kullan\u0131c\u0131lar\u0131n itiraz haklar\u0131n\u0131 koruyarak, onlar\u0131n tercihlerine sayg\u0131 g\u00f6stermeye devam edece\u011fini belirtti. Meta Yeni Politika","og_url":"https:\/\/kibrisdakik.com\/?p=62326","article_published_time":"2024-09-15T17:39:09+00:00","og_image":[{"url":"https:\/\/foto.haberler.com\/genel\/editor\/2024\/09\/13\/editor--300243.jpg","type":"","width":"","height":""}],"author":"admin","twitter_card":"summary_large_image","twitter_misc":{"Yazan:":"admin","Tahmini okuma s\u00fcresi":"2 dakika"},"schema":{"@context":"https:\/\/schema.org","@graph":[{"@type":"Article","@id":"https:\/\/kibrisdakik.com\/?p=62326#article","isPartOf":{"@id":"https:\/\/kibrisdakik.com\/?p=62326"},"author":{"name":"admin","@id":"https:\/\/kibrisdakik.com\/#\/schema\/person\/9cd9d437bbb44f72b73ba127e06d8e79"},"headline":"Meta&#8217;dan dikkat \u00e7eken yapay zeka karar\u0131","datePublished":"2024-09-15T17:39:09+00:00","mainEntityOfPage":{"@id":"https:\/\/kibrisdakik.com\/?p=62326"},"wordCount":466,"commentCount":0,"publisher":{"@id":"https:\/\/kibrisdakik.com\/#organization"},"image":{"@id":"https:\/\/kibrisdakik.com\/?p=62326#primaryimage"},"thumbnailUrl":"https:\/\/foto.haberler.com\/genel\/editor\/2024\/09\/13\/editor--300243.jpg","articleSection":["Magazin"],"inLanguage":"tr","potentialAction":[{"@type":"CommentAction","name":"Comment","target":["https:\/\/kibrisdakik.com\/?p=62326#respond"]}]},{"@type":"WebPage","@id":"https:\/\/kibrisdakik.com\/?p=62326","url":"https:\/\/kibrisdakik.com\/?p=62326","name":"Meta'dan dikkat \u00e7eken yapay zeka karar\u0131 -","isPartOf":{"@id":"https:\/\/kibrisdakik.com\/#website"},"primaryImageOfPage":{"@id":"https:\/\/kibrisdakik.com\/?p=62326#primaryimage"},"image":{"@id":"https:\/\/kibrisdakik.com\/?p=62326#primaryimage"},"thumbnailUrl":"https:\/\/foto.haberler.com\/genel\/editor\/2024\/09\/13\/editor--300243.jpg","datePublished":"2024-09-15T17:39:09+00:00","breadcrumb":{"@id":"https:\/\/kibrisdakik.com\/?p=62326#breadcrumb"},"inLanguage":"tr","potentialAction":[{"@type":"ReadAction","target":["https:\/\/kibrisdakik.com\/?p=62326"]}]},{"@type":"ImageObject","inLanguage":"tr","@id":"https:\/\/kibrisdakik.com\/?p=62326#primaryimage","url":"https:\/\/foto.haberler.com\/genel\/editor\/2024\/09\/13\/editor--300243.jpg","contentUrl":"https:\/\/foto.haberler.com\/genel\/editor\/2024\/09\/13\/editor--300243.jpg"},{"@type":"BreadcrumbList","@id":"https:\/\/kibrisdakik.com\/?p=62326#breadcrumb","itemListElement":[{"@type":"ListItem","position":1,"name":"Home","item":"https:\/\/kibrisdakik.com\/"},{"@type":"ListItem","position":2,"name":"Meta&#8217;dan dikkat \u00e7eken yapay zeka karar\u0131"}]},{"@type":"WebSite","@id":"https:\/\/kibrisdakik.com\/#website","url":"https:\/\/kibrisdakik.com\/","name":"K\u0131br\u0131s Dakik","description":"Tam vaktinde haber","publisher":{"@id":"https:\/\/kibrisdakik.com\/#organization"},"potentialAction":[{"@type":"SearchAction","target":{"@type":"EntryPoint","urlTemplate":"https:\/\/kibrisdakik.com\/?s={search_term_string}"},"query-input":{"@type":"PropertyValueSpecification","valueRequired":true,"valueName":"search_term_string"}}],"inLanguage":"tr"},{"@type":"Organization","@id":"https:\/\/kibrisdakik.com\/#organization","name":"K\u0131br\u0131s Dakik","url":"https:\/\/kibrisdakik.com\/","logo":{"@type":"ImageObject","inLanguage":"tr","@id":"https:\/\/kibrisdakik.com\/#\/schema\/logo\/image\/","url":"https:\/\/kibrisdakik.com\/wp-content\/uploads\/2025\/10\/cropped-WhatsApp-Image-2025-10-02-at-12.58.31.jpeg","contentUrl":"https:\/\/kibrisdakik.com\/wp-content\/uploads\/2025\/10\/cropped-WhatsApp-Image-2025-10-02-at-12.58.31.jpeg","width":1237,"height":190,"caption":"K\u0131br\u0131s Dakik"},"image":{"@id":"https:\/\/kibrisdakik.com\/#\/schema\/logo\/image\/"}},{"@type":"Person","@id":"https:\/\/kibrisdakik.com\/#\/schema\/person\/9cd9d437bbb44f72b73ba127e06d8e79","name":"admin","image":{"@type":"ImageObject","inLanguage":"tr","@id":"https:\/\/secure.gravatar.com\/avatar\/ccc17943b9d660506c869530f897617f7cb1c21a4bf30023f252596d83e1f007?s=96&d=mm&r=g","url":"https:\/\/secure.gravatar.com\/avatar\/ccc17943b9d660506c869530f897617f7cb1c21a4bf30023f252596d83e1f007?s=96&d=mm&r=g","contentUrl":"https:\/\/secure.gravatar.com\/avatar\/ccc17943b9d660506c869530f897617f7cb1c21a4bf30023f252596d83e1f007?s=96&d=mm&r=g","caption":"admin"},"sameAs":["https:\/\/kibrisdakik.com"],"url":"https:\/\/kibrisdakik.com\/?author=1"}]}},"_links":{"self":[{"href":"https:\/\/kibrisdakik.com\/index.php?rest_route=\/wp\/v2\/posts\/62326","targetHints":{"allow":["GET"]}}],"collection":[{"href":"https:\/\/kibrisdakik.com\/index.php?rest_route=\/wp\/v2\/posts"}],"about":[{"href":"https:\/\/kibrisdakik.com\/index.php?rest_route=\/wp\/v2\/types\/post"}],"author":[{"embeddable":true,"href":"https:\/\/kibrisdakik.com\/index.php?rest_route=\/wp\/v2\/users\/1"}],"replies":[{"embeddable":true,"href":"https:\/\/kibrisdakik.com\/index.php?rest_route=%2Fwp%2Fv2%2Fcomments&post=62326"}],"version-history":[{"count":0,"href":"https:\/\/kibrisdakik.com\/index.php?rest_route=\/wp\/v2\/posts\/62326\/revisions"}],"wp:attachment":[{"href":"https:\/\/kibrisdakik.com\/index.php?rest_route=%2Fwp%2Fv2%2Fmedia&parent=62326"}],"wp:term":[{"taxonomy":"category","embeddable":true,"href":"https:\/\/kibrisdakik.com\/index.php?rest_route=%2Fwp%2Fv2%2Fcategories&post=62326"},{"taxonomy":"post_tag","embeddable":true,"href":"https:\/\/kibrisdakik.com\/index.php?rest_route=%2Fwp%2Fv2%2Ftags&post=62326"}],"curies":[{"name":"wp","href":"https:\/\/api.w.org\/{rel}","templated":true}]}}