{"id":62457,"date":"2024-09-16T09:46:06","date_gmt":"2024-09-16T06:46:06","guid":{"rendered":"https:\/\/kibrisdakik.com\/index.php\/2024\/09\/16\/abdde-kaybolan-3-yasindaki-cocuk-termal-iha-kameralariyla-bulundu\/"},"modified":"2024-09-16T09:46:06","modified_gmt":"2024-09-16T06:46:06","slug":"abdde-kaybolan-3-yasindaki-cocuk-termal-iha-kameralariyla-bulundu","status":"publish","type":"post","link":"https:\/\/kibrisdakik.com\/?p=62457","title":{"rendered":"ABD&#8217;de kaybolan 3 ya\u015f\u0131ndaki \u00e7ocuk, termal \u0130HA kameralar\u0131yla bulundu"},"content":{"rendered":"<p><\/p>\n<div id=\"\">\n<p>ABD&#8217;nin Wisconsin eyaletinde 3 ya\u015f\u0131ndaki bir \u00e7ocu\u011fun kaybolmas\u0131n\u0131n ard\u0131ndan ekipler seferber oldu. <\/p>\n<h3>TERMAL \u0130HA KAMERALARIYLA TARLAYI ARADILAR<\/h3>\n<p>Polis, arama faaliyetlerini evin arkas\u0131ndaki dev m\u0131s\u0131r tarlas\u0131nda yo\u011funla\u015ft\u0131rd\u0131, ard\u0131ndan termal \u0130HA kameralar\u0131 kullanarak tarlay\u0131 aramaya ba\u015flad\u0131. \u00c7ocu\u011fun bulundu\u011fu yer drone ile tespit edildikten sonra ekipler b\u00f6lgeye y\u00f6neldi.<\/p>\n<h3>TARLADA BULUNDU<\/h3>\n<p>Ekipler 3 ya\u015f\u0131ndaki \u00e7ocu\u011fa evinden yakla\u015f\u0131k 800 metre mesafede bulunan tarlada, tek ba\u015f\u0131na beklerken ula\u015ft\u0131. K\u00fc\u00e7\u00fck \u00e7ocuk daha sonra ailesine teslim edildi.<\/p>\n<figure class=\"type:primaryimage hbhOrder\" style=\"margin-bottom: 20px;\"><img loading=\"lazy\" decoding=\"async\" width=\"1202\" height=\"675\" class=\"hbptMainImage\" id=\"HaberImage\" src=\"https:\/\/foto.haberler.com\/resize\/601x337\/haber\/2024\/09\/16\/abd-de-kaybolan-3-yasindaki-cocuk-termal-iha-17824816_2708_amp.jpg\"\/><\/figure>\n<h4 id=\"nwsKeywords\"> <a href=\"https:\/\/www.haberler.com\/amerika-birlesik-devletleri\/\" title=\"Amerika Birle\u015fik Devletleri\" class=\"hbptTag\">Amerika Birle\u015fik Devletleri<\/a>  <a href=\"https:\/\/www.haberler.com\/ihlas-haber-ajansi\/\" title=\"\u0130hlas Haber Ajans\u0131\" class=\"hbptTag\">\u0130hlas Haber Ajans\u0131<\/a>  <a href=\"https:\/\/www.haberler.com\/teknoloji\/\" title=\"Teknoloji\" class=\"hbptTag\">Teknoloji<\/a>  <a href=\"https:\/\/www.haberler.com\/3-sayfa\/\" title=\"3-sayfa\" class=\"hbptTag\">3-sayfa<\/a>  <a href=\"https:\/\/www.haberler.com\/termal\/\" title=\"Termal\" class=\"hbptTag\">Termal<\/a>  <a href=\"https:\/\/www.haberler.com\/dunya\/\" title=\"D\u00fcnya\" class=\"hbptTag\">D\u00fcnya<\/a>  <a href=\"https:\/\/www.haberler.com\/misir\/\" title=\"M\u0131s\u0131r\" class=\"hbptTag\">M\u0131s\u0131r<\/a>  <a href=\"https:\/\/www.haberler.com\/cocuk\/\" title=\"\u00c7ocuk\" class=\"hbptTag\">\u00c7ocuk<\/a> <\/h4>\n<\/div>\n","protected":false},"excerpt":{"rendered":"<p>ABD&#8217;nin Wisconsin eyaletinde 3 ya\u015f\u0131ndaki bir \u00e7ocu\u011fun kaybolmas\u0131n\u0131n ard\u0131ndan ekipler seferber oldu. TERMAL \u0130HA KAMERALARIYLA TARLAYI ARADILAR Polis, arama faaliyetlerini evin arkas\u0131ndaki dev m\u0131s\u0131r tarlas\u0131nda yo\u011funla\u015ft\u0131rd\u0131, ard\u0131ndan termal \u0130HA kameralar\u0131 kullanarak tarlay\u0131 aramaya ba\u015flad\u0131. \u00c7ocu\u011fun bulundu\u011fu yer drone ile tespit edildikten sonra ekipler b\u00f6lgeye y\u00f6neldi. TARLADA BULUNDU Ekipler 3 ya\u015f\u0131ndaki \u00e7ocu\u011fa evinden yakla\u015f\u0131k 800 metre<\/p>\n","protected":false},"author":1,"featured_media":62458,"comment_status":"open","ping_status":"open","sticky":false,"template":"","format":"standard","meta":{"footnotes":""},"categories":[83],"tags":[],"class_list":["post-62457","post","type-post","status-publish","format-standard","has-post-thumbnail","hentry","category-magazin"],"yoast_head":"<!-- This site is optimized with the Yoast SEO plugin v27.5 - https:\/\/yoast.com\/product\/yoast-seo-wordpress\/ -->\n<title>ABD&#039;de kaybolan 3 ya\u015f\u0131ndaki \u00e7ocuk, termal \u0130HA kameralar\u0131yla bulundu -<\/title>\n<meta name=\"robots\" content=\"index, follow, max-snippet:-1, max-image-preview:large, max-video-preview:-1\" \/>\n<link rel=\"canonical\" href=\"https:\/\/kibrisdakik.com\/?p=62457\" \/>\n<meta property=\"og:locale\" content=\"tr_TR\" \/>\n<meta property=\"og:type\" content=\"article\" \/>\n<meta property=\"og:title\" content=\"ABD&#039;de kaybolan 3 ya\u015f\u0131ndaki \u00e7ocuk, termal \u0130HA kameralar\u0131yla bulundu -\" \/>\n<meta property=\"og:description\" content=\"ABD&#8217;nin Wisconsin eyaletinde 3 ya\u015f\u0131ndaki bir \u00e7ocu\u011fun kaybolmas\u0131n\u0131n ard\u0131ndan ekipler seferber oldu. TERMAL \u0130HA KAMERALARIYLA TARLAYI ARADILAR Polis, arama faaliyetlerini evin arkas\u0131ndaki dev m\u0131s\u0131r tarlas\u0131nda yo\u011funla\u015ft\u0131rd\u0131, ard\u0131ndan termal \u0130HA kameralar\u0131 kullanarak tarlay\u0131 aramaya ba\u015flad\u0131. \u00c7ocu\u011fun bulundu\u011fu yer drone ile tespit edildikten sonra ekipler b\u00f6lgeye y\u00f6neldi. TARLADA BULUNDU Ekipler 3 ya\u015f\u0131ndaki \u00e7ocu\u011fa evinden yakla\u015f\u0131k 800 metre\" \/>\n<meta property=\"og:url\" content=\"https:\/\/kibrisdakik.com\/?p=62457\" \/>\n<meta property=\"article:published_time\" content=\"2024-09-16T06:46:06+00:00\" \/>\n<meta property=\"og:image\" content=\"https:\/\/kibrisdakik.com\/wp-content\/uploads\/2024\/09\/abd-de-kaybolan-3-yasindaki-cocuk-termal-iha-17824816_2708_amp.jpg\" \/>\n\t<meta property=\"og:image:width\" content=\"601\" \/>\n\t<meta property=\"og:image:height\" content=\"337\" \/>\n\t<meta property=\"og:image:type\" content=\"image\/jpeg\" \/>\n<meta name=\"author\" content=\"admin\" \/>\n<meta name=\"twitter:card\" content=\"summary_large_image\" \/>\n<meta name=\"twitter:label1\" content=\"Yazan:\" \/>\n\t<meta name=\"twitter:data1\" content=\"admin\" \/>\n\t<meta name=\"twitter:label2\" content=\"Tahmini okuma s\u00fcresi\" \/>\n\t<meta name=\"twitter:data2\" content=\"1 dakika\" \/>\n<script type=\"application\/ld+json\" class=\"yoast-schema-graph\">{\"@context\":\"https:\\\/\\\/schema.org\",\"@graph\":[{\"@type\":\"Article\",\"@id\":\"https:\\\/\\\/kibrisdakik.com\\\/?p=62457#article\",\"isPartOf\":{\"@id\":\"https:\\\/\\\/kibrisdakik.com\\\/?p=62457\"},\"author\":{\"name\":\"admin\",\"@id\":\"https:\\\/\\\/kibrisdakik.com\\\/#\\\/schema\\\/person\\\/9cd9d437bbb44f72b73ba127e06d8e79\"},\"headline\":\"ABD&#8217;de kaybolan 3 ya\u015f\u0131ndaki \u00e7ocuk, termal \u0130HA kameralar\u0131yla bulundu\",\"datePublished\":\"2024-09-16T06:46:06+00:00\",\"mainEntityOfPage\":{\"@id\":\"https:\\\/\\\/kibrisdakik.com\\\/?p=62457\"},\"wordCount\":116,\"commentCount\":0,\"image\":{\"@id\":\"https:\\\/\\\/kibrisdakik.com\\\/?p=62457#primaryimage\"},\"thumbnailUrl\":\"https:\\\/\\\/kibrisdakik.com\\\/wp-content\\\/uploads\\\/2024\\\/09\\\/abd-de-kaybolan-3-yasindaki-cocuk-termal-iha-17824816_2708_amp.jpg\",\"articleSection\":[\"Magazin\"],\"inLanguage\":\"tr\",\"potentialAction\":[{\"@type\":\"CommentAction\",\"name\":\"Comment\",\"target\":[\"https:\\\/\\\/kibrisdakik.com\\\/?p=62457#respond\"]}]},{\"@type\":\"WebPage\",\"@id\":\"https:\\\/\\\/kibrisdakik.com\\\/?p=62457\",\"url\":\"https:\\\/\\\/kibrisdakik.com\\\/?p=62457\",\"name\":\"ABD'de kaybolan 3 ya\u015f\u0131ndaki \u00e7ocuk, termal \u0130HA kameralar\u0131yla bulundu -\",\"isPartOf\":{\"@id\":\"https:\\\/\\\/kibrisdakik.com\\\/#website\"},\"primaryImageOfPage\":{\"@id\":\"https:\\\/\\\/kibrisdakik.com\\\/?p=62457#primaryimage\"},\"image\":{\"@id\":\"https:\\\/\\\/kibrisdakik.com\\\/?p=62457#primaryimage\"},\"thumbnailUrl\":\"https:\\\/\\\/kibrisdakik.com\\\/wp-content\\\/uploads\\\/2024\\\/09\\\/abd-de-kaybolan-3-yasindaki-cocuk-termal-iha-17824816_2708_amp.jpg\",\"datePublished\":\"2024-09-16T06:46:06+00:00\",\"author\":{\"@id\":\"https:\\\/\\\/kibrisdakik.com\\\/#\\\/schema\\\/person\\\/9cd9d437bbb44f72b73ba127e06d8e79\"},\"breadcrumb\":{\"@id\":\"https:\\\/\\\/kibrisdakik.com\\\/?p=62457#breadcrumb\"},\"inLanguage\":\"tr\",\"potentialAction\":[{\"@type\":\"ReadAction\",\"target\":[\"https:\\\/\\\/kibrisdakik.com\\\/?p=62457\"]}]},{\"@type\":\"ImageObject\",\"inLanguage\":\"tr\",\"@id\":\"https:\\\/\\\/kibrisdakik.com\\\/?p=62457#primaryimage\",\"url\":\"https:\\\/\\\/kibrisdakik.com\\\/wp-content\\\/uploads\\\/2024\\\/09\\\/abd-de-kaybolan-3-yasindaki-cocuk-termal-iha-17824816_2708_amp.jpg\",\"contentUrl\":\"https:\\\/\\\/kibrisdakik.com\\\/wp-content\\\/uploads\\\/2024\\\/09\\\/abd-de-kaybolan-3-yasindaki-cocuk-termal-iha-17824816_2708_amp.jpg\",\"width\":601,\"height\":337},{\"@type\":\"BreadcrumbList\",\"@id\":\"https:\\\/\\\/kibrisdakik.com\\\/?p=62457#breadcrumb\",\"itemListElement\":[{\"@type\":\"ListItem\",\"position\":1,\"name\":\"Home\",\"item\":\"https:\\\/\\\/kibrisdakik.com\\\/\"},{\"@type\":\"ListItem\",\"position\":2,\"name\":\"ABD&#8217;de kaybolan 3 ya\u015f\u0131ndaki \u00e7ocuk, termal \u0130HA kameralar\u0131yla bulundu\"}]},{\"@type\":\"WebSite\",\"@id\":\"https:\\\/\\\/kibrisdakik.com\\\/#website\",\"url\":\"https:\\\/\\\/kibrisdakik.com\\\/\",\"name\":\"\",\"description\":\"Tam vaktinde haber\",\"potentialAction\":[{\"@type\":\"SearchAction\",\"target\":{\"@type\":\"EntryPoint\",\"urlTemplate\":\"https:\\\/\\\/kibrisdakik.com\\\/?s={search_term_string}\"},\"query-input\":{\"@type\":\"PropertyValueSpecification\",\"valueRequired\":true,\"valueName\":\"search_term_string\"}}],\"inLanguage\":\"tr\"},{\"@type\":\"Person\",\"@id\":\"https:\\\/\\\/kibrisdakik.com\\\/#\\\/schema\\\/person\\\/9cd9d437bbb44f72b73ba127e06d8e79\",\"name\":\"admin\",\"image\":{\"@type\":\"ImageObject\",\"inLanguage\":\"tr\",\"@id\":\"https:\\\/\\\/secure.gravatar.com\\\/avatar\\\/ccc17943b9d660506c869530f897617f7cb1c21a4bf30023f252596d83e1f007?s=96&d=mm&r=g\",\"url\":\"https:\\\/\\\/secure.gravatar.com\\\/avatar\\\/ccc17943b9d660506c869530f897617f7cb1c21a4bf30023f252596d83e1f007?s=96&d=mm&r=g\",\"contentUrl\":\"https:\\\/\\\/secure.gravatar.com\\\/avatar\\\/ccc17943b9d660506c869530f897617f7cb1c21a4bf30023f252596d83e1f007?s=96&d=mm&r=g\",\"caption\":\"admin\"},\"sameAs\":[\"https:\\\/\\\/kibrisdakik.com\"],\"url\":\"https:\\\/\\\/kibrisdakik.com\\\/?author=1\"}]}<\/script>\n<!-- \/ Yoast SEO plugin. -->","yoast_head_json":{"title":"ABD'de kaybolan 3 ya\u015f\u0131ndaki \u00e7ocuk, termal \u0130HA kameralar\u0131yla bulundu -","robots":{"index":"index","follow":"follow","max-snippet":"max-snippet:-1","max-image-preview":"max-image-preview:large","max-video-preview":"max-video-preview:-1"},"canonical":"https:\/\/kibrisdakik.com\/?p=62457","og_locale":"tr_TR","og_type":"article","og_title":"ABD'de kaybolan 3 ya\u015f\u0131ndaki \u00e7ocuk, termal \u0130HA kameralar\u0131yla bulundu -","og_description":"ABD&#8217;nin Wisconsin eyaletinde 3 ya\u015f\u0131ndaki bir \u00e7ocu\u011fun kaybolmas\u0131n\u0131n ard\u0131ndan ekipler seferber oldu. TERMAL \u0130HA KAMERALARIYLA TARLAYI ARADILAR Polis, arama faaliyetlerini evin arkas\u0131ndaki dev m\u0131s\u0131r tarlas\u0131nda yo\u011funla\u015ft\u0131rd\u0131, ard\u0131ndan termal \u0130HA kameralar\u0131 kullanarak tarlay\u0131 aramaya ba\u015flad\u0131. \u00c7ocu\u011fun bulundu\u011fu yer drone ile tespit edildikten sonra ekipler b\u00f6lgeye y\u00f6neldi. TARLADA BULUNDU Ekipler 3 ya\u015f\u0131ndaki \u00e7ocu\u011fa evinden yakla\u015f\u0131k 800 metre","og_url":"https:\/\/kibrisdakik.com\/?p=62457","article_published_time":"2024-09-16T06:46:06+00:00","og_image":[{"width":601,"height":337,"url":"https:\/\/kibrisdakik.com\/wp-content\/uploads\/2024\/09\/abd-de-kaybolan-3-yasindaki-cocuk-termal-iha-17824816_2708_amp.jpg","type":"image\/jpeg"}],"author":"admin","twitter_card":"summary_large_image","twitter_misc":{"Yazan:":"admin","Tahmini okuma s\u00fcresi":"1 dakika"},"schema":{"@context":"https:\/\/schema.org","@graph":[{"@type":"Article","@id":"https:\/\/kibrisdakik.com\/?p=62457#article","isPartOf":{"@id":"https:\/\/kibrisdakik.com\/?p=62457"},"author":{"name":"admin","@id":"https:\/\/kibrisdakik.com\/#\/schema\/person\/9cd9d437bbb44f72b73ba127e06d8e79"},"headline":"ABD&#8217;de kaybolan 3 ya\u015f\u0131ndaki \u00e7ocuk, termal \u0130HA kameralar\u0131yla bulundu","datePublished":"2024-09-16T06:46:06+00:00","mainEntityOfPage":{"@id":"https:\/\/kibrisdakik.com\/?p=62457"},"wordCount":116,"commentCount":0,"image":{"@id":"https:\/\/kibrisdakik.com\/?p=62457#primaryimage"},"thumbnailUrl":"https:\/\/kibrisdakik.com\/wp-content\/uploads\/2024\/09\/abd-de-kaybolan-3-yasindaki-cocuk-termal-iha-17824816_2708_amp.jpg","articleSection":["Magazin"],"inLanguage":"tr","potentialAction":[{"@type":"CommentAction","name":"Comment","target":["https:\/\/kibrisdakik.com\/?p=62457#respond"]}]},{"@type":"WebPage","@id":"https:\/\/kibrisdakik.com\/?p=62457","url":"https:\/\/kibrisdakik.com\/?p=62457","name":"ABD'de kaybolan 3 ya\u015f\u0131ndaki \u00e7ocuk, termal \u0130HA kameralar\u0131yla bulundu -","isPartOf":{"@id":"https:\/\/kibrisdakik.com\/#website"},"primaryImageOfPage":{"@id":"https:\/\/kibrisdakik.com\/?p=62457#primaryimage"},"image":{"@id":"https:\/\/kibrisdakik.com\/?p=62457#primaryimage"},"thumbnailUrl":"https:\/\/kibrisdakik.com\/wp-content\/uploads\/2024\/09\/abd-de-kaybolan-3-yasindaki-cocuk-termal-iha-17824816_2708_amp.jpg","datePublished":"2024-09-16T06:46:06+00:00","author":{"@id":"https:\/\/kibrisdakik.com\/#\/schema\/person\/9cd9d437bbb44f72b73ba127e06d8e79"},"breadcrumb":{"@id":"https:\/\/kibrisdakik.com\/?p=62457#breadcrumb"},"inLanguage":"tr","potentialAction":[{"@type":"ReadAction","target":["https:\/\/kibrisdakik.com\/?p=62457"]}]},{"@type":"ImageObject","inLanguage":"tr","@id":"https:\/\/kibrisdakik.com\/?p=62457#primaryimage","url":"https:\/\/kibrisdakik.com\/wp-content\/uploads\/2024\/09\/abd-de-kaybolan-3-yasindaki-cocuk-termal-iha-17824816_2708_amp.jpg","contentUrl":"https:\/\/kibrisdakik.com\/wp-content\/uploads\/2024\/09\/abd-de-kaybolan-3-yasindaki-cocuk-termal-iha-17824816_2708_amp.jpg","width":601,"height":337},{"@type":"BreadcrumbList","@id":"https:\/\/kibrisdakik.com\/?p=62457#breadcrumb","itemListElement":[{"@type":"ListItem","position":1,"name":"Home","item":"https:\/\/kibrisdakik.com\/"},{"@type":"ListItem","position":2,"name":"ABD&#8217;de kaybolan 3 ya\u015f\u0131ndaki \u00e7ocuk, termal \u0130HA kameralar\u0131yla bulundu"}]},{"@type":"WebSite","@id":"https:\/\/kibrisdakik.com\/#website","url":"https:\/\/kibrisdakik.com\/","name":"","description":"Tam vaktinde haber","potentialAction":[{"@type":"SearchAction","target":{"@type":"EntryPoint","urlTemplate":"https:\/\/kibrisdakik.com\/?s={search_term_string}"},"query-input":{"@type":"PropertyValueSpecification","valueRequired":true,"valueName":"search_term_string"}}],"inLanguage":"tr"},{"@type":"Person","@id":"https:\/\/kibrisdakik.com\/#\/schema\/person\/9cd9d437bbb44f72b73ba127e06d8e79","name":"admin","image":{"@type":"ImageObject","inLanguage":"tr","@id":"https:\/\/secure.gravatar.com\/avatar\/ccc17943b9d660506c869530f897617f7cb1c21a4bf30023f252596d83e1f007?s=96&d=mm&r=g","url":"https:\/\/secure.gravatar.com\/avatar\/ccc17943b9d660506c869530f897617f7cb1c21a4bf30023f252596d83e1f007?s=96&d=mm&r=g","contentUrl":"https:\/\/secure.gravatar.com\/avatar\/ccc17943b9d660506c869530f897617f7cb1c21a4bf30023f252596d83e1f007?s=96&d=mm&r=g","caption":"admin"},"sameAs":["https:\/\/kibrisdakik.com"],"url":"https:\/\/kibrisdakik.com\/?author=1"}]}},"_links":{"self":[{"href":"https:\/\/kibrisdakik.com\/index.php?rest_route=\/wp\/v2\/posts\/62457","targetHints":{"allow":["GET"]}}],"collection":[{"href":"https:\/\/kibrisdakik.com\/index.php?rest_route=\/wp\/v2\/posts"}],"about":[{"href":"https:\/\/kibrisdakik.com\/index.php?rest_route=\/wp\/v2\/types\/post"}],"author":[{"embeddable":true,"href":"https:\/\/kibrisdakik.com\/index.php?rest_route=\/wp\/v2\/users\/1"}],"replies":[{"embeddable":true,"href":"https:\/\/kibrisdakik.com\/index.php?rest_route=%2Fwp%2Fv2%2Fcomments&post=62457"}],"version-history":[{"count":0,"href":"https:\/\/kibrisdakik.com\/index.php?rest_route=\/wp\/v2\/posts\/62457\/revisions"}],"wp:featuredmedia":[{"embeddable":true,"href":"https:\/\/kibrisdakik.com\/index.php?rest_route=\/wp\/v2\/media\/62458"}],"wp:attachment":[{"href":"https:\/\/kibrisdakik.com\/index.php?rest_route=%2Fwp%2Fv2%2Fmedia&parent=62457"}],"wp:term":[{"taxonomy":"category","embeddable":true,"href":"https:\/\/kibrisdakik.com\/index.php?rest_route=%2Fwp%2Fv2%2Fcategories&post=62457"},{"taxonomy":"post_tag","embeddable":true,"href":"https:\/\/kibrisdakik.com\/index.php?rest_route=%2Fwp%2Fv2%2Ftags&post=62457"}],"curies":[{"name":"wp","href":"https:\/\/api.w.org\/{rel}","templated":true}]}}