{"id":6247,"date":"2023-05-04T11:30:53","date_gmt":"2023-05-04T11:30:53","guid":{"rendered":"https:\/\/kibrisdakik.com\/index.php\/2023\/05\/04\/fenerbahce-evinde-kaybetti-71-72\/"},"modified":"2023-05-04T11:30:53","modified_gmt":"2023-05-04T11:30:53","slug":"fenerbahce-evinde-kaybetti-71-72","status":"publish","type":"post","link":"https:\/\/kibrisdakik.com\/?p=6247","title":{"rendered":"Fenerbah\u00e7e evinde kaybetti: 71-72"},"content":{"rendered":"<p> <br \/>\n<\/p>\n<div>\n<div class=\"mariselle-image-container none\">\n                <img width=\"1200\" height=\"799\" class=\"lazy-image\" alt=\"\" decoding=\"async\" loading=\"lazy\" sizes=\"auto, (max-width: 1200px) 100vw, 1200px\" src=\"https:\/\/brtk.net\/wp-content\/uploads\/2023\/05\/04\/FB.jpg?ver=e270c08b4d4b985edfbcd994d3b91f84\" srcset=\"https:\/\/brtk.net\/wp-content\/uploads\/2023\/05\/04\/FB.jpg?ver=e270c08b4d4b985edfbcd994d3b91f84 1200w, https:\/\/brtk.net\/wp-content\/uploads\/2023\/05\/04\/FB-300x200.jpg?ver=709519e8ce870098d7d209faf360447c 300w, https:\/\/brtk.net\/wp-content\/uploads\/2023\/05\/04\/FB-1024x682.jpg?ver=709519e8ce870098d7d209faf360447c 1024w, https:\/\/brtk.net\/wp-content\/uploads\/2023\/05\/04\/FB-768x511.jpg?ver=709519e8ce870098d7d209faf360447c 768w\"\/>                            <\/div>\n<p>Fenerbah\u00e7e Beko, THY Avrupa Ligi play-off turu 3. ma\u00e7\u0131nda Olympiakos\u2019a Sloukas\u2019\u0131n son saniye \u00fc\u00e7l\u00fc\u011f\u00fcyle 72-71 ma\u011flup oldu ve seride 2-1 geriye d\u00fc\u015ft\u00fc.<\/p>\n<p>\u00dc\u00e7 galibiyete ula\u015fan tak\u0131m\u0131n D\u00f6rtl\u00fc Final\u2019e y\u00fckselece\u011fi serinin d\u00f6rd\u00fcnc\u00fc ma\u00e7\u0131, yar\u0131n g\u00fcn\u00fc \u00dclker Spor ve Etkinlik Salonu\u2019nda oynanacak<\/p>\n<p>Ligi play-off di\u011fer \u00e7eyrek finalinde \u0130spanya ekibi Barcelona, deplasmanda Litvanya temsilcisi Zalgiris\u2019i 77-66 yenerek seriyi 3-0 kazand\u0131 ve D\u00f6rtl\u00fc Final\u2019e kald\u0131.<\/p>\n<p>\u00d6te yandan 7Days Avrupa Kupas\u0131 final ma\u00e7\u0131nda Cran Canaria\u2019ya 71-67 yenilen temsilcimiz T\u00fcrk Telekom Avrupa ikincisi oldu.<\/p>\n<p>7Days Avrupa Kupas\u0131 finali \u00f6ncesinde otob\u00fcs \u015fof\u00f6r\u00fcn\u00fcn yapt\u0131\u011f\u0131 skandal hareket nedeniyle otob\u00fcs\u00fcn \u00f6n cam\u0131na kafas\u0131n\u0131 \u00e7arpan ba\u015fantren\u00f6r Erdem Can hastaneye kald\u0131r\u0131ld\u0131.<\/p>\n<p>MR \u00e7ekilmesi sonucu boynunda ciddi bir travma oldu\u011fu tespit edilen Erdem Can, ma\u00e7\u0131 boyunlukla takip etti.<\/p>\n<p>\u00a0<\/p>\n<\/p><\/div>\n<p><script async\n                    defer\n                    crossorigin=\"anonymous\"\n                    src=\"https:\/\/connect.facebook.net\/tr_TR\/sdk.js#xfbml=1&#038;version=v3.3\"\n            ><\/script><br \/>\n<br \/><br \/>\n<br \/><a href=\"https:\/\/brtk.net\/fenerbahce-evinde-kaybetti-71-72\/\"> <\/a><\/p>\n","protected":false},"excerpt":{"rendered":"<p>Fenerbah\u00e7e Beko, THY Avrupa Ligi play-off turu 3. ma\u00e7\u0131nda Olympiakos\u2019a Sloukas\u2019\u0131n son saniye \u00fc\u00e7l\u00fc\u011f\u00fcyle 72-71 ma\u011flup oldu ve seride 2-1 geriye d\u00fc\u015ft\u00fc. \u00dc\u00e7 galibiyete ula\u015fan tak\u0131m\u0131n D\u00f6rtl\u00fc Final\u2019e y\u00fckselece\u011fi serinin d\u00f6rd\u00fcnc\u00fc ma\u00e7\u0131, yar\u0131n g\u00fcn\u00fc \u00dclker Spor ve Etkinlik Salonu\u2019nda oynanacak Ligi play-off di\u011fer \u00e7eyrek finalinde \u0130spanya ekibi Barcelona, deplasmanda Litvanya temsilcisi Zalgiris\u2019i 77-66 yenerek seriyi<\/p>\n","protected":false},"author":1,"featured_media":6248,"comment_status":"open","ping_status":"open","sticky":false,"template":"","format":"standard","meta":{"footnotes":""},"categories":[85],"tags":[],"class_list":["post-6247","post","type-post","status-publish","format-standard","has-post-thumbnail","hentry","category-spor"],"yoast_head":"<!-- This site is optimized with the Yoast SEO plugin v27.5 - https:\/\/yoast.com\/product\/yoast-seo-wordpress\/ -->\n<title>Fenerbah\u00e7e evinde kaybetti: 71-72 -<\/title>\n<meta name=\"robots\" content=\"index, follow, max-snippet:-1, max-image-preview:large, max-video-preview:-1\" \/>\n<link rel=\"canonical\" href=\"https:\/\/kibrisdakik.com\/?p=6247\" \/>\n<meta property=\"og:locale\" content=\"tr_TR\" \/>\n<meta property=\"og:type\" content=\"article\" \/>\n<meta property=\"og:title\" content=\"Fenerbah\u00e7e evinde kaybetti: 71-72 -\" \/>\n<meta property=\"og:description\" content=\"Fenerbah\u00e7e Beko, THY Avrupa Ligi play-off turu 3. ma\u00e7\u0131nda Olympiakos\u2019a Sloukas\u2019\u0131n son saniye \u00fc\u00e7l\u00fc\u011f\u00fcyle 72-71 ma\u011flup oldu ve seride 2-1 geriye d\u00fc\u015ft\u00fc. \u00dc\u00e7 galibiyete ula\u015fan tak\u0131m\u0131n D\u00f6rtl\u00fc Final\u2019e y\u00fckselece\u011fi serinin d\u00f6rd\u00fcnc\u00fc ma\u00e7\u0131, yar\u0131n g\u00fcn\u00fc \u00dclker Spor ve Etkinlik Salonu\u2019nda oynanacak Ligi play-off di\u011fer \u00e7eyrek finalinde \u0130spanya ekibi Barcelona, deplasmanda Litvanya temsilcisi Zalgiris\u2019i 77-66 yenerek seriyi\" \/>\n<meta property=\"og:url\" content=\"https:\/\/kibrisdakik.com\/?p=6247\" \/>\n<meta property=\"article:published_time\" content=\"2023-05-04T11:30:53+00:00\" \/>\n<meta property=\"og:image\" content=\"https:\/\/kibrisdakik.com\/wp-content\/uploads\/2023\/05\/FB-740x420.jpg\" \/>\n\t<meta property=\"og:image:width\" content=\"1200\" \/>\n\t<meta property=\"og:image:height\" content=\"799\" \/>\n\t<meta property=\"og:image:type\" content=\"image\/jpeg\" \/>\n<meta name=\"author\" content=\"admin\" \/>\n<meta name=\"twitter:card\" content=\"summary_large_image\" \/>\n<meta name=\"twitter:label1\" content=\"Yazan:\" \/>\n\t<meta name=\"twitter:data1\" content=\"admin\" \/>\n\t<meta name=\"twitter:label2\" content=\"Tahmini okuma s\u00fcresi\" \/>\n\t<meta name=\"twitter:data2\" content=\"1 dakika\" \/>\n<script type=\"application\/ld+json\" class=\"yoast-schema-graph\">{\"@context\":\"https:\\\/\\\/schema.org\",\"@graph\":[{\"@type\":\"Article\",\"@id\":\"https:\\\/\\\/kibrisdakik.com\\\/?p=6247#article\",\"isPartOf\":{\"@id\":\"https:\\\/\\\/kibrisdakik.com\\\/?p=6247\"},\"author\":{\"name\":\"admin\",\"@id\":\"https:\\\/\\\/kibrisdakik.com\\\/#\\\/schema\\\/person\\\/9cd9d437bbb44f72b73ba127e06d8e79\"},\"headline\":\"Fenerbah\u00e7e evinde kaybetti: 71-72\",\"datePublished\":\"2023-05-04T11:30:53+00:00\",\"mainEntityOfPage\":{\"@id\":\"https:\\\/\\\/kibrisdakik.com\\\/?p=6247\"},\"wordCount\":159,\"commentCount\":0,\"image\":{\"@id\":\"https:\\\/\\\/kibrisdakik.com\\\/?p=6247#primaryimage\"},\"thumbnailUrl\":\"https:\\\/\\\/kibrisdakik.com\\\/wp-content\\\/uploads\\\/2023\\\/05\\\/FB-740x420.jpg\",\"articleSection\":[\"Spor\"],\"inLanguage\":\"tr\",\"potentialAction\":[{\"@type\":\"CommentAction\",\"name\":\"Comment\",\"target\":[\"https:\\\/\\\/kibrisdakik.com\\\/?p=6247#respond\"]}]},{\"@type\":\"WebPage\",\"@id\":\"https:\\\/\\\/kibrisdakik.com\\\/?p=6247\",\"url\":\"https:\\\/\\\/kibrisdakik.com\\\/?p=6247\",\"name\":\"Fenerbah\u00e7e evinde kaybetti: 71-72 -\",\"isPartOf\":{\"@id\":\"https:\\\/\\\/kibrisdakik.com\\\/#website\"},\"primaryImageOfPage\":{\"@id\":\"https:\\\/\\\/kibrisdakik.com\\\/?p=6247#primaryimage\"},\"image\":{\"@id\":\"https:\\\/\\\/kibrisdakik.com\\\/?p=6247#primaryimage\"},\"thumbnailUrl\":\"https:\\\/\\\/kibrisdakik.com\\\/wp-content\\\/uploads\\\/2023\\\/05\\\/FB-740x420.jpg\",\"datePublished\":\"2023-05-04T11:30:53+00:00\",\"author\":{\"@id\":\"https:\\\/\\\/kibrisdakik.com\\\/#\\\/schema\\\/person\\\/9cd9d437bbb44f72b73ba127e06d8e79\"},\"breadcrumb\":{\"@id\":\"https:\\\/\\\/kibrisdakik.com\\\/?p=6247#breadcrumb\"},\"inLanguage\":\"tr\",\"potentialAction\":[{\"@type\":\"ReadAction\",\"target\":[\"https:\\\/\\\/kibrisdakik.com\\\/?p=6247\"]}]},{\"@type\":\"ImageObject\",\"inLanguage\":\"tr\",\"@id\":\"https:\\\/\\\/kibrisdakik.com\\\/?p=6247#primaryimage\",\"url\":\"https:\\\/\\\/kibrisdakik.com\\\/wp-content\\\/uploads\\\/2023\\\/05\\\/FB-740x420.jpg\",\"contentUrl\":\"https:\\\/\\\/kibrisdakik.com\\\/wp-content\\\/uploads\\\/2023\\\/05\\\/FB-740x420.jpg\",\"width\":1200,\"height\":799},{\"@type\":\"BreadcrumbList\",\"@id\":\"https:\\\/\\\/kibrisdakik.com\\\/?p=6247#breadcrumb\",\"itemListElement\":[{\"@type\":\"ListItem\",\"position\":1,\"name\":\"Home\",\"item\":\"https:\\\/\\\/kibrisdakik.com\\\/\"},{\"@type\":\"ListItem\",\"position\":2,\"name\":\"Fenerbah\u00e7e evinde kaybetti: 71-72\"}]},{\"@type\":\"WebSite\",\"@id\":\"https:\\\/\\\/kibrisdakik.com\\\/#website\",\"url\":\"https:\\\/\\\/kibrisdakik.com\\\/\",\"name\":\"\",\"description\":\"Tam vaktinde haber\",\"potentialAction\":[{\"@type\":\"SearchAction\",\"target\":{\"@type\":\"EntryPoint\",\"urlTemplate\":\"https:\\\/\\\/kibrisdakik.com\\\/?s={search_term_string}\"},\"query-input\":{\"@type\":\"PropertyValueSpecification\",\"valueRequired\":true,\"valueName\":\"search_term_string\"}}],\"inLanguage\":\"tr\"},{\"@type\":\"Person\",\"@id\":\"https:\\\/\\\/kibrisdakik.com\\\/#\\\/schema\\\/person\\\/9cd9d437bbb44f72b73ba127e06d8e79\",\"name\":\"admin\",\"image\":{\"@type\":\"ImageObject\",\"inLanguage\":\"tr\",\"@id\":\"https:\\\/\\\/secure.gravatar.com\\\/avatar\\\/ccc17943b9d660506c869530f897617f7cb1c21a4bf30023f252596d83e1f007?s=96&d=mm&r=g\",\"url\":\"https:\\\/\\\/secure.gravatar.com\\\/avatar\\\/ccc17943b9d660506c869530f897617f7cb1c21a4bf30023f252596d83e1f007?s=96&d=mm&r=g\",\"contentUrl\":\"https:\\\/\\\/secure.gravatar.com\\\/avatar\\\/ccc17943b9d660506c869530f897617f7cb1c21a4bf30023f252596d83e1f007?s=96&d=mm&r=g\",\"caption\":\"admin\"},\"sameAs\":[\"https:\\\/\\\/kibrisdakik.com\"],\"url\":\"https:\\\/\\\/kibrisdakik.com\\\/?author=1\"}]}<\/script>\n<!-- \/ Yoast SEO plugin. -->","yoast_head_json":{"title":"Fenerbah\u00e7e evinde kaybetti: 71-72 -","robots":{"index":"index","follow":"follow","max-snippet":"max-snippet:-1","max-image-preview":"max-image-preview:large","max-video-preview":"max-video-preview:-1"},"canonical":"https:\/\/kibrisdakik.com\/?p=6247","og_locale":"tr_TR","og_type":"article","og_title":"Fenerbah\u00e7e evinde kaybetti: 71-72 -","og_description":"Fenerbah\u00e7e Beko, THY Avrupa Ligi play-off turu 3. ma\u00e7\u0131nda Olympiakos\u2019a Sloukas\u2019\u0131n son saniye \u00fc\u00e7l\u00fc\u011f\u00fcyle 72-71 ma\u011flup oldu ve seride 2-1 geriye d\u00fc\u015ft\u00fc. \u00dc\u00e7 galibiyete ula\u015fan tak\u0131m\u0131n D\u00f6rtl\u00fc Final\u2019e y\u00fckselece\u011fi serinin d\u00f6rd\u00fcnc\u00fc ma\u00e7\u0131, yar\u0131n g\u00fcn\u00fc \u00dclker Spor ve Etkinlik Salonu\u2019nda oynanacak Ligi play-off di\u011fer \u00e7eyrek finalinde \u0130spanya ekibi Barcelona, deplasmanda Litvanya temsilcisi Zalgiris\u2019i 77-66 yenerek seriyi","og_url":"https:\/\/kibrisdakik.com\/?p=6247","article_published_time":"2023-05-04T11:30:53+00:00","og_image":[{"width":1200,"height":799,"url":"https:\/\/kibrisdakik.com\/wp-content\/uploads\/2023\/05\/FB-740x420.jpg","type":"image\/jpeg"}],"author":"admin","twitter_card":"summary_large_image","twitter_misc":{"Yazan:":"admin","Tahmini okuma s\u00fcresi":"1 dakika"},"schema":{"@context":"https:\/\/schema.org","@graph":[{"@type":"Article","@id":"https:\/\/kibrisdakik.com\/?p=6247#article","isPartOf":{"@id":"https:\/\/kibrisdakik.com\/?p=6247"},"author":{"name":"admin","@id":"https:\/\/kibrisdakik.com\/#\/schema\/person\/9cd9d437bbb44f72b73ba127e06d8e79"},"headline":"Fenerbah\u00e7e evinde kaybetti: 71-72","datePublished":"2023-05-04T11:30:53+00:00","mainEntityOfPage":{"@id":"https:\/\/kibrisdakik.com\/?p=6247"},"wordCount":159,"commentCount":0,"image":{"@id":"https:\/\/kibrisdakik.com\/?p=6247#primaryimage"},"thumbnailUrl":"https:\/\/kibrisdakik.com\/wp-content\/uploads\/2023\/05\/FB-740x420.jpg","articleSection":["Spor"],"inLanguage":"tr","potentialAction":[{"@type":"CommentAction","name":"Comment","target":["https:\/\/kibrisdakik.com\/?p=6247#respond"]}]},{"@type":"WebPage","@id":"https:\/\/kibrisdakik.com\/?p=6247","url":"https:\/\/kibrisdakik.com\/?p=6247","name":"Fenerbah\u00e7e evinde kaybetti: 71-72 -","isPartOf":{"@id":"https:\/\/kibrisdakik.com\/#website"},"primaryImageOfPage":{"@id":"https:\/\/kibrisdakik.com\/?p=6247#primaryimage"},"image":{"@id":"https:\/\/kibrisdakik.com\/?p=6247#primaryimage"},"thumbnailUrl":"https:\/\/kibrisdakik.com\/wp-content\/uploads\/2023\/05\/FB-740x420.jpg","datePublished":"2023-05-04T11:30:53+00:00","author":{"@id":"https:\/\/kibrisdakik.com\/#\/schema\/person\/9cd9d437bbb44f72b73ba127e06d8e79"},"breadcrumb":{"@id":"https:\/\/kibrisdakik.com\/?p=6247#breadcrumb"},"inLanguage":"tr","potentialAction":[{"@type":"ReadAction","target":["https:\/\/kibrisdakik.com\/?p=6247"]}]},{"@type":"ImageObject","inLanguage":"tr","@id":"https:\/\/kibrisdakik.com\/?p=6247#primaryimage","url":"https:\/\/kibrisdakik.com\/wp-content\/uploads\/2023\/05\/FB-740x420.jpg","contentUrl":"https:\/\/kibrisdakik.com\/wp-content\/uploads\/2023\/05\/FB-740x420.jpg","width":1200,"height":799},{"@type":"BreadcrumbList","@id":"https:\/\/kibrisdakik.com\/?p=6247#breadcrumb","itemListElement":[{"@type":"ListItem","position":1,"name":"Home","item":"https:\/\/kibrisdakik.com\/"},{"@type":"ListItem","position":2,"name":"Fenerbah\u00e7e evinde kaybetti: 71-72"}]},{"@type":"WebSite","@id":"https:\/\/kibrisdakik.com\/#website","url":"https:\/\/kibrisdakik.com\/","name":"","description":"Tam vaktinde haber","potentialAction":[{"@type":"SearchAction","target":{"@type":"EntryPoint","urlTemplate":"https:\/\/kibrisdakik.com\/?s={search_term_string}"},"query-input":{"@type":"PropertyValueSpecification","valueRequired":true,"valueName":"search_term_string"}}],"inLanguage":"tr"},{"@type":"Person","@id":"https:\/\/kibrisdakik.com\/#\/schema\/person\/9cd9d437bbb44f72b73ba127e06d8e79","name":"admin","image":{"@type":"ImageObject","inLanguage":"tr","@id":"https:\/\/secure.gravatar.com\/avatar\/ccc17943b9d660506c869530f897617f7cb1c21a4bf30023f252596d83e1f007?s=96&d=mm&r=g","url":"https:\/\/secure.gravatar.com\/avatar\/ccc17943b9d660506c869530f897617f7cb1c21a4bf30023f252596d83e1f007?s=96&d=mm&r=g","contentUrl":"https:\/\/secure.gravatar.com\/avatar\/ccc17943b9d660506c869530f897617f7cb1c21a4bf30023f252596d83e1f007?s=96&d=mm&r=g","caption":"admin"},"sameAs":["https:\/\/kibrisdakik.com"],"url":"https:\/\/kibrisdakik.com\/?author=1"}]}},"_links":{"self":[{"href":"https:\/\/kibrisdakik.com\/index.php?rest_route=\/wp\/v2\/posts\/6247","targetHints":{"allow":["GET"]}}],"collection":[{"href":"https:\/\/kibrisdakik.com\/index.php?rest_route=\/wp\/v2\/posts"}],"about":[{"href":"https:\/\/kibrisdakik.com\/index.php?rest_route=\/wp\/v2\/types\/post"}],"author":[{"embeddable":true,"href":"https:\/\/kibrisdakik.com\/index.php?rest_route=\/wp\/v2\/users\/1"}],"replies":[{"embeddable":true,"href":"https:\/\/kibrisdakik.com\/index.php?rest_route=%2Fwp%2Fv2%2Fcomments&post=6247"}],"version-history":[{"count":0,"href":"https:\/\/kibrisdakik.com\/index.php?rest_route=\/wp\/v2\/posts\/6247\/revisions"}],"wp:featuredmedia":[{"embeddable":true,"href":"https:\/\/kibrisdakik.com\/index.php?rest_route=\/wp\/v2\/media\/6248"}],"wp:attachment":[{"href":"https:\/\/kibrisdakik.com\/index.php?rest_route=%2Fwp%2Fv2%2Fmedia&parent=6247"}],"wp:term":[{"taxonomy":"category","embeddable":true,"href":"https:\/\/kibrisdakik.com\/index.php?rest_route=%2Fwp%2Fv2%2Fcategories&post=6247"},{"taxonomy":"post_tag","embeddable":true,"href":"https:\/\/kibrisdakik.com\/index.php?rest_route=%2Fwp%2Fv2%2Ftags&post=6247"}],"curies":[{"name":"wp","href":"https:\/\/api.w.org\/{rel}","templated":true}]}}