{"id":62484,"date":"2024-09-16T11:16:06","date_gmt":"2024-09-16T08:16:06","guid":{"rendered":"https:\/\/kibrisdakik.com\/index.php\/2024\/09\/16\/soylunun-canim-benim-dedigi-muhabirin-sorusu-bakan-uraloglunu-kizdirdi\/"},"modified":"2024-09-16T11:16:06","modified_gmt":"2024-09-16T08:16:06","slug":"soylunun-canim-benim-dedigi-muhabirin-sorusu-bakan-uraloglunu-kizdirdi","status":"publish","type":"post","link":"https:\/\/kibrisdakik.com\/?p=62484","title":{"rendered":"Soylu&#8217;nun &#8220;Can\u0131m benim&#8221; dedi\u011fi muhabirin sorusu Bakan Uralo\u011flu&#8217;nu k\u0131zd\u0131rd\u0131"},"content":{"rendered":"<p><\/p>\n<div id=\"\">\n<p>Ankara&#8217;da d\u00fczenlenen Evrensel Posta Birli\u011fi (UPU) B\u00f6lgesel Strateji Forumu&#8217;na kat\u0131lan Ula\u015ft\u0131rma ve Altyap\u0131 Bakan\u0131 Abdulkadir Uralo\u011flu, bir gazetecinin 85 milyon vatanda\u015fa ait olan ki\u015fisel verilerin \u00e7al\u0131n\u0131p \u00e7al\u0131nmad\u0131\u011f\u0131na y\u00f6nelik iddialar\u0131 sormas\u0131 \u00fczerine tepki g\u00f6sterdi.<\/p>\n<h3>&#8220;B\u00d6YLE B\u0130R \u00c7ALINMA OLAYI OLMAMI\u015eTIR&#8221;<\/h3>\n<p>&#8220;\u015eu anda T\u00fcrkiye&#8217;nin g\u00fcndeminde verilerin \u00e7al\u0131nmas\u0131 g\u00fcndemi yoktur&#8221; diyen Bakan Uralo\u011flu, &#8220;\u00c7\u00fcnk\u00fc b\u00f6yle bir \u00e7al\u0131nma olay\u0131 olmam\u0131\u015ft\u0131r. Bu ge\u00e7mi\u015f d\u00f6nemde sadece konu\u015fulan bir bilgi vard\u0131, oydu. T\u00fcrkiye&#8217;nin \u015fu anda ki\u015fisel verilerin \u00e7al\u0131nmas\u0131yla ilgili bir g\u00fcndemi ve ger\u00e7ekle\u015fmi\u015f olay yoktur. O d\u00f6nem kendi i\u00e7inde konu\u015fulmu\u015f, kapanm\u0131\u015ft\u0131r. \u015eu anda T\u00fcrkiye&#8217;nin g\u00fcndeminde yok. \u00c7ok net s\u00f6yl\u00fcyorum. Kimse ortal\u0131\u011f\u0131 buland\u0131rmas\u0131n. S\u00f6ylenilen bir laf\u0131 c\u0131mb\u0131zla \u00e7ekip sanki T\u00fcrkiye&#8217;de insanlar\u0131n g\u00fcvenli\u011fiyle ve verileriyle ilgili \u00e7al\u0131nm\u0131\u015f g\u00fcncel \u015feyler vard\u0131r diye kimse  <a class=\"keyword\" href=\"https:\/\/www.haberler.com\/\" title=\"Haber, Haberler\"><strong>haber<\/strong><\/a> yapmas\u0131n&#8221; ifadelerine yer verdi. <\/p>\n<h3>&#8220;B\u00d6YLE B\u0130R A\u00c7IKLAMAMIZ OLMAMI\u015eTIR&#8221;<\/h3>\n<p>S\u00f6zlerinin devam\u0131nda daha \u00f6nceki a\u00e7\u0131klamalar\u0131n\u0131n c\u0131mb\u0131zland\u0131\u011f\u0131n\u0131 belirten Bakan Uralo\u011flu, &#8220;\u015eu anda b\u00f6yle g\u00fcndem yoktur. Bu \u015fekilde yap\u0131lm\u0131\u015f olan haberlere de c\u0131mb\u0131zla \u00e7ekilip arkas\u0131na \u00f6n\u00fcne yorum ekleyerek yap\u0131lan hi\u00e7bir haberin bizim nezdimizde k\u0131ymeti yoktur. B\u00f6yle bir a\u00e7\u0131klamam\u0131z olmam\u0131\u015ft\u0131r. Ge\u00e7mi\u015fte olup da konu\u015fulmu\u015f, kendi i\u00e7inde tart\u0131\u015f\u0131lm\u0131\u015f bir konuyu y\u0131llar sonra g\u00fcndeme getirip de sanki g\u00fcncel bir konu gibi sunulmas\u0131 asla do\u011fru de\u011fildir. Bununla ilgili de ba\u015fla bir \u015fey s\u00f6ylenmesine gerek yok&#8221; dedi. <\/p>\n<figure class=\"type:primaryimage hbhOrder\" style=\"margin-bottom: 20px;\"><img loading=\"lazy\" decoding=\"async\" width=\"1202\" height=\"675\" class=\"hbptMainImage\" id=\"HaberImage\" src=\"https:\/\/foto.haberler.com\/resize\/601x337\/haber\/2024\/09\/16\/soylu-nun-canim-benim-dedigi-muhabirin-sorusu-17825260_2779_amp.jpg\"\/><\/figure>\n<h4 id=\"nwsKeywords\"> <a href=\"https:\/\/www.haberler.com\/ulastirma-ve-altyapi-bakani\/\" title=\"Ula\u015ft\u0131rma ve Altyap\u0131 Bakan\u0131\" class=\"hbptTag\">Ula\u015ft\u0131rma ve Altyap\u0131 Bakan\u0131<\/a>  <a href=\"https:\/\/www.haberler.com\/suleyman-soylu\/\" title=\"S\u00fcleyman Soylu\" class=\"hbptTag\">S\u00fcleyman Soylu<\/a>  <a href=\"https:\/\/www.haberler.com\/teknoloji\/\" title=\"Teknoloji\" class=\"hbptTag\">Teknoloji<\/a>  <a href=\"https:\/\/www.haberler.com\/guvenlik\/\" title=\"G\u00fcvenlik\" class=\"hbptTag\">G\u00fcvenlik<\/a>  <a href=\"https:\/\/www.haberler.com\/politika\/\" title=\"Politika\" class=\"hbptTag\">Politika<\/a>  <a href=\"https:\/\/www.haberler.com\/turkiye\/\" title=\"T\u00fcrkiye\" class=\"hbptTag\">T\u00fcrkiye<\/a>  <a href=\"https:\/\/www.haberler.com\/saglik\/\" title=\"Sa\u011fl\u0131k\" class=\"hbptTag\">Sa\u011fl\u0131k<\/a>  <a href=\"https:\/\/www.haberler.com\/hukuk\/\" title=\"Hukuk\" class=\"hbptTag\">Hukuk<\/a>  <a href=\"https:\/\/www.haberler.com\/genel\/\" title=\"Genel\" class=\"hbptTag\">Genel<\/a> <\/h4>\n<\/div>\n","protected":false},"excerpt":{"rendered":"<p>Ankara&#8217;da d\u00fczenlenen Evrensel Posta Birli\u011fi (UPU) B\u00f6lgesel Strateji Forumu&#8217;na kat\u0131lan Ula\u015ft\u0131rma ve Altyap\u0131 Bakan\u0131 Abdulkadir Uralo\u011flu, bir gazetecinin 85 milyon vatanda\u015fa ait olan ki\u015fisel verilerin \u00e7al\u0131n\u0131p \u00e7al\u0131nmad\u0131\u011f\u0131na y\u00f6nelik iddialar\u0131 sormas\u0131 \u00fczerine tepki g\u00f6sterdi. &#8220;B\u00d6YLE B\u0130R \u00c7ALINMA OLAYI OLMAMI\u015eTIR&#8221; &#8220;\u015eu anda T\u00fcrkiye&#8217;nin g\u00fcndeminde verilerin \u00e7al\u0131nmas\u0131 g\u00fcndemi yoktur&#8221; diyen Bakan Uralo\u011flu, &#8220;\u00c7\u00fcnk\u00fc b\u00f6yle bir \u00e7al\u0131nma olay\u0131 olmam\u0131\u015ft\u0131r.<\/p>\n","protected":false},"author":1,"featured_media":62485,"comment_status":"open","ping_status":"open","sticky":false,"template":"","format":"standard","meta":{"footnotes":""},"categories":[83],"tags":[],"class_list":["post-62484","post","type-post","status-publish","format-standard","has-post-thumbnail","hentry","category-magazin"],"yoast_head":"<!-- This site is optimized with the Yoast SEO plugin v27.5 - https:\/\/yoast.com\/product\/yoast-seo-wordpress\/ -->\n<title>Soylu&#039;nun &quot;Can\u0131m benim&quot; dedi\u011fi muhabirin sorusu Bakan Uralo\u011flu&#039;nu k\u0131zd\u0131rd\u0131 -<\/title>\n<meta name=\"robots\" content=\"index, follow, max-snippet:-1, max-image-preview:large, max-video-preview:-1\" \/>\n<link rel=\"canonical\" href=\"https:\/\/kibrisdakik.com\/?p=62484\" \/>\n<meta property=\"og:locale\" content=\"tr_TR\" \/>\n<meta property=\"og:type\" content=\"article\" \/>\n<meta property=\"og:title\" content=\"Soylu&#039;nun &quot;Can\u0131m benim&quot; dedi\u011fi muhabirin sorusu Bakan Uralo\u011flu&#039;nu k\u0131zd\u0131rd\u0131 -\" \/>\n<meta property=\"og:description\" content=\"Ankara&#8217;da d\u00fczenlenen Evrensel Posta Birli\u011fi (UPU) B\u00f6lgesel Strateji Forumu&#8217;na kat\u0131lan Ula\u015ft\u0131rma ve Altyap\u0131 Bakan\u0131 Abdulkadir Uralo\u011flu, bir gazetecinin 85 milyon vatanda\u015fa ait olan ki\u015fisel verilerin \u00e7al\u0131n\u0131p \u00e7al\u0131nmad\u0131\u011f\u0131na y\u00f6nelik iddialar\u0131 sormas\u0131 \u00fczerine tepki g\u00f6sterdi. &#8220;B\u00d6YLE B\u0130R \u00c7ALINMA OLAYI OLMAMI\u015eTIR&#8221; &#8220;\u015eu anda T\u00fcrkiye&#8217;nin g\u00fcndeminde verilerin \u00e7al\u0131nmas\u0131 g\u00fcndemi yoktur&#8221; diyen Bakan Uralo\u011flu, &#8220;\u00c7\u00fcnk\u00fc b\u00f6yle bir \u00e7al\u0131nma olay\u0131 olmam\u0131\u015ft\u0131r.\" \/>\n<meta property=\"og:url\" content=\"https:\/\/kibrisdakik.com\/?p=62484\" \/>\n<meta property=\"article:published_time\" content=\"2024-09-16T08:16:06+00:00\" \/>\n<meta property=\"og:image\" content=\"https:\/\/kibrisdakik.com\/wp-content\/uploads\/2024\/09\/soylu-nun-canim-benim-dedigi-muhabirin-sorusu-17825260_2779_amp.jpg\" \/>\n\t<meta property=\"og:image:width\" content=\"601\" \/>\n\t<meta property=\"og:image:height\" content=\"337\" \/>\n\t<meta property=\"og:image:type\" content=\"image\/jpeg\" \/>\n<meta name=\"author\" content=\"admin\" \/>\n<meta name=\"twitter:card\" content=\"summary_large_image\" \/>\n<meta name=\"twitter:label1\" content=\"Yazan:\" \/>\n\t<meta name=\"twitter:data1\" content=\"admin\" \/>\n\t<meta name=\"twitter:label2\" content=\"Tahmini okuma s\u00fcresi\" \/>\n\t<meta name=\"twitter:data2\" content=\"2 dakika\" \/>\n<script type=\"application\/ld+json\" class=\"yoast-schema-graph\">{\"@context\":\"https:\\\/\\\/schema.org\",\"@graph\":[{\"@type\":\"Article\",\"@id\":\"https:\\\/\\\/kibrisdakik.com\\\/?p=62484#article\",\"isPartOf\":{\"@id\":\"https:\\\/\\\/kibrisdakik.com\\\/?p=62484\"},\"author\":{\"name\":\"admin\",\"@id\":\"https:\\\/\\\/kibrisdakik.com\\\/#\\\/schema\\\/person\\\/9cd9d437bbb44f72b73ba127e06d8e79\"},\"headline\":\"Soylu&#8217;nun &#8220;Can\u0131m benim&#8221; dedi\u011fi muhabirin sorusu Bakan Uralo\u011flu&#8217;nu k\u0131zd\u0131rd\u0131\",\"datePublished\":\"2024-09-16T08:16:06+00:00\",\"mainEntityOfPage\":{\"@id\":\"https:\\\/\\\/kibrisdakik.com\\\/?p=62484\"},\"wordCount\":323,\"commentCount\":0,\"image\":{\"@id\":\"https:\\\/\\\/kibrisdakik.com\\\/?p=62484#primaryimage\"},\"thumbnailUrl\":\"https:\\\/\\\/kibrisdakik.com\\\/wp-content\\\/uploads\\\/2024\\\/09\\\/soylu-nun-canim-benim-dedigi-muhabirin-sorusu-17825260_2779_amp.jpg\",\"articleSection\":[\"Magazin\"],\"inLanguage\":\"tr\",\"potentialAction\":[{\"@type\":\"CommentAction\",\"name\":\"Comment\",\"target\":[\"https:\\\/\\\/kibrisdakik.com\\\/?p=62484#respond\"]}]},{\"@type\":\"WebPage\",\"@id\":\"https:\\\/\\\/kibrisdakik.com\\\/?p=62484\",\"url\":\"https:\\\/\\\/kibrisdakik.com\\\/?p=62484\",\"name\":\"Soylu'nun \\\"Can\u0131m benim\\\" dedi\u011fi muhabirin sorusu Bakan Uralo\u011flu'nu k\u0131zd\u0131rd\u0131 -\",\"isPartOf\":{\"@id\":\"https:\\\/\\\/kibrisdakik.com\\\/#website\"},\"primaryImageOfPage\":{\"@id\":\"https:\\\/\\\/kibrisdakik.com\\\/?p=62484#primaryimage\"},\"image\":{\"@id\":\"https:\\\/\\\/kibrisdakik.com\\\/?p=62484#primaryimage\"},\"thumbnailUrl\":\"https:\\\/\\\/kibrisdakik.com\\\/wp-content\\\/uploads\\\/2024\\\/09\\\/soylu-nun-canim-benim-dedigi-muhabirin-sorusu-17825260_2779_amp.jpg\",\"datePublished\":\"2024-09-16T08:16:06+00:00\",\"author\":{\"@id\":\"https:\\\/\\\/kibrisdakik.com\\\/#\\\/schema\\\/person\\\/9cd9d437bbb44f72b73ba127e06d8e79\"},\"breadcrumb\":{\"@id\":\"https:\\\/\\\/kibrisdakik.com\\\/?p=62484#breadcrumb\"},\"inLanguage\":\"tr\",\"potentialAction\":[{\"@type\":\"ReadAction\",\"target\":[\"https:\\\/\\\/kibrisdakik.com\\\/?p=62484\"]}]},{\"@type\":\"ImageObject\",\"inLanguage\":\"tr\",\"@id\":\"https:\\\/\\\/kibrisdakik.com\\\/?p=62484#primaryimage\",\"url\":\"https:\\\/\\\/kibrisdakik.com\\\/wp-content\\\/uploads\\\/2024\\\/09\\\/soylu-nun-canim-benim-dedigi-muhabirin-sorusu-17825260_2779_amp.jpg\",\"contentUrl\":\"https:\\\/\\\/kibrisdakik.com\\\/wp-content\\\/uploads\\\/2024\\\/09\\\/soylu-nun-canim-benim-dedigi-muhabirin-sorusu-17825260_2779_amp.jpg\",\"width\":601,\"height\":337},{\"@type\":\"BreadcrumbList\",\"@id\":\"https:\\\/\\\/kibrisdakik.com\\\/?p=62484#breadcrumb\",\"itemListElement\":[{\"@type\":\"ListItem\",\"position\":1,\"name\":\"Home\",\"item\":\"https:\\\/\\\/kibrisdakik.com\\\/\"},{\"@type\":\"ListItem\",\"position\":2,\"name\":\"Soylu&#8217;nun &#8220;Can\u0131m benim&#8221; dedi\u011fi muhabirin sorusu Bakan Uralo\u011flu&#8217;nu k\u0131zd\u0131rd\u0131\"}]},{\"@type\":\"WebSite\",\"@id\":\"https:\\\/\\\/kibrisdakik.com\\\/#website\",\"url\":\"https:\\\/\\\/kibrisdakik.com\\\/\",\"name\":\"\",\"description\":\"Tam vaktinde haber\",\"potentialAction\":[{\"@type\":\"SearchAction\",\"target\":{\"@type\":\"EntryPoint\",\"urlTemplate\":\"https:\\\/\\\/kibrisdakik.com\\\/?s={search_term_string}\"},\"query-input\":{\"@type\":\"PropertyValueSpecification\",\"valueRequired\":true,\"valueName\":\"search_term_string\"}}],\"inLanguage\":\"tr\"},{\"@type\":\"Person\",\"@id\":\"https:\\\/\\\/kibrisdakik.com\\\/#\\\/schema\\\/person\\\/9cd9d437bbb44f72b73ba127e06d8e79\",\"name\":\"admin\",\"image\":{\"@type\":\"ImageObject\",\"inLanguage\":\"tr\",\"@id\":\"https:\\\/\\\/secure.gravatar.com\\\/avatar\\\/ccc17943b9d660506c869530f897617f7cb1c21a4bf30023f252596d83e1f007?s=96&d=mm&r=g\",\"url\":\"https:\\\/\\\/secure.gravatar.com\\\/avatar\\\/ccc17943b9d660506c869530f897617f7cb1c21a4bf30023f252596d83e1f007?s=96&d=mm&r=g\",\"contentUrl\":\"https:\\\/\\\/secure.gravatar.com\\\/avatar\\\/ccc17943b9d660506c869530f897617f7cb1c21a4bf30023f252596d83e1f007?s=96&d=mm&r=g\",\"caption\":\"admin\"},\"sameAs\":[\"https:\\\/\\\/kibrisdakik.com\"],\"url\":\"https:\\\/\\\/kibrisdakik.com\\\/?author=1\"}]}<\/script>\n<!-- \/ Yoast SEO plugin. -->","yoast_head_json":{"title":"Soylu'nun \"Can\u0131m benim\" dedi\u011fi muhabirin sorusu Bakan Uralo\u011flu'nu k\u0131zd\u0131rd\u0131 -","robots":{"index":"index","follow":"follow","max-snippet":"max-snippet:-1","max-image-preview":"max-image-preview:large","max-video-preview":"max-video-preview:-1"},"canonical":"https:\/\/kibrisdakik.com\/?p=62484","og_locale":"tr_TR","og_type":"article","og_title":"Soylu'nun \"Can\u0131m benim\" dedi\u011fi muhabirin sorusu Bakan Uralo\u011flu'nu k\u0131zd\u0131rd\u0131 -","og_description":"Ankara&#8217;da d\u00fczenlenen Evrensel Posta Birli\u011fi (UPU) B\u00f6lgesel Strateji Forumu&#8217;na kat\u0131lan Ula\u015ft\u0131rma ve Altyap\u0131 Bakan\u0131 Abdulkadir Uralo\u011flu, bir gazetecinin 85 milyon vatanda\u015fa ait olan ki\u015fisel verilerin \u00e7al\u0131n\u0131p \u00e7al\u0131nmad\u0131\u011f\u0131na y\u00f6nelik iddialar\u0131 sormas\u0131 \u00fczerine tepki g\u00f6sterdi. &#8220;B\u00d6YLE B\u0130R \u00c7ALINMA OLAYI OLMAMI\u015eTIR&#8221; &#8220;\u015eu anda T\u00fcrkiye&#8217;nin g\u00fcndeminde verilerin \u00e7al\u0131nmas\u0131 g\u00fcndemi yoktur&#8221; diyen Bakan Uralo\u011flu, &#8220;\u00c7\u00fcnk\u00fc b\u00f6yle bir \u00e7al\u0131nma olay\u0131 olmam\u0131\u015ft\u0131r.","og_url":"https:\/\/kibrisdakik.com\/?p=62484","article_published_time":"2024-09-16T08:16:06+00:00","og_image":[{"width":601,"height":337,"url":"https:\/\/kibrisdakik.com\/wp-content\/uploads\/2024\/09\/soylu-nun-canim-benim-dedigi-muhabirin-sorusu-17825260_2779_amp.jpg","type":"image\/jpeg"}],"author":"admin","twitter_card":"summary_large_image","twitter_misc":{"Yazan:":"admin","Tahmini okuma s\u00fcresi":"2 dakika"},"schema":{"@context":"https:\/\/schema.org","@graph":[{"@type":"Article","@id":"https:\/\/kibrisdakik.com\/?p=62484#article","isPartOf":{"@id":"https:\/\/kibrisdakik.com\/?p=62484"},"author":{"name":"admin","@id":"https:\/\/kibrisdakik.com\/#\/schema\/person\/9cd9d437bbb44f72b73ba127e06d8e79"},"headline":"Soylu&#8217;nun &#8220;Can\u0131m benim&#8221; dedi\u011fi muhabirin sorusu Bakan Uralo\u011flu&#8217;nu k\u0131zd\u0131rd\u0131","datePublished":"2024-09-16T08:16:06+00:00","mainEntityOfPage":{"@id":"https:\/\/kibrisdakik.com\/?p=62484"},"wordCount":323,"commentCount":0,"image":{"@id":"https:\/\/kibrisdakik.com\/?p=62484#primaryimage"},"thumbnailUrl":"https:\/\/kibrisdakik.com\/wp-content\/uploads\/2024\/09\/soylu-nun-canim-benim-dedigi-muhabirin-sorusu-17825260_2779_amp.jpg","articleSection":["Magazin"],"inLanguage":"tr","potentialAction":[{"@type":"CommentAction","name":"Comment","target":["https:\/\/kibrisdakik.com\/?p=62484#respond"]}]},{"@type":"WebPage","@id":"https:\/\/kibrisdakik.com\/?p=62484","url":"https:\/\/kibrisdakik.com\/?p=62484","name":"Soylu'nun \"Can\u0131m benim\" dedi\u011fi muhabirin sorusu Bakan Uralo\u011flu'nu k\u0131zd\u0131rd\u0131 -","isPartOf":{"@id":"https:\/\/kibrisdakik.com\/#website"},"primaryImageOfPage":{"@id":"https:\/\/kibrisdakik.com\/?p=62484#primaryimage"},"image":{"@id":"https:\/\/kibrisdakik.com\/?p=62484#primaryimage"},"thumbnailUrl":"https:\/\/kibrisdakik.com\/wp-content\/uploads\/2024\/09\/soylu-nun-canim-benim-dedigi-muhabirin-sorusu-17825260_2779_amp.jpg","datePublished":"2024-09-16T08:16:06+00:00","author":{"@id":"https:\/\/kibrisdakik.com\/#\/schema\/person\/9cd9d437bbb44f72b73ba127e06d8e79"},"breadcrumb":{"@id":"https:\/\/kibrisdakik.com\/?p=62484#breadcrumb"},"inLanguage":"tr","potentialAction":[{"@type":"ReadAction","target":["https:\/\/kibrisdakik.com\/?p=62484"]}]},{"@type":"ImageObject","inLanguage":"tr","@id":"https:\/\/kibrisdakik.com\/?p=62484#primaryimage","url":"https:\/\/kibrisdakik.com\/wp-content\/uploads\/2024\/09\/soylu-nun-canim-benim-dedigi-muhabirin-sorusu-17825260_2779_amp.jpg","contentUrl":"https:\/\/kibrisdakik.com\/wp-content\/uploads\/2024\/09\/soylu-nun-canim-benim-dedigi-muhabirin-sorusu-17825260_2779_amp.jpg","width":601,"height":337},{"@type":"BreadcrumbList","@id":"https:\/\/kibrisdakik.com\/?p=62484#breadcrumb","itemListElement":[{"@type":"ListItem","position":1,"name":"Home","item":"https:\/\/kibrisdakik.com\/"},{"@type":"ListItem","position":2,"name":"Soylu&#8217;nun &#8220;Can\u0131m benim&#8221; dedi\u011fi muhabirin sorusu Bakan Uralo\u011flu&#8217;nu k\u0131zd\u0131rd\u0131"}]},{"@type":"WebSite","@id":"https:\/\/kibrisdakik.com\/#website","url":"https:\/\/kibrisdakik.com\/","name":"","description":"Tam vaktinde haber","potentialAction":[{"@type":"SearchAction","target":{"@type":"EntryPoint","urlTemplate":"https:\/\/kibrisdakik.com\/?s={search_term_string}"},"query-input":{"@type":"PropertyValueSpecification","valueRequired":true,"valueName":"search_term_string"}}],"inLanguage":"tr"},{"@type":"Person","@id":"https:\/\/kibrisdakik.com\/#\/schema\/person\/9cd9d437bbb44f72b73ba127e06d8e79","name":"admin","image":{"@type":"ImageObject","inLanguage":"tr","@id":"https:\/\/secure.gravatar.com\/avatar\/ccc17943b9d660506c869530f897617f7cb1c21a4bf30023f252596d83e1f007?s=96&d=mm&r=g","url":"https:\/\/secure.gravatar.com\/avatar\/ccc17943b9d660506c869530f897617f7cb1c21a4bf30023f252596d83e1f007?s=96&d=mm&r=g","contentUrl":"https:\/\/secure.gravatar.com\/avatar\/ccc17943b9d660506c869530f897617f7cb1c21a4bf30023f252596d83e1f007?s=96&d=mm&r=g","caption":"admin"},"sameAs":["https:\/\/kibrisdakik.com"],"url":"https:\/\/kibrisdakik.com\/?author=1"}]}},"_links":{"self":[{"href":"https:\/\/kibrisdakik.com\/index.php?rest_route=\/wp\/v2\/posts\/62484","targetHints":{"allow":["GET"]}}],"collection":[{"href":"https:\/\/kibrisdakik.com\/index.php?rest_route=\/wp\/v2\/posts"}],"about":[{"href":"https:\/\/kibrisdakik.com\/index.php?rest_route=\/wp\/v2\/types\/post"}],"author":[{"embeddable":true,"href":"https:\/\/kibrisdakik.com\/index.php?rest_route=\/wp\/v2\/users\/1"}],"replies":[{"embeddable":true,"href":"https:\/\/kibrisdakik.com\/index.php?rest_route=%2Fwp%2Fv2%2Fcomments&post=62484"}],"version-history":[{"count":0,"href":"https:\/\/kibrisdakik.com\/index.php?rest_route=\/wp\/v2\/posts\/62484\/revisions"}],"wp:featuredmedia":[{"embeddable":true,"href":"https:\/\/kibrisdakik.com\/index.php?rest_route=\/wp\/v2\/media\/62485"}],"wp:attachment":[{"href":"https:\/\/kibrisdakik.com\/index.php?rest_route=%2Fwp%2Fv2%2Fmedia&parent=62484"}],"wp:term":[{"taxonomy":"category","embeddable":true,"href":"https:\/\/kibrisdakik.com\/index.php?rest_route=%2Fwp%2Fv2%2Fcategories&post=62484"},{"taxonomy":"post_tag","embeddable":true,"href":"https:\/\/kibrisdakik.com\/index.php?rest_route=%2Fwp%2Fv2%2Ftags&post=62484"}],"curies":[{"name":"wp","href":"https:\/\/api.w.org\/{rel}","templated":true}]}}