{"id":62488,"date":"2024-09-16T12:18:13","date_gmt":"2024-09-16T09:18:13","guid":{"rendered":"https:\/\/kibrisdakik.com\/index.php\/2024\/09\/16\/esendagli-kamu-reformu-yapilmali-calismaya-haziriz\/"},"modified":"2024-09-16T12:18:13","modified_gmt":"2024-09-16T09:18:13","slug":"esendagli-kamu-reformu-yapilmali-calismaya-haziriz","status":"publish","type":"post","link":"https:\/\/kibrisdakik.com\/?p=62488","title":{"rendered":"Esenda\u011fl\u0131: Kamu reformu yap\u0131lmal\u0131. \u00c7al\u0131\u015fmaya haz\u0131r\u0131z"},"content":{"rendered":"<div>\n<div class=\"mariselle-image-container center\">\n                                            <\/div>\n<p>Baro Konseyi Ba\u015fkan\u0131 Hasan Esenda\u011fl\u0131 2024-2025 Adli Y\u0131l\u0131 a\u00e7\u0131l\u0131\u015f t\u00f6reninde konu\u015fma yapt\u0131\u2026<\/p>\n<p>\u00dclkenin sorunlar\u0131n\u0131n y\u0131llard\u0131r tart\u0131\u015f\u0131ld\u0131\u011f\u0131n\u0131, bir k\u0131sm\u0131n\u0131n \u00e7\u00f6z\u00fcld\u00fc\u011f\u00fcn\u00fc ve b\u00fcy\u00fck bir \u00e7o\u011funlu\u011funun kronikle\u015fti\u011fini kaydeden Esenda\u011fl\u0131, bu sorunlar\u0131n en b\u00fcy\u00fck nedeninin kamu y\u00f6netiminde liyakat\u0131n\u0131n standart ve adil uygulanmamas\u0131 oldu\u011funu savundu\u2026<\/p>\n<p>Esenda\u011fl\u0131, \u201cKamu hizmetlerine ili\u015fkin g\u00f6rev ve yetkilerin tam anlam\u0131yla liyakatl\u0131 ki\u015filere teslim edilmesi, bu g\u00f6revin en iyi \u015fekilde yerine getirilece\u011fi \u00e7\u0131kar\u0131m\u0131 akl\u0131n gere\u011fidir\u201d dedi.<\/p>\n<p>Ana ekseni liyakat olan kamu reformunun yap\u0131lmas\u0131n\u0131 talep eden Esenda\u011fl\u0131, bu konuda baro olarak \u00e7al\u0131\u015fmaya haz\u0131r olduklar\u0131n\u0131 s\u00f6yledi.<\/p>\n<p>Konu\u015fmas\u0131nda G\u00fcney Lefko\u015fa\u2019daki Y\u00fcksek Mahkeme\u2019nin m\u00fclkiyet ile ilgili bir karar\u0131ndan da al\u0131nt\u0131 yapan Esenda\u011fl\u0131, K\u0131br\u0131s sorununun kapsaml\u0131 \u00e7\u00f6z\u00fcm\u00fc ger\u00e7ekle\u015fmeden m\u00fclkiyet sorununa ili\u015fkin K\u0131br\u0131sl\u0131 T\u00fcrkler veya adada i\u015f yapan ki\u015filerin bireysel olarak hedef al\u0131nmas\u0131n\u0131n hakl\u0131 ve yasal bir taraf\u0131n\u0131n bulunmad\u0131\u011f\u0131n\u0131 vurgulad\u0131.<\/p>\n<p>Esenda\u011fl\u0131, \u201cBu durum ne hukuki ne de insani a\u00e7\u0131dan kabul edilebilir de\u011fildir\u201d dedi.<\/p>\n<p>Esenda\u011fl\u0131, endi\u015fe verici ve tehlikeli bu durum kar\u015f\u0131s\u0131nda KKTC devleti ve kurumlar\u0131n\u0131n bu haks\u0131z uygulamalara kar\u015f\u0131 ulusalararas\u0131 toplumun bilgilendirilmesi i\u00e7in gerekli giri\u015fimleri yapmas\u0131 ve ma\u011fdur vatanda\u015flar\u0131n\u0131n uluslararas\u0131 anlamda hak aray\u0131\u015f\u0131na destek vermesi gerekti\u011fini s\u00f6yledi.<\/p>\n<p>Esenda\u011fl\u0131 Barolar Birli\u011fi\u2019nin \u00f6nemine i\u015faret ederek, \u201c\u00c7ocuklar\u0131m\u0131z\u0131n hakk\u0131 i\u00e7in \u0130sias davas\u0131nda ilk g\u00fcnden beri \u00f6nc\u00fc rol \u00fcstleniyoruz. \u00c7evre haklar\u0131n\u0131n korunmas\u0131nda da var\u0131z; patili sessiz ncan dostlar\u0131n\u0131n ya\u015fam hakk\u0131n\u0131n savunmas\u0131nda da\u201d dedi\u2026<\/p>\n<\/p><\/div>\n<p><script async\n                    defer\n                    crossorigin=\"anonymous\"\n                    src=\"https:\/\/connect.facebook.net\/tr_TR\/sdk.js#xfbml=1&#038;version=v3.3\"\n            ><\/script><\/p>\n","protected":false},"excerpt":{"rendered":"<p>Baro Konseyi Ba\u015fkan\u0131 Hasan Esenda\u011fl\u0131 2024-2025 Adli Y\u0131l\u0131 a\u00e7\u0131l\u0131\u015f t\u00f6reninde konu\u015fma yapt\u0131\u2026 \u00dclkenin sorunlar\u0131n\u0131n y\u0131llard\u0131r tart\u0131\u015f\u0131ld\u0131\u011f\u0131n\u0131, bir k\u0131sm\u0131n\u0131n \u00e7\u00f6z\u00fcld\u00fc\u011f\u00fcn\u00fc ve b\u00fcy\u00fck bir \u00e7o\u011funlu\u011funun kronikle\u015fti\u011fini kaydeden Esenda\u011fl\u0131, bu sorunlar\u0131n en b\u00fcy\u00fck nedeninin kamu y\u00f6netiminde liyakat\u0131n\u0131n standart ve adil uygulanmamas\u0131 oldu\u011funu savundu\u2026 Esenda\u011fl\u0131, \u201cKamu hizmetlerine ili\u015fkin g\u00f6rev ve yetkilerin tam anlam\u0131yla liyakatl\u0131 ki\u015filere teslim edilmesi, bu g\u00f6revin<\/p>\n","protected":false},"author":1,"featured_media":62489,"comment_status":"open","ping_status":"open","sticky":false,"template":"","format":"standard","meta":{"footnotes":""},"categories":[81],"tags":[],"class_list":["post-62488","post","type-post","status-publish","format-standard","has-post-thumbnail","hentry","category-kibris"],"yoast_head":"<!-- This site is optimized with the Yoast SEO plugin v27.5 - https:\/\/yoast.com\/product\/yoast-seo-wordpress\/ -->\n<title>Esenda\u011fl\u0131: Kamu reformu yap\u0131lmal\u0131. \u00c7al\u0131\u015fmaya haz\u0131r\u0131z -<\/title>\n<meta name=\"robots\" content=\"index, follow, max-snippet:-1, max-image-preview:large, max-video-preview:-1\" \/>\n<link rel=\"canonical\" href=\"https:\/\/kibrisdakik.com\/?p=62488\" \/>\n<meta property=\"og:locale\" content=\"tr_TR\" \/>\n<meta property=\"og:type\" content=\"article\" \/>\n<meta property=\"og:title\" content=\"Esenda\u011fl\u0131: Kamu reformu yap\u0131lmal\u0131. \u00c7al\u0131\u015fmaya haz\u0131r\u0131z -\" \/>\n<meta property=\"og:description\" content=\"Baro Konseyi Ba\u015fkan\u0131 Hasan Esenda\u011fl\u0131 2024-2025 Adli Y\u0131l\u0131 a\u00e7\u0131l\u0131\u015f t\u00f6reninde konu\u015fma yapt\u0131\u2026 \u00dclkenin sorunlar\u0131n\u0131n y\u0131llard\u0131r tart\u0131\u015f\u0131ld\u0131\u011f\u0131n\u0131, bir k\u0131sm\u0131n\u0131n \u00e7\u00f6z\u00fcld\u00fc\u011f\u00fcn\u00fc ve b\u00fcy\u00fck bir \u00e7o\u011funlu\u011funun kronikle\u015fti\u011fini kaydeden Esenda\u011fl\u0131, bu sorunlar\u0131n en b\u00fcy\u00fck nedeninin kamu y\u00f6netiminde liyakat\u0131n\u0131n standart ve adil uygulanmamas\u0131 oldu\u011funu savundu\u2026 Esenda\u011fl\u0131, \u201cKamu hizmetlerine ili\u015fkin g\u00f6rev ve yetkilerin tam anlam\u0131yla liyakatl\u0131 ki\u015filere teslim edilmesi, bu g\u00f6revin\" \/>\n<meta property=\"og:url\" content=\"https:\/\/kibrisdakik.com\/?p=62488\" \/>\n<meta property=\"article:published_time\" content=\"2024-09-16T09:18:13+00:00\" \/>\n<meta property=\"og:image\" content=\"https:\/\/kibrisdakik.com\/wp-content\/uploads\/2024\/09\/assdkska-740x420.jpg\" \/>\n\t<meta property=\"og:image:width\" content=\"1045\" \/>\n\t<meta property=\"og:image:height\" content=\"519\" \/>\n\t<meta property=\"og:image:type\" content=\"image\/jpeg\" \/>\n<meta name=\"author\" content=\"admin\" \/>\n<meta name=\"twitter:card\" content=\"summary_large_image\" \/>\n<meta name=\"twitter:label1\" content=\"Yazan:\" \/>\n\t<meta name=\"twitter:data1\" content=\"admin\" \/>\n\t<meta name=\"twitter:label2\" content=\"Tahmini okuma s\u00fcresi\" \/>\n\t<meta name=\"twitter:data2\" content=\"2 dakika\" \/>\n<script type=\"application\/ld+json\" class=\"yoast-schema-graph\">{\"@context\":\"https:\\\/\\\/schema.org\",\"@graph\":[{\"@type\":\"Article\",\"@id\":\"https:\\\/\\\/kibrisdakik.com\\\/?p=62488#article\",\"isPartOf\":{\"@id\":\"https:\\\/\\\/kibrisdakik.com\\\/?p=62488\"},\"author\":{\"name\":\"admin\",\"@id\":\"https:\\\/\\\/kibrisdakik.com\\\/#\\\/schema\\\/person\\\/9cd9d437bbb44f72b73ba127e06d8e79\"},\"headline\":\"Esenda\u011fl\u0131: Kamu reformu yap\u0131lmal\u0131. \u00c7al\u0131\u015fmaya haz\u0131r\u0131z\",\"datePublished\":\"2024-09-16T09:18:13+00:00\",\"mainEntityOfPage\":{\"@id\":\"https:\\\/\\\/kibrisdakik.com\\\/?p=62488\"},\"wordCount\":326,\"commentCount\":0,\"image\":{\"@id\":\"https:\\\/\\\/kibrisdakik.com\\\/?p=62488#primaryimage\"},\"thumbnailUrl\":\"https:\\\/\\\/kibrisdakik.com\\\/wp-content\\\/uploads\\\/2024\\\/09\\\/assdkska-740x420.jpg\",\"articleSection\":[\"K\u0131br\u0131s\"],\"inLanguage\":\"tr\",\"potentialAction\":[{\"@type\":\"CommentAction\",\"name\":\"Comment\",\"target\":[\"https:\\\/\\\/kibrisdakik.com\\\/?p=62488#respond\"]}]},{\"@type\":\"WebPage\",\"@id\":\"https:\\\/\\\/kibrisdakik.com\\\/?p=62488\",\"url\":\"https:\\\/\\\/kibrisdakik.com\\\/?p=62488\",\"name\":\"Esenda\u011fl\u0131: Kamu reformu yap\u0131lmal\u0131. \u00c7al\u0131\u015fmaya haz\u0131r\u0131z -\",\"isPartOf\":{\"@id\":\"https:\\\/\\\/kibrisdakik.com\\\/#website\"},\"primaryImageOfPage\":{\"@id\":\"https:\\\/\\\/kibrisdakik.com\\\/?p=62488#primaryimage\"},\"image\":{\"@id\":\"https:\\\/\\\/kibrisdakik.com\\\/?p=62488#primaryimage\"},\"thumbnailUrl\":\"https:\\\/\\\/kibrisdakik.com\\\/wp-content\\\/uploads\\\/2024\\\/09\\\/assdkska-740x420.jpg\",\"datePublished\":\"2024-09-16T09:18:13+00:00\",\"author\":{\"@id\":\"https:\\\/\\\/kibrisdakik.com\\\/#\\\/schema\\\/person\\\/9cd9d437bbb44f72b73ba127e06d8e79\"},\"breadcrumb\":{\"@id\":\"https:\\\/\\\/kibrisdakik.com\\\/?p=62488#breadcrumb\"},\"inLanguage\":\"tr\",\"potentialAction\":[{\"@type\":\"ReadAction\",\"target\":[\"https:\\\/\\\/kibrisdakik.com\\\/?p=62488\"]}]},{\"@type\":\"ImageObject\",\"inLanguage\":\"tr\",\"@id\":\"https:\\\/\\\/kibrisdakik.com\\\/?p=62488#primaryimage\",\"url\":\"https:\\\/\\\/kibrisdakik.com\\\/wp-content\\\/uploads\\\/2024\\\/09\\\/assdkska-740x420.jpg\",\"contentUrl\":\"https:\\\/\\\/kibrisdakik.com\\\/wp-content\\\/uploads\\\/2024\\\/09\\\/assdkska-740x420.jpg\",\"width\":1045,\"height\":519},{\"@type\":\"BreadcrumbList\",\"@id\":\"https:\\\/\\\/kibrisdakik.com\\\/?p=62488#breadcrumb\",\"itemListElement\":[{\"@type\":\"ListItem\",\"position\":1,\"name\":\"Home\",\"item\":\"https:\\\/\\\/kibrisdakik.com\\\/\"},{\"@type\":\"ListItem\",\"position\":2,\"name\":\"Esenda\u011fl\u0131: Kamu reformu yap\u0131lmal\u0131. \u00c7al\u0131\u015fmaya haz\u0131r\u0131z\"}]},{\"@type\":\"WebSite\",\"@id\":\"https:\\\/\\\/kibrisdakik.com\\\/#website\",\"url\":\"https:\\\/\\\/kibrisdakik.com\\\/\",\"name\":\"\",\"description\":\"Tam vaktinde haber\",\"potentialAction\":[{\"@type\":\"SearchAction\",\"target\":{\"@type\":\"EntryPoint\",\"urlTemplate\":\"https:\\\/\\\/kibrisdakik.com\\\/?s={search_term_string}\"},\"query-input\":{\"@type\":\"PropertyValueSpecification\",\"valueRequired\":true,\"valueName\":\"search_term_string\"}}],\"inLanguage\":\"tr\"},{\"@type\":\"Person\",\"@id\":\"https:\\\/\\\/kibrisdakik.com\\\/#\\\/schema\\\/person\\\/9cd9d437bbb44f72b73ba127e06d8e79\",\"name\":\"admin\",\"image\":{\"@type\":\"ImageObject\",\"inLanguage\":\"tr\",\"@id\":\"https:\\\/\\\/secure.gravatar.com\\\/avatar\\\/ccc17943b9d660506c869530f897617f7cb1c21a4bf30023f252596d83e1f007?s=96&d=mm&r=g\",\"url\":\"https:\\\/\\\/secure.gravatar.com\\\/avatar\\\/ccc17943b9d660506c869530f897617f7cb1c21a4bf30023f252596d83e1f007?s=96&d=mm&r=g\",\"contentUrl\":\"https:\\\/\\\/secure.gravatar.com\\\/avatar\\\/ccc17943b9d660506c869530f897617f7cb1c21a4bf30023f252596d83e1f007?s=96&d=mm&r=g\",\"caption\":\"admin\"},\"sameAs\":[\"https:\\\/\\\/kibrisdakik.com\"],\"url\":\"https:\\\/\\\/kibrisdakik.com\\\/?author=1\"}]}<\/script>\n<!-- \/ Yoast SEO plugin. -->","yoast_head_json":{"title":"Esenda\u011fl\u0131: Kamu reformu yap\u0131lmal\u0131. \u00c7al\u0131\u015fmaya haz\u0131r\u0131z -","robots":{"index":"index","follow":"follow","max-snippet":"max-snippet:-1","max-image-preview":"max-image-preview:large","max-video-preview":"max-video-preview:-1"},"canonical":"https:\/\/kibrisdakik.com\/?p=62488","og_locale":"tr_TR","og_type":"article","og_title":"Esenda\u011fl\u0131: Kamu reformu yap\u0131lmal\u0131. \u00c7al\u0131\u015fmaya haz\u0131r\u0131z -","og_description":"Baro Konseyi Ba\u015fkan\u0131 Hasan Esenda\u011fl\u0131 2024-2025 Adli Y\u0131l\u0131 a\u00e7\u0131l\u0131\u015f t\u00f6reninde konu\u015fma yapt\u0131\u2026 \u00dclkenin sorunlar\u0131n\u0131n y\u0131llard\u0131r tart\u0131\u015f\u0131ld\u0131\u011f\u0131n\u0131, bir k\u0131sm\u0131n\u0131n \u00e7\u00f6z\u00fcld\u00fc\u011f\u00fcn\u00fc ve b\u00fcy\u00fck bir \u00e7o\u011funlu\u011funun kronikle\u015fti\u011fini kaydeden Esenda\u011fl\u0131, bu sorunlar\u0131n en b\u00fcy\u00fck nedeninin kamu y\u00f6netiminde liyakat\u0131n\u0131n standart ve adil uygulanmamas\u0131 oldu\u011funu savundu\u2026 Esenda\u011fl\u0131, \u201cKamu hizmetlerine ili\u015fkin g\u00f6rev ve yetkilerin tam anlam\u0131yla liyakatl\u0131 ki\u015filere teslim edilmesi, bu g\u00f6revin","og_url":"https:\/\/kibrisdakik.com\/?p=62488","article_published_time":"2024-09-16T09:18:13+00:00","og_image":[{"width":1045,"height":519,"url":"https:\/\/kibrisdakik.com\/wp-content\/uploads\/2024\/09\/assdkska-740x420.jpg","type":"image\/jpeg"}],"author":"admin","twitter_card":"summary_large_image","twitter_misc":{"Yazan:":"admin","Tahmini okuma s\u00fcresi":"2 dakika"},"schema":{"@context":"https:\/\/schema.org","@graph":[{"@type":"Article","@id":"https:\/\/kibrisdakik.com\/?p=62488#article","isPartOf":{"@id":"https:\/\/kibrisdakik.com\/?p=62488"},"author":{"name":"admin","@id":"https:\/\/kibrisdakik.com\/#\/schema\/person\/9cd9d437bbb44f72b73ba127e06d8e79"},"headline":"Esenda\u011fl\u0131: Kamu reformu yap\u0131lmal\u0131. \u00c7al\u0131\u015fmaya haz\u0131r\u0131z","datePublished":"2024-09-16T09:18:13+00:00","mainEntityOfPage":{"@id":"https:\/\/kibrisdakik.com\/?p=62488"},"wordCount":326,"commentCount":0,"image":{"@id":"https:\/\/kibrisdakik.com\/?p=62488#primaryimage"},"thumbnailUrl":"https:\/\/kibrisdakik.com\/wp-content\/uploads\/2024\/09\/assdkska-740x420.jpg","articleSection":["K\u0131br\u0131s"],"inLanguage":"tr","potentialAction":[{"@type":"CommentAction","name":"Comment","target":["https:\/\/kibrisdakik.com\/?p=62488#respond"]}]},{"@type":"WebPage","@id":"https:\/\/kibrisdakik.com\/?p=62488","url":"https:\/\/kibrisdakik.com\/?p=62488","name":"Esenda\u011fl\u0131: Kamu reformu yap\u0131lmal\u0131. \u00c7al\u0131\u015fmaya haz\u0131r\u0131z -","isPartOf":{"@id":"https:\/\/kibrisdakik.com\/#website"},"primaryImageOfPage":{"@id":"https:\/\/kibrisdakik.com\/?p=62488#primaryimage"},"image":{"@id":"https:\/\/kibrisdakik.com\/?p=62488#primaryimage"},"thumbnailUrl":"https:\/\/kibrisdakik.com\/wp-content\/uploads\/2024\/09\/assdkska-740x420.jpg","datePublished":"2024-09-16T09:18:13+00:00","author":{"@id":"https:\/\/kibrisdakik.com\/#\/schema\/person\/9cd9d437bbb44f72b73ba127e06d8e79"},"breadcrumb":{"@id":"https:\/\/kibrisdakik.com\/?p=62488#breadcrumb"},"inLanguage":"tr","potentialAction":[{"@type":"ReadAction","target":["https:\/\/kibrisdakik.com\/?p=62488"]}]},{"@type":"ImageObject","inLanguage":"tr","@id":"https:\/\/kibrisdakik.com\/?p=62488#primaryimage","url":"https:\/\/kibrisdakik.com\/wp-content\/uploads\/2024\/09\/assdkska-740x420.jpg","contentUrl":"https:\/\/kibrisdakik.com\/wp-content\/uploads\/2024\/09\/assdkska-740x420.jpg","width":1045,"height":519},{"@type":"BreadcrumbList","@id":"https:\/\/kibrisdakik.com\/?p=62488#breadcrumb","itemListElement":[{"@type":"ListItem","position":1,"name":"Home","item":"https:\/\/kibrisdakik.com\/"},{"@type":"ListItem","position":2,"name":"Esenda\u011fl\u0131: Kamu reformu yap\u0131lmal\u0131. \u00c7al\u0131\u015fmaya haz\u0131r\u0131z"}]},{"@type":"WebSite","@id":"https:\/\/kibrisdakik.com\/#website","url":"https:\/\/kibrisdakik.com\/","name":"","description":"Tam vaktinde haber","potentialAction":[{"@type":"SearchAction","target":{"@type":"EntryPoint","urlTemplate":"https:\/\/kibrisdakik.com\/?s={search_term_string}"},"query-input":{"@type":"PropertyValueSpecification","valueRequired":true,"valueName":"search_term_string"}}],"inLanguage":"tr"},{"@type":"Person","@id":"https:\/\/kibrisdakik.com\/#\/schema\/person\/9cd9d437bbb44f72b73ba127e06d8e79","name":"admin","image":{"@type":"ImageObject","inLanguage":"tr","@id":"https:\/\/secure.gravatar.com\/avatar\/ccc17943b9d660506c869530f897617f7cb1c21a4bf30023f252596d83e1f007?s=96&d=mm&r=g","url":"https:\/\/secure.gravatar.com\/avatar\/ccc17943b9d660506c869530f897617f7cb1c21a4bf30023f252596d83e1f007?s=96&d=mm&r=g","contentUrl":"https:\/\/secure.gravatar.com\/avatar\/ccc17943b9d660506c869530f897617f7cb1c21a4bf30023f252596d83e1f007?s=96&d=mm&r=g","caption":"admin"},"sameAs":["https:\/\/kibrisdakik.com"],"url":"https:\/\/kibrisdakik.com\/?author=1"}]}},"_links":{"self":[{"href":"https:\/\/kibrisdakik.com\/index.php?rest_route=\/wp\/v2\/posts\/62488","targetHints":{"allow":["GET"]}}],"collection":[{"href":"https:\/\/kibrisdakik.com\/index.php?rest_route=\/wp\/v2\/posts"}],"about":[{"href":"https:\/\/kibrisdakik.com\/index.php?rest_route=\/wp\/v2\/types\/post"}],"author":[{"embeddable":true,"href":"https:\/\/kibrisdakik.com\/index.php?rest_route=\/wp\/v2\/users\/1"}],"replies":[{"embeddable":true,"href":"https:\/\/kibrisdakik.com\/index.php?rest_route=%2Fwp%2Fv2%2Fcomments&post=62488"}],"version-history":[{"count":0,"href":"https:\/\/kibrisdakik.com\/index.php?rest_route=\/wp\/v2\/posts\/62488\/revisions"}],"wp:featuredmedia":[{"embeddable":true,"href":"https:\/\/kibrisdakik.com\/index.php?rest_route=\/wp\/v2\/media\/62489"}],"wp:attachment":[{"href":"https:\/\/kibrisdakik.com\/index.php?rest_route=%2Fwp%2Fv2%2Fmedia&parent=62488"}],"wp:term":[{"taxonomy":"category","embeddable":true,"href":"https:\/\/kibrisdakik.com\/index.php?rest_route=%2Fwp%2Fv2%2Fcategories&post=62488"},{"taxonomy":"post_tag","embeddable":true,"href":"https:\/\/kibrisdakik.com\/index.php?rest_route=%2Fwp%2Fv2%2Ftags&post=62488"}],"curies":[{"name":"wp","href":"https:\/\/api.w.org\/{rel}","templated":true}]}}