{"id":62497,"date":"2024-09-16T12:52:10","date_gmt":"2024-09-16T09:52:10","guid":{"rendered":"https:\/\/kibrisdakik.com\/index.php\/2024\/09\/16\/ktos-tc-lefkosa-buyukelciligi-onunde-basin-aciklamasi-yapti\/"},"modified":"2024-09-16T12:52:10","modified_gmt":"2024-09-16T09:52:10","slug":"ktos-tc-lefkosa-buyukelciligi-onunde-basin-aciklamasi-yapti","status":"publish","type":"post","link":"https:\/\/kibrisdakik.com\/?p=62497","title":{"rendered":"KT\u00d6S, TC Lefko\u015fa B\u00fcy\u00fckel\u00e7ili\u011fi \u00f6n\u00fcnde bas\u0131n a\u00e7\u0131klamas\u0131 yapt\u0131"},"content":{"rendered":"<div>\n<div class=\"mariselle-image-container none\">\n                                            <\/div>\n<p>K\u0131br\u0131s T\u00fcrk \u00d6\u011fretmenler Sendikas\u0131, okullar\u0131n a\u00e7\u0131l\u0131\u015f\u0131n\u0131n bir hafta ertelenmesini protesto etmek amac\u0131yla, T\u00fcrkiye Cumhuriyeti Lefko\u015fa B\u00fcy\u00fckel\u00e7ili\u011fi \u00f6n\u00fcnde toplanarak bas\u0131na a\u00e7\u0131klama yapt\u0131.<\/p>\n<p>K\u0131br\u0131s T\u00fcrk \u00d6\u011fretmenler Sendikas\u0131 Genel Sekreteri Burak Mavi\u015f, el\u00e7ili\u011fin siyasete m\u00fcdaha etti\u011fini savunarak, bu sebeple eylemlerini T\u00fcrkiye\u2019nin Lefko\u015fa B\u00fcy\u00fckel\u00e7ili\u011fi \u00f6n\u00fcnde yapt\u0131klar\u0131n\u0131 kaydetti.<\/p>\n<p>\u00c7ocuklar\u0131n e\u011fitiminin \u00f6nemine i\u015faret eden Mavi\u015f, e\u011fitimin kurultaya malzeme edildi\u011fi iddias\u0131nda bulundu.<\/p>\n<p>Mavi\u015f, KKTC\u2019nin, T\u00fcrkiye Cumhuriyeti ile e\u015fit siyasi ili\u015fkiler kuracak yeterlili\u011fe sahip oldu\u011funu belirterek, K\u0131br\u0131s T\u00fcrklerinin kendi kendini y\u00f6netecek bilgi, beceri ve potansiyelinin mevcut oldu\u011funu ifade etti.<\/p>\n<p>\u00d6\u011fretmen atamalar\u0131 ile ilgili listenin bakanl\u0131k taraf\u0131ndan haz\u0131r oldu\u011funun bildirildi\u011fini belirten Mavi\u015f, haz\u0131r olan atamalarla ilgili listelerin g\u00f6nderilmesi halinde gerekli haz\u0131rl\u0131klar\u0131 yapm\u0131\u015f olan \u00f6\u011fretmenlerin ders ba\u015f\u0131 yapmaya haz\u0131r olduklar\u0131n\u0131 s\u00f6yledi.<\/p>\n<p>Y\u00f6netim Kurulu ad\u0131na haz\u0131rlanan bas\u0131n a\u00e7\u0131klamas\u0131n\u0131 okuyan K\u0131br\u0131s T\u00fcrk \u00d6\u011fretmenler Sendikas\u0131 Ba\u015fkan\u0131 Mustafa Baybora da, tarihte ilk defa, okullar\u0131n zaman\u0131nda a\u00e7\u0131lamad\u0131\u011f\u0131n\u0131 s\u00f6yledi.<\/p>\n<p>Baybora, \u201c\u00fclkede ne bir ola\u011fan\u00fcst\u00fc hal, ne sava\u015f, ne de do\u011fal afet var. Ancak, bir y\u0131l \u00f6nceden belli olan sorunlara ra\u011fmen planlama yap\u0131lmad\u0131\u201d dedi.<\/p>\n<p>Bir\u00e7ok okulda in\u015faat ve haz\u0131rl\u0131klar devam ederken, \u00f6\u011fretmen, y\u00f6netici ve okul \u00e7al\u0131\u015fanlar\u0131n\u0131n, ge\u00e7ici \u00e7\u00f6z\u00fcmlerle \u00f6\u011frencilerini kar\u015f\u0131lamaya \u00e7al\u0131\u015ft\u0131\u011f\u0131n\u0131 belirten Baybora, en b\u00fcy\u00fck zarar\u0131, \u00f6\u011frencilerin g\u00f6rd\u00fc\u011f\u00fcn\u00fc s\u00f6yledi.<\/p>\n<p>Eyleme destek veren K\u0131br\u0131s T\u00fcrk Amme Memurlar\u0131 Sendikas\u0131 Ba\u015fkan\u0131 G\u00fcven Bengihan da, koltuk ve kurultay u\u011fruna gelece\u011fin \u00e7ocuklar\u0131n\u0131n feda edildi\u011fini ileri s\u00fcrd\u00fc.<\/p>\n<\/p><\/div>\n<p><script async\n                    defer\n                    crossorigin=\"anonymous\"\n                    src=\"https:\/\/connect.facebook.net\/tr_TR\/sdk.js#xfbml=1&#038;version=v3.3\"\n            ><\/script><\/p>\n","protected":false},"excerpt":{"rendered":"<p>K\u0131br\u0131s T\u00fcrk \u00d6\u011fretmenler Sendikas\u0131, okullar\u0131n a\u00e7\u0131l\u0131\u015f\u0131n\u0131n bir hafta ertelenmesini protesto etmek amac\u0131yla, T\u00fcrkiye Cumhuriyeti Lefko\u015fa B\u00fcy\u00fckel\u00e7ili\u011fi \u00f6n\u00fcnde toplanarak bas\u0131na a\u00e7\u0131klama yapt\u0131. K\u0131br\u0131s T\u00fcrk \u00d6\u011fretmenler Sendikas\u0131 Genel Sekreteri Burak Mavi\u015f, el\u00e7ili\u011fin siyasete m\u00fcdaha etti\u011fini savunarak, bu sebeple eylemlerini T\u00fcrkiye\u2019nin Lefko\u015fa B\u00fcy\u00fckel\u00e7ili\u011fi \u00f6n\u00fcnde yapt\u0131klar\u0131n\u0131 kaydetti. \u00c7ocuklar\u0131n e\u011fitiminin \u00f6nemine i\u015faret eden Mavi\u015f, e\u011fitimin kurultaya malzeme edildi\u011fi iddias\u0131nda bulundu.<\/p>\n","protected":false},"author":1,"featured_media":62498,"comment_status":"open","ping_status":"open","sticky":false,"template":"","format":"standard","meta":{"footnotes":""},"categories":[81],"tags":[],"class_list":["post-62497","post","type-post","status-publish","format-standard","has-post-thumbnail","hentry","category-kibris"],"yoast_head":"<!-- This site is optimized with the Yoast SEO plugin v27.5 - https:\/\/yoast.com\/product\/yoast-seo-wordpress\/ -->\n<title>KT\u00d6S, TC Lefko\u015fa B\u00fcy\u00fckel\u00e7ili\u011fi \u00f6n\u00fcnde bas\u0131n a\u00e7\u0131klamas\u0131 yapt\u0131 -<\/title>\n<meta name=\"robots\" content=\"index, follow, max-snippet:-1, max-image-preview:large, max-video-preview:-1\" \/>\n<link rel=\"canonical\" href=\"https:\/\/kibrisdakik.com\/?p=62497\" \/>\n<meta property=\"og:locale\" content=\"tr_TR\" \/>\n<meta property=\"og:type\" content=\"article\" \/>\n<meta property=\"og:title\" content=\"KT\u00d6S, TC Lefko\u015fa B\u00fcy\u00fckel\u00e7ili\u011fi \u00f6n\u00fcnde bas\u0131n a\u00e7\u0131klamas\u0131 yapt\u0131 -\" \/>\n<meta property=\"og:description\" content=\"K\u0131br\u0131s T\u00fcrk \u00d6\u011fretmenler Sendikas\u0131, okullar\u0131n a\u00e7\u0131l\u0131\u015f\u0131n\u0131n bir hafta ertelenmesini protesto etmek amac\u0131yla, T\u00fcrkiye Cumhuriyeti Lefko\u015fa B\u00fcy\u00fckel\u00e7ili\u011fi \u00f6n\u00fcnde toplanarak bas\u0131na a\u00e7\u0131klama yapt\u0131. K\u0131br\u0131s T\u00fcrk \u00d6\u011fretmenler Sendikas\u0131 Genel Sekreteri Burak Mavi\u015f, el\u00e7ili\u011fin siyasete m\u00fcdaha etti\u011fini savunarak, bu sebeple eylemlerini T\u00fcrkiye\u2019nin Lefko\u015fa B\u00fcy\u00fckel\u00e7ili\u011fi \u00f6n\u00fcnde yapt\u0131klar\u0131n\u0131 kaydetti. \u00c7ocuklar\u0131n e\u011fitiminin \u00f6nemine i\u015faret eden Mavi\u015f, e\u011fitimin kurultaya malzeme edildi\u011fi iddias\u0131nda bulundu.\" \/>\n<meta property=\"og:url\" content=\"https:\/\/kibrisdakik.com\/?p=62497\" \/>\n<meta property=\"article:published_time\" content=\"2024-09-16T09:52:10+00:00\" \/>\n<meta property=\"og:image\" content=\"https:\/\/kibrisdakik.com\/wp-content\/uploads\/2024\/09\/ktos-lefkosa-buyukelciligi-onunde-basin-aciklamasi-yapti-1-so-740x420.jpg\" \/>\n\t<meta property=\"og:image:width\" content=\"928\" \/>\n\t<meta property=\"og:image:height\" content=\"481\" \/>\n\t<meta property=\"og:image:type\" content=\"image\/jpeg\" \/>\n<meta name=\"author\" content=\"admin\" \/>\n<meta name=\"twitter:card\" content=\"summary_large_image\" \/>\n<meta name=\"twitter:label1\" content=\"Yazan:\" \/>\n\t<meta name=\"twitter:data1\" content=\"admin\" \/>\n\t<meta name=\"twitter:label2\" content=\"Tahmini okuma s\u00fcresi\" \/>\n\t<meta name=\"twitter:data2\" content=\"2 dakika\" \/>\n<script type=\"application\/ld+json\" class=\"yoast-schema-graph\">{\"@context\":\"https:\\\/\\\/schema.org\",\"@graph\":[{\"@type\":\"Article\",\"@id\":\"https:\\\/\\\/kibrisdakik.com\\\/?p=62497#article\",\"isPartOf\":{\"@id\":\"https:\\\/\\\/kibrisdakik.com\\\/?p=62497\"},\"author\":{\"name\":\"admin\",\"@id\":\"https:\\\/\\\/kibrisdakik.com\\\/#\\\/schema\\\/person\\\/9cd9d437bbb44f72b73ba127e06d8e79\"},\"headline\":\"KT\u00d6S, TC Lefko\u015fa B\u00fcy\u00fckel\u00e7ili\u011fi \u00f6n\u00fcnde bas\u0131n a\u00e7\u0131klamas\u0131 yapt\u0131\",\"datePublished\":\"2024-09-16T09:52:10+00:00\",\"mainEntityOfPage\":{\"@id\":\"https:\\\/\\\/kibrisdakik.com\\\/?p=62497\"},\"wordCount\":334,\"commentCount\":0,\"image\":{\"@id\":\"https:\\\/\\\/kibrisdakik.com\\\/?p=62497#primaryimage\"},\"thumbnailUrl\":\"https:\\\/\\\/kibrisdakik.com\\\/wp-content\\\/uploads\\\/2024\\\/09\\\/ktos-lefkosa-buyukelciligi-onunde-basin-aciklamasi-yapti-1-so-740x420.jpg\",\"articleSection\":[\"K\u0131br\u0131s\"],\"inLanguage\":\"tr\",\"potentialAction\":[{\"@type\":\"CommentAction\",\"name\":\"Comment\",\"target\":[\"https:\\\/\\\/kibrisdakik.com\\\/?p=62497#respond\"]}]},{\"@type\":\"WebPage\",\"@id\":\"https:\\\/\\\/kibrisdakik.com\\\/?p=62497\",\"url\":\"https:\\\/\\\/kibrisdakik.com\\\/?p=62497\",\"name\":\"KT\u00d6S, TC Lefko\u015fa B\u00fcy\u00fckel\u00e7ili\u011fi \u00f6n\u00fcnde bas\u0131n a\u00e7\u0131klamas\u0131 yapt\u0131 -\",\"isPartOf\":{\"@id\":\"https:\\\/\\\/kibrisdakik.com\\\/#website\"},\"primaryImageOfPage\":{\"@id\":\"https:\\\/\\\/kibrisdakik.com\\\/?p=62497#primaryimage\"},\"image\":{\"@id\":\"https:\\\/\\\/kibrisdakik.com\\\/?p=62497#primaryimage\"},\"thumbnailUrl\":\"https:\\\/\\\/kibrisdakik.com\\\/wp-content\\\/uploads\\\/2024\\\/09\\\/ktos-lefkosa-buyukelciligi-onunde-basin-aciklamasi-yapti-1-so-740x420.jpg\",\"datePublished\":\"2024-09-16T09:52:10+00:00\",\"author\":{\"@id\":\"https:\\\/\\\/kibrisdakik.com\\\/#\\\/schema\\\/person\\\/9cd9d437bbb44f72b73ba127e06d8e79\"},\"breadcrumb\":{\"@id\":\"https:\\\/\\\/kibrisdakik.com\\\/?p=62497#breadcrumb\"},\"inLanguage\":\"tr\",\"potentialAction\":[{\"@type\":\"ReadAction\",\"target\":[\"https:\\\/\\\/kibrisdakik.com\\\/?p=62497\"]}]},{\"@type\":\"ImageObject\",\"inLanguage\":\"tr\",\"@id\":\"https:\\\/\\\/kibrisdakik.com\\\/?p=62497#primaryimage\",\"url\":\"https:\\\/\\\/kibrisdakik.com\\\/wp-content\\\/uploads\\\/2024\\\/09\\\/ktos-lefkosa-buyukelciligi-onunde-basin-aciklamasi-yapti-1-so-740x420.jpg\",\"contentUrl\":\"https:\\\/\\\/kibrisdakik.com\\\/wp-content\\\/uploads\\\/2024\\\/09\\\/ktos-lefkosa-buyukelciligi-onunde-basin-aciklamasi-yapti-1-so-740x420.jpg\",\"width\":928,\"height\":481},{\"@type\":\"BreadcrumbList\",\"@id\":\"https:\\\/\\\/kibrisdakik.com\\\/?p=62497#breadcrumb\",\"itemListElement\":[{\"@type\":\"ListItem\",\"position\":1,\"name\":\"Home\",\"item\":\"https:\\\/\\\/kibrisdakik.com\\\/\"},{\"@type\":\"ListItem\",\"position\":2,\"name\":\"KT\u00d6S, TC Lefko\u015fa B\u00fcy\u00fckel\u00e7ili\u011fi \u00f6n\u00fcnde bas\u0131n a\u00e7\u0131klamas\u0131 yapt\u0131\"}]},{\"@type\":\"WebSite\",\"@id\":\"https:\\\/\\\/kibrisdakik.com\\\/#website\",\"url\":\"https:\\\/\\\/kibrisdakik.com\\\/\",\"name\":\"\",\"description\":\"Tam vaktinde haber\",\"potentialAction\":[{\"@type\":\"SearchAction\",\"target\":{\"@type\":\"EntryPoint\",\"urlTemplate\":\"https:\\\/\\\/kibrisdakik.com\\\/?s={search_term_string}\"},\"query-input\":{\"@type\":\"PropertyValueSpecification\",\"valueRequired\":true,\"valueName\":\"search_term_string\"}}],\"inLanguage\":\"tr\"},{\"@type\":\"Person\",\"@id\":\"https:\\\/\\\/kibrisdakik.com\\\/#\\\/schema\\\/person\\\/9cd9d437bbb44f72b73ba127e06d8e79\",\"name\":\"admin\",\"image\":{\"@type\":\"ImageObject\",\"inLanguage\":\"tr\",\"@id\":\"https:\\\/\\\/secure.gravatar.com\\\/avatar\\\/ccc17943b9d660506c869530f897617f7cb1c21a4bf30023f252596d83e1f007?s=96&d=mm&r=g\",\"url\":\"https:\\\/\\\/secure.gravatar.com\\\/avatar\\\/ccc17943b9d660506c869530f897617f7cb1c21a4bf30023f252596d83e1f007?s=96&d=mm&r=g\",\"contentUrl\":\"https:\\\/\\\/secure.gravatar.com\\\/avatar\\\/ccc17943b9d660506c869530f897617f7cb1c21a4bf30023f252596d83e1f007?s=96&d=mm&r=g\",\"caption\":\"admin\"},\"sameAs\":[\"https:\\\/\\\/kibrisdakik.com\"],\"url\":\"https:\\\/\\\/kibrisdakik.com\\\/?author=1\"}]}<\/script>\n<!-- \/ Yoast SEO plugin. -->","yoast_head_json":{"title":"KT\u00d6S, TC Lefko\u015fa B\u00fcy\u00fckel\u00e7ili\u011fi \u00f6n\u00fcnde bas\u0131n a\u00e7\u0131klamas\u0131 yapt\u0131 -","robots":{"index":"index","follow":"follow","max-snippet":"max-snippet:-1","max-image-preview":"max-image-preview:large","max-video-preview":"max-video-preview:-1"},"canonical":"https:\/\/kibrisdakik.com\/?p=62497","og_locale":"tr_TR","og_type":"article","og_title":"KT\u00d6S, TC Lefko\u015fa B\u00fcy\u00fckel\u00e7ili\u011fi \u00f6n\u00fcnde bas\u0131n a\u00e7\u0131klamas\u0131 yapt\u0131 -","og_description":"K\u0131br\u0131s T\u00fcrk \u00d6\u011fretmenler Sendikas\u0131, okullar\u0131n a\u00e7\u0131l\u0131\u015f\u0131n\u0131n bir hafta ertelenmesini protesto etmek amac\u0131yla, T\u00fcrkiye Cumhuriyeti Lefko\u015fa B\u00fcy\u00fckel\u00e7ili\u011fi \u00f6n\u00fcnde toplanarak bas\u0131na a\u00e7\u0131klama yapt\u0131. K\u0131br\u0131s T\u00fcrk \u00d6\u011fretmenler Sendikas\u0131 Genel Sekreteri Burak Mavi\u015f, el\u00e7ili\u011fin siyasete m\u00fcdaha etti\u011fini savunarak, bu sebeple eylemlerini T\u00fcrkiye\u2019nin Lefko\u015fa B\u00fcy\u00fckel\u00e7ili\u011fi \u00f6n\u00fcnde yapt\u0131klar\u0131n\u0131 kaydetti. \u00c7ocuklar\u0131n e\u011fitiminin \u00f6nemine i\u015faret eden Mavi\u015f, e\u011fitimin kurultaya malzeme edildi\u011fi iddias\u0131nda bulundu.","og_url":"https:\/\/kibrisdakik.com\/?p=62497","article_published_time":"2024-09-16T09:52:10+00:00","og_image":[{"width":928,"height":481,"url":"https:\/\/kibrisdakik.com\/wp-content\/uploads\/2024\/09\/ktos-lefkosa-buyukelciligi-onunde-basin-aciklamasi-yapti-1-so-740x420.jpg","type":"image\/jpeg"}],"author":"admin","twitter_card":"summary_large_image","twitter_misc":{"Yazan:":"admin","Tahmini okuma s\u00fcresi":"2 dakika"},"schema":{"@context":"https:\/\/schema.org","@graph":[{"@type":"Article","@id":"https:\/\/kibrisdakik.com\/?p=62497#article","isPartOf":{"@id":"https:\/\/kibrisdakik.com\/?p=62497"},"author":{"name":"admin","@id":"https:\/\/kibrisdakik.com\/#\/schema\/person\/9cd9d437bbb44f72b73ba127e06d8e79"},"headline":"KT\u00d6S, TC Lefko\u015fa B\u00fcy\u00fckel\u00e7ili\u011fi \u00f6n\u00fcnde bas\u0131n a\u00e7\u0131klamas\u0131 yapt\u0131","datePublished":"2024-09-16T09:52:10+00:00","mainEntityOfPage":{"@id":"https:\/\/kibrisdakik.com\/?p=62497"},"wordCount":334,"commentCount":0,"image":{"@id":"https:\/\/kibrisdakik.com\/?p=62497#primaryimage"},"thumbnailUrl":"https:\/\/kibrisdakik.com\/wp-content\/uploads\/2024\/09\/ktos-lefkosa-buyukelciligi-onunde-basin-aciklamasi-yapti-1-so-740x420.jpg","articleSection":["K\u0131br\u0131s"],"inLanguage":"tr","potentialAction":[{"@type":"CommentAction","name":"Comment","target":["https:\/\/kibrisdakik.com\/?p=62497#respond"]}]},{"@type":"WebPage","@id":"https:\/\/kibrisdakik.com\/?p=62497","url":"https:\/\/kibrisdakik.com\/?p=62497","name":"KT\u00d6S, TC Lefko\u015fa B\u00fcy\u00fckel\u00e7ili\u011fi \u00f6n\u00fcnde bas\u0131n a\u00e7\u0131klamas\u0131 yapt\u0131 -","isPartOf":{"@id":"https:\/\/kibrisdakik.com\/#website"},"primaryImageOfPage":{"@id":"https:\/\/kibrisdakik.com\/?p=62497#primaryimage"},"image":{"@id":"https:\/\/kibrisdakik.com\/?p=62497#primaryimage"},"thumbnailUrl":"https:\/\/kibrisdakik.com\/wp-content\/uploads\/2024\/09\/ktos-lefkosa-buyukelciligi-onunde-basin-aciklamasi-yapti-1-so-740x420.jpg","datePublished":"2024-09-16T09:52:10+00:00","author":{"@id":"https:\/\/kibrisdakik.com\/#\/schema\/person\/9cd9d437bbb44f72b73ba127e06d8e79"},"breadcrumb":{"@id":"https:\/\/kibrisdakik.com\/?p=62497#breadcrumb"},"inLanguage":"tr","potentialAction":[{"@type":"ReadAction","target":["https:\/\/kibrisdakik.com\/?p=62497"]}]},{"@type":"ImageObject","inLanguage":"tr","@id":"https:\/\/kibrisdakik.com\/?p=62497#primaryimage","url":"https:\/\/kibrisdakik.com\/wp-content\/uploads\/2024\/09\/ktos-lefkosa-buyukelciligi-onunde-basin-aciklamasi-yapti-1-so-740x420.jpg","contentUrl":"https:\/\/kibrisdakik.com\/wp-content\/uploads\/2024\/09\/ktos-lefkosa-buyukelciligi-onunde-basin-aciklamasi-yapti-1-so-740x420.jpg","width":928,"height":481},{"@type":"BreadcrumbList","@id":"https:\/\/kibrisdakik.com\/?p=62497#breadcrumb","itemListElement":[{"@type":"ListItem","position":1,"name":"Home","item":"https:\/\/kibrisdakik.com\/"},{"@type":"ListItem","position":2,"name":"KT\u00d6S, TC Lefko\u015fa B\u00fcy\u00fckel\u00e7ili\u011fi \u00f6n\u00fcnde bas\u0131n a\u00e7\u0131klamas\u0131 yapt\u0131"}]},{"@type":"WebSite","@id":"https:\/\/kibrisdakik.com\/#website","url":"https:\/\/kibrisdakik.com\/","name":"","description":"Tam vaktinde haber","potentialAction":[{"@type":"SearchAction","target":{"@type":"EntryPoint","urlTemplate":"https:\/\/kibrisdakik.com\/?s={search_term_string}"},"query-input":{"@type":"PropertyValueSpecification","valueRequired":true,"valueName":"search_term_string"}}],"inLanguage":"tr"},{"@type":"Person","@id":"https:\/\/kibrisdakik.com\/#\/schema\/person\/9cd9d437bbb44f72b73ba127e06d8e79","name":"admin","image":{"@type":"ImageObject","inLanguage":"tr","@id":"https:\/\/secure.gravatar.com\/avatar\/ccc17943b9d660506c869530f897617f7cb1c21a4bf30023f252596d83e1f007?s=96&d=mm&r=g","url":"https:\/\/secure.gravatar.com\/avatar\/ccc17943b9d660506c869530f897617f7cb1c21a4bf30023f252596d83e1f007?s=96&d=mm&r=g","contentUrl":"https:\/\/secure.gravatar.com\/avatar\/ccc17943b9d660506c869530f897617f7cb1c21a4bf30023f252596d83e1f007?s=96&d=mm&r=g","caption":"admin"},"sameAs":["https:\/\/kibrisdakik.com"],"url":"https:\/\/kibrisdakik.com\/?author=1"}]}},"_links":{"self":[{"href":"https:\/\/kibrisdakik.com\/index.php?rest_route=\/wp\/v2\/posts\/62497","targetHints":{"allow":["GET"]}}],"collection":[{"href":"https:\/\/kibrisdakik.com\/index.php?rest_route=\/wp\/v2\/posts"}],"about":[{"href":"https:\/\/kibrisdakik.com\/index.php?rest_route=\/wp\/v2\/types\/post"}],"author":[{"embeddable":true,"href":"https:\/\/kibrisdakik.com\/index.php?rest_route=\/wp\/v2\/users\/1"}],"replies":[{"embeddable":true,"href":"https:\/\/kibrisdakik.com\/index.php?rest_route=%2Fwp%2Fv2%2Fcomments&post=62497"}],"version-history":[{"count":0,"href":"https:\/\/kibrisdakik.com\/index.php?rest_route=\/wp\/v2\/posts\/62497\/revisions"}],"wp:featuredmedia":[{"embeddable":true,"href":"https:\/\/kibrisdakik.com\/index.php?rest_route=\/wp\/v2\/media\/62498"}],"wp:attachment":[{"href":"https:\/\/kibrisdakik.com\/index.php?rest_route=%2Fwp%2Fv2%2Fmedia&parent=62497"}],"wp:term":[{"taxonomy":"category","embeddable":true,"href":"https:\/\/kibrisdakik.com\/index.php?rest_route=%2Fwp%2Fv2%2Fcategories&post=62497"},{"taxonomy":"post_tag","embeddable":true,"href":"https:\/\/kibrisdakik.com\/index.php?rest_route=%2Fwp%2Fv2%2Ftags&post=62497"}],"curies":[{"name":"wp","href":"https:\/\/api.w.org\/{rel}","templated":true}]}}