{"id":62501,"date":"2024-09-16T13:05:46","date_gmt":"2024-09-16T10:05:46","guid":{"rendered":"https:\/\/kibrisdakik.com\/index.php\/2024\/09\/16\/tatar-kktc-bir-hukuk-devletidir\/"},"modified":"2024-09-16T13:05:46","modified_gmt":"2024-09-16T10:05:46","slug":"tatar-kktc-bir-hukuk-devletidir","status":"publish","type":"post","link":"https:\/\/kibrisdakik.com\/?p=62501","title":{"rendered":"Tatar: KKTC bir hukuk devletidir"},"content":{"rendered":"<div>\n<div class=\"mariselle-image-container center\">\n                                            <\/div>\n<p>Cumhurba\u015fkan\u0131 Ersin Tatar, 2024-2025 Adli Y\u0131l\u0131 a\u00e7\u0131l\u0131\u015f t\u00f6reninde yapt\u0131\u011f\u0131 konu\u015fmada, KKTC\u2019nin bir hukuk devleti oldu\u011funu ve huku\u011fa sayg\u0131 g\u00f6sterildi\u011fini belirtti.<\/p>\n<p>Tatar, \u201cBenim i\u00e7in \u00f6nemli olan KKTC\u2019nin varl\u0131\u011f\u0131d\u0131r. Hukuk devletinin kendi kendini devam ettirebilmesi, Anavatan T\u00fcrkiye ve \u015fimdilerde Azerbaycan\u2019\u0131n da deste\u011fi ile uluslararas\u0131 camiaya buradaki halk\u0131n insan haklar\u0131 gere\u011fi bu yap\u0131n\u0131n devam etmesi anlay\u0131\u015f\u0131n\u0131n \u00f6z\u00fcmsenmesidir\u201d dedi.<\/p>\n<p>Konu\u015fmas\u0131nda m\u00fclkiyet konusuna de\u011finen Tatar, Ta\u015f\u0131nmaz Mal Komisyonu\u2019nun \u00f6nemine dikkat \u00e7ekerek, A\u0130HM ile ba\u011f\u0131ms\u0131z mahkeme taraf\u0131ndan verilen kararlar\u0131n A\u0130HM taraf\u0131ndan uygunlu\u011funun defaten teyit edildi\u011fini vurgulad\u0131.<\/p>\n<p>Tatar, m\u00fclkiyet rejiminin Avrupa \u0130nsan haklar\u0131 s\u00f6zle\u015fmesi dahil uluslararas\u0131 hukuka uygun oldu\u011funu belirterek, A\u0130HM\u2019in Ta\u015f\u0131nmaz Mal Komisyonu\u2019nu etkin ve ula\u015f\u0131labilir bir i\u00e7 hukuk yolu oldu\u011funu karara ba\u011flad\u0131\u011f\u0131n\u0131 hat\u0131rlatt\u0131.<\/p>\n<p>TMK\u2019n\u0131n \u00f6n\u00fcndeki ba\u015fvurular\u0131 zaman\u0131nda sonu\u00e7land\u0131rmas\u0131 i\u00e7in \u00fczerlerine d\u00fc\u015feni yapmaya devam edeceklerini kaydeden Tatar, al\u0131nan kararlar\u0131n da vakitli uygulanmas\u0131 i\u00e7in de kaynak yarat\u0131lmaya da devam edilmesi gerekti\u011fini vurgulad\u0131.<\/p>\n<p>Y\u00fcksek \u0130dari mahkemesine getirilen Ta\u015f\u0131nmaz Mal kararlar\u0131n\u0131n da makul s\u00fcrede sonu\u00e7land\u0131r\u0131lmas\u0131n\u0131n \u00f6nemine dikkat \u00e7eken Tatar, bu \u00f6nemli g\u00f6revi yarg\u0131n\u0131n en iyi \u015fekilde yerine getirece\u011fine olan inanc\u0131n\u0131n tam oldu\u011funu s\u00f6yledi.<\/p>\n<p>Cumhurba\u015fkan\u0131 Tatar, \u201culuslararas\u0131 alanda ger\u00e7ek\u00e7i olacaksak; iki taraf aras\u0131nda ne kadar b\u00fcy\u00fck farklar oldu\u011funu g\u00f6rebiliyoruz. Onun i\u00e7in iki toplum liderinin bu kadar uzak oldu\u011fu zihniyetin daha ger\u00e7ek\u00e7i olmas\u0131 gerekiyor. Biz asl\u0131nda uzak de\u011filiz. K\u0131br\u0131s\u2019ta e\u015fit adil kal\u0131c\u0131 bir \u00e7\u00f6z\u00fcme ula\u015fabilmek i\u00e7in egemenli\u011fimizin kabul\u00fc ile m\u00fczakere masas\u0131na oturaca\u011f\u0131m\u0131z\u0131 vurgulamaktay\u0131z\u201d dedi.<\/p>\n<p>\u201cEgemenlik hakk\u0131m\u0131z\u0131n inkar edilmesi asla kabul edilemez\u201d diyen Cumhurba\u015fkan\u0131, bu g\u00fcne kadar yap\u0131lan g\u00f6r\u00fc\u015fmelerde anla\u015fmaya ula\u015f\u0131lamamas\u0131n\u0131n nedeninin de K\u0131br\u0131s T\u00fcrk\u00fc\u2019n\u00fcn egemenli\u011finin kabul edilmemesinin yatt\u0131\u011f\u0131n\u0131 s\u00f6yledi.<\/p>\n<p>Tatar, \u201cmasaya oturabilmemiz i\u00e7in hukuk. Hukuk da ne diyor. 1960 anla\u015fmas\u0131 bu \u00fclkenin tarihinde en \u00f6nemli hukuk s\u00f6zle\u015fmesidir. B\u00fct\u00fcn Zemin K\u0131br\u0131s Cumhuriyeti\u2019ni haks\u0131zca i\u015fgal etmeleridir. Esas i\u015fgal K\u0131br\u0131s Cumhuriyeti\u2019nin i\u015fgalidir. Esas i\u015fgal b\u00fct\u00fcn halk\u0131n ba\u011f\u0131ms\u0131zl\u0131\u011f\u0131n\u0131 ifade eden K\u0131br\u0131s Cumhuriyeti\u2019nin i\u015fgaliyle G\u00fcney K\u0131br\u0131s\u2019\u0131n kendisini b\u00fct\u00fcn d\u00fcnyaya hukuksuzluk temelinde biz K\u0131br\u0131s\u2019\u0131n devletiyiz demeleridir\u201d dedi.<\/p>\n<p>Konu\u015fmas\u0131nda Kamu Hizmeti Komisyonunun ba\u011f\u0131ms\u0131z bir kurum oldu\u011funu, atamalar ve s\u0131nav sisteminin de ba\u011f\u0131ms\u0131z oldu\u011funu belirten Tatar Cumhurba\u015fkanl\u0131\u011f\u0131 yerle\u015fkesine yak\u0131n bir yerde yeni mahkeme yap\u0131lmas\u0131 i\u00e7in \u00e7al\u0131\u015fmalar\u0131n\u0131n da s\u00fcrd\u00fc\u011f\u00fcn\u00fc kaydetti\u2026<\/p>\n<p>Tatar, mahkemelerdeki yo\u011funlu\u011fun azalmas\u0131 gerekti\u011fini ve b\u00fct\u00e7e imkanlar\u0131n\u0131n art\u0131r\u0131larak yarg\u0131\u00e7 say\u0131s\u0131n\u0131n art\u0131r\u0131lmas\u0131 gerekti\u011fini s\u00f6yledi.<\/p>\n<p>\u015eampiyon Melekler davas\u0131na da de\u011finen Cumhurba\u015fkan\u0131 Tatar, bu dava i\u00e7in yap\u0131lan \u00e7al\u0131\u015fmalarda birlik ve m\u00fccadelenin \u00f6nemine dikkat \u00e7ekti\u2026<\/p>\n<\/p><\/div>\n<p><script async\n                    defer\n                    crossorigin=\"anonymous\"\n                    src=\"https:\/\/connect.facebook.net\/tr_TR\/sdk.js#xfbml=1&#038;version=v3.3\"\n            ><\/script><\/p>\n","protected":false},"excerpt":{"rendered":"<p>Cumhurba\u015fkan\u0131 Ersin Tatar, 2024-2025 Adli Y\u0131l\u0131 a\u00e7\u0131l\u0131\u015f t\u00f6reninde yapt\u0131\u011f\u0131 konu\u015fmada, KKTC\u2019nin bir hukuk devleti oldu\u011funu ve huku\u011fa sayg\u0131 g\u00f6sterildi\u011fini belirtti. Tatar, \u201cBenim i\u00e7in \u00f6nemli olan KKTC\u2019nin varl\u0131\u011f\u0131d\u0131r. Hukuk devletinin kendi kendini devam ettirebilmesi, Anavatan T\u00fcrkiye ve \u015fimdilerde Azerbaycan\u2019\u0131n da deste\u011fi ile uluslararas\u0131 camiaya buradaki halk\u0131n insan haklar\u0131 gere\u011fi bu yap\u0131n\u0131n devam etmesi anlay\u0131\u015f\u0131n\u0131n \u00f6z\u00fcmsenmesidir\u201d dedi.<\/p>\n","protected":false},"author":1,"featured_media":62502,"comment_status":"open","ping_status":"open","sticky":false,"template":"","format":"standard","meta":{"footnotes":""},"categories":[81],"tags":[],"class_list":["post-62501","post","type-post","status-publish","format-standard","has-post-thumbnail","hentry","category-kibris"],"yoast_head":"<!-- This site is optimized with the Yoast SEO plugin v27.5 - https:\/\/yoast.com\/product\/yoast-seo-wordpress\/ -->\n<title>Tatar: KKTC bir hukuk devletidir -<\/title>\n<meta name=\"robots\" content=\"index, follow, max-snippet:-1, max-image-preview:large, max-video-preview:-1\" \/>\n<link rel=\"canonical\" href=\"https:\/\/kibrisdakik.com\/?p=62501\" \/>\n<meta property=\"og:locale\" content=\"tr_TR\" \/>\n<meta property=\"og:type\" content=\"article\" \/>\n<meta property=\"og:title\" content=\"Tatar: KKTC bir hukuk devletidir -\" \/>\n<meta property=\"og:description\" content=\"Cumhurba\u015fkan\u0131 Ersin Tatar, 2024-2025 Adli Y\u0131l\u0131 a\u00e7\u0131l\u0131\u015f t\u00f6reninde yapt\u0131\u011f\u0131 konu\u015fmada, KKTC\u2019nin bir hukuk devleti oldu\u011funu ve huku\u011fa sayg\u0131 g\u00f6sterildi\u011fini belirtti. Tatar, \u201cBenim i\u00e7in \u00f6nemli olan KKTC\u2019nin varl\u0131\u011f\u0131d\u0131r. Hukuk devletinin kendi kendini devam ettirebilmesi, Anavatan T\u00fcrkiye ve \u015fimdilerde Azerbaycan\u2019\u0131n da deste\u011fi ile uluslararas\u0131 camiaya buradaki halk\u0131n insan haklar\u0131 gere\u011fi bu yap\u0131n\u0131n devam etmesi anlay\u0131\u015f\u0131n\u0131n \u00f6z\u00fcmsenmesidir\u201d dedi.\" \/>\n<meta property=\"og:url\" content=\"https:\/\/kibrisdakik.com\/?p=62501\" \/>\n<meta property=\"article:published_time\" content=\"2024-09-16T10:05:46+00:00\" \/>\n<meta property=\"og:image\" content=\"https:\/\/kibrisdakik.com\/wp-content\/uploads\/2024\/09\/wsjsjsj-740x420.jpg\" \/>\n\t<meta property=\"og:image:width\" content=\"786\" \/>\n\t<meta property=\"og:image:height\" content=\"428\" \/>\n\t<meta property=\"og:image:type\" content=\"image\/jpeg\" \/>\n<meta name=\"author\" content=\"admin\" \/>\n<meta name=\"twitter:card\" content=\"summary_large_image\" \/>\n<meta name=\"twitter:label1\" content=\"Yazan:\" \/>\n\t<meta name=\"twitter:data1\" content=\"admin\" \/>\n\t<meta name=\"twitter:label2\" content=\"Tahmini okuma s\u00fcresi\" \/>\n\t<meta name=\"twitter:data2\" content=\"3 dakika\" \/>\n<script type=\"application\/ld+json\" class=\"yoast-schema-graph\">{\"@context\":\"https:\\\/\\\/schema.org\",\"@graph\":[{\"@type\":\"Article\",\"@id\":\"https:\\\/\\\/kibrisdakik.com\\\/?p=62501#article\",\"isPartOf\":{\"@id\":\"https:\\\/\\\/kibrisdakik.com\\\/?p=62501\"},\"author\":{\"name\":\"admin\",\"@id\":\"https:\\\/\\\/kibrisdakik.com\\\/#\\\/schema\\\/person\\\/9cd9d437bbb44f72b73ba127e06d8e79\"},\"headline\":\"Tatar: KKTC bir hukuk devletidir\",\"datePublished\":\"2024-09-16T10:05:46+00:00\",\"mainEntityOfPage\":{\"@id\":\"https:\\\/\\\/kibrisdakik.com\\\/?p=62501\"},\"wordCount\":567,\"commentCount\":0,\"image\":{\"@id\":\"https:\\\/\\\/kibrisdakik.com\\\/?p=62501#primaryimage\"},\"thumbnailUrl\":\"https:\\\/\\\/kibrisdakik.com\\\/wp-content\\\/uploads\\\/2024\\\/09\\\/wsjsjsj-740x420.jpg\",\"articleSection\":[\"K\u0131br\u0131s\"],\"inLanguage\":\"tr\",\"potentialAction\":[{\"@type\":\"CommentAction\",\"name\":\"Comment\",\"target\":[\"https:\\\/\\\/kibrisdakik.com\\\/?p=62501#respond\"]}]},{\"@type\":\"WebPage\",\"@id\":\"https:\\\/\\\/kibrisdakik.com\\\/?p=62501\",\"url\":\"https:\\\/\\\/kibrisdakik.com\\\/?p=62501\",\"name\":\"Tatar: KKTC bir hukuk devletidir -\",\"isPartOf\":{\"@id\":\"https:\\\/\\\/kibrisdakik.com\\\/#website\"},\"primaryImageOfPage\":{\"@id\":\"https:\\\/\\\/kibrisdakik.com\\\/?p=62501#primaryimage\"},\"image\":{\"@id\":\"https:\\\/\\\/kibrisdakik.com\\\/?p=62501#primaryimage\"},\"thumbnailUrl\":\"https:\\\/\\\/kibrisdakik.com\\\/wp-content\\\/uploads\\\/2024\\\/09\\\/wsjsjsj-740x420.jpg\",\"datePublished\":\"2024-09-16T10:05:46+00:00\",\"author\":{\"@id\":\"https:\\\/\\\/kibrisdakik.com\\\/#\\\/schema\\\/person\\\/9cd9d437bbb44f72b73ba127e06d8e79\"},\"breadcrumb\":{\"@id\":\"https:\\\/\\\/kibrisdakik.com\\\/?p=62501#breadcrumb\"},\"inLanguage\":\"tr\",\"potentialAction\":[{\"@type\":\"ReadAction\",\"target\":[\"https:\\\/\\\/kibrisdakik.com\\\/?p=62501\"]}]},{\"@type\":\"ImageObject\",\"inLanguage\":\"tr\",\"@id\":\"https:\\\/\\\/kibrisdakik.com\\\/?p=62501#primaryimage\",\"url\":\"https:\\\/\\\/kibrisdakik.com\\\/wp-content\\\/uploads\\\/2024\\\/09\\\/wsjsjsj-740x420.jpg\",\"contentUrl\":\"https:\\\/\\\/kibrisdakik.com\\\/wp-content\\\/uploads\\\/2024\\\/09\\\/wsjsjsj-740x420.jpg\",\"width\":786,\"height\":428},{\"@type\":\"BreadcrumbList\",\"@id\":\"https:\\\/\\\/kibrisdakik.com\\\/?p=62501#breadcrumb\",\"itemListElement\":[{\"@type\":\"ListItem\",\"position\":1,\"name\":\"Home\",\"item\":\"https:\\\/\\\/kibrisdakik.com\\\/\"},{\"@type\":\"ListItem\",\"position\":2,\"name\":\"Tatar: KKTC bir hukuk devletidir\"}]},{\"@type\":\"WebSite\",\"@id\":\"https:\\\/\\\/kibrisdakik.com\\\/#website\",\"url\":\"https:\\\/\\\/kibrisdakik.com\\\/\",\"name\":\"\",\"description\":\"Tam vaktinde haber\",\"potentialAction\":[{\"@type\":\"SearchAction\",\"target\":{\"@type\":\"EntryPoint\",\"urlTemplate\":\"https:\\\/\\\/kibrisdakik.com\\\/?s={search_term_string}\"},\"query-input\":{\"@type\":\"PropertyValueSpecification\",\"valueRequired\":true,\"valueName\":\"search_term_string\"}}],\"inLanguage\":\"tr\"},{\"@type\":\"Person\",\"@id\":\"https:\\\/\\\/kibrisdakik.com\\\/#\\\/schema\\\/person\\\/9cd9d437bbb44f72b73ba127e06d8e79\",\"name\":\"admin\",\"image\":{\"@type\":\"ImageObject\",\"inLanguage\":\"tr\",\"@id\":\"https:\\\/\\\/secure.gravatar.com\\\/avatar\\\/ccc17943b9d660506c869530f897617f7cb1c21a4bf30023f252596d83e1f007?s=96&d=mm&r=g\",\"url\":\"https:\\\/\\\/secure.gravatar.com\\\/avatar\\\/ccc17943b9d660506c869530f897617f7cb1c21a4bf30023f252596d83e1f007?s=96&d=mm&r=g\",\"contentUrl\":\"https:\\\/\\\/secure.gravatar.com\\\/avatar\\\/ccc17943b9d660506c869530f897617f7cb1c21a4bf30023f252596d83e1f007?s=96&d=mm&r=g\",\"caption\":\"admin\"},\"sameAs\":[\"https:\\\/\\\/kibrisdakik.com\"],\"url\":\"https:\\\/\\\/kibrisdakik.com\\\/?author=1\"}]}<\/script>\n<!-- \/ Yoast SEO plugin. -->","yoast_head_json":{"title":"Tatar: KKTC bir hukuk devletidir -","robots":{"index":"index","follow":"follow","max-snippet":"max-snippet:-1","max-image-preview":"max-image-preview:large","max-video-preview":"max-video-preview:-1"},"canonical":"https:\/\/kibrisdakik.com\/?p=62501","og_locale":"tr_TR","og_type":"article","og_title":"Tatar: KKTC bir hukuk devletidir -","og_description":"Cumhurba\u015fkan\u0131 Ersin Tatar, 2024-2025 Adli Y\u0131l\u0131 a\u00e7\u0131l\u0131\u015f t\u00f6reninde yapt\u0131\u011f\u0131 konu\u015fmada, KKTC\u2019nin bir hukuk devleti oldu\u011funu ve huku\u011fa sayg\u0131 g\u00f6sterildi\u011fini belirtti. Tatar, \u201cBenim i\u00e7in \u00f6nemli olan KKTC\u2019nin varl\u0131\u011f\u0131d\u0131r. Hukuk devletinin kendi kendini devam ettirebilmesi, Anavatan T\u00fcrkiye ve \u015fimdilerde Azerbaycan\u2019\u0131n da deste\u011fi ile uluslararas\u0131 camiaya buradaki halk\u0131n insan haklar\u0131 gere\u011fi bu yap\u0131n\u0131n devam etmesi anlay\u0131\u015f\u0131n\u0131n \u00f6z\u00fcmsenmesidir\u201d dedi.","og_url":"https:\/\/kibrisdakik.com\/?p=62501","article_published_time":"2024-09-16T10:05:46+00:00","og_image":[{"width":786,"height":428,"url":"https:\/\/kibrisdakik.com\/wp-content\/uploads\/2024\/09\/wsjsjsj-740x420.jpg","type":"image\/jpeg"}],"author":"admin","twitter_card":"summary_large_image","twitter_misc":{"Yazan:":"admin","Tahmini okuma s\u00fcresi":"3 dakika"},"schema":{"@context":"https:\/\/schema.org","@graph":[{"@type":"Article","@id":"https:\/\/kibrisdakik.com\/?p=62501#article","isPartOf":{"@id":"https:\/\/kibrisdakik.com\/?p=62501"},"author":{"name":"admin","@id":"https:\/\/kibrisdakik.com\/#\/schema\/person\/9cd9d437bbb44f72b73ba127e06d8e79"},"headline":"Tatar: KKTC bir hukuk devletidir","datePublished":"2024-09-16T10:05:46+00:00","mainEntityOfPage":{"@id":"https:\/\/kibrisdakik.com\/?p=62501"},"wordCount":567,"commentCount":0,"image":{"@id":"https:\/\/kibrisdakik.com\/?p=62501#primaryimage"},"thumbnailUrl":"https:\/\/kibrisdakik.com\/wp-content\/uploads\/2024\/09\/wsjsjsj-740x420.jpg","articleSection":["K\u0131br\u0131s"],"inLanguage":"tr","potentialAction":[{"@type":"CommentAction","name":"Comment","target":["https:\/\/kibrisdakik.com\/?p=62501#respond"]}]},{"@type":"WebPage","@id":"https:\/\/kibrisdakik.com\/?p=62501","url":"https:\/\/kibrisdakik.com\/?p=62501","name":"Tatar: KKTC bir hukuk devletidir -","isPartOf":{"@id":"https:\/\/kibrisdakik.com\/#website"},"primaryImageOfPage":{"@id":"https:\/\/kibrisdakik.com\/?p=62501#primaryimage"},"image":{"@id":"https:\/\/kibrisdakik.com\/?p=62501#primaryimage"},"thumbnailUrl":"https:\/\/kibrisdakik.com\/wp-content\/uploads\/2024\/09\/wsjsjsj-740x420.jpg","datePublished":"2024-09-16T10:05:46+00:00","author":{"@id":"https:\/\/kibrisdakik.com\/#\/schema\/person\/9cd9d437bbb44f72b73ba127e06d8e79"},"breadcrumb":{"@id":"https:\/\/kibrisdakik.com\/?p=62501#breadcrumb"},"inLanguage":"tr","potentialAction":[{"@type":"ReadAction","target":["https:\/\/kibrisdakik.com\/?p=62501"]}]},{"@type":"ImageObject","inLanguage":"tr","@id":"https:\/\/kibrisdakik.com\/?p=62501#primaryimage","url":"https:\/\/kibrisdakik.com\/wp-content\/uploads\/2024\/09\/wsjsjsj-740x420.jpg","contentUrl":"https:\/\/kibrisdakik.com\/wp-content\/uploads\/2024\/09\/wsjsjsj-740x420.jpg","width":786,"height":428},{"@type":"BreadcrumbList","@id":"https:\/\/kibrisdakik.com\/?p=62501#breadcrumb","itemListElement":[{"@type":"ListItem","position":1,"name":"Home","item":"https:\/\/kibrisdakik.com\/"},{"@type":"ListItem","position":2,"name":"Tatar: KKTC bir hukuk devletidir"}]},{"@type":"WebSite","@id":"https:\/\/kibrisdakik.com\/#website","url":"https:\/\/kibrisdakik.com\/","name":"","description":"Tam vaktinde haber","potentialAction":[{"@type":"SearchAction","target":{"@type":"EntryPoint","urlTemplate":"https:\/\/kibrisdakik.com\/?s={search_term_string}"},"query-input":{"@type":"PropertyValueSpecification","valueRequired":true,"valueName":"search_term_string"}}],"inLanguage":"tr"},{"@type":"Person","@id":"https:\/\/kibrisdakik.com\/#\/schema\/person\/9cd9d437bbb44f72b73ba127e06d8e79","name":"admin","image":{"@type":"ImageObject","inLanguage":"tr","@id":"https:\/\/secure.gravatar.com\/avatar\/ccc17943b9d660506c869530f897617f7cb1c21a4bf30023f252596d83e1f007?s=96&d=mm&r=g","url":"https:\/\/secure.gravatar.com\/avatar\/ccc17943b9d660506c869530f897617f7cb1c21a4bf30023f252596d83e1f007?s=96&d=mm&r=g","contentUrl":"https:\/\/secure.gravatar.com\/avatar\/ccc17943b9d660506c869530f897617f7cb1c21a4bf30023f252596d83e1f007?s=96&d=mm&r=g","caption":"admin"},"sameAs":["https:\/\/kibrisdakik.com"],"url":"https:\/\/kibrisdakik.com\/?author=1"}]}},"_links":{"self":[{"href":"https:\/\/kibrisdakik.com\/index.php?rest_route=\/wp\/v2\/posts\/62501","targetHints":{"allow":["GET"]}}],"collection":[{"href":"https:\/\/kibrisdakik.com\/index.php?rest_route=\/wp\/v2\/posts"}],"about":[{"href":"https:\/\/kibrisdakik.com\/index.php?rest_route=\/wp\/v2\/types\/post"}],"author":[{"embeddable":true,"href":"https:\/\/kibrisdakik.com\/index.php?rest_route=\/wp\/v2\/users\/1"}],"replies":[{"embeddable":true,"href":"https:\/\/kibrisdakik.com\/index.php?rest_route=%2Fwp%2Fv2%2Fcomments&post=62501"}],"version-history":[{"count":0,"href":"https:\/\/kibrisdakik.com\/index.php?rest_route=\/wp\/v2\/posts\/62501\/revisions"}],"wp:featuredmedia":[{"embeddable":true,"href":"https:\/\/kibrisdakik.com\/index.php?rest_route=\/wp\/v2\/media\/62502"}],"wp:attachment":[{"href":"https:\/\/kibrisdakik.com\/index.php?rest_route=%2Fwp%2Fv2%2Fmedia&parent=62501"}],"wp:term":[{"taxonomy":"category","embeddable":true,"href":"https:\/\/kibrisdakik.com\/index.php?rest_route=%2Fwp%2Fv2%2Fcategories&post=62501"},{"taxonomy":"post_tag","embeddable":true,"href":"https:\/\/kibrisdakik.com\/index.php?rest_route=%2Fwp%2Fv2%2Ftags&post=62501"}],"curies":[{"name":"wp","href":"https:\/\/api.w.org\/{rel}","templated":true}]}}