{"id":62503,"date":"2024-09-16T13:30:41","date_gmt":"2024-09-16T10:30:41","guid":{"rendered":"https:\/\/kibrisdakik.com\/index.php\/2024\/09\/16\/dunyanin-en-yasli-kedisi-33-yasinda-hayatini-kaybetti\/"},"modified":"2024-09-16T13:30:41","modified_gmt":"2024-09-16T10:30:41","slug":"dunyanin-en-yasli-kedisi-33-yasinda-hayatini-kaybetti","status":"publish","type":"post","link":"https:\/\/kibrisdakik.com\/?p=62503","title":{"rendered":"D\u00fcnyan\u0131n en ya\u015fl\u0131 kedisi 33 ya\u015f\u0131nda hayat\u0131n\u0131 kaybetti"},"content":{"rendered":"<p><\/p>\n<div id=\"\">\n<p>Gayri resmi olarak &#8220;d\u00fcnyan\u0131n en ya\u015fl\u0131 kedisi&#8221; unvan\u0131n\u0131 ta\u015f\u0131yan kedi, 33 ya\u015f\u0131nda hayata veda etti. \u00c7ok sevilen kaplumba\u011fa kabu\u011fu desenli Rosie, Norfolk&#8217;un Norwich kentindeki evinde, 73 ya\u015f\u0131ndaki uzun s\u00fcreli sahibi Lila Brissett&#8217;in yan\u0131nda son nefesini verdi.<\/p>\n<p>Hayat\u0131n\u0131n neredeyse yar\u0131s\u0131n\u0131 sevgili kedisiyle ge\u00e7iren Lila, &#8220;\u0130yi de\u011fildi ve bir g\u00fcn evin koridoruna girdi, yere uzand\u0131 ve \u00f6ld\u00fc. Onu \u00e7ok \u00f6zl\u00fcyorum. Ancak bir\u00e7ok g\u00fczel an\u0131m\u0131z var ve birlikte ge\u00e7irdi\u011fimiz zamandan mutluyum,&#8221; dedi.<\/p>\n<p>Lila, 90&#8217;l\u0131 y\u0131llarda bir kedi bar\u0131na\u011f\u0131nda Rosie&#8217;yi bulmu\u015ftu. Yavru kedi Rosie, ilk ailesinin k\u0131z\u0131n\u0131n kedi alerjisi oldu\u011fu anla\u015f\u0131l\u0131nca yeni bir yuvaya ihtiya\u00e7 duyuyordu. Daha \u00f6nce de istismara u\u011fram\u0131\u015f bir kedi ve sokak k\u00f6pe\u011fi sahiplenen Lila, Rosie&#8217;yi de evine getirdi.<\/p>\n<p>Rosie, gayri resmi olarak &#8216;d\u00fcnyan\u0131n en ya\u015fl\u0131 kedisi&#8217; unvan\u0131n\u0131 ta\u015f\u0131yordu. Guinness D\u00fcnya Rekorlar\u0131&#8217;ndan bir s\u00f6zc\u00fc, ge\u00e7en y\u0131l Lila&#8217;ya kedisini bu unvan i\u00e7in aday g\u00f6stermesini s\u00f6ylemi\u015f, ancak Lila ba\u015fvuru yapmam\u0131\u015ft\u0131.<\/p>\n<p>Guinness D\u00fcnya Rekorlar\u0131&#8217;nda kay\u0131tl\u0131 en ya\u015fl\u0131 kedi, B\u00fcy\u00fck Londra&#8217;n\u0131n Orpington b\u00f6lgesinden 27 ya\u015f\u0131ndaki Flossie&#8217;dir. T\u00fcm zamanlar\u0131n en ya\u015fl\u0131 kedisi ise 1967&#8217;den 2005&#8217;e kadar ya\u015fayan, Teksas Austin&#8217;den 38 ya\u015f\u0131ndaki Creme Puff&#8217;t\u0131r.<\/p>\n<p>Tarihe ge\u00e7memi\u015f olsa da, &#8220;g\u00fcn boyu pencere kenar\u0131nda uyuyan&#8221; orta ya\u015fl\u0131 kedinin olduk\u00e7a rahat bir ya\u015fam s\u00fcrd\u00fc\u011f\u00fc s\u00f6yleniyor. Gururlu sahibi Lila ile zemin katta bir dairede ya\u015fayan Rosie, her g\u00fcn Purina One mama ile besleniyordu, &#8220;yoksa k\u0131yameti kopar\u0131rd\u0131.&#8221;<\/p>\n<p><img loading=\"lazy\" decoding=\"async\" class=\"hbptMainImage lazyload ImgDetay\" src=\"https:\/\/foto.haberler.com\/haber\/2024\/09\/16\/dunyanin-en-yasli-kedisi-33-yasinda-hayatini-17825979_4568_m.jpg\" alt=\"D\u00fcnyan\u0131n en ya\u015fl\u0131 kedisi 33 ya\u015f\u0131nda hayat\u0131n\u0131 kaybetti\" width=\"640\" height=\"589\"\/><\/p>\n<p><img loading=\"lazy\" decoding=\"async\" class=\"hbptMainImage lazyload ImgDetay\" src=\"https:\/\/foto.haberler.com\/haber\/2024\/09\/16\/dunyanin-en-yasli-kedisi-33-yasinda-hayatini-17825979_7060_m.jpg\" alt=\"D\u00fcnyan\u0131n en ya\u015fl\u0131 kedisi 33 ya\u015f\u0131nda hayat\u0131n\u0131 kaybetti\" width=\"501\" height=\"863\"\/><\/p>\n<p><img loading=\"lazy\" decoding=\"async\" class=\"hbptMainImage lazyload ImgDetay\" src=\"https:\/\/foto.haberler.com\/haber\/2024\/09\/16\/dunyanin-en-yasli-kedisi-33-yasinda-hayatini-17825979_1742_m.jpg\" alt=\"D\u00fcnyan\u0131n en ya\u015fl\u0131 kedisi 33 ya\u015f\u0131nda hayat\u0131n\u0131 kaybetti\" width=\"640\" height=\"476\"\/><\/p>\n<h4 id=\"nwsKeywords\"> <a href=\"https:\/\/www.haberler.com\/londra\/\" title=\"Londra\" class=\"hbptTag\">Londra<\/a> <\/h4>\n<\/div>\n","protected":false},"excerpt":{"rendered":"<p>Gayri resmi olarak &#8220;d\u00fcnyan\u0131n en ya\u015fl\u0131 kedisi&#8221; unvan\u0131n\u0131 ta\u015f\u0131yan kedi, 33 ya\u015f\u0131nda hayata veda etti. \u00c7ok sevilen kaplumba\u011fa kabu\u011fu desenli Rosie, Norfolk&#8217;un Norwich kentindeki evinde, 73 ya\u015f\u0131ndaki uzun s\u00fcreli sahibi Lila Brissett&#8217;in yan\u0131nda son nefesini verdi. Hayat\u0131n\u0131n neredeyse yar\u0131s\u0131n\u0131 sevgili kedisiyle ge\u00e7iren Lila, &#8220;\u0130yi de\u011fildi ve bir g\u00fcn evin koridoruna girdi, yere uzand\u0131 ve \u00f6ld\u00fc.<\/p>\n","protected":false},"author":1,"featured_media":62504,"comment_status":"open","ping_status":"open","sticky":false,"template":"","format":"standard","meta":{"footnotes":""},"categories":[83],"tags":[],"class_list":["post-62503","post","type-post","status-publish","format-standard","has-post-thumbnail","hentry","category-magazin"],"yoast_head":"<!-- This site is optimized with the Yoast SEO plugin v27.5 - https:\/\/yoast.com\/product\/yoast-seo-wordpress\/ -->\n<title>D\u00fcnyan\u0131n en ya\u015fl\u0131 kedisi 33 ya\u015f\u0131nda hayat\u0131n\u0131 kaybetti -<\/title>\n<meta name=\"robots\" content=\"index, follow, max-snippet:-1, max-image-preview:large, max-video-preview:-1\" \/>\n<link rel=\"canonical\" href=\"https:\/\/kibrisdakik.com\/?p=62503\" \/>\n<meta property=\"og:locale\" content=\"tr_TR\" \/>\n<meta property=\"og:type\" content=\"article\" \/>\n<meta property=\"og:title\" content=\"D\u00fcnyan\u0131n en ya\u015fl\u0131 kedisi 33 ya\u015f\u0131nda hayat\u0131n\u0131 kaybetti -\" \/>\n<meta property=\"og:description\" content=\"Gayri resmi olarak &#8220;d\u00fcnyan\u0131n en ya\u015fl\u0131 kedisi&#8221; unvan\u0131n\u0131 ta\u015f\u0131yan kedi, 33 ya\u015f\u0131nda hayata veda etti. \u00c7ok sevilen kaplumba\u011fa kabu\u011fu desenli Rosie, Norfolk&#8217;un Norwich kentindeki evinde, 73 ya\u015f\u0131ndaki uzun s\u00fcreli sahibi Lila Brissett&#8217;in yan\u0131nda son nefesini verdi. Hayat\u0131n\u0131n neredeyse yar\u0131s\u0131n\u0131 sevgili kedisiyle ge\u00e7iren Lila, &#8220;\u0130yi de\u011fildi ve bir g\u00fcn evin koridoruna girdi, yere uzand\u0131 ve \u00f6ld\u00fc.\" \/>\n<meta property=\"og:url\" content=\"https:\/\/kibrisdakik.com\/?p=62503\" \/>\n<meta property=\"article:published_time\" content=\"2024-09-16T10:30:41+00:00\" \/>\n<meta property=\"og:image\" content=\"https:\/\/kibrisdakik.com\/wp-content\/uploads\/2024\/09\/dunyanin-en-yasli-kedisi-33-yasinda-hayatini-17825979_4568_m-640x420.jpg\" \/>\n\t<meta property=\"og:image:width\" content=\"640\" \/>\n\t<meta property=\"og:image:height\" content=\"589\" \/>\n\t<meta property=\"og:image:type\" content=\"image\/jpeg\" \/>\n<meta name=\"author\" content=\"admin\" \/>\n<meta name=\"twitter:card\" content=\"summary_large_image\" \/>\n<meta name=\"twitter:label1\" content=\"Yazan:\" \/>\n\t<meta name=\"twitter:data1\" content=\"admin\" \/>\n\t<meta name=\"twitter:label2\" content=\"Tahmini okuma s\u00fcresi\" \/>\n\t<meta name=\"twitter:data2\" content=\"1 dakika\" \/>\n<script type=\"application\/ld+json\" class=\"yoast-schema-graph\">{\"@context\":\"https:\\\/\\\/schema.org\",\"@graph\":[{\"@type\":\"Article\",\"@id\":\"https:\\\/\\\/kibrisdakik.com\\\/?p=62503#article\",\"isPartOf\":{\"@id\":\"https:\\\/\\\/kibrisdakik.com\\\/?p=62503\"},\"author\":{\"name\":\"admin\",\"@id\":\"https:\\\/\\\/kibrisdakik.com\\\/#\\\/schema\\\/person\\\/9cd9d437bbb44f72b73ba127e06d8e79\"},\"headline\":\"D\u00fcnyan\u0131n en ya\u015fl\u0131 kedisi 33 ya\u015f\u0131nda hayat\u0131n\u0131 kaybetti\",\"datePublished\":\"2024-09-16T10:30:41+00:00\",\"mainEntityOfPage\":{\"@id\":\"https:\\\/\\\/kibrisdakik.com\\\/?p=62503\"},\"wordCount\":294,\"commentCount\":0,\"image\":{\"@id\":\"https:\\\/\\\/kibrisdakik.com\\\/?p=62503#primaryimage\"},\"thumbnailUrl\":\"https:\\\/\\\/kibrisdakik.com\\\/wp-content\\\/uploads\\\/2024\\\/09\\\/dunyanin-en-yasli-kedisi-33-yasinda-hayatini-17825979_4568_m-640x420.jpg\",\"articleSection\":[\"Magazin\"],\"inLanguage\":\"tr\",\"potentialAction\":[{\"@type\":\"CommentAction\",\"name\":\"Comment\",\"target\":[\"https:\\\/\\\/kibrisdakik.com\\\/?p=62503#respond\"]}]},{\"@type\":\"WebPage\",\"@id\":\"https:\\\/\\\/kibrisdakik.com\\\/?p=62503\",\"url\":\"https:\\\/\\\/kibrisdakik.com\\\/?p=62503\",\"name\":\"D\u00fcnyan\u0131n en ya\u015fl\u0131 kedisi 33 ya\u015f\u0131nda hayat\u0131n\u0131 kaybetti -\",\"isPartOf\":{\"@id\":\"https:\\\/\\\/kibrisdakik.com\\\/#website\"},\"primaryImageOfPage\":{\"@id\":\"https:\\\/\\\/kibrisdakik.com\\\/?p=62503#primaryimage\"},\"image\":{\"@id\":\"https:\\\/\\\/kibrisdakik.com\\\/?p=62503#primaryimage\"},\"thumbnailUrl\":\"https:\\\/\\\/kibrisdakik.com\\\/wp-content\\\/uploads\\\/2024\\\/09\\\/dunyanin-en-yasli-kedisi-33-yasinda-hayatini-17825979_4568_m-640x420.jpg\",\"datePublished\":\"2024-09-16T10:30:41+00:00\",\"author\":{\"@id\":\"https:\\\/\\\/kibrisdakik.com\\\/#\\\/schema\\\/person\\\/9cd9d437bbb44f72b73ba127e06d8e79\"},\"breadcrumb\":{\"@id\":\"https:\\\/\\\/kibrisdakik.com\\\/?p=62503#breadcrumb\"},\"inLanguage\":\"tr\",\"potentialAction\":[{\"@type\":\"ReadAction\",\"target\":[\"https:\\\/\\\/kibrisdakik.com\\\/?p=62503\"]}]},{\"@type\":\"ImageObject\",\"inLanguage\":\"tr\",\"@id\":\"https:\\\/\\\/kibrisdakik.com\\\/?p=62503#primaryimage\",\"url\":\"https:\\\/\\\/kibrisdakik.com\\\/wp-content\\\/uploads\\\/2024\\\/09\\\/dunyanin-en-yasli-kedisi-33-yasinda-hayatini-17825979_4568_m-640x420.jpg\",\"contentUrl\":\"https:\\\/\\\/kibrisdakik.com\\\/wp-content\\\/uploads\\\/2024\\\/09\\\/dunyanin-en-yasli-kedisi-33-yasinda-hayatini-17825979_4568_m-640x420.jpg\",\"width\":640,\"height\":589},{\"@type\":\"BreadcrumbList\",\"@id\":\"https:\\\/\\\/kibrisdakik.com\\\/?p=62503#breadcrumb\",\"itemListElement\":[{\"@type\":\"ListItem\",\"position\":1,\"name\":\"Home\",\"item\":\"https:\\\/\\\/kibrisdakik.com\\\/\"},{\"@type\":\"ListItem\",\"position\":2,\"name\":\"D\u00fcnyan\u0131n en ya\u015fl\u0131 kedisi 33 ya\u015f\u0131nda hayat\u0131n\u0131 kaybetti\"}]},{\"@type\":\"WebSite\",\"@id\":\"https:\\\/\\\/kibrisdakik.com\\\/#website\",\"url\":\"https:\\\/\\\/kibrisdakik.com\\\/\",\"name\":\"\",\"description\":\"Tam vaktinde haber\",\"potentialAction\":[{\"@type\":\"SearchAction\",\"target\":{\"@type\":\"EntryPoint\",\"urlTemplate\":\"https:\\\/\\\/kibrisdakik.com\\\/?s={search_term_string}\"},\"query-input\":{\"@type\":\"PropertyValueSpecification\",\"valueRequired\":true,\"valueName\":\"search_term_string\"}}],\"inLanguage\":\"tr\"},{\"@type\":\"Person\",\"@id\":\"https:\\\/\\\/kibrisdakik.com\\\/#\\\/schema\\\/person\\\/9cd9d437bbb44f72b73ba127e06d8e79\",\"name\":\"admin\",\"image\":{\"@type\":\"ImageObject\",\"inLanguage\":\"tr\",\"@id\":\"https:\\\/\\\/secure.gravatar.com\\\/avatar\\\/ccc17943b9d660506c869530f897617f7cb1c21a4bf30023f252596d83e1f007?s=96&d=mm&r=g\",\"url\":\"https:\\\/\\\/secure.gravatar.com\\\/avatar\\\/ccc17943b9d660506c869530f897617f7cb1c21a4bf30023f252596d83e1f007?s=96&d=mm&r=g\",\"contentUrl\":\"https:\\\/\\\/secure.gravatar.com\\\/avatar\\\/ccc17943b9d660506c869530f897617f7cb1c21a4bf30023f252596d83e1f007?s=96&d=mm&r=g\",\"caption\":\"admin\"},\"sameAs\":[\"https:\\\/\\\/kibrisdakik.com\"],\"url\":\"https:\\\/\\\/kibrisdakik.com\\\/?author=1\"}]}<\/script>\n<!-- \/ Yoast SEO plugin. -->","yoast_head_json":{"title":"D\u00fcnyan\u0131n en ya\u015fl\u0131 kedisi 33 ya\u015f\u0131nda hayat\u0131n\u0131 kaybetti -","robots":{"index":"index","follow":"follow","max-snippet":"max-snippet:-1","max-image-preview":"max-image-preview:large","max-video-preview":"max-video-preview:-1"},"canonical":"https:\/\/kibrisdakik.com\/?p=62503","og_locale":"tr_TR","og_type":"article","og_title":"D\u00fcnyan\u0131n en ya\u015fl\u0131 kedisi 33 ya\u015f\u0131nda hayat\u0131n\u0131 kaybetti -","og_description":"Gayri resmi olarak &#8220;d\u00fcnyan\u0131n en ya\u015fl\u0131 kedisi&#8221; unvan\u0131n\u0131 ta\u015f\u0131yan kedi, 33 ya\u015f\u0131nda hayata veda etti. \u00c7ok sevilen kaplumba\u011fa kabu\u011fu desenli Rosie, Norfolk&#8217;un Norwich kentindeki evinde, 73 ya\u015f\u0131ndaki uzun s\u00fcreli sahibi Lila Brissett&#8217;in yan\u0131nda son nefesini verdi. Hayat\u0131n\u0131n neredeyse yar\u0131s\u0131n\u0131 sevgili kedisiyle ge\u00e7iren Lila, &#8220;\u0130yi de\u011fildi ve bir g\u00fcn evin koridoruna girdi, yere uzand\u0131 ve \u00f6ld\u00fc.","og_url":"https:\/\/kibrisdakik.com\/?p=62503","article_published_time":"2024-09-16T10:30:41+00:00","og_image":[{"width":640,"height":589,"url":"https:\/\/kibrisdakik.com\/wp-content\/uploads\/2024\/09\/dunyanin-en-yasli-kedisi-33-yasinda-hayatini-17825979_4568_m-640x420.jpg","type":"image\/jpeg"}],"author":"admin","twitter_card":"summary_large_image","twitter_misc":{"Yazan:":"admin","Tahmini okuma s\u00fcresi":"1 dakika"},"schema":{"@context":"https:\/\/schema.org","@graph":[{"@type":"Article","@id":"https:\/\/kibrisdakik.com\/?p=62503#article","isPartOf":{"@id":"https:\/\/kibrisdakik.com\/?p=62503"},"author":{"name":"admin","@id":"https:\/\/kibrisdakik.com\/#\/schema\/person\/9cd9d437bbb44f72b73ba127e06d8e79"},"headline":"D\u00fcnyan\u0131n en ya\u015fl\u0131 kedisi 33 ya\u015f\u0131nda hayat\u0131n\u0131 kaybetti","datePublished":"2024-09-16T10:30:41+00:00","mainEntityOfPage":{"@id":"https:\/\/kibrisdakik.com\/?p=62503"},"wordCount":294,"commentCount":0,"image":{"@id":"https:\/\/kibrisdakik.com\/?p=62503#primaryimage"},"thumbnailUrl":"https:\/\/kibrisdakik.com\/wp-content\/uploads\/2024\/09\/dunyanin-en-yasli-kedisi-33-yasinda-hayatini-17825979_4568_m-640x420.jpg","articleSection":["Magazin"],"inLanguage":"tr","potentialAction":[{"@type":"CommentAction","name":"Comment","target":["https:\/\/kibrisdakik.com\/?p=62503#respond"]}]},{"@type":"WebPage","@id":"https:\/\/kibrisdakik.com\/?p=62503","url":"https:\/\/kibrisdakik.com\/?p=62503","name":"D\u00fcnyan\u0131n en ya\u015fl\u0131 kedisi 33 ya\u015f\u0131nda hayat\u0131n\u0131 kaybetti -","isPartOf":{"@id":"https:\/\/kibrisdakik.com\/#website"},"primaryImageOfPage":{"@id":"https:\/\/kibrisdakik.com\/?p=62503#primaryimage"},"image":{"@id":"https:\/\/kibrisdakik.com\/?p=62503#primaryimage"},"thumbnailUrl":"https:\/\/kibrisdakik.com\/wp-content\/uploads\/2024\/09\/dunyanin-en-yasli-kedisi-33-yasinda-hayatini-17825979_4568_m-640x420.jpg","datePublished":"2024-09-16T10:30:41+00:00","author":{"@id":"https:\/\/kibrisdakik.com\/#\/schema\/person\/9cd9d437bbb44f72b73ba127e06d8e79"},"breadcrumb":{"@id":"https:\/\/kibrisdakik.com\/?p=62503#breadcrumb"},"inLanguage":"tr","potentialAction":[{"@type":"ReadAction","target":["https:\/\/kibrisdakik.com\/?p=62503"]}]},{"@type":"ImageObject","inLanguage":"tr","@id":"https:\/\/kibrisdakik.com\/?p=62503#primaryimage","url":"https:\/\/kibrisdakik.com\/wp-content\/uploads\/2024\/09\/dunyanin-en-yasli-kedisi-33-yasinda-hayatini-17825979_4568_m-640x420.jpg","contentUrl":"https:\/\/kibrisdakik.com\/wp-content\/uploads\/2024\/09\/dunyanin-en-yasli-kedisi-33-yasinda-hayatini-17825979_4568_m-640x420.jpg","width":640,"height":589},{"@type":"BreadcrumbList","@id":"https:\/\/kibrisdakik.com\/?p=62503#breadcrumb","itemListElement":[{"@type":"ListItem","position":1,"name":"Home","item":"https:\/\/kibrisdakik.com\/"},{"@type":"ListItem","position":2,"name":"D\u00fcnyan\u0131n en ya\u015fl\u0131 kedisi 33 ya\u015f\u0131nda hayat\u0131n\u0131 kaybetti"}]},{"@type":"WebSite","@id":"https:\/\/kibrisdakik.com\/#website","url":"https:\/\/kibrisdakik.com\/","name":"","description":"Tam vaktinde haber","potentialAction":[{"@type":"SearchAction","target":{"@type":"EntryPoint","urlTemplate":"https:\/\/kibrisdakik.com\/?s={search_term_string}"},"query-input":{"@type":"PropertyValueSpecification","valueRequired":true,"valueName":"search_term_string"}}],"inLanguage":"tr"},{"@type":"Person","@id":"https:\/\/kibrisdakik.com\/#\/schema\/person\/9cd9d437bbb44f72b73ba127e06d8e79","name":"admin","image":{"@type":"ImageObject","inLanguage":"tr","@id":"https:\/\/secure.gravatar.com\/avatar\/ccc17943b9d660506c869530f897617f7cb1c21a4bf30023f252596d83e1f007?s=96&d=mm&r=g","url":"https:\/\/secure.gravatar.com\/avatar\/ccc17943b9d660506c869530f897617f7cb1c21a4bf30023f252596d83e1f007?s=96&d=mm&r=g","contentUrl":"https:\/\/secure.gravatar.com\/avatar\/ccc17943b9d660506c869530f897617f7cb1c21a4bf30023f252596d83e1f007?s=96&d=mm&r=g","caption":"admin"},"sameAs":["https:\/\/kibrisdakik.com"],"url":"https:\/\/kibrisdakik.com\/?author=1"}]}},"_links":{"self":[{"href":"https:\/\/kibrisdakik.com\/index.php?rest_route=\/wp\/v2\/posts\/62503","targetHints":{"allow":["GET"]}}],"collection":[{"href":"https:\/\/kibrisdakik.com\/index.php?rest_route=\/wp\/v2\/posts"}],"about":[{"href":"https:\/\/kibrisdakik.com\/index.php?rest_route=\/wp\/v2\/types\/post"}],"author":[{"embeddable":true,"href":"https:\/\/kibrisdakik.com\/index.php?rest_route=\/wp\/v2\/users\/1"}],"replies":[{"embeddable":true,"href":"https:\/\/kibrisdakik.com\/index.php?rest_route=%2Fwp%2Fv2%2Fcomments&post=62503"}],"version-history":[{"count":0,"href":"https:\/\/kibrisdakik.com\/index.php?rest_route=\/wp\/v2\/posts\/62503\/revisions"}],"wp:featuredmedia":[{"embeddable":true,"href":"https:\/\/kibrisdakik.com\/index.php?rest_route=\/wp\/v2\/media\/62504"}],"wp:attachment":[{"href":"https:\/\/kibrisdakik.com\/index.php?rest_route=%2Fwp%2Fv2%2Fmedia&parent=62503"}],"wp:term":[{"taxonomy":"category","embeddable":true,"href":"https:\/\/kibrisdakik.com\/index.php?rest_route=%2Fwp%2Fv2%2Fcategories&post=62503"},{"taxonomy":"post_tag","embeddable":true,"href":"https:\/\/kibrisdakik.com\/index.php?rest_route=%2Fwp%2Fv2%2Ftags&post=62503"}],"curies":[{"name":"wp","href":"https:\/\/api.w.org\/{rel}","templated":true}]}}