{"id":62510,"date":"2024-09-16T16:29:30","date_gmt":"2024-09-16T13:29:30","guid":{"rendered":"https:\/\/kibrisdakik.com\/?p=62510"},"modified":"2024-09-16T16:29:30","modified_gmt":"2024-09-16T13:29:30","slug":"tekirdagda-cinsel-istismara-ugrayan-bebekle-ilgili-2-tutukluya-evde-tatbikat-yaptirildi","status":"publish","type":"post","link":"https:\/\/kibrisdakik.com\/?p=62510","title":{"rendered":"Tekirda\u011f&#8217;da cinsel istismara u\u011frayan bebekle ilgili 2 tutukluya evde tatbikat yapt\u0131r\u0131ld\u0131"},"content":{"rendered":"<p><\/p>\n<div id=\"\">\n<p> <a class=\"keyword\" href=\"https:\/\/www.haberler.com\/malkara\/\" title=\"Malkara Haberleri, Malkara Haberi, Malkara Haber\"><strong>Malkara<\/strong><\/a>&#8216;da ya\u015fayan Bakiye Yeni\u00e7eri, k\u0131z\u0131 S.Y.&#8217;yi 2 A\u011fustos&#8217;ta Malkara Devlet Hastanesi&#8217;ne g\u00f6t\u00fcrd\u00fc. Anne Yeni\u00e7eri, v\u00fccudunda morluklar olan \u00e7ocu\u011funun b\u0131rakt\u0131\u011f\u0131 kom\u015fusu taraf\u0131ndan d\u00fc\u015f\u00fcr\u00fcld\u00fc\u011f\u00fcn\u00fc ve yaraland\u0131\u011f\u0131n\u0131 s\u00f6yledi. Muayenesi yap\u0131lan S.Y., daha sonra ailesine teslim edilerek evine g\u00f6nderildi. Aile, 8 Eyl\u00fcl ak\u015fam\u0131 S.Y.&#8217;yi yeniden Malkara Devlet Hastanesi&#8217;ne g\u00f6t\u00fcrd\u00fc. Bayg\u0131n haldeki S.Y.&#8217;yi muayene eden doktorlar, darp izleri ve morluklar\u0131 g\u00f6r\u00fcnce durumu polise bildirdi. Durumu a\u011f\u0131r olan S.Y., Tekirda\u011f \u0130smail Fehmi Cumal\u0131o\u011flu \u015eehir Hastanesi&#8217;ne sevk edildi. Muayene edilen S.Y.&#8217;nin beyin kanamas\u0131 ge\u00e7irdi\u011fi belirlendi, v\u00fccudunda fiziksel \u015fiddete u\u011frad\u0131\u011f\u0131na y\u00f6nelik bulgular elde edildi ve ameliyat edildi. Hastane ayr\u0131ca S.Y.&#8217;den ald\u0131\u011f\u0131 DNA \u00f6rneklerini incelenmek \u00fczere Tekirda\u011f Adli T\u0131p Kurumu&#8217;na g\u00f6nderdi.<\/p>\n<h3>ABLASI KORUMA ALTINDA<\/h3>\n<p>Malkara Cumhuriyet Ba\u015fsavc\u0131l\u0131\u011f\u0131 olayla ilgili soru\u015fturma ba\u015flat\u0131rken, Aile ve Sosyal Hizmetler \u0130l M\u00fcd\u00fcrl\u00fc\u011f\u00fc de aile ve kom\u015fular\u0131n bilgisine ba\u015fvurdu. Bakiye Yeni\u00e7eri, k\u0131z\u0131n\u0131n b\u0131rakt\u0131\u011f\u0131 kom\u015fular\u0131nda televizyon \u00fcnitesinden d\u00fc\u015ferek yaraland\u0131\u011f\u0131n\u0131 iddia etti. M\u00fcd\u00fcrl\u00fck, anne ve \u00fcvey baba Sanl\u0131 \u00d6. hakk\u0131nda su\u00e7 duyurusunda bulunurken, ailenin 5 ya\u015f\u0131ndaki di\u011fer k\u0131zlar\u0131 koruma alt\u0131na al\u0131nd\u0131.<\/p>\n<h3>5 \u015e\u00dcPHEL\u0130 TUTUKLANDI<\/h3>\n<p>Gizlilik karar\u0131 al\u0131nan soru\u015fturma kapsam\u0131nda, Tekirda\u011f Emniyet M\u00fcd\u00fcrl\u00fc\u011f\u00fc ekipleri, Bakiye Yeni\u00e7eri&#8217;nin de aralar\u0131nda bulundu\u011fu 5 ki\u015fiyi g\u00f6zalt\u0131na ald\u0131. Soru\u015fturma kapsam\u0131nda Bakiye Yeni\u00e7eri, dini nikahla birlikte ya\u015fad\u0131\u011f\u0131 Sanl\u0131 \u00d6., kom\u015fusu Kani A., ile bebe\u011fin b\u0131rak\u0131ld\u0131\u011f\u0131 kom\u015funun \u00e7ocuklar\u0131 G.A. ve K.A. tutukland\u0131. Tekirda\u011f Barosu Ba\u015fkan\u0131 Egemen G\u00fcrc\u00fcn, 11 Eyl\u00fcl&#8217;de yapt\u0131\u011f\u0131 a\u00e7\u0131klamada, S.Y.&#8217;nin cinsel istismara u\u011frad\u0131\u011f\u0131n\u0131n adli t\u0131p raporlar\u0131 ile kesinle\u015fti\u011fini a\u00e7\u0131klad\u0131.<\/p>\n<h3>EVDE TATB\u0130KAT YAPTIRILDI<\/h3>\n<p>Olayla ilgili tutuklanan kom\u015fu \u00e7ocuklar\u0131 G.A. ve K.A.&#8217;ya bug\u00fcn Camiatik Mahallesi&#8217;ndeki evlerinde tatbikat yapt\u0131r\u0131ld\u0131. Bulunduklar\u0131 cezaevinden al\u0131nan G.A. ile K.A., s\u0131k\u0131 g\u00fcvenlik \u00f6nlemleri alt\u0131nda eve getirildi. Tekirda\u011f Emniyet M\u00fcd\u00fcrl\u00fc\u011f\u00fc ekipleri, tatbikat s\u00fcresince geni\u015f g\u00fcvenlik \u00f6nlemi ald\u0131. Olay\u0131n meydana geldi\u011fi evin bulundu\u011fu sokaklar yaya ve ara\u00e7 trafi\u011fine kapat\u0131ld\u0131. <\/p>\n<figure class=\"type:primaryimage hbhOrder\" style=\"margin-bottom: 20px;\"><img loading=\"lazy\" decoding=\"async\" width=\"1200\" height=\"767\" class=\"hbptMainImage\" id=\"HaberImage\" src=\"https:\/\/foto.haberler.com\/resize\/600x383\/haber\/2024\/09\/16\/tekirdag-da-cinsel-istismara-ugrayan-bebekle-17825966_1806_amp.jpg\"\/><\/figure>\n<div class=\"editorSade\">Kaynak: Demir\u00f6ren Haber Ajans\u0131 \/  <a href=\"https:\/\/www.haberler.com\/guncel\/\" title=\"G\u00fcncel Haberleri\">G\u00fcncel<\/a> <\/div>\n<h4 id=\"nwsKeywords\"> <a href=\"https:\/\/www.haberler.com\/politika\/\" title=\"Politika\" class=\"hbptTag\">Politika<\/a>  <a href=\"https:\/\/www.haberler.com\/guvenlik\/\" title=\"G\u00fcvenlik\" class=\"hbptTag\">G\u00fcvenlik<\/a>  <a href=\"https:\/\/www.haberler.com\/tekirdag\/\" title=\"Tekirda\u011f\" class=\"hbptTag\">Tekirda\u011f<\/a>  <a href=\"https:\/\/www.haberler.com\/3-sayfa\/\" title=\"3-sayfa\" class=\"hbptTag\">3-sayfa<\/a>  <a href=\"https:\/\/www.haberler.com\/hastane\/\" title=\"Hastane\" class=\"hbptTag\">Hastane<\/a>  <a href=\"https:\/\/www.haberler.com\/malkara\/\" title=\"Malkara\" class=\"hbptTag\">Malkara<\/a>  <a href=\"https:\/\/www.haberler.com\/guncel\/\" title=\"G\u00fcncel\" class=\"hbptTag\">G\u00fcncel<\/a>  <a href=\"https:\/\/www.haberler.com\/hukuk\/\" title=\"Hukuk\" class=\"hbptTag\">Hukuk<\/a> <\/h4>\n<\/div>\n","protected":false},"excerpt":{"rendered":"<p>Malkara&#8216;da ya\u015fayan Bakiye Yeni\u00e7eri, k\u0131z\u0131 S.Y.&#8217;yi 2 A\u011fustos&#8217;ta Malkara Devlet Hastanesi&#8217;ne g\u00f6t\u00fcrd\u00fc. Anne Yeni\u00e7eri, v\u00fccudunda morluklar olan \u00e7ocu\u011funun b\u0131rakt\u0131\u011f\u0131 kom\u015fusu taraf\u0131ndan d\u00fc\u015f\u00fcr\u00fcld\u00fc\u011f\u00fcn\u00fc ve yaraland\u0131\u011f\u0131n\u0131 s\u00f6yledi. Muayenesi yap\u0131lan S.Y., daha sonra ailesine teslim edilerek evine g\u00f6nderildi. Aile, 8 Eyl\u00fcl ak\u015fam\u0131 S.Y.&#8217;yi yeniden Malkara Devlet Hastanesi&#8217;ne g\u00f6t\u00fcrd\u00fc. Bayg\u0131n haldeki S.Y.&#8217;yi muayene eden doktorlar, darp izleri ve morluklar\u0131<\/p>\n","protected":false},"author":1,"featured_media":62511,"comment_status":"open","ping_status":"open","sticky":false,"template":"","format":"standard","meta":{"footnotes":""},"categories":[83],"tags":[],"class_list":["post-62510","post","type-post","status-publish","format-standard","has-post-thumbnail","hentry","category-magazin"],"yoast_head":"<!-- This site is optimized with the Yoast SEO plugin v28.3 - https:\/\/yoast.com\/product\/yoast-seo-wordpress\/ -->\n<title>Tekirda\u011f&#039;da cinsel istismara u\u011frayan bebekle ilgili 2 tutukluya evde tatbikat yapt\u0131r\u0131ld\u0131 -<\/title>\n<meta name=\"robots\" content=\"index, follow, max-snippet:-1, max-image-preview:large, max-video-preview:-1\" \/>\n<link rel=\"canonical\" href=\"https:\/\/kibrisdakik.com\/?p=62510\" \/>\n<meta property=\"og:locale\" content=\"tr_TR\" \/>\n<meta property=\"og:type\" content=\"article\" \/>\n<meta property=\"og:title\" content=\"Tekirda\u011f&#039;da cinsel istismara u\u011frayan bebekle ilgili 2 tutukluya evde tatbikat yapt\u0131r\u0131ld\u0131 -\" \/>\n<meta property=\"og:description\" content=\"Malkara&#8216;da ya\u015fayan Bakiye Yeni\u00e7eri, k\u0131z\u0131 S.Y.&#8217;yi 2 A\u011fustos&#8217;ta Malkara Devlet Hastanesi&#8217;ne g\u00f6t\u00fcrd\u00fc. Anne Yeni\u00e7eri, v\u00fccudunda morluklar olan \u00e7ocu\u011funun b\u0131rakt\u0131\u011f\u0131 kom\u015fusu taraf\u0131ndan d\u00fc\u015f\u00fcr\u00fcld\u00fc\u011f\u00fcn\u00fc ve yaraland\u0131\u011f\u0131n\u0131 s\u00f6yledi. Muayenesi yap\u0131lan S.Y., daha sonra ailesine teslim edilerek evine g\u00f6nderildi. Aile, 8 Eyl\u00fcl ak\u015fam\u0131 S.Y.&#8217;yi yeniden Malkara Devlet Hastanesi&#8217;ne g\u00f6t\u00fcrd\u00fc. Bayg\u0131n haldeki S.Y.&#8217;yi muayene eden doktorlar, darp izleri ve morluklar\u0131\" \/>\n<meta property=\"og:url\" content=\"https:\/\/kibrisdakik.com\/?p=62510\" \/>\n<meta property=\"article:published_time\" content=\"2024-09-16T13:29:30+00:00\" \/>\n<meta property=\"og:image\" content=\"https:\/\/kibrisdakik.com\/wp-content\/uploads\/2024\/09\/tekirdag-da-cinsel-istismara-ugrayan-bebekle-17825966_1806_amp.jpg\" \/>\n\t<meta property=\"og:image:width\" content=\"600\" \/>\n\t<meta property=\"og:image:height\" content=\"383\" \/>\n\t<meta property=\"og:image:type\" content=\"image\/jpeg\" \/>\n<meta name=\"author\" content=\"admin\" \/>\n<meta name=\"twitter:card\" content=\"summary_large_image\" \/>\n<meta name=\"twitter:label1\" content=\"Yazan:\" \/>\n\t<meta name=\"twitter:data1\" content=\"admin\" \/>\n\t<meta name=\"twitter:label2\" content=\"Tahmini okuma s\u00fcresi\" \/>\n\t<meta name=\"twitter:data2\" content=\"2 dakika\" \/>\n<script type=\"application\/ld+json\" class=\"yoast-schema-graph\">{\"@context\":\"https:\\\/\\\/schema.org\",\"@graph\":[{\"@type\":\"Article\",\"@id\":\"https:\\\/\\\/kibrisdakik.com\\\/?p=62510#article\",\"isPartOf\":{\"@id\":\"https:\\\/\\\/kibrisdakik.com\\\/?p=62510\"},\"author\":{\"name\":\"admin\",\"@id\":\"https:\\\/\\\/kibrisdakik.com\\\/#\\\/schema\\\/person\\\/9cd9d437bbb44f72b73ba127e06d8e79\"},\"headline\":\"Tekirda\u011f&#8217;da cinsel istismara u\u011frayan bebekle ilgili 2 tutukluya evde tatbikat yapt\u0131r\u0131ld\u0131\",\"datePublished\":\"2024-09-16T13:29:30+00:00\",\"mainEntityOfPage\":{\"@id\":\"https:\\\/\\\/kibrisdakik.com\\\/?p=62510\"},\"wordCount\":435,\"commentCount\":0,\"publisher\":{\"@id\":\"https:\\\/\\\/kibrisdakik.com\\\/#organization\"},\"image\":{\"@id\":\"https:\\\/\\\/kibrisdakik.com\\\/?p=62510#primaryimage\"},\"thumbnailUrl\":\"https:\\\/\\\/kibrisdakik.com\\\/wp-content\\\/uploads\\\/2024\\\/09\\\/tekirdag-da-cinsel-istismara-ugrayan-bebekle-17825966_1806_amp.jpg\",\"articleSection\":[\"Magazin\"],\"inLanguage\":\"tr\",\"potentialAction\":[{\"@type\":\"CommentAction\",\"name\":\"Comment\",\"target\":[\"https:\\\/\\\/kibrisdakik.com\\\/?p=62510#respond\"]}]},{\"@type\":\"WebPage\",\"@id\":\"https:\\\/\\\/kibrisdakik.com\\\/?p=62510\",\"url\":\"https:\\\/\\\/kibrisdakik.com\\\/?p=62510\",\"name\":\"Tekirda\u011f'da cinsel istismara u\u011frayan bebekle ilgili 2 tutukluya evde tatbikat yapt\u0131r\u0131ld\u0131 -\",\"isPartOf\":{\"@id\":\"https:\\\/\\\/kibrisdakik.com\\\/#website\"},\"primaryImageOfPage\":{\"@id\":\"https:\\\/\\\/kibrisdakik.com\\\/?p=62510#primaryimage\"},\"image\":{\"@id\":\"https:\\\/\\\/kibrisdakik.com\\\/?p=62510#primaryimage\"},\"thumbnailUrl\":\"https:\\\/\\\/kibrisdakik.com\\\/wp-content\\\/uploads\\\/2024\\\/09\\\/tekirdag-da-cinsel-istismara-ugrayan-bebekle-17825966_1806_amp.jpg\",\"datePublished\":\"2024-09-16T13:29:30+00:00\",\"breadcrumb\":{\"@id\":\"https:\\\/\\\/kibrisdakik.com\\\/?p=62510#breadcrumb\"},\"inLanguage\":\"tr\",\"potentialAction\":[{\"@type\":\"ReadAction\",\"target\":[\"https:\\\/\\\/kibrisdakik.com\\\/?p=62510\"]}]},{\"@type\":\"ImageObject\",\"inLanguage\":\"tr\",\"@id\":\"https:\\\/\\\/kibrisdakik.com\\\/?p=62510#primaryimage\",\"url\":\"https:\\\/\\\/kibrisdakik.com\\\/wp-content\\\/uploads\\\/2024\\\/09\\\/tekirdag-da-cinsel-istismara-ugrayan-bebekle-17825966_1806_amp.jpg\",\"contentUrl\":\"https:\\\/\\\/kibrisdakik.com\\\/wp-content\\\/uploads\\\/2024\\\/09\\\/tekirdag-da-cinsel-istismara-ugrayan-bebekle-17825966_1806_amp.jpg\",\"width\":600,\"height\":383},{\"@type\":\"BreadcrumbList\",\"@id\":\"https:\\\/\\\/kibrisdakik.com\\\/?p=62510#breadcrumb\",\"itemListElement\":[{\"@type\":\"ListItem\",\"position\":1,\"name\":\"Home\",\"item\":\"https:\\\/\\\/kibrisdakik.com\\\/\"},{\"@type\":\"ListItem\",\"position\":2,\"name\":\"Tekirda\u011f&#8217;da cinsel istismara u\u011frayan bebekle ilgili 2 tutukluya evde tatbikat yapt\u0131r\u0131ld\u0131\"}]},{\"@type\":\"WebSite\",\"@id\":\"https:\\\/\\\/kibrisdakik.com\\\/#website\",\"url\":\"https:\\\/\\\/kibrisdakik.com\\\/\",\"name\":\"K\u0131br\u0131s Dakik\",\"description\":\"Tam vaktinde haber\",\"publisher\":{\"@id\":\"https:\\\/\\\/kibrisdakik.com\\\/#organization\"},\"potentialAction\":[{\"@type\":\"SearchAction\",\"target\":{\"@type\":\"EntryPoint\",\"urlTemplate\":\"https:\\\/\\\/kibrisdakik.com\\\/?s={search_term_string}\"},\"query-input\":{\"@type\":\"PropertyValueSpecification\",\"valueRequired\":true,\"valueName\":\"search_term_string\"}}],\"inLanguage\":\"tr\"},{\"@type\":\"Organization\",\"@id\":\"https:\\\/\\\/kibrisdakik.com\\\/#organization\",\"name\":\"K\u0131br\u0131s Dakik\",\"url\":\"https:\\\/\\\/kibrisdakik.com\\\/\",\"logo\":{\"@type\":\"ImageObject\",\"inLanguage\":\"tr\",\"@id\":\"https:\\\/\\\/kibrisdakik.com\\\/#\\\/schema\\\/logo\\\/image\\\/\",\"url\":\"https:\\\/\\\/kibrisdakik.com\\\/wp-content\\\/uploads\\\/2025\\\/10\\\/cropped-WhatsApp-Image-2025-10-02-at-12.58.31.jpeg\",\"contentUrl\":\"https:\\\/\\\/kibrisdakik.com\\\/wp-content\\\/uploads\\\/2025\\\/10\\\/cropped-WhatsApp-Image-2025-10-02-at-12.58.31.jpeg\",\"width\":1237,\"height\":190,\"caption\":\"K\u0131br\u0131s Dakik\"},\"image\":{\"@id\":\"https:\\\/\\\/kibrisdakik.com\\\/#\\\/schema\\\/logo\\\/image\\\/\"}},{\"@type\":\"Person\",\"@id\":\"https:\\\/\\\/kibrisdakik.com\\\/#\\\/schema\\\/person\\\/9cd9d437bbb44f72b73ba127e06d8e79\",\"name\":\"admin\",\"image\":{\"@type\":\"ImageObject\",\"inLanguage\":\"tr\",\"@id\":\"https:\\\/\\\/secure.gravatar.com\\\/avatar\\\/ccc17943b9d660506c869530f897617f7cb1c21a4bf30023f252596d83e1f007?s=96&d=mm&r=g\",\"url\":\"https:\\\/\\\/secure.gravatar.com\\\/avatar\\\/ccc17943b9d660506c869530f897617f7cb1c21a4bf30023f252596d83e1f007?s=96&d=mm&r=g\",\"contentUrl\":\"https:\\\/\\\/secure.gravatar.com\\\/avatar\\\/ccc17943b9d660506c869530f897617f7cb1c21a4bf30023f252596d83e1f007?s=96&d=mm&r=g\",\"caption\":\"admin\"},\"sameAs\":[\"https:\\\/\\\/kibrisdakik.com\"],\"url\":\"https:\\\/\\\/kibrisdakik.com\\\/?author=1\"}]}<\/script>\n<!-- \/ Yoast SEO plugin. -->","yoast_head_json":{"title":"Tekirda\u011f'da cinsel istismara u\u011frayan bebekle ilgili 2 tutukluya evde tatbikat yapt\u0131r\u0131ld\u0131 -","robots":{"index":"index","follow":"follow","max-snippet":"max-snippet:-1","max-image-preview":"max-image-preview:large","max-video-preview":"max-video-preview:-1"},"canonical":"https:\/\/kibrisdakik.com\/?p=62510","og_locale":"tr_TR","og_type":"article","og_title":"Tekirda\u011f'da cinsel istismara u\u011frayan bebekle ilgili 2 tutukluya evde tatbikat yapt\u0131r\u0131ld\u0131 -","og_description":"Malkara&#8216;da ya\u015fayan Bakiye Yeni\u00e7eri, k\u0131z\u0131 S.Y.&#8217;yi 2 A\u011fustos&#8217;ta Malkara Devlet Hastanesi&#8217;ne g\u00f6t\u00fcrd\u00fc. Anne Yeni\u00e7eri, v\u00fccudunda morluklar olan \u00e7ocu\u011funun b\u0131rakt\u0131\u011f\u0131 kom\u015fusu taraf\u0131ndan d\u00fc\u015f\u00fcr\u00fcld\u00fc\u011f\u00fcn\u00fc ve yaraland\u0131\u011f\u0131n\u0131 s\u00f6yledi. Muayenesi yap\u0131lan S.Y., daha sonra ailesine teslim edilerek evine g\u00f6nderildi. Aile, 8 Eyl\u00fcl ak\u015fam\u0131 S.Y.&#8217;yi yeniden Malkara Devlet Hastanesi&#8217;ne g\u00f6t\u00fcrd\u00fc. Bayg\u0131n haldeki S.Y.&#8217;yi muayene eden doktorlar, darp izleri ve morluklar\u0131","og_url":"https:\/\/kibrisdakik.com\/?p=62510","article_published_time":"2024-09-16T13:29:30+00:00","og_image":[{"width":600,"height":383,"url":"https:\/\/kibrisdakik.com\/wp-content\/uploads\/2024\/09\/tekirdag-da-cinsel-istismara-ugrayan-bebekle-17825966_1806_amp.jpg","type":"image\/jpeg"}],"author":"admin","twitter_card":"summary_large_image","twitter_misc":{"Yazan:":"admin","Tahmini okuma s\u00fcresi":"2 dakika"},"schema":{"@context":"https:\/\/schema.org","@graph":[{"@type":"Article","@id":"https:\/\/kibrisdakik.com\/?p=62510#article","isPartOf":{"@id":"https:\/\/kibrisdakik.com\/?p=62510"},"author":{"name":"admin","@id":"https:\/\/kibrisdakik.com\/#\/schema\/person\/9cd9d437bbb44f72b73ba127e06d8e79"},"headline":"Tekirda\u011f&#8217;da cinsel istismara u\u011frayan bebekle ilgili 2 tutukluya evde tatbikat yapt\u0131r\u0131ld\u0131","datePublished":"2024-09-16T13:29:30+00:00","mainEntityOfPage":{"@id":"https:\/\/kibrisdakik.com\/?p=62510"},"wordCount":435,"commentCount":0,"publisher":{"@id":"https:\/\/kibrisdakik.com\/#organization"},"image":{"@id":"https:\/\/kibrisdakik.com\/?p=62510#primaryimage"},"thumbnailUrl":"https:\/\/kibrisdakik.com\/wp-content\/uploads\/2024\/09\/tekirdag-da-cinsel-istismara-ugrayan-bebekle-17825966_1806_amp.jpg","articleSection":["Magazin"],"inLanguage":"tr","potentialAction":[{"@type":"CommentAction","name":"Comment","target":["https:\/\/kibrisdakik.com\/?p=62510#respond"]}]},{"@type":"WebPage","@id":"https:\/\/kibrisdakik.com\/?p=62510","url":"https:\/\/kibrisdakik.com\/?p=62510","name":"Tekirda\u011f'da cinsel istismara u\u011frayan bebekle ilgili 2 tutukluya evde tatbikat yapt\u0131r\u0131ld\u0131 -","isPartOf":{"@id":"https:\/\/kibrisdakik.com\/#website"},"primaryImageOfPage":{"@id":"https:\/\/kibrisdakik.com\/?p=62510#primaryimage"},"image":{"@id":"https:\/\/kibrisdakik.com\/?p=62510#primaryimage"},"thumbnailUrl":"https:\/\/kibrisdakik.com\/wp-content\/uploads\/2024\/09\/tekirdag-da-cinsel-istismara-ugrayan-bebekle-17825966_1806_amp.jpg","datePublished":"2024-09-16T13:29:30+00:00","breadcrumb":{"@id":"https:\/\/kibrisdakik.com\/?p=62510#breadcrumb"},"inLanguage":"tr","potentialAction":[{"@type":"ReadAction","target":["https:\/\/kibrisdakik.com\/?p=62510"]}]},{"@type":"ImageObject","inLanguage":"tr","@id":"https:\/\/kibrisdakik.com\/?p=62510#primaryimage","url":"https:\/\/kibrisdakik.com\/wp-content\/uploads\/2024\/09\/tekirdag-da-cinsel-istismara-ugrayan-bebekle-17825966_1806_amp.jpg","contentUrl":"https:\/\/kibrisdakik.com\/wp-content\/uploads\/2024\/09\/tekirdag-da-cinsel-istismara-ugrayan-bebekle-17825966_1806_amp.jpg","width":600,"height":383},{"@type":"BreadcrumbList","@id":"https:\/\/kibrisdakik.com\/?p=62510#breadcrumb","itemListElement":[{"@type":"ListItem","position":1,"name":"Home","item":"https:\/\/kibrisdakik.com\/"},{"@type":"ListItem","position":2,"name":"Tekirda\u011f&#8217;da cinsel istismara u\u011frayan bebekle ilgili 2 tutukluya evde tatbikat yapt\u0131r\u0131ld\u0131"}]},{"@type":"WebSite","@id":"https:\/\/kibrisdakik.com\/#website","url":"https:\/\/kibrisdakik.com\/","name":"K\u0131br\u0131s Dakik","description":"Tam vaktinde haber","publisher":{"@id":"https:\/\/kibrisdakik.com\/#organization"},"potentialAction":[{"@type":"SearchAction","target":{"@type":"EntryPoint","urlTemplate":"https:\/\/kibrisdakik.com\/?s={search_term_string}"},"query-input":{"@type":"PropertyValueSpecification","valueRequired":true,"valueName":"search_term_string"}}],"inLanguage":"tr"},{"@type":"Organization","@id":"https:\/\/kibrisdakik.com\/#organization","name":"K\u0131br\u0131s Dakik","url":"https:\/\/kibrisdakik.com\/","logo":{"@type":"ImageObject","inLanguage":"tr","@id":"https:\/\/kibrisdakik.com\/#\/schema\/logo\/image\/","url":"https:\/\/kibrisdakik.com\/wp-content\/uploads\/2025\/10\/cropped-WhatsApp-Image-2025-10-02-at-12.58.31.jpeg","contentUrl":"https:\/\/kibrisdakik.com\/wp-content\/uploads\/2025\/10\/cropped-WhatsApp-Image-2025-10-02-at-12.58.31.jpeg","width":1237,"height":190,"caption":"K\u0131br\u0131s Dakik"},"image":{"@id":"https:\/\/kibrisdakik.com\/#\/schema\/logo\/image\/"}},{"@type":"Person","@id":"https:\/\/kibrisdakik.com\/#\/schema\/person\/9cd9d437bbb44f72b73ba127e06d8e79","name":"admin","image":{"@type":"ImageObject","inLanguage":"tr","@id":"https:\/\/secure.gravatar.com\/avatar\/ccc17943b9d660506c869530f897617f7cb1c21a4bf30023f252596d83e1f007?s=96&d=mm&r=g","url":"https:\/\/secure.gravatar.com\/avatar\/ccc17943b9d660506c869530f897617f7cb1c21a4bf30023f252596d83e1f007?s=96&d=mm&r=g","contentUrl":"https:\/\/secure.gravatar.com\/avatar\/ccc17943b9d660506c869530f897617f7cb1c21a4bf30023f252596d83e1f007?s=96&d=mm&r=g","caption":"admin"},"sameAs":["https:\/\/kibrisdakik.com"],"url":"https:\/\/kibrisdakik.com\/?author=1"}]}},"_links":{"self":[{"href":"https:\/\/kibrisdakik.com\/index.php?rest_route=\/wp\/v2\/posts\/62510","targetHints":{"allow":["GET"]}}],"collection":[{"href":"https:\/\/kibrisdakik.com\/index.php?rest_route=\/wp\/v2\/posts"}],"about":[{"href":"https:\/\/kibrisdakik.com\/index.php?rest_route=\/wp\/v2\/types\/post"}],"author":[{"embeddable":true,"href":"https:\/\/kibrisdakik.com\/index.php?rest_route=\/wp\/v2\/users\/1"}],"replies":[{"embeddable":true,"href":"https:\/\/kibrisdakik.com\/index.php?rest_route=%2Fwp%2Fv2%2Fcomments&post=62510"}],"version-history":[{"count":1,"href":"https:\/\/kibrisdakik.com\/index.php?rest_route=\/wp\/v2\/posts\/62510\/revisions"}],"predecessor-version":[{"id":62579,"href":"https:\/\/kibrisdakik.com\/index.php?rest_route=\/wp\/v2\/posts\/62510\/revisions\/62579"}],"wp:featuredmedia":[{"embeddable":true,"href":"https:\/\/kibrisdakik.com\/index.php?rest_route=\/wp\/v2\/media\/62511"}],"wp:attachment":[{"href":"https:\/\/kibrisdakik.com\/index.php?rest_route=%2Fwp%2Fv2%2Fmedia&parent=62510"}],"wp:term":[{"taxonomy":"category","embeddable":true,"href":"https:\/\/kibrisdakik.com\/index.php?rest_route=%2Fwp%2Fv2%2Fcategories&post=62510"},{"taxonomy":"post_tag","embeddable":true,"href":"https:\/\/kibrisdakik.com\/index.php?rest_route=%2Fwp%2Fv2%2Ftags&post=62510"}],"curies":[{"name":"wp","href":"https:\/\/api.w.org\/{rel}","templated":true}]}}