{"id":62524,"date":"2024-09-16T13:47:03","date_gmt":"2024-09-16T10:47:03","guid":{"rendered":"https:\/\/kibrisdakik.com\/index.php\/2024\/09\/16\/anne-yuksel-guranin-goruntuleri-sonrasi-herkes-ayni-soruyu-soruyor-narin-neyi-biliyordu\/"},"modified":"2024-09-16T13:47:03","modified_gmt":"2024-09-16T10:47:03","slug":"anne-yuksel-guranin-goruntuleri-sonrasi-herkes-ayni-soruyu-soruyor-narin-neyi-biliyordu","status":"publish","type":"post","link":"https:\/\/kibrisdakik.com\/?p=62524","title":{"rendered":"Anne Y\u00fcksel G\u00fcran&#8217;\u0131n g\u00f6r\u00fcnt\u00fcleri sonras\u0131 herkes ayn\u0131 soruyu soruyor: Narin neyi biliyordu?"},"content":{"rendered":"<p><\/p>\n<div id=\"\">\n<p> <a class=\"keyword\" href=\"https:\/\/www.haberler.com\/diyarbakir\/\" title=\"Diyarbak\u0131r Haberleri, Diyarbak\u0131r Haberi, Diyarbak\u0131r Haber\"><strong>Diyarbak\u0131r<\/strong><\/a>&#8216;da kaybolduktan 19 g\u00fcn sonra cans\u0131z bedeni bulunan 8 ya\u015f\u0131ndaki Narin G\u00fcran&#8217;\u0131n cinayet soru\u015fturmas\u0131nda s\u0131r perdesi hen\u00fcz aralanamad\u0131. Katil ya da katilleri bulmak i\u00e7in her durumu de\u011ferlendiren uzmanlar, anne, a\u011fabey ve amcan\u0131n oldu\u011fu tutuklu san\u0131klar\u0131n ifadelerine ba\u015fvururken \u00f6zellikle aile \u00fcyelerinin verdi\u011fi \u00e7eli\u015fkili ifadeler T\u00fcrkiye g\u00fcndeminde deprem etkisi yarat\u0131yor.<\/p>\n<h3>HAFTALAR SONRA ORTAYA \u00c7IKTI<\/h3>\n<p>Narin&#8217;in annesi Y\u00fcksek G\u00fcran ile ilgili haftalar sonra ortaya \u00e7\u0131kan bir detay ise b\u00fcy\u00fck ses getirecek cinsten. Narin&#8217;in Diyarbak\u0131r&#8217;daki k\u00f6ylerinde kaybolmas\u0131ndan 3 g\u00fcn sonra G\u00fclistan Doku&#8217;nun ailesinin yapt\u0131\u011f\u0131 ziyarette kaydedilen bir an haftalar sonra g\u00fcndem oldu.<\/p>\n<p><img loading=\"lazy\" decoding=\"async\" class=\"hbptMainImage lazyload ImgDetay\" src=\"https:\/\/foto.haberler.com\/haber\/2024\/09\/16\/anne-yuksel-guran-in-goruntuleri-sonrasi-herkes-17826054_9430_m.jpg\" alt=\"Anne Y\u00fcksel G\u00fcran'\u0131n g\u00f6r\u00fcnt\u00fcleri sonras\u0131 herkes ayn\u0131 soruyu soruyor: Narin neyi biliyordu?\" width=\"640\" height=\"360\"\/><\/p>\n<h3>&#8220;NAR\u0130N&#8217;\u0130N ANNES\u0130 DE BU HALE D\u00dc\u015eMES\u0130N&#8221;<\/h3>\n<p>Tunceli&#8217;de kaybolan ve 4,5 y\u0131ld\u0131r  <a class=\"keyword\" href=\"https:\/\/www.haberler.com\/\" title=\"Haber, Haberler\"><strong>haber<\/strong><\/a> al\u0131namayan G\u00fclistan Doku&#8217;nun ablas\u0131 Ayg\u00fcl Doku, anne Y\u00fcksel G\u00fcran&#8217;a sar\u0131larak a\u011flarken &#8220;G\u00fclistan&#8217;\u0131m\u0131z 4 y\u0131ld\u0131r yok, karanl\u0131kta kald\u0131. \u015euram\u0131za alev d\u00fc\u015ft\u00fc. Narin&#8217;in annesi de bu hale d\u00fc\u015fmesin diye herkesi Narin&#8217;i aramaya davet ediyoruz&#8221; diye konu\u015fmu\u015ftu.<\/p>\n<h3>&#8220;NE OLUR KIZIMI BIRAKIN, NE OLUR B\u0130R K\u00d6\u015eEYE ATIN&#8221;<\/h3>\n<p>S\u00f6z konusu ziyaret s\u0131ras\u0131nda anne G\u00fcran&#8217;\u0131n s\u00f6ylemi\u015f oldu\u011fu ifadeler herkesin dikkatini \u00e7ekti. Dikkatli kullan\u0131c\u0131lar\u0131n sosyal medyadan payla\u015ft\u0131\u011f\u0131 g\u00f6r\u00fcnt\u00fclerde annenin \u015fu ifadeleri kulland\u0131\u011f\u0131 g\u00f6r\u00fcld\u00fc; &#8220;Narin karanl\u0131kta kalmas\u0131n. G\u00fclistan&#8217;\u0131n ailesi yanm\u0131\u015f biz de yanmayal\u0131m. Kimseler yanmas\u0131n. Ne olur k\u0131z\u0131m\u0131 b\u0131rak\u0131n, ne olur bir k\u00f6\u015feye at\u0131n. Ne olur benim k\u0131z\u0131ma g\u00f6stermeyin. K\u0131z\u0131m biliyor, dayanam\u0131yor.&#8221;<\/p>\n<p><img loading=\"lazy\" decoding=\"async\" class=\"hbptMainImage lazyload ImgDetay\" src=\"https:\/\/foto.haberler.com\/haber\/2024\/09\/16\/anne-yuksel-guran-in-goruntuleri-sonrasi-herkes-17826054_9760_m.jpg\" alt=\"Anne Y\u00fcksel G\u00fcran'\u0131n g\u00f6r\u00fcnt\u00fcleri sonras\u0131 herkes ayn\u0131 soruyu soruyor: Narin neyi biliyordu?\" width=\"640\" height=\"360\"\/><\/p>\n<h3>V\u0130DEOYU \u0130ZLEYEN HERKES AYNI SORUYU SORUYOR<\/h3>\n<p>T\u00fcrkiye&#8217;yi yasa bo\u011fan 8 ya\u015f\u0131ndaki Narin&#8217;in annesi Y\u00fcksel G\u00fcran&#8217;\u0131n haftalar sonra ortaya \u00e7\u0131kan g\u00f6r\u00fcnt\u00fclerde sarf etti\u011fi &#8220;K\u0131z\u0131m biliyor, dayanam\u0131yor&#8221; c\u00fcmlesi ise k\u0131sa s\u00fcrede b\u00fcy\u00fck ses getirdi. Videoyu izleyen y\u00fczlerce ki\u015fi &#8220;Narin ne biliyordu?&#8221; sorusunu y\u00f6neltti.<\/p>\n<figure class=\"type:primaryimage hbhOrder\" style=\"margin-bottom: 20px;\"><img loading=\"lazy\" decoding=\"async\" width=\"1202\" height=\"675\" class=\"hbptMainImage\" id=\"HaberImage\" src=\"https:\/\/foto.haberler.com\/resize\/601x337\/haber\/2024\/09\/16\/anne-yuksel-guran-in-goruntuleri-sonrasi-herkes-17826054_1288_amp.jpg\"\/><\/figure>\n<h4 id=\"nwsKeywords\"> <a href=\"https:\/\/www.haberler.com\/narin-guran\/\" title=\"Narin G\u00fcran\" class=\"hbptTag\">Narin G\u00fcran<\/a>  <a href=\"https:\/\/www.haberler.com\/diyarbakir\/\" title=\"Diyarbak\u0131r\" class=\"hbptTag\">Diyarbak\u0131r<\/a>  <a href=\"https:\/\/www.haberler.com\/guvenlik\/\" title=\"G\u00fcvenlik\" class=\"hbptTag\">G\u00fcvenlik<\/a>  <a href=\"https:\/\/www.haberler.com\/3-sayfa\/\" title=\"3-sayfa\" class=\"hbptTag\">3-sayfa<\/a>  <a href=\"https:\/\/www.haberler.com\/cinayet\/\" title=\"Cinayet\" class=\"hbptTag\">Cinayet<\/a>  <a href=\"https:\/\/www.haberler.com\/hukuk\/\" title=\"Hukuk\" class=\"hbptTag\">Hukuk<\/a> <\/h4>\n<\/div>\n","protected":false},"excerpt":{"rendered":"<p>Diyarbak\u0131r&#8216;da kaybolduktan 19 g\u00fcn sonra cans\u0131z bedeni bulunan 8 ya\u015f\u0131ndaki Narin G\u00fcran&#8217;\u0131n cinayet soru\u015fturmas\u0131nda s\u0131r perdesi hen\u00fcz aralanamad\u0131. Katil ya da katilleri bulmak i\u00e7in her durumu de\u011ferlendiren uzmanlar, anne, a\u011fabey ve amcan\u0131n oldu\u011fu tutuklu san\u0131klar\u0131n ifadelerine ba\u015fvururken \u00f6zellikle aile \u00fcyelerinin verdi\u011fi \u00e7eli\u015fkili ifadeler T\u00fcrkiye g\u00fcndeminde deprem etkisi yarat\u0131yor. HAFTALAR SONRA ORTAYA \u00c7IKTI Narin&#8217;in annesi Y\u00fcksek<\/p>\n","protected":false},"author":1,"featured_media":62525,"comment_status":"open","ping_status":"open","sticky":false,"template":"","format":"standard","meta":{"footnotes":""},"categories":[83],"tags":[],"class_list":["post-62524","post","type-post","status-publish","format-standard","has-post-thumbnail","hentry","category-magazin"],"yoast_head":"<!-- This site is optimized with the Yoast SEO plugin v27.5 - https:\/\/yoast.com\/product\/yoast-seo-wordpress\/ -->\n<title>Anne Y\u00fcksel G\u00fcran&#039;\u0131n g\u00f6r\u00fcnt\u00fcleri sonras\u0131 herkes ayn\u0131 soruyu soruyor: Narin neyi biliyordu? -<\/title>\n<meta name=\"robots\" content=\"index, follow, max-snippet:-1, max-image-preview:large, max-video-preview:-1\" \/>\n<link rel=\"canonical\" href=\"https:\/\/kibrisdakik.com\/?p=62524\" \/>\n<meta property=\"og:locale\" content=\"tr_TR\" \/>\n<meta property=\"og:type\" content=\"article\" \/>\n<meta property=\"og:title\" content=\"Anne Y\u00fcksel G\u00fcran&#039;\u0131n g\u00f6r\u00fcnt\u00fcleri sonras\u0131 herkes ayn\u0131 soruyu soruyor: Narin neyi biliyordu? -\" \/>\n<meta property=\"og:description\" content=\"Diyarbak\u0131r&#8216;da kaybolduktan 19 g\u00fcn sonra cans\u0131z bedeni bulunan 8 ya\u015f\u0131ndaki Narin G\u00fcran&#8217;\u0131n cinayet soru\u015fturmas\u0131nda s\u0131r perdesi hen\u00fcz aralanamad\u0131. Katil ya da katilleri bulmak i\u00e7in her durumu de\u011ferlendiren uzmanlar, anne, a\u011fabey ve amcan\u0131n oldu\u011fu tutuklu san\u0131klar\u0131n ifadelerine ba\u015fvururken \u00f6zellikle aile \u00fcyelerinin verdi\u011fi \u00e7eli\u015fkili ifadeler T\u00fcrkiye g\u00fcndeminde deprem etkisi yarat\u0131yor. HAFTALAR SONRA ORTAYA \u00c7IKTI Narin&#8217;in annesi Y\u00fcksek\" \/>\n<meta property=\"og:url\" content=\"https:\/\/kibrisdakik.com\/?p=62524\" \/>\n<meta property=\"article:published_time\" content=\"2024-09-16T10:47:03+00:00\" \/>\n<meta property=\"og:image\" content=\"https:\/\/kibrisdakik.com\/wp-content\/uploads\/2024\/09\/anne-yuksel-guran-in-goruntuleri-sonrasi-herkes-17826054_9430_m.jpg\" \/>\n\t<meta property=\"og:image:width\" content=\"640\" \/>\n\t<meta property=\"og:image:height\" content=\"360\" \/>\n\t<meta property=\"og:image:type\" content=\"image\/jpeg\" \/>\n<meta name=\"author\" content=\"admin\" \/>\n<meta name=\"twitter:card\" content=\"summary_large_image\" \/>\n<meta name=\"twitter:label1\" content=\"Yazan:\" \/>\n\t<meta name=\"twitter:data1\" content=\"admin\" \/>\n\t<meta name=\"twitter:label2\" content=\"Tahmini okuma s\u00fcresi\" \/>\n\t<meta name=\"twitter:data2\" content=\"2 dakika\" \/>\n<script type=\"application\/ld+json\" class=\"yoast-schema-graph\">{\"@context\":\"https:\\\/\\\/schema.org\",\"@graph\":[{\"@type\":\"Article\",\"@id\":\"https:\\\/\\\/kibrisdakik.com\\\/?p=62524#article\",\"isPartOf\":{\"@id\":\"https:\\\/\\\/kibrisdakik.com\\\/?p=62524\"},\"author\":{\"name\":\"admin\",\"@id\":\"https:\\\/\\\/kibrisdakik.com\\\/#\\\/schema\\\/person\\\/9cd9d437bbb44f72b73ba127e06d8e79\"},\"headline\":\"Anne Y\u00fcksel G\u00fcran&#8217;\u0131n g\u00f6r\u00fcnt\u00fcleri sonras\u0131 herkes ayn\u0131 soruyu soruyor: Narin neyi biliyordu?\",\"datePublished\":\"2024-09-16T10:47:03+00:00\",\"mainEntityOfPage\":{\"@id\":\"https:\\\/\\\/kibrisdakik.com\\\/?p=62524\"},\"wordCount\":373,\"commentCount\":0,\"image\":{\"@id\":\"https:\\\/\\\/kibrisdakik.com\\\/?p=62524#primaryimage\"},\"thumbnailUrl\":\"https:\\\/\\\/kibrisdakik.com\\\/wp-content\\\/uploads\\\/2024\\\/09\\\/anne-yuksel-guran-in-goruntuleri-sonrasi-herkes-17826054_9430_m.jpg\",\"articleSection\":[\"Magazin\"],\"inLanguage\":\"tr\",\"potentialAction\":[{\"@type\":\"CommentAction\",\"name\":\"Comment\",\"target\":[\"https:\\\/\\\/kibrisdakik.com\\\/?p=62524#respond\"]}]},{\"@type\":\"WebPage\",\"@id\":\"https:\\\/\\\/kibrisdakik.com\\\/?p=62524\",\"url\":\"https:\\\/\\\/kibrisdakik.com\\\/?p=62524\",\"name\":\"Anne Y\u00fcksel G\u00fcran'\u0131n g\u00f6r\u00fcnt\u00fcleri sonras\u0131 herkes ayn\u0131 soruyu soruyor: Narin neyi biliyordu? -\",\"isPartOf\":{\"@id\":\"https:\\\/\\\/kibrisdakik.com\\\/#website\"},\"primaryImageOfPage\":{\"@id\":\"https:\\\/\\\/kibrisdakik.com\\\/?p=62524#primaryimage\"},\"image\":{\"@id\":\"https:\\\/\\\/kibrisdakik.com\\\/?p=62524#primaryimage\"},\"thumbnailUrl\":\"https:\\\/\\\/kibrisdakik.com\\\/wp-content\\\/uploads\\\/2024\\\/09\\\/anne-yuksel-guran-in-goruntuleri-sonrasi-herkes-17826054_9430_m.jpg\",\"datePublished\":\"2024-09-16T10:47:03+00:00\",\"author\":{\"@id\":\"https:\\\/\\\/kibrisdakik.com\\\/#\\\/schema\\\/person\\\/9cd9d437bbb44f72b73ba127e06d8e79\"},\"breadcrumb\":{\"@id\":\"https:\\\/\\\/kibrisdakik.com\\\/?p=62524#breadcrumb\"},\"inLanguage\":\"tr\",\"potentialAction\":[{\"@type\":\"ReadAction\",\"target\":[\"https:\\\/\\\/kibrisdakik.com\\\/?p=62524\"]}]},{\"@type\":\"ImageObject\",\"inLanguage\":\"tr\",\"@id\":\"https:\\\/\\\/kibrisdakik.com\\\/?p=62524#primaryimage\",\"url\":\"https:\\\/\\\/kibrisdakik.com\\\/wp-content\\\/uploads\\\/2024\\\/09\\\/anne-yuksel-guran-in-goruntuleri-sonrasi-herkes-17826054_9430_m.jpg\",\"contentUrl\":\"https:\\\/\\\/kibrisdakik.com\\\/wp-content\\\/uploads\\\/2024\\\/09\\\/anne-yuksel-guran-in-goruntuleri-sonrasi-herkes-17826054_9430_m.jpg\",\"width\":640,\"height\":360},{\"@type\":\"BreadcrumbList\",\"@id\":\"https:\\\/\\\/kibrisdakik.com\\\/?p=62524#breadcrumb\",\"itemListElement\":[{\"@type\":\"ListItem\",\"position\":1,\"name\":\"Home\",\"item\":\"https:\\\/\\\/kibrisdakik.com\\\/\"},{\"@type\":\"ListItem\",\"position\":2,\"name\":\"Anne Y\u00fcksel G\u00fcran&#8217;\u0131n g\u00f6r\u00fcnt\u00fcleri sonras\u0131 herkes ayn\u0131 soruyu soruyor: Narin neyi biliyordu?\"}]},{\"@type\":\"WebSite\",\"@id\":\"https:\\\/\\\/kibrisdakik.com\\\/#website\",\"url\":\"https:\\\/\\\/kibrisdakik.com\\\/\",\"name\":\"\",\"description\":\"Tam vaktinde haber\",\"potentialAction\":[{\"@type\":\"SearchAction\",\"target\":{\"@type\":\"EntryPoint\",\"urlTemplate\":\"https:\\\/\\\/kibrisdakik.com\\\/?s={search_term_string}\"},\"query-input\":{\"@type\":\"PropertyValueSpecification\",\"valueRequired\":true,\"valueName\":\"search_term_string\"}}],\"inLanguage\":\"tr\"},{\"@type\":\"Person\",\"@id\":\"https:\\\/\\\/kibrisdakik.com\\\/#\\\/schema\\\/person\\\/9cd9d437bbb44f72b73ba127e06d8e79\",\"name\":\"admin\",\"image\":{\"@type\":\"ImageObject\",\"inLanguage\":\"tr\",\"@id\":\"https:\\\/\\\/secure.gravatar.com\\\/avatar\\\/ccc17943b9d660506c869530f897617f7cb1c21a4bf30023f252596d83e1f007?s=96&d=mm&r=g\",\"url\":\"https:\\\/\\\/secure.gravatar.com\\\/avatar\\\/ccc17943b9d660506c869530f897617f7cb1c21a4bf30023f252596d83e1f007?s=96&d=mm&r=g\",\"contentUrl\":\"https:\\\/\\\/secure.gravatar.com\\\/avatar\\\/ccc17943b9d660506c869530f897617f7cb1c21a4bf30023f252596d83e1f007?s=96&d=mm&r=g\",\"caption\":\"admin\"},\"sameAs\":[\"https:\\\/\\\/kibrisdakik.com\"],\"url\":\"https:\\\/\\\/kibrisdakik.com\\\/?author=1\"}]}<\/script>\n<!-- \/ Yoast SEO plugin. -->","yoast_head_json":{"title":"Anne Y\u00fcksel G\u00fcran'\u0131n g\u00f6r\u00fcnt\u00fcleri sonras\u0131 herkes ayn\u0131 soruyu soruyor: Narin neyi biliyordu? -","robots":{"index":"index","follow":"follow","max-snippet":"max-snippet:-1","max-image-preview":"max-image-preview:large","max-video-preview":"max-video-preview:-1"},"canonical":"https:\/\/kibrisdakik.com\/?p=62524","og_locale":"tr_TR","og_type":"article","og_title":"Anne Y\u00fcksel G\u00fcran'\u0131n g\u00f6r\u00fcnt\u00fcleri sonras\u0131 herkes ayn\u0131 soruyu soruyor: Narin neyi biliyordu? -","og_description":"Diyarbak\u0131r&#8216;da kaybolduktan 19 g\u00fcn sonra cans\u0131z bedeni bulunan 8 ya\u015f\u0131ndaki Narin G\u00fcran&#8217;\u0131n cinayet soru\u015fturmas\u0131nda s\u0131r perdesi hen\u00fcz aralanamad\u0131. Katil ya da katilleri bulmak i\u00e7in her durumu de\u011ferlendiren uzmanlar, anne, a\u011fabey ve amcan\u0131n oldu\u011fu tutuklu san\u0131klar\u0131n ifadelerine ba\u015fvururken \u00f6zellikle aile \u00fcyelerinin verdi\u011fi \u00e7eli\u015fkili ifadeler T\u00fcrkiye g\u00fcndeminde deprem etkisi yarat\u0131yor. HAFTALAR SONRA ORTAYA \u00c7IKTI Narin&#8217;in annesi Y\u00fcksek","og_url":"https:\/\/kibrisdakik.com\/?p=62524","article_published_time":"2024-09-16T10:47:03+00:00","og_image":[{"width":640,"height":360,"url":"https:\/\/kibrisdakik.com\/wp-content\/uploads\/2024\/09\/anne-yuksel-guran-in-goruntuleri-sonrasi-herkes-17826054_9430_m.jpg","type":"image\/jpeg"}],"author":"admin","twitter_card":"summary_large_image","twitter_misc":{"Yazan:":"admin","Tahmini okuma s\u00fcresi":"2 dakika"},"schema":{"@context":"https:\/\/schema.org","@graph":[{"@type":"Article","@id":"https:\/\/kibrisdakik.com\/?p=62524#article","isPartOf":{"@id":"https:\/\/kibrisdakik.com\/?p=62524"},"author":{"name":"admin","@id":"https:\/\/kibrisdakik.com\/#\/schema\/person\/9cd9d437bbb44f72b73ba127e06d8e79"},"headline":"Anne Y\u00fcksel G\u00fcran&#8217;\u0131n g\u00f6r\u00fcnt\u00fcleri sonras\u0131 herkes ayn\u0131 soruyu soruyor: Narin neyi biliyordu?","datePublished":"2024-09-16T10:47:03+00:00","mainEntityOfPage":{"@id":"https:\/\/kibrisdakik.com\/?p=62524"},"wordCount":373,"commentCount":0,"image":{"@id":"https:\/\/kibrisdakik.com\/?p=62524#primaryimage"},"thumbnailUrl":"https:\/\/kibrisdakik.com\/wp-content\/uploads\/2024\/09\/anne-yuksel-guran-in-goruntuleri-sonrasi-herkes-17826054_9430_m.jpg","articleSection":["Magazin"],"inLanguage":"tr","potentialAction":[{"@type":"CommentAction","name":"Comment","target":["https:\/\/kibrisdakik.com\/?p=62524#respond"]}]},{"@type":"WebPage","@id":"https:\/\/kibrisdakik.com\/?p=62524","url":"https:\/\/kibrisdakik.com\/?p=62524","name":"Anne Y\u00fcksel G\u00fcran'\u0131n g\u00f6r\u00fcnt\u00fcleri sonras\u0131 herkes ayn\u0131 soruyu soruyor: Narin neyi biliyordu? -","isPartOf":{"@id":"https:\/\/kibrisdakik.com\/#website"},"primaryImageOfPage":{"@id":"https:\/\/kibrisdakik.com\/?p=62524#primaryimage"},"image":{"@id":"https:\/\/kibrisdakik.com\/?p=62524#primaryimage"},"thumbnailUrl":"https:\/\/kibrisdakik.com\/wp-content\/uploads\/2024\/09\/anne-yuksel-guran-in-goruntuleri-sonrasi-herkes-17826054_9430_m.jpg","datePublished":"2024-09-16T10:47:03+00:00","author":{"@id":"https:\/\/kibrisdakik.com\/#\/schema\/person\/9cd9d437bbb44f72b73ba127e06d8e79"},"breadcrumb":{"@id":"https:\/\/kibrisdakik.com\/?p=62524#breadcrumb"},"inLanguage":"tr","potentialAction":[{"@type":"ReadAction","target":["https:\/\/kibrisdakik.com\/?p=62524"]}]},{"@type":"ImageObject","inLanguage":"tr","@id":"https:\/\/kibrisdakik.com\/?p=62524#primaryimage","url":"https:\/\/kibrisdakik.com\/wp-content\/uploads\/2024\/09\/anne-yuksel-guran-in-goruntuleri-sonrasi-herkes-17826054_9430_m.jpg","contentUrl":"https:\/\/kibrisdakik.com\/wp-content\/uploads\/2024\/09\/anne-yuksel-guran-in-goruntuleri-sonrasi-herkes-17826054_9430_m.jpg","width":640,"height":360},{"@type":"BreadcrumbList","@id":"https:\/\/kibrisdakik.com\/?p=62524#breadcrumb","itemListElement":[{"@type":"ListItem","position":1,"name":"Home","item":"https:\/\/kibrisdakik.com\/"},{"@type":"ListItem","position":2,"name":"Anne Y\u00fcksel G\u00fcran&#8217;\u0131n g\u00f6r\u00fcnt\u00fcleri sonras\u0131 herkes ayn\u0131 soruyu soruyor: Narin neyi biliyordu?"}]},{"@type":"WebSite","@id":"https:\/\/kibrisdakik.com\/#website","url":"https:\/\/kibrisdakik.com\/","name":"","description":"Tam vaktinde haber","potentialAction":[{"@type":"SearchAction","target":{"@type":"EntryPoint","urlTemplate":"https:\/\/kibrisdakik.com\/?s={search_term_string}"},"query-input":{"@type":"PropertyValueSpecification","valueRequired":true,"valueName":"search_term_string"}}],"inLanguage":"tr"},{"@type":"Person","@id":"https:\/\/kibrisdakik.com\/#\/schema\/person\/9cd9d437bbb44f72b73ba127e06d8e79","name":"admin","image":{"@type":"ImageObject","inLanguage":"tr","@id":"https:\/\/secure.gravatar.com\/avatar\/ccc17943b9d660506c869530f897617f7cb1c21a4bf30023f252596d83e1f007?s=96&d=mm&r=g","url":"https:\/\/secure.gravatar.com\/avatar\/ccc17943b9d660506c869530f897617f7cb1c21a4bf30023f252596d83e1f007?s=96&d=mm&r=g","contentUrl":"https:\/\/secure.gravatar.com\/avatar\/ccc17943b9d660506c869530f897617f7cb1c21a4bf30023f252596d83e1f007?s=96&d=mm&r=g","caption":"admin"},"sameAs":["https:\/\/kibrisdakik.com"],"url":"https:\/\/kibrisdakik.com\/?author=1"}]}},"_links":{"self":[{"href":"https:\/\/kibrisdakik.com\/index.php?rest_route=\/wp\/v2\/posts\/62524","targetHints":{"allow":["GET"]}}],"collection":[{"href":"https:\/\/kibrisdakik.com\/index.php?rest_route=\/wp\/v2\/posts"}],"about":[{"href":"https:\/\/kibrisdakik.com\/index.php?rest_route=\/wp\/v2\/types\/post"}],"author":[{"embeddable":true,"href":"https:\/\/kibrisdakik.com\/index.php?rest_route=\/wp\/v2\/users\/1"}],"replies":[{"embeddable":true,"href":"https:\/\/kibrisdakik.com\/index.php?rest_route=%2Fwp%2Fv2%2Fcomments&post=62524"}],"version-history":[{"count":0,"href":"https:\/\/kibrisdakik.com\/index.php?rest_route=\/wp\/v2\/posts\/62524\/revisions"}],"wp:featuredmedia":[{"embeddable":true,"href":"https:\/\/kibrisdakik.com\/index.php?rest_route=\/wp\/v2\/media\/62525"}],"wp:attachment":[{"href":"https:\/\/kibrisdakik.com\/index.php?rest_route=%2Fwp%2Fv2%2Fmedia&parent=62524"}],"wp:term":[{"taxonomy":"category","embeddable":true,"href":"https:\/\/kibrisdakik.com\/index.php?rest_route=%2Fwp%2Fv2%2Fcategories&post=62524"},{"taxonomy":"post_tag","embeddable":true,"href":"https:\/\/kibrisdakik.com\/index.php?rest_route=%2Fwp%2Fv2%2Ftags&post=62524"}],"curies":[{"name":"wp","href":"https:\/\/api.w.org\/{rel}","templated":true}]}}