{"id":62531,"date":"2024-09-16T12:05:55","date_gmt":"2024-09-16T09:05:55","guid":{"rendered":"https:\/\/kibrisdakik.com\/index.php\/2024\/09\/16\/aym-zam-oranini-iade-ettigi-icin-isten-cikarilan-calisani-hakli-buldu\/"},"modified":"2024-09-16T12:05:55","modified_gmt":"2024-09-16T09:05:55","slug":"aym-zam-oranini-iade-ettigi-icin-isten-cikarilan-calisani-hakli-buldu","status":"publish","type":"post","link":"https:\/\/kibrisdakik.com\/?p=62531","title":{"rendered":"AYM, zam oran\u0131n\u0131 iade etti\u011fi i\u00e7in i\u015ften \u00e7\u0131kar\u0131lan \u00e7al\u0131\u015fan\u0131 hakl\u0131 buldu"},"content":{"rendered":"<p><img decoding=\"async\" src=\"https:\/\/foto.haberler.com\/haber\/2024\/09\/16\/aym-zam-oranini-iade-ettigi-icin-isten-cikarilan-17825523_9675_amp.jpg\" \/><\/p>\n<div id=\"\">\n<p> <a class=\"keyword\" href=\"https:\/\/www.haberler.com\/anayasa-mahkemesi\/\" title=\"Anayasa Mahkemesi Haberleri, Anayasa Mahkemesi Haberi, Anayasa Mahkemesi Haber\"><strong>Anayasa Mahkemesi<\/strong><\/a> (AYM), maa\u015f\u0131na yap\u0131lan zam oran\u0131ndan duydu\u011fu memnuniyetsizli\u011fi y\u00f6neticilerine g\u00f6nderdi\u011fi e-postayla g\u00f6steren i\u015f\u00e7inin, tazminats\u0131z i\u015ften \u00e7\u0131kar\u0131lmas\u0131 \u00fczerine yapt\u0131\u011f\u0131 bireysel ba\u015fvuruda ifade \u00f6zg\u00fcrl\u00fc\u011f\u00fcn\u00fcn ihlal edildi\u011fine h\u00fckmetti.<\/p>\n<h3>ZAM ORANINI \u0130NSAN KAYNAKLARINA \u0130ADE ETT\u0130<\/h3>\n<p>Resmi Gazete&#8217;de yay\u0131mlanan karara g\u00f6re, maa\u015f\u0131na yap\u0131lan y\u0131ll\u0131k y\u00fczde 5,3 oran\u0131ndaki zamm\u0131 be\u011fenmeyen Serap Aslan A. i\u015f yerindeki y\u00f6netici ve i\u015f\u00e7ilere, &#8220;Merhabalar, bana verilen zam oran\u0131n\u0131 zarf i\u00e7inde insan kaynaklar\u0131na iade ediyorum. Bu oran\u0131 kim ya da kimler belirlediyse aralar\u0131nda payla\u015fs\u0131nlar, bilgilerinize.&#8221; \u015feklinde e-posta yollad\u0131.<\/p>\n<h3>\u0130\u015e AKD\u0130 FESHED\u0130LD\u0130 <\/h3>\n<p>Bu ifadeler nedeniyle i\u015f akdi feshedilen Serap Aslan A. i\u015f akdinin haks\u0131z feshedildi\u011fini belirterek, k\u0131dem ve ihbar tazminat\u0131n\u0131n \u00f6denmesine karar verilmesi talebiyle \u00c7atalca 1. Asliye Hukuk Mahkemesine dava a\u00e7t\u0131. e-postan\u0131n, i\u015fverenin veya onu temsile yetkili olan ve zam oran\u0131n\u0131 belirleyen i\u015fveren vekillerinin onur ve sayg\u0131nl\u0131\u011f\u0131na zarar verebilecek \u00f6rt\u00fcl\u00fc hakaret niteli\u011fi ta\u015f\u0131d\u0131\u011f\u0131na h\u00fckmeden mahkeme, feshin hakl\u0131 oldu\u011fu gerek\u00e7esiyle k\u0131dem ve ihbar tazminat\u0131 talebini reddetti. Serap Aslan A, yerel mahkeme karar\u0131n\u0131n Yarg\u0131tay 9. Hukuk Dairesince onanmas\u0131 \u00fczerine, AYM&#8217;ye bireysel ba\u015fvuruda bulundu.<\/p>\n<h3>30 B\u0130N L\u0130RA \u00d6DEYECEKLER<\/h3>\n<p>Ba\u015fvurucuyu hakl\u0131 bulan Y\u00fcksek Mahkeme, Anayasa&#8217;n\u0131n 26. maddesinde g\u00fcvence alt\u0131na al\u0131nan ifade \u00f6zg\u00fcrl\u00fc\u011f\u00fcn\u00fcn ihlal edildi\u011fine karar vererek, ba\u015fvurucuya, 30 bin lira manevi tazminat \u00f6denmesine h\u00fckmetti. Karar\u0131n bir \u00f6rne\u011fi, ifade \u00f6zg\u00fcrl\u00fc\u011f\u00fcn\u00fcn ihlali sonu\u00e7lar\u0131n\u0131n ortadan kald\u0131r\u0131lmas\u0131 i\u00e7in yeniden yarg\u0131lama yap\u0131lmak \u00fczere \u00c7atalca 1. Asliye Hukuk Mahkemesine g\u00f6nderildi.<\/p>\n<h3>&#8220;AD\u0130L DENGE KURULMADI&#8221; <\/h3>\n<p>Karar\u0131n gerek\u00e7esinde, ba\u015fvurucunun, maa\u015f zam oran\u0131ndan duydu\u011fu memnuniyetsizli\u011fi e-posta yoluyla i\u015fveren veya i\u015fveren ad\u0131na yetkili temsilcilerine bildirdi\u011fi belirtilerek, yerel mahkemenin, bu memnuniyetsizli\u011fin uygun bir \u00fcslupla ifade edilmesi gerekti\u011fine i\u015faret etti\u011fi kaydedildi. \u0130fade \u00f6zg\u00fcrl\u00fc\u011f\u00fcn\u00fcn demokratik bir toplumun zorunlu temellerinden biri ve toplumun ilerlemesi, her bireyin geli\u015fmesi i\u00e7in gerekli temel \u015fartlardan oldu\u011funa vurgu yap\u0131lan kararda, devletin bu \u00f6zg\u00fcrl\u00fc\u011fe en y\u00fcksek g\u00fcvenceyi sa\u011flamas\u0131 gerekti\u011fi aktar\u0131ld\u0131.<\/p>\n<p>e-posta i\u00e7eri\u011finden, ba\u015fvurucunun herhangi bir somutla\u015ft\u0131rma yapmadan ve isnatta bulunmadan maa\u015f zamm\u0131n\u0131 d\u00fc\u015f\u00fck bulmas\u0131ndan duydu\u011fu rahats\u0131zl\u0131\u011f\u0131, ilgililerin dikkatine sunmaya \u00e7al\u0131\u015ft\u0131\u011f\u0131n\u0131n anla\u015f\u0131ld\u0131\u011f\u0131 bildirilen kararda, \u015fu ifadeler yer ald\u0131: M&#8221;Ba\u015fvurucunun i\u015f akdinin haks\u0131z olarak feshedildi\u011finden hareketle a\u00e7t\u0131\u011f\u0131 alacak davas\u0131n\u0131 reddeden mahkemenin, ba\u015fvurucunun ifade \u00f6zg\u00fcrl\u00fc\u011f\u00fc ile i\u015fveren veya i\u015fveren vekillerinin \u015feref ve itibar haklar\u0131 aras\u0131nda adil bir denge kurabildi\u011finden bahsetmek m\u00fcmk\u00fcn olmayacakt\u0131r. Dolay\u0131s\u0131yla mahkemenin ba\u015fvurucunun ifade \u00f6zg\u00fcrl\u00fc\u011f\u00fc ile i\u015f yerinin disiplini, d\u00fczeni ve \u00e7al\u0131\u015fma bar\u0131\u015f\u0131n\u0131n sa\u011flanmas\u0131 amac\u0131 aras\u0131nda adil bir denge kurulmas\u0131na y\u00f6nelik ilgili ve yeterli bir gerek\u00e7e sunmad\u0131\u011f\u0131 sonucuna ula\u015f\u0131lm\u0131\u015ft\u0131r.&#8221;<\/p>\n<h4 id=\"nwsKeywords\"> <a href=\"https:\/\/www.haberler.com\/anayasa-mahkemesi\/\" title=\"Anayasa Mahkemesi\" class=\"hbptTag\">Anayasa Mahkemesi<\/a>  <a href=\"https:\/\/www.haberler.com\/anayasa-mahkemesi\/\" title=\"Anayasa Mahkemesi\" class=\"hbptTag\">Anayasa Mahkemesi<\/a>  <a href=\"https:\/\/www.haberler.com\/politika\/\" title=\"Politika\" class=\"hbptTag\">Politika<\/a>  <a href=\"https:\/\/www.haberler.com\/mahkeme\/\" title=\"Mahkeme\" class=\"hbptTag\">Mahkeme<\/a>  <a href=\"https:\/\/www.haberler.com\/3-sayfa\/\" title=\"3-sayfa\" class=\"hbptTag\">3-sayfa<\/a>  <a href=\"https:\/\/www.haberler.com\/guncel\/\" title=\"G\u00fcncel\" class=\"hbptTag\">G\u00fcncel<\/a>  <a href=\"https:\/\/www.haberler.com\/hukuk\/\" title=\"Hukuk\" class=\"hbptTag\">Hukuk<\/a>  <a href=\"https:\/\/www.haberler.com\/zam\/\" title=\"Zam\" class=\"hbptTag\">Zam<\/a> <\/h4>\n<\/div>\n","protected":false},"excerpt":{"rendered":"<p>Anayasa Mahkemesi (AYM), maa\u015f\u0131na yap\u0131lan zam oran\u0131ndan duydu\u011fu memnuniyetsizli\u011fi y\u00f6neticilerine g\u00f6nderdi\u011fi e-postayla g\u00f6steren i\u015f\u00e7inin, tazminats\u0131z i\u015ften \u00e7\u0131kar\u0131lmas\u0131 \u00fczerine yapt\u0131\u011f\u0131 bireysel ba\u015fvuruda ifade \u00f6zg\u00fcrl\u00fc\u011f\u00fcn\u00fcn ihlal edildi\u011fine h\u00fckmetti. ZAM ORANINI \u0130NSAN KAYNAKLARINA \u0130ADE ETT\u0130 Resmi Gazete&#8217;de yay\u0131mlanan karara g\u00f6re, maa\u015f\u0131na yap\u0131lan y\u0131ll\u0131k y\u00fczde 5,3 oran\u0131ndaki zamm\u0131 be\u011fenmeyen Serap Aslan A. i\u015f yerindeki y\u00f6netici ve i\u015f\u00e7ilere, &#8220;Merhabalar, bana<\/p>\n","protected":false},"author":1,"featured_media":62532,"comment_status":"open","ping_status":"open","sticky":false,"template":"","format":"standard","meta":{"footnotes":""},"categories":[83],"tags":[],"class_list":["post-62531","post","type-post","status-publish","format-standard","has-post-thumbnail","hentry","category-magazin"],"yoast_head":"<!-- This site is optimized with the Yoast SEO plugin v27.4 - https:\/\/yoast.com\/product\/yoast-seo-wordpress\/ -->\n<title>AYM, zam oran\u0131n\u0131 iade etti\u011fi i\u00e7in i\u015ften \u00e7\u0131kar\u0131lan \u00e7al\u0131\u015fan\u0131 hakl\u0131 buldu -<\/title>\n<meta name=\"robots\" content=\"index, follow, max-snippet:-1, max-image-preview:large, max-video-preview:-1\" \/>\n<link rel=\"canonical\" href=\"https:\/\/kibrisdakik.com\/?p=62531\" \/>\n<meta property=\"og:locale\" content=\"tr_TR\" \/>\n<meta property=\"og:type\" content=\"article\" \/>\n<meta property=\"og:title\" content=\"AYM, zam oran\u0131n\u0131 iade etti\u011fi i\u00e7in i\u015ften \u00e7\u0131kar\u0131lan \u00e7al\u0131\u015fan\u0131 hakl\u0131 buldu -\" \/>\n<meta property=\"og:description\" content=\"Anayasa Mahkemesi (AYM), maa\u015f\u0131na yap\u0131lan zam oran\u0131ndan duydu\u011fu memnuniyetsizli\u011fi y\u00f6neticilerine g\u00f6nderdi\u011fi e-postayla g\u00f6steren i\u015f\u00e7inin, tazminats\u0131z i\u015ften \u00e7\u0131kar\u0131lmas\u0131 \u00fczerine yapt\u0131\u011f\u0131 bireysel ba\u015fvuruda ifade \u00f6zg\u00fcrl\u00fc\u011f\u00fcn\u00fcn ihlal edildi\u011fine h\u00fckmetti. ZAM ORANINI \u0130NSAN KAYNAKLARINA \u0130ADE ETT\u0130 Resmi Gazete&#8217;de yay\u0131mlanan karara g\u00f6re, maa\u015f\u0131na yap\u0131lan y\u0131ll\u0131k y\u00fczde 5,3 oran\u0131ndaki zamm\u0131 be\u011fenmeyen Serap Aslan A. i\u015f yerindeki y\u00f6netici ve i\u015f\u00e7ilere, &#8220;Merhabalar, bana\" \/>\n<meta property=\"og:url\" content=\"https:\/\/kibrisdakik.com\/?p=62531\" \/>\n<meta property=\"article:published_time\" content=\"2024-09-16T09:05:55+00:00\" \/>\n<meta property=\"og:image\" content=\"https:\/\/kibrisdakik.com\/wp-content\/uploads\/2024\/09\/aym-zam-oranini-iade-ettigi-icin-isten-cikarilan-17825523_9675_amp.jpg\" \/>\n\t<meta property=\"og:image:width\" content=\"1202\" \/>\n\t<meta property=\"og:image:height\" content=\"675\" \/>\n\t<meta property=\"og:image:type\" content=\"image\/jpeg\" \/>\n<meta name=\"author\" content=\"admin\" \/>\n<meta name=\"twitter:card\" content=\"summary_large_image\" \/>\n<meta name=\"twitter:label1\" content=\"Yazan:\" \/>\n\t<meta name=\"twitter:data1\" content=\"admin\" \/>\n\t<meta name=\"twitter:label2\" content=\"Tahmini okuma s\u00fcresi\" \/>\n\t<meta name=\"twitter:data2\" content=\"3 dakika\" \/>\n<script type=\"application\/ld+json\" class=\"yoast-schema-graph\">{\"@context\":\"https:\\\/\\\/schema.org\",\"@graph\":[{\"@type\":\"Article\",\"@id\":\"https:\\\/\\\/kibrisdakik.com\\\/?p=62531#article\",\"isPartOf\":{\"@id\":\"https:\\\/\\\/kibrisdakik.com\\\/?p=62531\"},\"author\":{\"name\":\"admin\",\"@id\":\"https:\\\/\\\/kibrisdakik.com\\\/#\\\/schema\\\/person\\\/9cd9d437bbb44f72b73ba127e06d8e79\"},\"headline\":\"AYM, zam oran\u0131n\u0131 iade etti\u011fi i\u00e7in i\u015ften \u00e7\u0131kar\u0131lan \u00e7al\u0131\u015fan\u0131 hakl\u0131 buldu\",\"datePublished\":\"2024-09-16T09:05:55+00:00\",\"mainEntityOfPage\":{\"@id\":\"https:\\\/\\\/kibrisdakik.com\\\/?p=62531\"},\"wordCount\":544,\"commentCount\":0,\"image\":{\"@id\":\"https:\\\/\\\/kibrisdakik.com\\\/?p=62531#primaryimage\"},\"thumbnailUrl\":\"https:\\\/\\\/kibrisdakik.com\\\/wp-content\\\/uploads\\\/2024\\\/09\\\/aym-zam-oranini-iade-ettigi-icin-isten-cikarilan-17825523_9675_amp.jpg\",\"articleSection\":[\"Magazin\"],\"inLanguage\":\"tr\",\"potentialAction\":[{\"@type\":\"CommentAction\",\"name\":\"Comment\",\"target\":[\"https:\\\/\\\/kibrisdakik.com\\\/?p=62531#respond\"]}]},{\"@type\":\"WebPage\",\"@id\":\"https:\\\/\\\/kibrisdakik.com\\\/?p=62531\",\"url\":\"https:\\\/\\\/kibrisdakik.com\\\/?p=62531\",\"name\":\"AYM, zam oran\u0131n\u0131 iade etti\u011fi i\u00e7in i\u015ften \u00e7\u0131kar\u0131lan \u00e7al\u0131\u015fan\u0131 hakl\u0131 buldu -\",\"isPartOf\":{\"@id\":\"https:\\\/\\\/kibrisdakik.com\\\/#website\"},\"primaryImageOfPage\":{\"@id\":\"https:\\\/\\\/kibrisdakik.com\\\/?p=62531#primaryimage\"},\"image\":{\"@id\":\"https:\\\/\\\/kibrisdakik.com\\\/?p=62531#primaryimage\"},\"thumbnailUrl\":\"https:\\\/\\\/kibrisdakik.com\\\/wp-content\\\/uploads\\\/2024\\\/09\\\/aym-zam-oranini-iade-ettigi-icin-isten-cikarilan-17825523_9675_amp.jpg\",\"datePublished\":\"2024-09-16T09:05:55+00:00\",\"author\":{\"@id\":\"https:\\\/\\\/kibrisdakik.com\\\/#\\\/schema\\\/person\\\/9cd9d437bbb44f72b73ba127e06d8e79\"},\"breadcrumb\":{\"@id\":\"https:\\\/\\\/kibrisdakik.com\\\/?p=62531#breadcrumb\"},\"inLanguage\":\"tr\",\"potentialAction\":[{\"@type\":\"ReadAction\",\"target\":[\"https:\\\/\\\/kibrisdakik.com\\\/?p=62531\"]}]},{\"@type\":\"ImageObject\",\"inLanguage\":\"tr\",\"@id\":\"https:\\\/\\\/kibrisdakik.com\\\/?p=62531#primaryimage\",\"url\":\"https:\\\/\\\/kibrisdakik.com\\\/wp-content\\\/uploads\\\/2024\\\/09\\\/aym-zam-oranini-iade-ettigi-icin-isten-cikarilan-17825523_9675_amp.jpg\",\"contentUrl\":\"https:\\\/\\\/kibrisdakik.com\\\/wp-content\\\/uploads\\\/2024\\\/09\\\/aym-zam-oranini-iade-ettigi-icin-isten-cikarilan-17825523_9675_amp.jpg\",\"width\":1202,\"height\":675},{\"@type\":\"BreadcrumbList\",\"@id\":\"https:\\\/\\\/kibrisdakik.com\\\/?p=62531#breadcrumb\",\"itemListElement\":[{\"@type\":\"ListItem\",\"position\":1,\"name\":\"Home\",\"item\":\"https:\\\/\\\/kibrisdakik.com\\\/\"},{\"@type\":\"ListItem\",\"position\":2,\"name\":\"AYM, zam oran\u0131n\u0131 iade etti\u011fi i\u00e7in i\u015ften \u00e7\u0131kar\u0131lan \u00e7al\u0131\u015fan\u0131 hakl\u0131 buldu\"}]},{\"@type\":\"WebSite\",\"@id\":\"https:\\\/\\\/kibrisdakik.com\\\/#website\",\"url\":\"https:\\\/\\\/kibrisdakik.com\\\/\",\"name\":\"\",\"description\":\"Tam vaktinde haber\",\"potentialAction\":[{\"@type\":\"SearchAction\",\"target\":{\"@type\":\"EntryPoint\",\"urlTemplate\":\"https:\\\/\\\/kibrisdakik.com\\\/?s={search_term_string}\"},\"query-input\":{\"@type\":\"PropertyValueSpecification\",\"valueRequired\":true,\"valueName\":\"search_term_string\"}}],\"inLanguage\":\"tr\"},{\"@type\":\"Person\",\"@id\":\"https:\\\/\\\/kibrisdakik.com\\\/#\\\/schema\\\/person\\\/9cd9d437bbb44f72b73ba127e06d8e79\",\"name\":\"admin\",\"image\":{\"@type\":\"ImageObject\",\"inLanguage\":\"tr\",\"@id\":\"https:\\\/\\\/secure.gravatar.com\\\/avatar\\\/ccc17943b9d660506c869530f897617f7cb1c21a4bf30023f252596d83e1f007?s=96&d=mm&r=g\",\"url\":\"https:\\\/\\\/secure.gravatar.com\\\/avatar\\\/ccc17943b9d660506c869530f897617f7cb1c21a4bf30023f252596d83e1f007?s=96&d=mm&r=g\",\"contentUrl\":\"https:\\\/\\\/secure.gravatar.com\\\/avatar\\\/ccc17943b9d660506c869530f897617f7cb1c21a4bf30023f252596d83e1f007?s=96&d=mm&r=g\",\"caption\":\"admin\"},\"sameAs\":[\"https:\\\/\\\/kibrisdakik.com\"],\"url\":\"https:\\\/\\\/kibrisdakik.com\\\/?author=1\"}]}<\/script>\n<!-- \/ Yoast SEO plugin. -->","yoast_head_json":{"title":"AYM, zam oran\u0131n\u0131 iade etti\u011fi i\u00e7in i\u015ften \u00e7\u0131kar\u0131lan \u00e7al\u0131\u015fan\u0131 hakl\u0131 buldu -","robots":{"index":"index","follow":"follow","max-snippet":"max-snippet:-1","max-image-preview":"max-image-preview:large","max-video-preview":"max-video-preview:-1"},"canonical":"https:\/\/kibrisdakik.com\/?p=62531","og_locale":"tr_TR","og_type":"article","og_title":"AYM, zam oran\u0131n\u0131 iade etti\u011fi i\u00e7in i\u015ften \u00e7\u0131kar\u0131lan \u00e7al\u0131\u015fan\u0131 hakl\u0131 buldu -","og_description":"Anayasa Mahkemesi (AYM), maa\u015f\u0131na yap\u0131lan zam oran\u0131ndan duydu\u011fu memnuniyetsizli\u011fi y\u00f6neticilerine g\u00f6nderdi\u011fi e-postayla g\u00f6steren i\u015f\u00e7inin, tazminats\u0131z i\u015ften \u00e7\u0131kar\u0131lmas\u0131 \u00fczerine yapt\u0131\u011f\u0131 bireysel ba\u015fvuruda ifade \u00f6zg\u00fcrl\u00fc\u011f\u00fcn\u00fcn ihlal edildi\u011fine h\u00fckmetti. ZAM ORANINI \u0130NSAN KAYNAKLARINA \u0130ADE ETT\u0130 Resmi Gazete&#8217;de yay\u0131mlanan karara g\u00f6re, maa\u015f\u0131na yap\u0131lan y\u0131ll\u0131k y\u00fczde 5,3 oran\u0131ndaki zamm\u0131 be\u011fenmeyen Serap Aslan A. i\u015f yerindeki y\u00f6netici ve i\u015f\u00e7ilere, &#8220;Merhabalar, bana","og_url":"https:\/\/kibrisdakik.com\/?p=62531","article_published_time":"2024-09-16T09:05:55+00:00","og_image":[{"width":1202,"height":675,"url":"https:\/\/kibrisdakik.com\/wp-content\/uploads\/2024\/09\/aym-zam-oranini-iade-ettigi-icin-isten-cikarilan-17825523_9675_amp.jpg","type":"image\/jpeg"}],"author":"admin","twitter_card":"summary_large_image","twitter_misc":{"Yazan:":"admin","Tahmini okuma s\u00fcresi":"3 dakika"},"schema":{"@context":"https:\/\/schema.org","@graph":[{"@type":"Article","@id":"https:\/\/kibrisdakik.com\/?p=62531#article","isPartOf":{"@id":"https:\/\/kibrisdakik.com\/?p=62531"},"author":{"name":"admin","@id":"https:\/\/kibrisdakik.com\/#\/schema\/person\/9cd9d437bbb44f72b73ba127e06d8e79"},"headline":"AYM, zam oran\u0131n\u0131 iade etti\u011fi i\u00e7in i\u015ften \u00e7\u0131kar\u0131lan \u00e7al\u0131\u015fan\u0131 hakl\u0131 buldu","datePublished":"2024-09-16T09:05:55+00:00","mainEntityOfPage":{"@id":"https:\/\/kibrisdakik.com\/?p=62531"},"wordCount":544,"commentCount":0,"image":{"@id":"https:\/\/kibrisdakik.com\/?p=62531#primaryimage"},"thumbnailUrl":"https:\/\/kibrisdakik.com\/wp-content\/uploads\/2024\/09\/aym-zam-oranini-iade-ettigi-icin-isten-cikarilan-17825523_9675_amp.jpg","articleSection":["Magazin"],"inLanguage":"tr","potentialAction":[{"@type":"CommentAction","name":"Comment","target":["https:\/\/kibrisdakik.com\/?p=62531#respond"]}]},{"@type":"WebPage","@id":"https:\/\/kibrisdakik.com\/?p=62531","url":"https:\/\/kibrisdakik.com\/?p=62531","name":"AYM, zam oran\u0131n\u0131 iade etti\u011fi i\u00e7in i\u015ften \u00e7\u0131kar\u0131lan \u00e7al\u0131\u015fan\u0131 hakl\u0131 buldu -","isPartOf":{"@id":"https:\/\/kibrisdakik.com\/#website"},"primaryImageOfPage":{"@id":"https:\/\/kibrisdakik.com\/?p=62531#primaryimage"},"image":{"@id":"https:\/\/kibrisdakik.com\/?p=62531#primaryimage"},"thumbnailUrl":"https:\/\/kibrisdakik.com\/wp-content\/uploads\/2024\/09\/aym-zam-oranini-iade-ettigi-icin-isten-cikarilan-17825523_9675_amp.jpg","datePublished":"2024-09-16T09:05:55+00:00","author":{"@id":"https:\/\/kibrisdakik.com\/#\/schema\/person\/9cd9d437bbb44f72b73ba127e06d8e79"},"breadcrumb":{"@id":"https:\/\/kibrisdakik.com\/?p=62531#breadcrumb"},"inLanguage":"tr","potentialAction":[{"@type":"ReadAction","target":["https:\/\/kibrisdakik.com\/?p=62531"]}]},{"@type":"ImageObject","inLanguage":"tr","@id":"https:\/\/kibrisdakik.com\/?p=62531#primaryimage","url":"https:\/\/kibrisdakik.com\/wp-content\/uploads\/2024\/09\/aym-zam-oranini-iade-ettigi-icin-isten-cikarilan-17825523_9675_amp.jpg","contentUrl":"https:\/\/kibrisdakik.com\/wp-content\/uploads\/2024\/09\/aym-zam-oranini-iade-ettigi-icin-isten-cikarilan-17825523_9675_amp.jpg","width":1202,"height":675},{"@type":"BreadcrumbList","@id":"https:\/\/kibrisdakik.com\/?p=62531#breadcrumb","itemListElement":[{"@type":"ListItem","position":1,"name":"Home","item":"https:\/\/kibrisdakik.com\/"},{"@type":"ListItem","position":2,"name":"AYM, zam oran\u0131n\u0131 iade etti\u011fi i\u00e7in i\u015ften \u00e7\u0131kar\u0131lan \u00e7al\u0131\u015fan\u0131 hakl\u0131 buldu"}]},{"@type":"WebSite","@id":"https:\/\/kibrisdakik.com\/#website","url":"https:\/\/kibrisdakik.com\/","name":"","description":"Tam vaktinde haber","potentialAction":[{"@type":"SearchAction","target":{"@type":"EntryPoint","urlTemplate":"https:\/\/kibrisdakik.com\/?s={search_term_string}"},"query-input":{"@type":"PropertyValueSpecification","valueRequired":true,"valueName":"search_term_string"}}],"inLanguage":"tr"},{"@type":"Person","@id":"https:\/\/kibrisdakik.com\/#\/schema\/person\/9cd9d437bbb44f72b73ba127e06d8e79","name":"admin","image":{"@type":"ImageObject","inLanguage":"tr","@id":"https:\/\/secure.gravatar.com\/avatar\/ccc17943b9d660506c869530f897617f7cb1c21a4bf30023f252596d83e1f007?s=96&d=mm&r=g","url":"https:\/\/secure.gravatar.com\/avatar\/ccc17943b9d660506c869530f897617f7cb1c21a4bf30023f252596d83e1f007?s=96&d=mm&r=g","contentUrl":"https:\/\/secure.gravatar.com\/avatar\/ccc17943b9d660506c869530f897617f7cb1c21a4bf30023f252596d83e1f007?s=96&d=mm&r=g","caption":"admin"},"sameAs":["https:\/\/kibrisdakik.com"],"url":"https:\/\/kibrisdakik.com\/?author=1"}]}},"_links":{"self":[{"href":"https:\/\/kibrisdakik.com\/index.php?rest_route=\/wp\/v2\/posts\/62531","targetHints":{"allow":["GET"]}}],"collection":[{"href":"https:\/\/kibrisdakik.com\/index.php?rest_route=\/wp\/v2\/posts"}],"about":[{"href":"https:\/\/kibrisdakik.com\/index.php?rest_route=\/wp\/v2\/types\/post"}],"author":[{"embeddable":true,"href":"https:\/\/kibrisdakik.com\/index.php?rest_route=\/wp\/v2\/users\/1"}],"replies":[{"embeddable":true,"href":"https:\/\/kibrisdakik.com\/index.php?rest_route=%2Fwp%2Fv2%2Fcomments&post=62531"}],"version-history":[{"count":0,"href":"https:\/\/kibrisdakik.com\/index.php?rest_route=\/wp\/v2\/posts\/62531\/revisions"}],"wp:featuredmedia":[{"embeddable":true,"href":"https:\/\/kibrisdakik.com\/index.php?rest_route=\/wp\/v2\/media\/62532"}],"wp:attachment":[{"href":"https:\/\/kibrisdakik.com\/index.php?rest_route=%2Fwp%2Fv2%2Fmedia&parent=62531"}],"wp:term":[{"taxonomy":"category","embeddable":true,"href":"https:\/\/kibrisdakik.com\/index.php?rest_route=%2Fwp%2Fv2%2Fcategories&post=62531"},{"taxonomy":"post_tag","embeddable":true,"href":"https:\/\/kibrisdakik.com\/index.php?rest_route=%2Fwp%2Fv2%2Ftags&post=62531"}],"curies":[{"name":"wp","href":"https:\/\/api.w.org\/{rel}","templated":true}]}}