{"id":62548,"date":"2024-09-16T15:17:09","date_gmt":"2024-09-16T12:17:09","guid":{"rendered":"https:\/\/kibrisdakik.com\/index.php\/2024\/09\/16\/ulucay-maras-bolgesinde-19-otobus-duragi-yenilendi-calismalarimiz-devam-ediyor\/"},"modified":"2024-09-16T15:17:09","modified_gmt":"2024-09-16T12:17:09","slug":"ulucay-maras-bolgesinde-19-otobus-duragi-yenilendi-calismalarimiz-devam-ediyor","status":"publish","type":"post","link":"https:\/\/kibrisdakik.com\/?p=62548","title":{"rendered":"Ulu\u00e7ay: Mara\u015f b\u00f6lgesinde 19 otob\u00fcs dura\u011f\u0131 yenilendi, \u00e7al\u0131\u015fmalar\u0131m\u0131z devam ediyor"},"content":{"rendered":"<div>\n<div class=\"mariselle-image-container center\">\n                                            <\/div>\n<p> Gazima\u011fusa Belediyesi\u2019nce (GMB) y\u00fcr\u00fct\u00fclen \u00e7al\u0131\u015fmalara otob\u00fcs duraklar\u0131n\u0131n da eklendi\u011fi bildirildi.<\/p>\n<p>GMB\u2019den verilen bilgiye g\u00f6re, GMB Ba\u015fkan\u0131 S\u00fcleyman Ulu\u00e7ay, \u015fehirdeki otob\u00fcs duraklar\u0131n\u0131n yenilenmeye ba\u015flad\u0131\u011f\u0131n\u0131 ve bu kapsamda Mara\u015f b\u00f6lgesinde 19 otob\u00fcs dura\u011f\u0131n\u0131n yenilendi\u011fini a\u00e7\u0131klad\u0131.<\/p>\n<p>Ad\u0131m ad\u0131m t\u00fcm b\u00f6lgelerdeki otob\u00fcs duraklar\u0131n\u0131n yenilenece\u011fini belirten Ulu\u00e7ay, yeni d\u00f6nemde rotalar\u0131n g\u00f6rd\u00fc\u011f\u00fc talep do\u011frultusunda sefer say\u0131lar\u0131n\u0131n ve rotalar\u0131n yeniden d\u00fczenlenerek esnek toplu ta\u015f\u0131ma sisteminden daha fazla vatanda\u015f\u0131n yararlanmas\u0131n\u0131n hedeflendi\u011fini s\u00f6yledi.<\/p>\n<p>Ulu\u00e7ay\u2019\u0131n \u015fehirdeki duraklar ve toplu ta\u015f\u0131ma ile ilgili a\u00e7\u0131klamalar\u0131 \u015f\u00f6yle:<\/p>\n<p>\u201c\u015eehrimizdeki otob\u00fcs duraklar\u0131n\u0131n yenilenmesine ba\u015flad\u0131k. Mara\u015f b\u00f6lgesinde 19 otob\u00fcs dura\u011f\u0131m\u0131z yenilendi, ad\u0131m ad\u0131m di\u011fer b\u00f6lgelerimizdeki duraklar\u0131m\u0131z\u0131 da yenilemeye devam edece\u011fiz.<\/p>\n<p>8 Haziran 2023\u2019te ba\u015flatt\u0131\u011f\u0131m\u0131z Esnek Toplu Ta\u015f\u0131ma sistemi, ge\u00e7ti\u011fimiz yaz mevsiminde Glapsides-kapal\u0131 Mara\u015f, DA\u00dc-Mutluyaka gece servisi, Per\u015fembe Pazar\u0131-\u015fehiri\u00e7i ve Per\u015fembe Pazar\u0131-Mara\u015f olmak \u00fczere toplamda d\u00f6rt rotada tamamen \u00fccretsiz olarak halk\u0131m\u0131za hizmet vermi\u015ftir.<\/p>\n<p>Yeni d\u00f6nemde rotalar\u0131n g\u00f6rd\u00fc\u011f\u00fc talep do\u011frultusunda sefer say\u0131lar\u0131 ve rotalar\u0131 yeniden d\u00fczenleyerek esnek toplu ta\u015f\u0131ma sisteminden daha fazla vatanda\u015f\u0131m\u0131z\u0131n yararlanmas\u0131n\u0131 hedefliyoruz.\u201d<\/p>\n<\/p><\/div>\n<p><script async\n                    defer\n                    crossorigin=\"anonymous\"\n                    src=\"https:\/\/connect.facebook.net\/tr_TR\/sdk.js#xfbml=1&#038;version=v3.3\"\n            ><\/script><\/p>\n","protected":false},"excerpt":{"rendered":"<p>Gazima\u011fusa Belediyesi\u2019nce (GMB) y\u00fcr\u00fct\u00fclen \u00e7al\u0131\u015fmalara otob\u00fcs duraklar\u0131n\u0131n da eklendi\u011fi bildirildi. GMB\u2019den verilen bilgiye g\u00f6re, GMB Ba\u015fkan\u0131 S\u00fcleyman Ulu\u00e7ay, \u015fehirdeki otob\u00fcs duraklar\u0131n\u0131n yenilenmeye ba\u015flad\u0131\u011f\u0131n\u0131 ve bu kapsamda Mara\u015f b\u00f6lgesinde 19 otob\u00fcs dura\u011f\u0131n\u0131n yenilendi\u011fini a\u00e7\u0131klad\u0131. Ad\u0131m ad\u0131m t\u00fcm b\u00f6lgelerdeki otob\u00fcs duraklar\u0131n\u0131n yenilenece\u011fini belirten Ulu\u00e7ay, yeni d\u00f6nemde rotalar\u0131n g\u00f6rd\u00fc\u011f\u00fc talep do\u011frultusunda sefer say\u0131lar\u0131n\u0131n ve rotalar\u0131n yeniden d\u00fczenlenerek esnek<\/p>\n","protected":false},"author":1,"featured_media":62549,"comment_status":"open","ping_status":"open","sticky":false,"template":"","format":"standard","meta":{"footnotes":""},"categories":[81],"tags":[],"class_list":["post-62548","post","type-post","status-publish","format-standard","has-post-thumbnail","hentry","category-kibris"],"yoast_head":"<!-- This site is optimized with the Yoast SEO plugin v27.5 - https:\/\/yoast.com\/product\/yoast-seo-wordpress\/ -->\n<title>Ulu\u00e7ay: Mara\u015f b\u00f6lgesinde 19 otob\u00fcs dura\u011f\u0131 yenilendi, \u00e7al\u0131\u015fmalar\u0131m\u0131z devam ediyor -<\/title>\n<meta name=\"robots\" content=\"index, follow, max-snippet:-1, max-image-preview:large, max-video-preview:-1\" \/>\n<link rel=\"canonical\" href=\"https:\/\/kibrisdakik.com\/?p=62548\" \/>\n<meta property=\"og:locale\" content=\"tr_TR\" \/>\n<meta property=\"og:type\" content=\"article\" \/>\n<meta property=\"og:title\" content=\"Ulu\u00e7ay: Mara\u015f b\u00f6lgesinde 19 otob\u00fcs dura\u011f\u0131 yenilendi, \u00e7al\u0131\u015fmalar\u0131m\u0131z devam ediyor -\" \/>\n<meta property=\"og:description\" content=\"Gazima\u011fusa Belediyesi\u2019nce (GMB) y\u00fcr\u00fct\u00fclen \u00e7al\u0131\u015fmalara otob\u00fcs duraklar\u0131n\u0131n da eklendi\u011fi bildirildi. GMB\u2019den verilen bilgiye g\u00f6re, GMB Ba\u015fkan\u0131 S\u00fcleyman Ulu\u00e7ay, \u015fehirdeki otob\u00fcs duraklar\u0131n\u0131n yenilenmeye ba\u015flad\u0131\u011f\u0131n\u0131 ve bu kapsamda Mara\u015f b\u00f6lgesinde 19 otob\u00fcs dura\u011f\u0131n\u0131n yenilendi\u011fini a\u00e7\u0131klad\u0131. Ad\u0131m ad\u0131m t\u00fcm b\u00f6lgelerdeki otob\u00fcs duraklar\u0131n\u0131n yenilenece\u011fini belirten Ulu\u00e7ay, yeni d\u00f6nemde rotalar\u0131n g\u00f6rd\u00fc\u011f\u00fc talep do\u011frultusunda sefer say\u0131lar\u0131n\u0131n ve rotalar\u0131n yeniden d\u00fczenlenerek esnek\" \/>\n<meta property=\"og:url\" content=\"https:\/\/kibrisdakik.com\/?p=62548\" \/>\n<meta property=\"article:published_time\" content=\"2024-09-16T12:17:09+00:00\" \/>\n<meta property=\"og:image\" content=\"https:\/\/kibrisdakik.com\/wp-content\/uploads\/2024\/09\/durak-740x420.jpeg\" \/>\n\t<meta property=\"og:image:width\" content=\"2048\" \/>\n\t<meta property=\"og:image:height\" content=\"1536\" \/>\n\t<meta property=\"og:image:type\" content=\"image\/jpeg\" \/>\n<meta name=\"author\" content=\"admin\" \/>\n<meta name=\"twitter:card\" content=\"summary_large_image\" \/>\n<meta name=\"twitter:label1\" content=\"Yazan:\" \/>\n\t<meta name=\"twitter:data1\" content=\"admin\" \/>\n\t<meta name=\"twitter:label2\" content=\"Tahmini okuma s\u00fcresi\" \/>\n\t<meta name=\"twitter:data2\" content=\"1 dakika\" \/>\n<script type=\"application\/ld+json\" class=\"yoast-schema-graph\">{\"@context\":\"https:\\\/\\\/schema.org\",\"@graph\":[{\"@type\":\"Article\",\"@id\":\"https:\\\/\\\/kibrisdakik.com\\\/?p=62548#article\",\"isPartOf\":{\"@id\":\"https:\\\/\\\/kibrisdakik.com\\\/?p=62548\"},\"author\":{\"name\":\"admin\",\"@id\":\"https:\\\/\\\/kibrisdakik.com\\\/#\\\/schema\\\/person\\\/9cd9d437bbb44f72b73ba127e06d8e79\"},\"headline\":\"Ulu\u00e7ay: Mara\u015f b\u00f6lgesinde 19 otob\u00fcs dura\u011f\u0131 yenilendi, \u00e7al\u0131\u015fmalar\u0131m\u0131z devam ediyor\",\"datePublished\":\"2024-09-16T12:17:09+00:00\",\"mainEntityOfPage\":{\"@id\":\"https:\\\/\\\/kibrisdakik.com\\\/?p=62548\"},\"wordCount\":257,\"commentCount\":0,\"image\":{\"@id\":\"https:\\\/\\\/kibrisdakik.com\\\/?p=62548#primaryimage\"},\"thumbnailUrl\":\"https:\\\/\\\/kibrisdakik.com\\\/wp-content\\\/uploads\\\/2024\\\/09\\\/durak-740x420.jpeg\",\"articleSection\":[\"K\u0131br\u0131s\"],\"inLanguage\":\"tr\",\"potentialAction\":[{\"@type\":\"CommentAction\",\"name\":\"Comment\",\"target\":[\"https:\\\/\\\/kibrisdakik.com\\\/?p=62548#respond\"]}]},{\"@type\":\"WebPage\",\"@id\":\"https:\\\/\\\/kibrisdakik.com\\\/?p=62548\",\"url\":\"https:\\\/\\\/kibrisdakik.com\\\/?p=62548\",\"name\":\"Ulu\u00e7ay: Mara\u015f b\u00f6lgesinde 19 otob\u00fcs dura\u011f\u0131 yenilendi, \u00e7al\u0131\u015fmalar\u0131m\u0131z devam ediyor -\",\"isPartOf\":{\"@id\":\"https:\\\/\\\/kibrisdakik.com\\\/#website\"},\"primaryImageOfPage\":{\"@id\":\"https:\\\/\\\/kibrisdakik.com\\\/?p=62548#primaryimage\"},\"image\":{\"@id\":\"https:\\\/\\\/kibrisdakik.com\\\/?p=62548#primaryimage\"},\"thumbnailUrl\":\"https:\\\/\\\/kibrisdakik.com\\\/wp-content\\\/uploads\\\/2024\\\/09\\\/durak-740x420.jpeg\",\"datePublished\":\"2024-09-16T12:17:09+00:00\",\"author\":{\"@id\":\"https:\\\/\\\/kibrisdakik.com\\\/#\\\/schema\\\/person\\\/9cd9d437bbb44f72b73ba127e06d8e79\"},\"breadcrumb\":{\"@id\":\"https:\\\/\\\/kibrisdakik.com\\\/?p=62548#breadcrumb\"},\"inLanguage\":\"tr\",\"potentialAction\":[{\"@type\":\"ReadAction\",\"target\":[\"https:\\\/\\\/kibrisdakik.com\\\/?p=62548\"]}]},{\"@type\":\"ImageObject\",\"inLanguage\":\"tr\",\"@id\":\"https:\\\/\\\/kibrisdakik.com\\\/?p=62548#primaryimage\",\"url\":\"https:\\\/\\\/kibrisdakik.com\\\/wp-content\\\/uploads\\\/2024\\\/09\\\/durak-740x420.jpeg\",\"contentUrl\":\"https:\\\/\\\/kibrisdakik.com\\\/wp-content\\\/uploads\\\/2024\\\/09\\\/durak-740x420.jpeg\",\"width\":2048,\"height\":1536},{\"@type\":\"BreadcrumbList\",\"@id\":\"https:\\\/\\\/kibrisdakik.com\\\/?p=62548#breadcrumb\",\"itemListElement\":[{\"@type\":\"ListItem\",\"position\":1,\"name\":\"Home\",\"item\":\"https:\\\/\\\/kibrisdakik.com\\\/\"},{\"@type\":\"ListItem\",\"position\":2,\"name\":\"Ulu\u00e7ay: Mara\u015f b\u00f6lgesinde 19 otob\u00fcs dura\u011f\u0131 yenilendi, \u00e7al\u0131\u015fmalar\u0131m\u0131z devam ediyor\"}]},{\"@type\":\"WebSite\",\"@id\":\"https:\\\/\\\/kibrisdakik.com\\\/#website\",\"url\":\"https:\\\/\\\/kibrisdakik.com\\\/\",\"name\":\"\",\"description\":\"Tam vaktinde haber\",\"potentialAction\":[{\"@type\":\"SearchAction\",\"target\":{\"@type\":\"EntryPoint\",\"urlTemplate\":\"https:\\\/\\\/kibrisdakik.com\\\/?s={search_term_string}\"},\"query-input\":{\"@type\":\"PropertyValueSpecification\",\"valueRequired\":true,\"valueName\":\"search_term_string\"}}],\"inLanguage\":\"tr\"},{\"@type\":\"Person\",\"@id\":\"https:\\\/\\\/kibrisdakik.com\\\/#\\\/schema\\\/person\\\/9cd9d437bbb44f72b73ba127e06d8e79\",\"name\":\"admin\",\"image\":{\"@type\":\"ImageObject\",\"inLanguage\":\"tr\",\"@id\":\"https:\\\/\\\/secure.gravatar.com\\\/avatar\\\/ccc17943b9d660506c869530f897617f7cb1c21a4bf30023f252596d83e1f007?s=96&d=mm&r=g\",\"url\":\"https:\\\/\\\/secure.gravatar.com\\\/avatar\\\/ccc17943b9d660506c869530f897617f7cb1c21a4bf30023f252596d83e1f007?s=96&d=mm&r=g\",\"contentUrl\":\"https:\\\/\\\/secure.gravatar.com\\\/avatar\\\/ccc17943b9d660506c869530f897617f7cb1c21a4bf30023f252596d83e1f007?s=96&d=mm&r=g\",\"caption\":\"admin\"},\"sameAs\":[\"https:\\\/\\\/kibrisdakik.com\"],\"url\":\"https:\\\/\\\/kibrisdakik.com\\\/?author=1\"}]}<\/script>\n<!-- \/ Yoast SEO plugin. -->","yoast_head_json":{"title":"Ulu\u00e7ay: Mara\u015f b\u00f6lgesinde 19 otob\u00fcs dura\u011f\u0131 yenilendi, \u00e7al\u0131\u015fmalar\u0131m\u0131z devam ediyor -","robots":{"index":"index","follow":"follow","max-snippet":"max-snippet:-1","max-image-preview":"max-image-preview:large","max-video-preview":"max-video-preview:-1"},"canonical":"https:\/\/kibrisdakik.com\/?p=62548","og_locale":"tr_TR","og_type":"article","og_title":"Ulu\u00e7ay: Mara\u015f b\u00f6lgesinde 19 otob\u00fcs dura\u011f\u0131 yenilendi, \u00e7al\u0131\u015fmalar\u0131m\u0131z devam ediyor -","og_description":"Gazima\u011fusa Belediyesi\u2019nce (GMB) y\u00fcr\u00fct\u00fclen \u00e7al\u0131\u015fmalara otob\u00fcs duraklar\u0131n\u0131n da eklendi\u011fi bildirildi. GMB\u2019den verilen bilgiye g\u00f6re, GMB Ba\u015fkan\u0131 S\u00fcleyman Ulu\u00e7ay, \u015fehirdeki otob\u00fcs duraklar\u0131n\u0131n yenilenmeye ba\u015flad\u0131\u011f\u0131n\u0131 ve bu kapsamda Mara\u015f b\u00f6lgesinde 19 otob\u00fcs dura\u011f\u0131n\u0131n yenilendi\u011fini a\u00e7\u0131klad\u0131. Ad\u0131m ad\u0131m t\u00fcm b\u00f6lgelerdeki otob\u00fcs duraklar\u0131n\u0131n yenilenece\u011fini belirten Ulu\u00e7ay, yeni d\u00f6nemde rotalar\u0131n g\u00f6rd\u00fc\u011f\u00fc talep do\u011frultusunda sefer say\u0131lar\u0131n\u0131n ve rotalar\u0131n yeniden d\u00fczenlenerek esnek","og_url":"https:\/\/kibrisdakik.com\/?p=62548","article_published_time":"2024-09-16T12:17:09+00:00","og_image":[{"width":2048,"height":1536,"url":"https:\/\/kibrisdakik.com\/wp-content\/uploads\/2024\/09\/durak-740x420.jpeg","type":"image\/jpeg"}],"author":"admin","twitter_card":"summary_large_image","twitter_misc":{"Yazan:":"admin","Tahmini okuma s\u00fcresi":"1 dakika"},"schema":{"@context":"https:\/\/schema.org","@graph":[{"@type":"Article","@id":"https:\/\/kibrisdakik.com\/?p=62548#article","isPartOf":{"@id":"https:\/\/kibrisdakik.com\/?p=62548"},"author":{"name":"admin","@id":"https:\/\/kibrisdakik.com\/#\/schema\/person\/9cd9d437bbb44f72b73ba127e06d8e79"},"headline":"Ulu\u00e7ay: Mara\u015f b\u00f6lgesinde 19 otob\u00fcs dura\u011f\u0131 yenilendi, \u00e7al\u0131\u015fmalar\u0131m\u0131z devam ediyor","datePublished":"2024-09-16T12:17:09+00:00","mainEntityOfPage":{"@id":"https:\/\/kibrisdakik.com\/?p=62548"},"wordCount":257,"commentCount":0,"image":{"@id":"https:\/\/kibrisdakik.com\/?p=62548#primaryimage"},"thumbnailUrl":"https:\/\/kibrisdakik.com\/wp-content\/uploads\/2024\/09\/durak-740x420.jpeg","articleSection":["K\u0131br\u0131s"],"inLanguage":"tr","potentialAction":[{"@type":"CommentAction","name":"Comment","target":["https:\/\/kibrisdakik.com\/?p=62548#respond"]}]},{"@type":"WebPage","@id":"https:\/\/kibrisdakik.com\/?p=62548","url":"https:\/\/kibrisdakik.com\/?p=62548","name":"Ulu\u00e7ay: Mara\u015f b\u00f6lgesinde 19 otob\u00fcs dura\u011f\u0131 yenilendi, \u00e7al\u0131\u015fmalar\u0131m\u0131z devam ediyor -","isPartOf":{"@id":"https:\/\/kibrisdakik.com\/#website"},"primaryImageOfPage":{"@id":"https:\/\/kibrisdakik.com\/?p=62548#primaryimage"},"image":{"@id":"https:\/\/kibrisdakik.com\/?p=62548#primaryimage"},"thumbnailUrl":"https:\/\/kibrisdakik.com\/wp-content\/uploads\/2024\/09\/durak-740x420.jpeg","datePublished":"2024-09-16T12:17:09+00:00","author":{"@id":"https:\/\/kibrisdakik.com\/#\/schema\/person\/9cd9d437bbb44f72b73ba127e06d8e79"},"breadcrumb":{"@id":"https:\/\/kibrisdakik.com\/?p=62548#breadcrumb"},"inLanguage":"tr","potentialAction":[{"@type":"ReadAction","target":["https:\/\/kibrisdakik.com\/?p=62548"]}]},{"@type":"ImageObject","inLanguage":"tr","@id":"https:\/\/kibrisdakik.com\/?p=62548#primaryimage","url":"https:\/\/kibrisdakik.com\/wp-content\/uploads\/2024\/09\/durak-740x420.jpeg","contentUrl":"https:\/\/kibrisdakik.com\/wp-content\/uploads\/2024\/09\/durak-740x420.jpeg","width":2048,"height":1536},{"@type":"BreadcrumbList","@id":"https:\/\/kibrisdakik.com\/?p=62548#breadcrumb","itemListElement":[{"@type":"ListItem","position":1,"name":"Home","item":"https:\/\/kibrisdakik.com\/"},{"@type":"ListItem","position":2,"name":"Ulu\u00e7ay: Mara\u015f b\u00f6lgesinde 19 otob\u00fcs dura\u011f\u0131 yenilendi, \u00e7al\u0131\u015fmalar\u0131m\u0131z devam ediyor"}]},{"@type":"WebSite","@id":"https:\/\/kibrisdakik.com\/#website","url":"https:\/\/kibrisdakik.com\/","name":"","description":"Tam vaktinde haber","potentialAction":[{"@type":"SearchAction","target":{"@type":"EntryPoint","urlTemplate":"https:\/\/kibrisdakik.com\/?s={search_term_string}"},"query-input":{"@type":"PropertyValueSpecification","valueRequired":true,"valueName":"search_term_string"}}],"inLanguage":"tr"},{"@type":"Person","@id":"https:\/\/kibrisdakik.com\/#\/schema\/person\/9cd9d437bbb44f72b73ba127e06d8e79","name":"admin","image":{"@type":"ImageObject","inLanguage":"tr","@id":"https:\/\/secure.gravatar.com\/avatar\/ccc17943b9d660506c869530f897617f7cb1c21a4bf30023f252596d83e1f007?s=96&d=mm&r=g","url":"https:\/\/secure.gravatar.com\/avatar\/ccc17943b9d660506c869530f897617f7cb1c21a4bf30023f252596d83e1f007?s=96&d=mm&r=g","contentUrl":"https:\/\/secure.gravatar.com\/avatar\/ccc17943b9d660506c869530f897617f7cb1c21a4bf30023f252596d83e1f007?s=96&d=mm&r=g","caption":"admin"},"sameAs":["https:\/\/kibrisdakik.com"],"url":"https:\/\/kibrisdakik.com\/?author=1"}]}},"_links":{"self":[{"href":"https:\/\/kibrisdakik.com\/index.php?rest_route=\/wp\/v2\/posts\/62548","targetHints":{"allow":["GET"]}}],"collection":[{"href":"https:\/\/kibrisdakik.com\/index.php?rest_route=\/wp\/v2\/posts"}],"about":[{"href":"https:\/\/kibrisdakik.com\/index.php?rest_route=\/wp\/v2\/types\/post"}],"author":[{"embeddable":true,"href":"https:\/\/kibrisdakik.com\/index.php?rest_route=\/wp\/v2\/users\/1"}],"replies":[{"embeddable":true,"href":"https:\/\/kibrisdakik.com\/index.php?rest_route=%2Fwp%2Fv2%2Fcomments&post=62548"}],"version-history":[{"count":0,"href":"https:\/\/kibrisdakik.com\/index.php?rest_route=\/wp\/v2\/posts\/62548\/revisions"}],"wp:featuredmedia":[{"embeddable":true,"href":"https:\/\/kibrisdakik.com\/index.php?rest_route=\/wp\/v2\/media\/62549"}],"wp:attachment":[{"href":"https:\/\/kibrisdakik.com\/index.php?rest_route=%2Fwp%2Fv2%2Fmedia&parent=62548"}],"wp:term":[{"taxonomy":"category","embeddable":true,"href":"https:\/\/kibrisdakik.com\/index.php?rest_route=%2Fwp%2Fv2%2Fcategories&post=62548"},{"taxonomy":"post_tag","embeddable":true,"href":"https:\/\/kibrisdakik.com\/index.php?rest_route=%2Fwp%2Fv2%2Ftags&post=62548"}],"curies":[{"name":"wp","href":"https:\/\/api.w.org\/{rel}","templated":true}]}}