{"id":6256,"date":"2023-05-04T14:24:48","date_gmt":"2023-05-04T14:24:48","guid":{"rendered":"https:\/\/kibrisdakik.com\/index.php\/2023\/05\/04\/ozersayara-secim-yanlistir-dediler-ama-hukumet-muhalefet-oybirligi-ile-ara-secim-karari-aldilar\/"},"modified":"2023-05-04T14:24:48","modified_gmt":"2023-05-04T14:24:48","slug":"ozersayara-secim-yanlistir-dediler-ama-hukumet-muhalefet-oybirligi-ile-ara-secim-karari-aldilar","status":"publish","type":"post","link":"https:\/\/kibrisdakik.com\/?p=6256","title":{"rendered":"\u00d6zersay:\u201cAra se\u00e7im yanl\u0131\u015ft\u0131r\u201d dediler ama h\u00fck\u00fcmet-muhalefet oybirli\u011fi ile ara se\u00e7im karar\u0131 ald\u0131lar"},"content":{"rendered":"<p><\/p>\n<div>\n<div class=\"mariselle-image-container center\">\n                <img width=\"768\" height=\"325\" class=\"lazy-image\" alt=\"\" decoding=\"async\" loading=\"lazy\" sizes=\"auto, (max-width: 768px) 100vw, 768px\" src=\"https:\/\/brtk.net\/wp-content\/uploads\/2023\/05\/04\/345044187_567641052175686_4082815701295452239_n.jpg?ver=32ea938d52a541e98d631c5f9dbddbc1\" srcset=\"https:\/\/brtk.net\/wp-content\/uploads\/2023\/05\/04\/345044187_567641052175686_4082815701295452239_n.jpg?ver=32ea938d52a541e98d631c5f9dbddbc1 768w, https:\/\/brtk.net\/wp-content\/uploads\/2023\/05\/04\/345044187_567641052175686_4082815701295452239_n-300x127.jpg?ver=32ea938d52a541e98d631c5f9dbddbc1 300w\"\/>                            <\/div>\n<p>Halk\u0131n Partisi Genel Ba\u015fkan\u0131 Kudret \u00d6zersay  <a href=\"https:\/\/brtk.net\/\">BRT<\/a>\u2019de yay\u0131nlanan \u2018Buras\u0131 \u00d6nemli\u2019 program\u0131nda g\u00fcndeme dair a\u00e7\u0131klamalarda bulundu.<\/p>\n<p> Programda bir milletvekili i\u00e7in yap\u0131lacak olan ara se\u00e7imi Halk\u0131n Partisi olarak do\u011fru bulmad\u0131klar\u0131n\u0131 ve \u00fclkenin ihtiyac\u0131n\u0131n bu gayrime\u015fru h\u00fck\u00fcmeti sonland\u0131racak bir erken se\u00e7im oldu\u011funu vurgulayan HP lideri Kudret \u00d6zersay \u201cKendileri de \u00e7ok iyi biliyorlar ki bu ara se\u00e7imin yap\u0131lmas\u0131 zorunlu de\u011fildi, Anayasaya g\u00f6re bir \u00e7\u0131k\u0131\u015f yolu vard\u0131. Madem ki hem <a href=\"https:\/\/brtk.net\/\"\/><a href=\"https:\/\/brtk.net\/\">UBP<\/a>-DP ve YDP, hem de ana muhalefet partisi <a href=\"https:\/\/brtk.net\/\"\/><a href=\"https:\/\/brtk.net\/\">CTP<\/a> bir vekil i\u00e7in ara se\u00e7im yap\u0131lmas\u0131n\u0131 do\u011fru bulmuyorlar o zaman neden oybirli\u011fi ile bu se\u00e7imin yap\u0131lmas\u0131na karar verdiler?\u201d diye sordu. <\/p>\n<p>\u00d6zersay \u201cBu ara se\u00e7im ana muhalefetle gayri me\u015fru h\u00fck\u00fcmetin ald\u0131\u011f\u0131 ortak kararla yap\u0131lacakt\u0131r. Madem ki ciddi bir masraf olacak, madem ki do\u011fru de\u011fil o zaman tek bir vekil i\u00e7in ara se\u00e7im yapmay\u0131n, niye yap\u0131yorsunuz?\u201d sorusunu sordu.<\/p>\n<p>\u201cTAK\u0130YE YAPIYORLAR, SAM\u0130M\u0130YSELER ANAYASAYI \u00d6NE S\u00dcRMEZLER\u201d <\/p>\n<p>Bir vekil i\u00e7in ara se\u00e7im yap\u0131lmas\u0131n\u0131n anayasal zorunluluk oldu\u011funu s\u00f6yleyenlerin de takiye yapt\u0131klar\u0131n\u0131 vurgulayan \u00d6zersay \u201csamimiyseler anayasay\u0131 \u00f6ne s\u00fcrmezler, \u00e7\u00fcnk\u00fc madem ki Anayasaya uymaya bu kadar k\u0131ymet veriyordunuz neden say\u0131n<a href=\"https:\/\/brtk.net\/\">Tatar<\/a> Cumhurba\u015fkan\u0131 se\u00e7ilince bo\u015falan milletvekilli\u011fi i\u00e7in o zaman ara se\u00e7im yapmad\u0131n\u0131z? O zaman da Anayasaya g\u00f6re yapman\u0131z gerekiyordu ve yapmad\u0131n\u0131z. Ayn\u0131 \u015fekilde ge\u00e7en y\u0131l Anayasaya g\u00f6re belediye se\u00e7imlerini Haziran ay\u0131nda yapman\u0131z gerekiyordu ama Anayasay\u0131 yok sayd\u0131n\u0131z ve se\u00e7imi Aral\u0131kta yapt\u0131n\u0131z. Anayasa \u015fimdi mi \u00f6nemli oldu? Herkes i\u015fine geldi\u011fi zaman m\u0131 Anayasay\u0131 dikkate alacak?\u201d diye sordu. \u00d6zersay \u201csamimiyseler Anayasay\u0131 ileri s\u00fcrmezler, samimiyseler Anayasaya uygun olarak \u00f6n\u00fcm\u00fczdeki bir y\u0131l i\u00e7erisinde erken se\u00e7im yap\u0131lmas\u0131 y\u00f6n\u00fcnde karar al\u0131rlar ve \u00fclkeyi tek bir vekil i\u00e7in ara se\u00e7ime g\u00f6t\u00fcrmezler. \u00dcstelik bunu da Anayasaya uygun davranarak yapm\u0131\u015f olurlar. E\u011fer samimiyseniz bir y\u0131l i\u00e7erisinde erken se\u00e7im karar\u0131 alman\u0131z gerekirdi. Ne ana muhalefet h\u00fck\u00fcmeti buna zorlad\u0131 ne de h\u00fck\u00fcmet bununla ilgili bir ad\u0131m att\u0131. Sonu\u00e7 olarak bu se\u00e7imi yapmak gayrime\u015fru h\u00fck\u00fcmetle, muhalefetin ortak tercihi oldu\u201d ifadelerini kulland\u0131.<\/p>\n<p>\u201cDEVLET\u0130N BA\u011eIMSIZLI\u011eINI KORUYACA\u011eIM D\u0130YE YEM\u0130N ED\u0130P, BA\u011eIMSIZLI\u011eA G\u00d6LGE D\u00dc\u015e\u00dcREN GAYR\u0130ME\u015eRU H\u00dcK\u00dcMETE G\u00d6Z YUMAMAZSINIZ\u201d<br \/>\u201cDEVLET\u0130N BA\u011eIMSIZLI\u011eINI KORUYACA\u011eIM D\u0130YE YEM\u0130N ED\u0130P, BA\u011eIMSIZLI\u011eA G\u00d6LGE D\u00dc\u015e\u00dcREMEZS\u0130N\u0130Z\u201d<\/p>\n<p>Ortada devletin ba\u011f\u0131ms\u0131zl\u0131\u011f\u0131na g\u00f6lge d\u00fc\u015f\u00fcrecek \u015fekilde halk iradesi yok say\u0131larak kurulmu\u015f gayrime\u015fru bir h\u00fck\u00fcmet oldu\u011funu ve bunun bir demokrasi ay\u0131b\u0131 te\u015fkil etti\u011fini belirten Kudret \u00d6zersay \u201cGayrime\u015fru h\u00fck\u00fcmetin varl\u0131\u011f\u0131yla sebep oldu\u011fu bu demokrasi ay\u0131b\u0131n\u0131n \u00fcst\u00fc \u00f6rt\u00fclmeye \u00e7al\u0131\u015f\u0131l\u0131yor. Nas\u0131l ki <a href=\"https:\/\/brtk.net\/\"\/><a href=\"https:\/\/brtk.net\/\">UBP<\/a>\u2019den vekiller istifa ettirilip \u00d6RP kurdurtulmu\u015f ve <a href=\"https:\/\/brtk.net\/\"\/><a href=\"https:\/\/brtk.net\/\">CTP<\/a>-\u00d6RP h\u00fck\u00fcmeti m\u00fcdahale ile el alt\u0131ndan kurdurtularak demokrasimize kara bir leke s\u00fcr\u00fclm\u00fc\u015ft\u00fc, \u015fimdi de \u00e7ok benzer bir \u015fey yap\u0131lmaktad\u0131r. O d\u00f6nemde nas\u0131l ki <a href=\"https:\/\/brtk.net\/\"\/><a href=\"https:\/\/brtk.net\/\">UBP<\/a> ve DP bu m\u00fcdahaleye tepki koyarak Meclis boykotu karar\u0131 alm\u0131\u015ft\u0131 ve Meclis toplant\u0131lar\u0131na kat\u0131lmam\u0131\u015ft\u0131, \u015fimdi de Halk\u0131n Partisi gayrime\u015fru yoldan kurdurulan bu h\u00fck\u00fcmete tepki g\u00f6stererek sine-i millet karar\u0131 alm\u0131\u015ft\u0131r. Nas\u0131l ki ge\u00e7mi\u015fte <a href=\"https:\/\/brtk.net\/\"\/><a href=\"https:\/\/brtk.net\/\">CTP<\/a>, TKP ve yeniden do\u011fu\u015f sine-i millet karar\u0131 al\u0131p se\u00e7ime m\u00fcdahaleyi gerek\u00e7e g\u00f6sterip Meclis\u2019ten \u00e7ekilmi\u015fti, \u015fimdi de Halk\u0131n Partisi bu duru\u015fu sergileyip bu gayrime\u015fru h\u00fck\u00fcmetle Meclis\u2019te hi\u00e7bir \u015fey yokmu\u015f gibi yap\u0131p \u00e7al\u0131\u015fmay\u0131 kabul etmeyip sine-i millet karar\u0131 alm\u0131\u015ft\u0131r. Herkese bu ge\u00e7mi\u015fi de hat\u0131rlat\u0131r\u0131z\u201d dedi.<\/p>\n<p>Halk\u0131n Partisi lideri Kudret \u00d6zersay \u201cbir milletvekili se\u00e7ip oray\u0131 doldursan\u0131z bile bu ay\u0131b\u0131 bu se\u00e7imle \u00f6rtemeyeceksiniz. Bir kere daha hat\u0131rlat\u0131yorum ki yemin edecek olan milletvekili e\u011fer kendisiyle ve edece\u011fi yeminle bar\u0131\u015f\u0131k olacaksa bug\u00fcnk\u00fc gayrime\u015fru h\u00fck\u00fcmetle o Meclis\u2019te \u00e7al\u0131\u015fmay\u0131 kabul etmemelidir. Bu \u015fekilde h\u00fck\u00fcmet kurulacak, halk iradesi s\u0131f\u0131rla \u00e7arp\u0131lacak ve ondan sonra da diyeceksiniz ki devlet ba\u011f\u0131ms\u0131zd\u0131r. Bir devlet sahibi oldu\u011fumuza ve T\u00fcrkiye\u2019den ba\u011f\u0131ms\u0131z oldu\u011fumuza kimi inand\u0131racaks\u0131n\u0131z? Bunu herkese hat\u0131rlatmak istiyorum. Kendi i\u00e7imizde tutarl\u0131 olacaksak bu gayrime\u015fru h\u00fck\u00fcmet olgusuna bir an \u00f6nce son vermek zorunday\u0131z \u00e7\u00fcnk\u00fc bu bir demokrasi ay\u0131b\u0131d\u0131r\u201d dedi. <\/p>\n<p><iframe loading=\"lazy\" title=\"Buras\u0131 \u00d6nemli + 50+1 04.05.2023\" width=\"960\" height=\"540\" src=\"https:\/\/www.youtube.com\/embed\/ulSiNWj6dek?feature=oembed\" frameborder=\"0\" allow=\"accelerometer; autoplay; clipboard-write; encrypted-media; gyroscope; picture-in-picture; web-share\" referrerpolicy=\"strict-origin-when-cross-origin\" allowfullscreen><\/iframe><\/p>\n<\/p><\/div>\n<p><script async\n                    defer\n                    crossorigin=\"anonymous\"\n                    src=\"https:\/\/connect.facebook.net\/tr_TR\/sdk.js#xfbml=1&#038;version=v3.3\"\n            ><\/script><\/p>\n","protected":false},"excerpt":{"rendered":"<p>Halk\u0131n Partisi Genel Ba\u015fkan\u0131 Kudret \u00d6zersay BRT\u2019de yay\u0131nlanan \u2018Buras\u0131 \u00d6nemli\u2019 program\u0131nda g\u00fcndeme dair a\u00e7\u0131klamalarda bulundu. Programda bir milletvekili i\u00e7in yap\u0131lacak olan ara se\u00e7imi Halk\u0131n Partisi olarak do\u011fru bulmad\u0131klar\u0131n\u0131 ve \u00fclkenin ihtiyac\u0131n\u0131n bu gayrime\u015fru h\u00fck\u00fcmeti sonland\u0131racak bir erken se\u00e7im oldu\u011funu vurgulayan HP lideri Kudret \u00d6zersay \u201cKendileri de \u00e7ok iyi biliyorlar ki bu ara se\u00e7imin yap\u0131lmas\u0131 zorunlu<\/p>\n","protected":false},"author":1,"featured_media":6257,"comment_status":"open","ping_status":"open","sticky":false,"template":"","format":"standard","meta":{"footnotes":""},"categories":[1],"tags":[],"class_list":["post-6256","post","type-post","status-publish","format-standard","has-post-thumbnail","hentry","category-gundem"],"yoast_head":"<!-- This site is optimized with the Yoast SEO plugin v27.5 - https:\/\/yoast.com\/product\/yoast-seo-wordpress\/ -->\n<title>\u00d6zersay:\u201cAra se\u00e7im yanl\u0131\u015ft\u0131r\u201d dediler ama h\u00fck\u00fcmet-muhalefet oybirli\u011fi ile ara se\u00e7im karar\u0131 ald\u0131lar -<\/title>\n<meta name=\"robots\" content=\"index, follow, max-snippet:-1, max-image-preview:large, max-video-preview:-1\" \/>\n<link rel=\"canonical\" href=\"https:\/\/kibrisdakik.com\/?p=6256\" \/>\n<meta property=\"og:locale\" content=\"tr_TR\" \/>\n<meta property=\"og:type\" content=\"article\" \/>\n<meta property=\"og:title\" content=\"\u00d6zersay:\u201cAra se\u00e7im yanl\u0131\u015ft\u0131r\u201d dediler ama h\u00fck\u00fcmet-muhalefet oybirli\u011fi ile ara se\u00e7im karar\u0131 ald\u0131lar -\" \/>\n<meta property=\"og:description\" content=\"Halk\u0131n Partisi Genel Ba\u015fkan\u0131 Kudret \u00d6zersay BRT\u2019de yay\u0131nlanan \u2018Buras\u0131 \u00d6nemli\u2019 program\u0131nda g\u00fcndeme dair a\u00e7\u0131klamalarda bulundu. Programda bir milletvekili i\u00e7in yap\u0131lacak olan ara se\u00e7imi Halk\u0131n Partisi olarak do\u011fru bulmad\u0131klar\u0131n\u0131 ve \u00fclkenin ihtiyac\u0131n\u0131n bu gayrime\u015fru h\u00fck\u00fcmeti sonland\u0131racak bir erken se\u00e7im oldu\u011funu vurgulayan HP lideri Kudret \u00d6zersay \u201cKendileri de \u00e7ok iyi biliyorlar ki bu ara se\u00e7imin yap\u0131lmas\u0131 zorunlu\" \/>\n<meta property=\"og:url\" content=\"https:\/\/kibrisdakik.com\/?p=6256\" \/>\n<meta property=\"article:published_time\" content=\"2023-05-04T14:24:48+00:00\" \/>\n<meta property=\"og:image\" content=\"https:\/\/kibrisdakik.com\/wp-content\/uploads\/2023\/05\/345044187_567641052175686_4082815701295452239_n-740x325.jpg\" \/>\n\t<meta property=\"og:image:width\" content=\"768\" \/>\n\t<meta property=\"og:image:height\" content=\"325\" \/>\n\t<meta property=\"og:image:type\" content=\"image\/jpeg\" \/>\n<meta name=\"author\" content=\"admin\" \/>\n<meta name=\"twitter:card\" content=\"summary_large_image\" \/>\n<meta name=\"twitter:label1\" content=\"Yazan:\" \/>\n\t<meta name=\"twitter:data1\" content=\"admin\" \/>\n\t<meta name=\"twitter:label2\" content=\"Tahmini okuma s\u00fcresi\" \/>\n\t<meta name=\"twitter:data2\" content=\"4 dakika\" \/>\n<script type=\"application\/ld+json\" class=\"yoast-schema-graph\">{\"@context\":\"https:\\\/\\\/schema.org\",\"@graph\":[{\"@type\":\"Article\",\"@id\":\"https:\\\/\\\/kibrisdakik.com\\\/?p=6256#article\",\"isPartOf\":{\"@id\":\"https:\\\/\\\/kibrisdakik.com\\\/?p=6256\"},\"author\":{\"name\":\"admin\",\"@id\":\"https:\\\/\\\/kibrisdakik.com\\\/#\\\/schema\\\/person\\\/9cd9d437bbb44f72b73ba127e06d8e79\"},\"headline\":\"\u00d6zersay:\u201cAra se\u00e7im yanl\u0131\u015ft\u0131r\u201d dediler ama h\u00fck\u00fcmet-muhalefet oybirli\u011fi ile ara se\u00e7im karar\u0131 ald\u0131lar\",\"datePublished\":\"2023-05-04T14:24:48+00:00\",\"mainEntityOfPage\":{\"@id\":\"https:\\\/\\\/kibrisdakik.com\\\/?p=6256\"},\"wordCount\":847,\"commentCount\":0,\"image\":{\"@id\":\"https:\\\/\\\/kibrisdakik.com\\\/?p=6256#primaryimage\"},\"thumbnailUrl\":\"https:\\\/\\\/kibrisdakik.com\\\/wp-content\\\/uploads\\\/2023\\\/05\\\/345044187_567641052175686_4082815701295452239_n-740x325.jpg\",\"articleSection\":[\"G\u00fcndem\"],\"inLanguage\":\"tr\",\"potentialAction\":[{\"@type\":\"CommentAction\",\"name\":\"Comment\",\"target\":[\"https:\\\/\\\/kibrisdakik.com\\\/?p=6256#respond\"]}]},{\"@type\":\"WebPage\",\"@id\":\"https:\\\/\\\/kibrisdakik.com\\\/?p=6256\",\"url\":\"https:\\\/\\\/kibrisdakik.com\\\/?p=6256\",\"name\":\"\u00d6zersay:\u201cAra se\u00e7im yanl\u0131\u015ft\u0131r\u201d dediler ama h\u00fck\u00fcmet-muhalefet oybirli\u011fi ile ara se\u00e7im karar\u0131 ald\u0131lar -\",\"isPartOf\":{\"@id\":\"https:\\\/\\\/kibrisdakik.com\\\/#website\"},\"primaryImageOfPage\":{\"@id\":\"https:\\\/\\\/kibrisdakik.com\\\/?p=6256#primaryimage\"},\"image\":{\"@id\":\"https:\\\/\\\/kibrisdakik.com\\\/?p=6256#primaryimage\"},\"thumbnailUrl\":\"https:\\\/\\\/kibrisdakik.com\\\/wp-content\\\/uploads\\\/2023\\\/05\\\/345044187_567641052175686_4082815701295452239_n-740x325.jpg\",\"datePublished\":\"2023-05-04T14:24:48+00:00\",\"author\":{\"@id\":\"https:\\\/\\\/kibrisdakik.com\\\/#\\\/schema\\\/person\\\/9cd9d437bbb44f72b73ba127e06d8e79\"},\"breadcrumb\":{\"@id\":\"https:\\\/\\\/kibrisdakik.com\\\/?p=6256#breadcrumb\"},\"inLanguage\":\"tr\",\"potentialAction\":[{\"@type\":\"ReadAction\",\"target\":[\"https:\\\/\\\/kibrisdakik.com\\\/?p=6256\"]}]},{\"@type\":\"ImageObject\",\"inLanguage\":\"tr\",\"@id\":\"https:\\\/\\\/kibrisdakik.com\\\/?p=6256#primaryimage\",\"url\":\"https:\\\/\\\/kibrisdakik.com\\\/wp-content\\\/uploads\\\/2023\\\/05\\\/345044187_567641052175686_4082815701295452239_n-740x325.jpg\",\"contentUrl\":\"https:\\\/\\\/kibrisdakik.com\\\/wp-content\\\/uploads\\\/2023\\\/05\\\/345044187_567641052175686_4082815701295452239_n-740x325.jpg\",\"width\":768,\"height\":325},{\"@type\":\"BreadcrumbList\",\"@id\":\"https:\\\/\\\/kibrisdakik.com\\\/?p=6256#breadcrumb\",\"itemListElement\":[{\"@type\":\"ListItem\",\"position\":1,\"name\":\"Home\",\"item\":\"https:\\\/\\\/kibrisdakik.com\\\/\"},{\"@type\":\"ListItem\",\"position\":2,\"name\":\"\u00d6zersay:\u201cAra se\u00e7im yanl\u0131\u015ft\u0131r\u201d dediler ama h\u00fck\u00fcmet-muhalefet oybirli\u011fi ile ara se\u00e7im karar\u0131 ald\u0131lar\"}]},{\"@type\":\"WebSite\",\"@id\":\"https:\\\/\\\/kibrisdakik.com\\\/#website\",\"url\":\"https:\\\/\\\/kibrisdakik.com\\\/\",\"name\":\"\",\"description\":\"Tam vaktinde haber\",\"potentialAction\":[{\"@type\":\"SearchAction\",\"target\":{\"@type\":\"EntryPoint\",\"urlTemplate\":\"https:\\\/\\\/kibrisdakik.com\\\/?s={search_term_string}\"},\"query-input\":{\"@type\":\"PropertyValueSpecification\",\"valueRequired\":true,\"valueName\":\"search_term_string\"}}],\"inLanguage\":\"tr\"},{\"@type\":\"Person\",\"@id\":\"https:\\\/\\\/kibrisdakik.com\\\/#\\\/schema\\\/person\\\/9cd9d437bbb44f72b73ba127e06d8e79\",\"name\":\"admin\",\"image\":{\"@type\":\"ImageObject\",\"inLanguage\":\"tr\",\"@id\":\"https:\\\/\\\/secure.gravatar.com\\\/avatar\\\/ccc17943b9d660506c869530f897617f7cb1c21a4bf30023f252596d83e1f007?s=96&d=mm&r=g\",\"url\":\"https:\\\/\\\/secure.gravatar.com\\\/avatar\\\/ccc17943b9d660506c869530f897617f7cb1c21a4bf30023f252596d83e1f007?s=96&d=mm&r=g\",\"contentUrl\":\"https:\\\/\\\/secure.gravatar.com\\\/avatar\\\/ccc17943b9d660506c869530f897617f7cb1c21a4bf30023f252596d83e1f007?s=96&d=mm&r=g\",\"caption\":\"admin\"},\"sameAs\":[\"https:\\\/\\\/kibrisdakik.com\"],\"url\":\"https:\\\/\\\/kibrisdakik.com\\\/?author=1\"}]}<\/script>\n<!-- \/ Yoast SEO plugin. -->","yoast_head_json":{"title":"\u00d6zersay:\u201cAra se\u00e7im yanl\u0131\u015ft\u0131r\u201d dediler ama h\u00fck\u00fcmet-muhalefet oybirli\u011fi ile ara se\u00e7im karar\u0131 ald\u0131lar -","robots":{"index":"index","follow":"follow","max-snippet":"max-snippet:-1","max-image-preview":"max-image-preview:large","max-video-preview":"max-video-preview:-1"},"canonical":"https:\/\/kibrisdakik.com\/?p=6256","og_locale":"tr_TR","og_type":"article","og_title":"\u00d6zersay:\u201cAra se\u00e7im yanl\u0131\u015ft\u0131r\u201d dediler ama h\u00fck\u00fcmet-muhalefet oybirli\u011fi ile ara se\u00e7im karar\u0131 ald\u0131lar -","og_description":"Halk\u0131n Partisi Genel Ba\u015fkan\u0131 Kudret \u00d6zersay BRT\u2019de yay\u0131nlanan \u2018Buras\u0131 \u00d6nemli\u2019 program\u0131nda g\u00fcndeme dair a\u00e7\u0131klamalarda bulundu. Programda bir milletvekili i\u00e7in yap\u0131lacak olan ara se\u00e7imi Halk\u0131n Partisi olarak do\u011fru bulmad\u0131klar\u0131n\u0131 ve \u00fclkenin ihtiyac\u0131n\u0131n bu gayrime\u015fru h\u00fck\u00fcmeti sonland\u0131racak bir erken se\u00e7im oldu\u011funu vurgulayan HP lideri Kudret \u00d6zersay \u201cKendileri de \u00e7ok iyi biliyorlar ki bu ara se\u00e7imin yap\u0131lmas\u0131 zorunlu","og_url":"https:\/\/kibrisdakik.com\/?p=6256","article_published_time":"2023-05-04T14:24:48+00:00","og_image":[{"width":768,"height":325,"url":"https:\/\/kibrisdakik.com\/wp-content\/uploads\/2023\/05\/345044187_567641052175686_4082815701295452239_n-740x325.jpg","type":"image\/jpeg"}],"author":"admin","twitter_card":"summary_large_image","twitter_misc":{"Yazan:":"admin","Tahmini okuma s\u00fcresi":"4 dakika"},"schema":{"@context":"https:\/\/schema.org","@graph":[{"@type":"Article","@id":"https:\/\/kibrisdakik.com\/?p=6256#article","isPartOf":{"@id":"https:\/\/kibrisdakik.com\/?p=6256"},"author":{"name":"admin","@id":"https:\/\/kibrisdakik.com\/#\/schema\/person\/9cd9d437bbb44f72b73ba127e06d8e79"},"headline":"\u00d6zersay:\u201cAra se\u00e7im yanl\u0131\u015ft\u0131r\u201d dediler ama h\u00fck\u00fcmet-muhalefet oybirli\u011fi ile ara se\u00e7im karar\u0131 ald\u0131lar","datePublished":"2023-05-04T14:24:48+00:00","mainEntityOfPage":{"@id":"https:\/\/kibrisdakik.com\/?p=6256"},"wordCount":847,"commentCount":0,"image":{"@id":"https:\/\/kibrisdakik.com\/?p=6256#primaryimage"},"thumbnailUrl":"https:\/\/kibrisdakik.com\/wp-content\/uploads\/2023\/05\/345044187_567641052175686_4082815701295452239_n-740x325.jpg","articleSection":["G\u00fcndem"],"inLanguage":"tr","potentialAction":[{"@type":"CommentAction","name":"Comment","target":["https:\/\/kibrisdakik.com\/?p=6256#respond"]}]},{"@type":"WebPage","@id":"https:\/\/kibrisdakik.com\/?p=6256","url":"https:\/\/kibrisdakik.com\/?p=6256","name":"\u00d6zersay:\u201cAra se\u00e7im yanl\u0131\u015ft\u0131r\u201d dediler ama h\u00fck\u00fcmet-muhalefet oybirli\u011fi ile ara se\u00e7im karar\u0131 ald\u0131lar -","isPartOf":{"@id":"https:\/\/kibrisdakik.com\/#website"},"primaryImageOfPage":{"@id":"https:\/\/kibrisdakik.com\/?p=6256#primaryimage"},"image":{"@id":"https:\/\/kibrisdakik.com\/?p=6256#primaryimage"},"thumbnailUrl":"https:\/\/kibrisdakik.com\/wp-content\/uploads\/2023\/05\/345044187_567641052175686_4082815701295452239_n-740x325.jpg","datePublished":"2023-05-04T14:24:48+00:00","author":{"@id":"https:\/\/kibrisdakik.com\/#\/schema\/person\/9cd9d437bbb44f72b73ba127e06d8e79"},"breadcrumb":{"@id":"https:\/\/kibrisdakik.com\/?p=6256#breadcrumb"},"inLanguage":"tr","potentialAction":[{"@type":"ReadAction","target":["https:\/\/kibrisdakik.com\/?p=6256"]}]},{"@type":"ImageObject","inLanguage":"tr","@id":"https:\/\/kibrisdakik.com\/?p=6256#primaryimage","url":"https:\/\/kibrisdakik.com\/wp-content\/uploads\/2023\/05\/345044187_567641052175686_4082815701295452239_n-740x325.jpg","contentUrl":"https:\/\/kibrisdakik.com\/wp-content\/uploads\/2023\/05\/345044187_567641052175686_4082815701295452239_n-740x325.jpg","width":768,"height":325},{"@type":"BreadcrumbList","@id":"https:\/\/kibrisdakik.com\/?p=6256#breadcrumb","itemListElement":[{"@type":"ListItem","position":1,"name":"Home","item":"https:\/\/kibrisdakik.com\/"},{"@type":"ListItem","position":2,"name":"\u00d6zersay:\u201cAra se\u00e7im yanl\u0131\u015ft\u0131r\u201d dediler ama h\u00fck\u00fcmet-muhalefet oybirli\u011fi ile ara se\u00e7im karar\u0131 ald\u0131lar"}]},{"@type":"WebSite","@id":"https:\/\/kibrisdakik.com\/#website","url":"https:\/\/kibrisdakik.com\/","name":"","description":"Tam vaktinde haber","potentialAction":[{"@type":"SearchAction","target":{"@type":"EntryPoint","urlTemplate":"https:\/\/kibrisdakik.com\/?s={search_term_string}"},"query-input":{"@type":"PropertyValueSpecification","valueRequired":true,"valueName":"search_term_string"}}],"inLanguage":"tr"},{"@type":"Person","@id":"https:\/\/kibrisdakik.com\/#\/schema\/person\/9cd9d437bbb44f72b73ba127e06d8e79","name":"admin","image":{"@type":"ImageObject","inLanguage":"tr","@id":"https:\/\/secure.gravatar.com\/avatar\/ccc17943b9d660506c869530f897617f7cb1c21a4bf30023f252596d83e1f007?s=96&d=mm&r=g","url":"https:\/\/secure.gravatar.com\/avatar\/ccc17943b9d660506c869530f897617f7cb1c21a4bf30023f252596d83e1f007?s=96&d=mm&r=g","contentUrl":"https:\/\/secure.gravatar.com\/avatar\/ccc17943b9d660506c869530f897617f7cb1c21a4bf30023f252596d83e1f007?s=96&d=mm&r=g","caption":"admin"},"sameAs":["https:\/\/kibrisdakik.com"],"url":"https:\/\/kibrisdakik.com\/?author=1"}]}},"_links":{"self":[{"href":"https:\/\/kibrisdakik.com\/index.php?rest_route=\/wp\/v2\/posts\/6256","targetHints":{"allow":["GET"]}}],"collection":[{"href":"https:\/\/kibrisdakik.com\/index.php?rest_route=\/wp\/v2\/posts"}],"about":[{"href":"https:\/\/kibrisdakik.com\/index.php?rest_route=\/wp\/v2\/types\/post"}],"author":[{"embeddable":true,"href":"https:\/\/kibrisdakik.com\/index.php?rest_route=\/wp\/v2\/users\/1"}],"replies":[{"embeddable":true,"href":"https:\/\/kibrisdakik.com\/index.php?rest_route=%2Fwp%2Fv2%2Fcomments&post=6256"}],"version-history":[{"count":0,"href":"https:\/\/kibrisdakik.com\/index.php?rest_route=\/wp\/v2\/posts\/6256\/revisions"}],"wp:featuredmedia":[{"embeddable":true,"href":"https:\/\/kibrisdakik.com\/index.php?rest_route=\/wp\/v2\/media\/6257"}],"wp:attachment":[{"href":"https:\/\/kibrisdakik.com\/index.php?rest_route=%2Fwp%2Fv2%2Fmedia&parent=6256"}],"wp:term":[{"taxonomy":"category","embeddable":true,"href":"https:\/\/kibrisdakik.com\/index.php?rest_route=%2Fwp%2Fv2%2Fcategories&post=6256"},{"taxonomy":"post_tag","embeddable":true,"href":"https:\/\/kibrisdakik.com\/index.php?rest_route=%2Fwp%2Fv2%2Ftags&post=6256"}],"curies":[{"name":"wp","href":"https:\/\/api.w.org\/{rel}","templated":true}]}}