{"id":62575,"date":"2024-09-16T16:18:06","date_gmt":"2024-09-16T13:18:06","guid":{"rendered":"https:\/\/kibrisdakik.com\/index.php\/2024\/09\/16\/adalet-bakanligi-300-personel-alacak\/"},"modified":"2024-09-16T16:18:06","modified_gmt":"2024-09-16T13:18:06","slug":"adalet-bakanligi-300-personel-alacak","status":"publish","type":"post","link":"https:\/\/kibrisdakik.com\/?p=62575","title":{"rendered":"Adalet Bakanl\u0131\u011f\u0131 300 personel alacak"},"content":{"rendered":"<p><img decoding=\"async\" src=\"https:\/\/foto.haberler.com\/haber\/2024\/09\/16\/adalet-bakanligi-300-personel-alacak-17826817_8199_amp.jpg\" \/><\/p>\n<div id=\"\">\n<p> <a class=\"keyword\" href=\"https:\/\/www.haberler.com\/adalet-bakanligi\/\" title=\"Adalet Bakanl\u0131\u011f\u0131 Haberleri, Adalet Bakanl\u0131\u011f\u0131 Haberi, Adalet Bakanl\u0131\u011f\u0131 Haber\"><strong>Adalet Bakanl\u0131\u011f\u0131<\/strong><\/a> yeni bir personel ilan\u0131 yay\u0131nlad\u0131. Buna g\u00f6re 35 ya\u015f\u0131n\u0131 a\u015fmam\u0131\u015f 300 ki\u015fi i\u00e7in ilana \u00e7\u0131k\u0131ld\u0131. S\u00f6z konusu ilanda adaylarda aranan \u015fartlara da yer verildi.<\/p>\n<p>Resmi Gazete&#8217;de yer alan ilana g\u00f6re, al\u0131m i\u00e7in yaz\u0131l\u0131 s\u0131nav 7 Aral\u0131k&#8217;ta \u00d6SYM&#8217;nin Ankara&#8217;daki 2 ayr\u0131 s\u0131nav merkezinde yap\u0131lacak, s\u0131nav s\u00fcresi 105 dakika olacak.<\/p>\n<h3>\u0130\u015eTE ADAYLARDA ARANAN \u015eARTLAR<\/h3>\n<p>Adaylarda, T\u00fcrk vatanda\u015f\u0131 ve 35 ya\u015f\u0131n\u0131 doldurmam\u0131\u015f olmak, hukuk fak\u00fcltesi, adalet meslek y\u00fcksekokulu veya adalet meslek e\u011fitimi \u00f6n lisans b\u00f6l\u00fcmlerinden mezun olma \u015fartlar\u0131 aranacak.<\/p>\n<p>S\u0131nava ba\u015fvurular 24-30 Ekim aras\u0131nda \u00d6SYM ba\u015fvuru merkezleri arac\u0131l\u0131\u011f\u0131yla veya bireysel olarak \u00d6SYM&#8217;nin internet adresi \u00fczerinden yap\u0131labilecek.<\/p>\n<p>Ayr\u0131ca icra katipleri aras\u0131ndan naklen atamayla al\u0131nacak 100 icra m\u00fcd\u00fcr\u00fc ve yard\u0131mc\u0131s\u0131n\u0131 belirlemek ad\u0131na yap\u0131lacak G\u00f6revde Y\u00fckselme Suretiyle \u0130cra M\u00fcd\u00fcr ve \u0130cra M\u00fcd\u00fcr Yard\u0131mc\u0131lar\u0131n\u0131 Se\u00e7me S\u0131nav\u0131 da 8 Aral\u0131k&#8217;ta ger\u00e7ekle\u015ftirilecek.<\/p>\n<h4 id=\"nwsKeywords\"> <a href=\"https:\/\/www.haberler.com\/adalet-bakanligi\/\" title=\"Adalet Bakanl\u0131\u011f\u0131\" class=\"hbptTag\">Adalet Bakanl\u0131\u011f\u0131<\/a>  <a href=\"https:\/\/www.haberler.com\/memur\/\" title=\"Memur\" class=\"hbptTag\">Memur<\/a> <\/h4>\n<\/div>\n","protected":false},"excerpt":{"rendered":"<p>Adalet Bakanl\u0131\u011f\u0131 yeni bir personel ilan\u0131 yay\u0131nlad\u0131. Buna g\u00f6re 35 ya\u015f\u0131n\u0131 a\u015fmam\u0131\u015f 300 ki\u015fi i\u00e7in ilana \u00e7\u0131k\u0131ld\u0131. S\u00f6z konusu ilanda adaylarda aranan \u015fartlara da yer verildi. Resmi Gazete&#8217;de yer alan ilana g\u00f6re, al\u0131m i\u00e7in yaz\u0131l\u0131 s\u0131nav 7 Aral\u0131k&#8217;ta \u00d6SYM&#8217;nin Ankara&#8217;daki 2 ayr\u0131 s\u0131nav merkezinde yap\u0131lacak, s\u0131nav s\u00fcresi 105 dakika olacak. \u0130\u015eTE ADAYLARDA ARANAN \u015eARTLAR Adaylarda,<\/p>\n","protected":false},"author":1,"featured_media":62576,"comment_status":"open","ping_status":"open","sticky":false,"template":"","format":"standard","meta":{"footnotes":""},"categories":[83],"tags":[],"class_list":["post-62575","post","type-post","status-publish","format-standard","has-post-thumbnail","hentry","category-magazin"],"yoast_head":"<!-- This site is optimized with the Yoast SEO plugin v27.4 - https:\/\/yoast.com\/product\/yoast-seo-wordpress\/ -->\n<title>Adalet Bakanl\u0131\u011f\u0131 300 personel alacak -<\/title>\n<meta name=\"robots\" content=\"index, follow, max-snippet:-1, max-image-preview:large, max-video-preview:-1\" \/>\n<link rel=\"canonical\" href=\"https:\/\/kibrisdakik.com\/?p=62575\" \/>\n<meta property=\"og:locale\" content=\"tr_TR\" \/>\n<meta property=\"og:type\" content=\"article\" \/>\n<meta property=\"og:title\" content=\"Adalet Bakanl\u0131\u011f\u0131 300 personel alacak -\" \/>\n<meta property=\"og:description\" content=\"Adalet Bakanl\u0131\u011f\u0131 yeni bir personel ilan\u0131 yay\u0131nlad\u0131. Buna g\u00f6re 35 ya\u015f\u0131n\u0131 a\u015fmam\u0131\u015f 300 ki\u015fi i\u00e7in ilana \u00e7\u0131k\u0131ld\u0131. S\u00f6z konusu ilanda adaylarda aranan \u015fartlara da yer verildi. Resmi Gazete&#8217;de yer alan ilana g\u00f6re, al\u0131m i\u00e7in yaz\u0131l\u0131 s\u0131nav 7 Aral\u0131k&#8217;ta \u00d6SYM&#8217;nin Ankara&#8217;daki 2 ayr\u0131 s\u0131nav merkezinde yap\u0131lacak, s\u0131nav s\u00fcresi 105 dakika olacak. \u0130\u015eTE ADAYLARDA ARANAN \u015eARTLAR Adaylarda,\" \/>\n<meta property=\"og:url\" content=\"https:\/\/kibrisdakik.com\/?p=62575\" \/>\n<meta property=\"article:published_time\" content=\"2024-09-16T13:18:06+00:00\" \/>\n<meta property=\"og:image\" content=\"https:\/\/kibrisdakik.com\/wp-content\/uploads\/2024\/09\/adalet-bakanligi-300-personel-alacak-17826817_8199_amp.jpg\" \/>\n\t<meta property=\"og:image:width\" content=\"1203\" \/>\n\t<meta property=\"og:image:height\" content=\"675\" \/>\n\t<meta property=\"og:image:type\" content=\"image\/jpeg\" \/>\n<meta name=\"author\" content=\"admin\" \/>\n<meta name=\"twitter:card\" content=\"summary_large_image\" \/>\n<meta name=\"twitter:label1\" content=\"Yazan:\" \/>\n\t<meta name=\"twitter:data1\" content=\"admin\" \/>\n\t<meta name=\"twitter:label2\" content=\"Tahmini okuma s\u00fcresi\" \/>\n\t<meta name=\"twitter:data2\" content=\"1 dakika\" \/>\n<script type=\"application\/ld+json\" class=\"yoast-schema-graph\">{\"@context\":\"https:\\\/\\\/schema.org\",\"@graph\":[{\"@type\":\"Article\",\"@id\":\"https:\\\/\\\/kibrisdakik.com\\\/?p=62575#article\",\"isPartOf\":{\"@id\":\"https:\\\/\\\/kibrisdakik.com\\\/?p=62575\"},\"author\":{\"name\":\"admin\",\"@id\":\"https:\\\/\\\/kibrisdakik.com\\\/#\\\/schema\\\/person\\\/9cd9d437bbb44f72b73ba127e06d8e79\"},\"headline\":\"Adalet Bakanl\u0131\u011f\u0131 300 personel alacak\",\"datePublished\":\"2024-09-16T13:18:06+00:00\",\"mainEntityOfPage\":{\"@id\":\"https:\\\/\\\/kibrisdakik.com\\\/?p=62575\"},\"wordCount\":180,\"commentCount\":0,\"image\":{\"@id\":\"https:\\\/\\\/kibrisdakik.com\\\/?p=62575#primaryimage\"},\"thumbnailUrl\":\"https:\\\/\\\/kibrisdakik.com\\\/wp-content\\\/uploads\\\/2024\\\/09\\\/adalet-bakanligi-300-personel-alacak-17826817_8199_amp.jpg\",\"articleSection\":[\"Magazin\"],\"inLanguage\":\"tr\",\"potentialAction\":[{\"@type\":\"CommentAction\",\"name\":\"Comment\",\"target\":[\"https:\\\/\\\/kibrisdakik.com\\\/?p=62575#respond\"]}]},{\"@type\":\"WebPage\",\"@id\":\"https:\\\/\\\/kibrisdakik.com\\\/?p=62575\",\"url\":\"https:\\\/\\\/kibrisdakik.com\\\/?p=62575\",\"name\":\"Adalet Bakanl\u0131\u011f\u0131 300 personel alacak -\",\"isPartOf\":{\"@id\":\"https:\\\/\\\/kibrisdakik.com\\\/#website\"},\"primaryImageOfPage\":{\"@id\":\"https:\\\/\\\/kibrisdakik.com\\\/?p=62575#primaryimage\"},\"image\":{\"@id\":\"https:\\\/\\\/kibrisdakik.com\\\/?p=62575#primaryimage\"},\"thumbnailUrl\":\"https:\\\/\\\/kibrisdakik.com\\\/wp-content\\\/uploads\\\/2024\\\/09\\\/adalet-bakanligi-300-personel-alacak-17826817_8199_amp.jpg\",\"datePublished\":\"2024-09-16T13:18:06+00:00\",\"author\":{\"@id\":\"https:\\\/\\\/kibrisdakik.com\\\/#\\\/schema\\\/person\\\/9cd9d437bbb44f72b73ba127e06d8e79\"},\"breadcrumb\":{\"@id\":\"https:\\\/\\\/kibrisdakik.com\\\/?p=62575#breadcrumb\"},\"inLanguage\":\"tr\",\"potentialAction\":[{\"@type\":\"ReadAction\",\"target\":[\"https:\\\/\\\/kibrisdakik.com\\\/?p=62575\"]}]},{\"@type\":\"ImageObject\",\"inLanguage\":\"tr\",\"@id\":\"https:\\\/\\\/kibrisdakik.com\\\/?p=62575#primaryimage\",\"url\":\"https:\\\/\\\/kibrisdakik.com\\\/wp-content\\\/uploads\\\/2024\\\/09\\\/adalet-bakanligi-300-personel-alacak-17826817_8199_amp.jpg\",\"contentUrl\":\"https:\\\/\\\/kibrisdakik.com\\\/wp-content\\\/uploads\\\/2024\\\/09\\\/adalet-bakanligi-300-personel-alacak-17826817_8199_amp.jpg\",\"width\":1203,\"height\":675},{\"@type\":\"BreadcrumbList\",\"@id\":\"https:\\\/\\\/kibrisdakik.com\\\/?p=62575#breadcrumb\",\"itemListElement\":[{\"@type\":\"ListItem\",\"position\":1,\"name\":\"Home\",\"item\":\"https:\\\/\\\/kibrisdakik.com\\\/\"},{\"@type\":\"ListItem\",\"position\":2,\"name\":\"Adalet Bakanl\u0131\u011f\u0131 300 personel alacak\"}]},{\"@type\":\"WebSite\",\"@id\":\"https:\\\/\\\/kibrisdakik.com\\\/#website\",\"url\":\"https:\\\/\\\/kibrisdakik.com\\\/\",\"name\":\"\",\"description\":\"Tam vaktinde haber\",\"potentialAction\":[{\"@type\":\"SearchAction\",\"target\":{\"@type\":\"EntryPoint\",\"urlTemplate\":\"https:\\\/\\\/kibrisdakik.com\\\/?s={search_term_string}\"},\"query-input\":{\"@type\":\"PropertyValueSpecification\",\"valueRequired\":true,\"valueName\":\"search_term_string\"}}],\"inLanguage\":\"tr\"},{\"@type\":\"Person\",\"@id\":\"https:\\\/\\\/kibrisdakik.com\\\/#\\\/schema\\\/person\\\/9cd9d437bbb44f72b73ba127e06d8e79\",\"name\":\"admin\",\"image\":{\"@type\":\"ImageObject\",\"inLanguage\":\"tr\",\"@id\":\"https:\\\/\\\/secure.gravatar.com\\\/avatar\\\/ccc17943b9d660506c869530f897617f7cb1c21a4bf30023f252596d83e1f007?s=96&d=mm&r=g\",\"url\":\"https:\\\/\\\/secure.gravatar.com\\\/avatar\\\/ccc17943b9d660506c869530f897617f7cb1c21a4bf30023f252596d83e1f007?s=96&d=mm&r=g\",\"contentUrl\":\"https:\\\/\\\/secure.gravatar.com\\\/avatar\\\/ccc17943b9d660506c869530f897617f7cb1c21a4bf30023f252596d83e1f007?s=96&d=mm&r=g\",\"caption\":\"admin\"},\"sameAs\":[\"https:\\\/\\\/kibrisdakik.com\"],\"url\":\"https:\\\/\\\/kibrisdakik.com\\\/?author=1\"}]}<\/script>\n<!-- \/ Yoast SEO plugin. -->","yoast_head_json":{"title":"Adalet Bakanl\u0131\u011f\u0131 300 personel alacak -","robots":{"index":"index","follow":"follow","max-snippet":"max-snippet:-1","max-image-preview":"max-image-preview:large","max-video-preview":"max-video-preview:-1"},"canonical":"https:\/\/kibrisdakik.com\/?p=62575","og_locale":"tr_TR","og_type":"article","og_title":"Adalet Bakanl\u0131\u011f\u0131 300 personel alacak -","og_description":"Adalet Bakanl\u0131\u011f\u0131 yeni bir personel ilan\u0131 yay\u0131nlad\u0131. Buna g\u00f6re 35 ya\u015f\u0131n\u0131 a\u015fmam\u0131\u015f 300 ki\u015fi i\u00e7in ilana \u00e7\u0131k\u0131ld\u0131. S\u00f6z konusu ilanda adaylarda aranan \u015fartlara da yer verildi. Resmi Gazete&#8217;de yer alan ilana g\u00f6re, al\u0131m i\u00e7in yaz\u0131l\u0131 s\u0131nav 7 Aral\u0131k&#8217;ta \u00d6SYM&#8217;nin Ankara&#8217;daki 2 ayr\u0131 s\u0131nav merkezinde yap\u0131lacak, s\u0131nav s\u00fcresi 105 dakika olacak. \u0130\u015eTE ADAYLARDA ARANAN \u015eARTLAR Adaylarda,","og_url":"https:\/\/kibrisdakik.com\/?p=62575","article_published_time":"2024-09-16T13:18:06+00:00","og_image":[{"width":1203,"height":675,"url":"https:\/\/kibrisdakik.com\/wp-content\/uploads\/2024\/09\/adalet-bakanligi-300-personel-alacak-17826817_8199_amp.jpg","type":"image\/jpeg"}],"author":"admin","twitter_card":"summary_large_image","twitter_misc":{"Yazan:":"admin","Tahmini okuma s\u00fcresi":"1 dakika"},"schema":{"@context":"https:\/\/schema.org","@graph":[{"@type":"Article","@id":"https:\/\/kibrisdakik.com\/?p=62575#article","isPartOf":{"@id":"https:\/\/kibrisdakik.com\/?p=62575"},"author":{"name":"admin","@id":"https:\/\/kibrisdakik.com\/#\/schema\/person\/9cd9d437bbb44f72b73ba127e06d8e79"},"headline":"Adalet Bakanl\u0131\u011f\u0131 300 personel alacak","datePublished":"2024-09-16T13:18:06+00:00","mainEntityOfPage":{"@id":"https:\/\/kibrisdakik.com\/?p=62575"},"wordCount":180,"commentCount":0,"image":{"@id":"https:\/\/kibrisdakik.com\/?p=62575#primaryimage"},"thumbnailUrl":"https:\/\/kibrisdakik.com\/wp-content\/uploads\/2024\/09\/adalet-bakanligi-300-personel-alacak-17826817_8199_amp.jpg","articleSection":["Magazin"],"inLanguage":"tr","potentialAction":[{"@type":"CommentAction","name":"Comment","target":["https:\/\/kibrisdakik.com\/?p=62575#respond"]}]},{"@type":"WebPage","@id":"https:\/\/kibrisdakik.com\/?p=62575","url":"https:\/\/kibrisdakik.com\/?p=62575","name":"Adalet Bakanl\u0131\u011f\u0131 300 personel alacak -","isPartOf":{"@id":"https:\/\/kibrisdakik.com\/#website"},"primaryImageOfPage":{"@id":"https:\/\/kibrisdakik.com\/?p=62575#primaryimage"},"image":{"@id":"https:\/\/kibrisdakik.com\/?p=62575#primaryimage"},"thumbnailUrl":"https:\/\/kibrisdakik.com\/wp-content\/uploads\/2024\/09\/adalet-bakanligi-300-personel-alacak-17826817_8199_amp.jpg","datePublished":"2024-09-16T13:18:06+00:00","author":{"@id":"https:\/\/kibrisdakik.com\/#\/schema\/person\/9cd9d437bbb44f72b73ba127e06d8e79"},"breadcrumb":{"@id":"https:\/\/kibrisdakik.com\/?p=62575#breadcrumb"},"inLanguage":"tr","potentialAction":[{"@type":"ReadAction","target":["https:\/\/kibrisdakik.com\/?p=62575"]}]},{"@type":"ImageObject","inLanguage":"tr","@id":"https:\/\/kibrisdakik.com\/?p=62575#primaryimage","url":"https:\/\/kibrisdakik.com\/wp-content\/uploads\/2024\/09\/adalet-bakanligi-300-personel-alacak-17826817_8199_amp.jpg","contentUrl":"https:\/\/kibrisdakik.com\/wp-content\/uploads\/2024\/09\/adalet-bakanligi-300-personel-alacak-17826817_8199_amp.jpg","width":1203,"height":675},{"@type":"BreadcrumbList","@id":"https:\/\/kibrisdakik.com\/?p=62575#breadcrumb","itemListElement":[{"@type":"ListItem","position":1,"name":"Home","item":"https:\/\/kibrisdakik.com\/"},{"@type":"ListItem","position":2,"name":"Adalet Bakanl\u0131\u011f\u0131 300 personel alacak"}]},{"@type":"WebSite","@id":"https:\/\/kibrisdakik.com\/#website","url":"https:\/\/kibrisdakik.com\/","name":"","description":"Tam vaktinde haber","potentialAction":[{"@type":"SearchAction","target":{"@type":"EntryPoint","urlTemplate":"https:\/\/kibrisdakik.com\/?s={search_term_string}"},"query-input":{"@type":"PropertyValueSpecification","valueRequired":true,"valueName":"search_term_string"}}],"inLanguage":"tr"},{"@type":"Person","@id":"https:\/\/kibrisdakik.com\/#\/schema\/person\/9cd9d437bbb44f72b73ba127e06d8e79","name":"admin","image":{"@type":"ImageObject","inLanguage":"tr","@id":"https:\/\/secure.gravatar.com\/avatar\/ccc17943b9d660506c869530f897617f7cb1c21a4bf30023f252596d83e1f007?s=96&d=mm&r=g","url":"https:\/\/secure.gravatar.com\/avatar\/ccc17943b9d660506c869530f897617f7cb1c21a4bf30023f252596d83e1f007?s=96&d=mm&r=g","contentUrl":"https:\/\/secure.gravatar.com\/avatar\/ccc17943b9d660506c869530f897617f7cb1c21a4bf30023f252596d83e1f007?s=96&d=mm&r=g","caption":"admin"},"sameAs":["https:\/\/kibrisdakik.com"],"url":"https:\/\/kibrisdakik.com\/?author=1"}]}},"_links":{"self":[{"href":"https:\/\/kibrisdakik.com\/index.php?rest_route=\/wp\/v2\/posts\/62575","targetHints":{"allow":["GET"]}}],"collection":[{"href":"https:\/\/kibrisdakik.com\/index.php?rest_route=\/wp\/v2\/posts"}],"about":[{"href":"https:\/\/kibrisdakik.com\/index.php?rest_route=\/wp\/v2\/types\/post"}],"author":[{"embeddable":true,"href":"https:\/\/kibrisdakik.com\/index.php?rest_route=\/wp\/v2\/users\/1"}],"replies":[{"embeddable":true,"href":"https:\/\/kibrisdakik.com\/index.php?rest_route=%2Fwp%2Fv2%2Fcomments&post=62575"}],"version-history":[{"count":0,"href":"https:\/\/kibrisdakik.com\/index.php?rest_route=\/wp\/v2\/posts\/62575\/revisions"}],"wp:featuredmedia":[{"embeddable":true,"href":"https:\/\/kibrisdakik.com\/index.php?rest_route=\/wp\/v2\/media\/62576"}],"wp:attachment":[{"href":"https:\/\/kibrisdakik.com\/index.php?rest_route=%2Fwp%2Fv2%2Fmedia&parent=62575"}],"wp:term":[{"taxonomy":"category","embeddable":true,"href":"https:\/\/kibrisdakik.com\/index.php?rest_route=%2Fwp%2Fv2%2Fcategories&post=62575"},{"taxonomy":"post_tag","embeddable":true,"href":"https:\/\/kibrisdakik.com\/index.php?rest_route=%2Fwp%2Fv2%2Ftags&post=62575"}],"curies":[{"name":"wp","href":"https:\/\/api.w.org\/{rel}","templated":true}]}}