{"id":62613,"date":"2024-09-16T17:13:37","date_gmt":"2024-09-16T14:13:37","guid":{"rendered":"https:\/\/kibrisdakik.com\/index.php\/2024\/09\/16\/narinin-ardindan-diyarbakirda-bir-olay-daha-lise-ogrencisinden-gunlerdir-haber-alinamiyor\/"},"modified":"2024-09-16T17:13:37","modified_gmt":"2024-09-16T14:13:37","slug":"narinin-ardindan-diyarbakirda-bir-olay-daha-lise-ogrencisinden-gunlerdir-haber-alinamiyor","status":"publish","type":"post","link":"https:\/\/kibrisdakik.com\/?p=62613","title":{"rendered":"Narin&#8217;in ard\u0131ndan Diyarbak\u0131r&#8217;da bir olay daha! Lise \u00f6\u011frencisinden g\u00fcnlerdir haber al\u0131nam\u0131yor"},"content":{"rendered":"<p><\/p>\n<div id=\"\">\n<p> <a class=\"keyword\" href=\"https:\/\/www.haberler.com\/diyarbakir\/\" title=\"Diyarbak\u0131r Haberleri, Diyarbak\u0131r Haberi, Diyarbak\u0131r Haber\"><strong>Diyarbak\u0131r<\/strong><\/a>&#8216;\u0131n Ba\u011flar il\u00e7esinde, &#8220;Arkada\u015flar\u0131mla parkta oturaca\u011f\u0131m&#8221; diyerek evden \u00e7\u0131kan 17 ya\u015f\u0131ndaki Beyza Y\u0131ld\u0131r\u0131m&#8217;dan iki g\u00fcnd\u00fcr  <a class=\"keyword\" href=\"https:\/\/www.haberler.com\/\" title=\"Haber, Haberler\"><strong>haber<\/strong><\/a> al\u0131nam\u0131yor. Ailesi, durumu polise bildirdi.<\/p>\n<h3>2 G\u00dcN \u00d6NCE \u00c7IKTI\u011eI EVE GER\u0130 D\u00d6NMED\u0130<\/h3>\n<p>Olay, merkez Ba\u011flar il\u00e7esindeki Ba\u011fc\u0131lar Mahallesi&#8217;nde 14 Eyl\u00fcl g\u00fcn\u00fc meydana geldi. 17 ya\u015f\u0131ndaki lise \u00f6\u011frencisi Beyza Y\u0131ld\u0131r\u0131m, ak\u015fam saat 17.30 s\u0131ralar\u0131nda, annesi Gurbet Kaplan&#8217;a &#8220;\u00c7ok s\u0131k\u0131ld\u0131m arkada\u015flar\u0131mla parkta oturaca\u011f\u0131m&#8217; diyerek evden ayr\u0131ld\u0131.<\/p>\n<h3>A\u0130LES\u0130 KAYIP \u0130HBARINDA BULUNDU<\/h3>\n<p>Beyza&#8217;n\u0131n eve d\u00f6nmemesi \u00fczerine ailesi telefonla arad\u0131klar\u0131 k\u0131zlar\u0131na ula\u015famad\u0131. Y\u0131ld\u0131r\u0131m ailesi bunun \u00fczerine durumu polise bildirerek, k\u0131zlar\u0131n\u0131n kay\u0131p oldu\u011fu ihbar\u0131nda bulundu. Polis ekiplerinin Beyza&#8217;n\u0131n bulunmas\u0131 i\u00e7in ba\u015flatt\u0131\u011f\u0131 \u00e7al\u0131\u015fma s\u00fcr\u00fcyor.<\/p>\n<figure class=\"type:primaryimage hbhOrder\" style=\"margin-bottom: 20px;\"><img loading=\"lazy\" decoding=\"async\" width=\"1202\" height=\"675\" class=\"hbptMainImage\" id=\"HaberImage\" src=\"https:\/\/foto.haberler.com\/resize\/601x337\/haber\/2024\/09\/16\/diyarbakir-da-lise-ogrencisi-beyza-yildirim-kayip-17827104_4985_amp.jpg\"\/><\/figure>\n<h4 id=\"nwsKeywords\"> <a href=\"https:\/\/www.haberler.com\/beyza-yildirim\/\" title=\"Beyza Y\u0131ld\u0131r\u0131m\" class=\"hbptTag\">Beyza Y\u0131ld\u0131r\u0131m<\/a>  <a href=\"https:\/\/www.haberler.com\/diyarbakir\/\" title=\"Diyarbak\u0131r\" class=\"hbptTag\">Diyarbak\u0131r<\/a>  <a href=\"https:\/\/www.haberler.com\/3-sayfa\/\" title=\"3-sayfa\" class=\"hbptTag\">3-sayfa<\/a>  <a href=\"https:\/\/www.haberler.com\/guncel\/\" title=\"G\u00fcncel\" class=\"hbptTag\">G\u00fcncel<\/a>  <a href=\"https:\/\/www.haberler.com\/baglar\/\" title=\"Ba\u011flar\" class=\"hbptTag\">Ba\u011flar<\/a>  <a href=\"https:\/\/www.haberler.com\/yasam\/\" title=\"Ya\u015fam\" class=\"hbptTag\">Ya\u015fam<\/a>  <a href=\"https:\/\/www.haberler.com\/polis\/\" title=\"Polis\" class=\"hbptTag\">Polis<\/a> <\/h4>\n<\/div>\n","protected":false},"excerpt":{"rendered":"<p>Diyarbak\u0131r&#8216;\u0131n Ba\u011flar il\u00e7esinde, &#8220;Arkada\u015flar\u0131mla parkta oturaca\u011f\u0131m&#8221; diyerek evden \u00e7\u0131kan 17 ya\u015f\u0131ndaki Beyza Y\u0131ld\u0131r\u0131m&#8217;dan iki g\u00fcnd\u00fcr haber al\u0131nam\u0131yor. Ailesi, durumu polise bildirdi. 2 G\u00dcN \u00d6NCE \u00c7IKTI\u011eI EVE GER\u0130 D\u00d6NMED\u0130 Olay, merkez Ba\u011flar il\u00e7esindeki Ba\u011fc\u0131lar Mahallesi&#8217;nde 14 Eyl\u00fcl g\u00fcn\u00fc meydana geldi. 17 ya\u015f\u0131ndaki lise \u00f6\u011frencisi Beyza Y\u0131ld\u0131r\u0131m, ak\u015fam saat 17.30 s\u0131ralar\u0131nda, annesi Gurbet Kaplan&#8217;a &#8220;\u00c7ok s\u0131k\u0131ld\u0131m arkada\u015flar\u0131mla<\/p>\n","protected":false},"author":1,"featured_media":62614,"comment_status":"open","ping_status":"open","sticky":false,"template":"","format":"standard","meta":{"footnotes":""},"categories":[83],"tags":[],"class_list":["post-62613","post","type-post","status-publish","format-standard","has-post-thumbnail","hentry","category-magazin"],"yoast_head":"<!-- This site is optimized with the Yoast SEO plugin v27.4 - https:\/\/yoast.com\/product\/yoast-seo-wordpress\/ -->\n<title>Narin&#039;in ard\u0131ndan Diyarbak\u0131r&#039;da bir olay daha! Lise \u00f6\u011frencisinden g\u00fcnlerdir haber al\u0131nam\u0131yor -<\/title>\n<meta name=\"robots\" content=\"index, follow, max-snippet:-1, max-image-preview:large, max-video-preview:-1\" \/>\n<link rel=\"canonical\" href=\"https:\/\/kibrisdakik.com\/?p=62613\" \/>\n<meta property=\"og:locale\" content=\"tr_TR\" \/>\n<meta property=\"og:type\" content=\"article\" \/>\n<meta property=\"og:title\" content=\"Narin&#039;in ard\u0131ndan Diyarbak\u0131r&#039;da bir olay daha! Lise \u00f6\u011frencisinden g\u00fcnlerdir haber al\u0131nam\u0131yor -\" \/>\n<meta property=\"og:description\" content=\"Diyarbak\u0131r&#8216;\u0131n Ba\u011flar il\u00e7esinde, &#8220;Arkada\u015flar\u0131mla parkta oturaca\u011f\u0131m&#8221; diyerek evden \u00e7\u0131kan 17 ya\u015f\u0131ndaki Beyza Y\u0131ld\u0131r\u0131m&#8217;dan iki g\u00fcnd\u00fcr haber al\u0131nam\u0131yor. Ailesi, durumu polise bildirdi. 2 G\u00dcN \u00d6NCE \u00c7IKTI\u011eI EVE GER\u0130 D\u00d6NMED\u0130 Olay, merkez Ba\u011flar il\u00e7esindeki Ba\u011fc\u0131lar Mahallesi&#8217;nde 14 Eyl\u00fcl g\u00fcn\u00fc meydana geldi. 17 ya\u015f\u0131ndaki lise \u00f6\u011frencisi Beyza Y\u0131ld\u0131r\u0131m, ak\u015fam saat 17.30 s\u0131ralar\u0131nda, annesi Gurbet Kaplan&#8217;a &#8220;\u00c7ok s\u0131k\u0131ld\u0131m arkada\u015flar\u0131mla\" \/>\n<meta property=\"og:url\" content=\"https:\/\/kibrisdakik.com\/?p=62613\" \/>\n<meta property=\"article:published_time\" content=\"2024-09-16T14:13:37+00:00\" \/>\n<meta property=\"og:image\" content=\"https:\/\/kibrisdakik.com\/wp-content\/uploads\/2024\/09\/diyarbakir-da-lise-ogrencisi-beyza-yildirim-kayip-17827104_4985_amp.jpg\" \/>\n\t<meta property=\"og:image:width\" content=\"601\" \/>\n\t<meta property=\"og:image:height\" content=\"337\" \/>\n\t<meta property=\"og:image:type\" content=\"image\/jpeg\" \/>\n<meta name=\"author\" content=\"admin\" \/>\n<meta name=\"twitter:card\" content=\"summary_large_image\" \/>\n<meta name=\"twitter:label1\" content=\"Yazan:\" \/>\n\t<meta name=\"twitter:data1\" content=\"admin\" \/>\n\t<meta name=\"twitter:label2\" content=\"Tahmini okuma s\u00fcresi\" \/>\n\t<meta name=\"twitter:data2\" content=\"1 dakika\" \/>\n<script type=\"application\/ld+json\" class=\"yoast-schema-graph\">{\"@context\":\"https:\\\/\\\/schema.org\",\"@graph\":[{\"@type\":\"Article\",\"@id\":\"https:\\\/\\\/kibrisdakik.com\\\/?p=62613#article\",\"isPartOf\":{\"@id\":\"https:\\\/\\\/kibrisdakik.com\\\/?p=62613\"},\"author\":{\"name\":\"admin\",\"@id\":\"https:\\\/\\\/kibrisdakik.com\\\/#\\\/schema\\\/person\\\/9cd9d437bbb44f72b73ba127e06d8e79\"},\"headline\":\"Narin&#8217;in ard\u0131ndan Diyarbak\u0131r&#8217;da bir olay daha! Lise \u00f6\u011frencisinden g\u00fcnlerdir haber al\u0131nam\u0131yor\",\"datePublished\":\"2024-09-16T14:13:37+00:00\",\"mainEntityOfPage\":{\"@id\":\"https:\\\/\\\/kibrisdakik.com\\\/?p=62613\"},\"wordCount\":180,\"commentCount\":0,\"image\":{\"@id\":\"https:\\\/\\\/kibrisdakik.com\\\/?p=62613#primaryimage\"},\"thumbnailUrl\":\"https:\\\/\\\/kibrisdakik.com\\\/wp-content\\\/uploads\\\/2024\\\/09\\\/diyarbakir-da-lise-ogrencisi-beyza-yildirim-kayip-17827104_4985_amp.jpg\",\"articleSection\":[\"Magazin\"],\"inLanguage\":\"tr\",\"potentialAction\":[{\"@type\":\"CommentAction\",\"name\":\"Comment\",\"target\":[\"https:\\\/\\\/kibrisdakik.com\\\/?p=62613#respond\"]}]},{\"@type\":\"WebPage\",\"@id\":\"https:\\\/\\\/kibrisdakik.com\\\/?p=62613\",\"url\":\"https:\\\/\\\/kibrisdakik.com\\\/?p=62613\",\"name\":\"Narin'in ard\u0131ndan Diyarbak\u0131r'da bir olay daha! Lise \u00f6\u011frencisinden g\u00fcnlerdir haber al\u0131nam\u0131yor -\",\"isPartOf\":{\"@id\":\"https:\\\/\\\/kibrisdakik.com\\\/#website\"},\"primaryImageOfPage\":{\"@id\":\"https:\\\/\\\/kibrisdakik.com\\\/?p=62613#primaryimage\"},\"image\":{\"@id\":\"https:\\\/\\\/kibrisdakik.com\\\/?p=62613#primaryimage\"},\"thumbnailUrl\":\"https:\\\/\\\/kibrisdakik.com\\\/wp-content\\\/uploads\\\/2024\\\/09\\\/diyarbakir-da-lise-ogrencisi-beyza-yildirim-kayip-17827104_4985_amp.jpg\",\"datePublished\":\"2024-09-16T14:13:37+00:00\",\"author\":{\"@id\":\"https:\\\/\\\/kibrisdakik.com\\\/#\\\/schema\\\/person\\\/9cd9d437bbb44f72b73ba127e06d8e79\"},\"breadcrumb\":{\"@id\":\"https:\\\/\\\/kibrisdakik.com\\\/?p=62613#breadcrumb\"},\"inLanguage\":\"tr\",\"potentialAction\":[{\"@type\":\"ReadAction\",\"target\":[\"https:\\\/\\\/kibrisdakik.com\\\/?p=62613\"]}]},{\"@type\":\"ImageObject\",\"inLanguage\":\"tr\",\"@id\":\"https:\\\/\\\/kibrisdakik.com\\\/?p=62613#primaryimage\",\"url\":\"https:\\\/\\\/kibrisdakik.com\\\/wp-content\\\/uploads\\\/2024\\\/09\\\/diyarbakir-da-lise-ogrencisi-beyza-yildirim-kayip-17827104_4985_amp.jpg\",\"contentUrl\":\"https:\\\/\\\/kibrisdakik.com\\\/wp-content\\\/uploads\\\/2024\\\/09\\\/diyarbakir-da-lise-ogrencisi-beyza-yildirim-kayip-17827104_4985_amp.jpg\",\"width\":601,\"height\":337},{\"@type\":\"BreadcrumbList\",\"@id\":\"https:\\\/\\\/kibrisdakik.com\\\/?p=62613#breadcrumb\",\"itemListElement\":[{\"@type\":\"ListItem\",\"position\":1,\"name\":\"Home\",\"item\":\"https:\\\/\\\/kibrisdakik.com\\\/\"},{\"@type\":\"ListItem\",\"position\":2,\"name\":\"Narin&#8217;in ard\u0131ndan Diyarbak\u0131r&#8217;da bir olay daha! Lise \u00f6\u011frencisinden g\u00fcnlerdir haber al\u0131nam\u0131yor\"}]},{\"@type\":\"WebSite\",\"@id\":\"https:\\\/\\\/kibrisdakik.com\\\/#website\",\"url\":\"https:\\\/\\\/kibrisdakik.com\\\/\",\"name\":\"\",\"description\":\"Tam vaktinde haber\",\"potentialAction\":[{\"@type\":\"SearchAction\",\"target\":{\"@type\":\"EntryPoint\",\"urlTemplate\":\"https:\\\/\\\/kibrisdakik.com\\\/?s={search_term_string}\"},\"query-input\":{\"@type\":\"PropertyValueSpecification\",\"valueRequired\":true,\"valueName\":\"search_term_string\"}}],\"inLanguage\":\"tr\"},{\"@type\":\"Person\",\"@id\":\"https:\\\/\\\/kibrisdakik.com\\\/#\\\/schema\\\/person\\\/9cd9d437bbb44f72b73ba127e06d8e79\",\"name\":\"admin\",\"image\":{\"@type\":\"ImageObject\",\"inLanguage\":\"tr\",\"@id\":\"https:\\\/\\\/secure.gravatar.com\\\/avatar\\\/ccc17943b9d660506c869530f897617f7cb1c21a4bf30023f252596d83e1f007?s=96&d=mm&r=g\",\"url\":\"https:\\\/\\\/secure.gravatar.com\\\/avatar\\\/ccc17943b9d660506c869530f897617f7cb1c21a4bf30023f252596d83e1f007?s=96&d=mm&r=g\",\"contentUrl\":\"https:\\\/\\\/secure.gravatar.com\\\/avatar\\\/ccc17943b9d660506c869530f897617f7cb1c21a4bf30023f252596d83e1f007?s=96&d=mm&r=g\",\"caption\":\"admin\"},\"sameAs\":[\"https:\\\/\\\/kibrisdakik.com\"],\"url\":\"https:\\\/\\\/kibrisdakik.com\\\/?author=1\"}]}<\/script>\n<!-- \/ Yoast SEO plugin. -->","yoast_head_json":{"title":"Narin'in ard\u0131ndan Diyarbak\u0131r'da bir olay daha! Lise \u00f6\u011frencisinden g\u00fcnlerdir haber al\u0131nam\u0131yor -","robots":{"index":"index","follow":"follow","max-snippet":"max-snippet:-1","max-image-preview":"max-image-preview:large","max-video-preview":"max-video-preview:-1"},"canonical":"https:\/\/kibrisdakik.com\/?p=62613","og_locale":"tr_TR","og_type":"article","og_title":"Narin'in ard\u0131ndan Diyarbak\u0131r'da bir olay daha! Lise \u00f6\u011frencisinden g\u00fcnlerdir haber al\u0131nam\u0131yor -","og_description":"Diyarbak\u0131r&#8216;\u0131n Ba\u011flar il\u00e7esinde, &#8220;Arkada\u015flar\u0131mla parkta oturaca\u011f\u0131m&#8221; diyerek evden \u00e7\u0131kan 17 ya\u015f\u0131ndaki Beyza Y\u0131ld\u0131r\u0131m&#8217;dan iki g\u00fcnd\u00fcr haber al\u0131nam\u0131yor. Ailesi, durumu polise bildirdi. 2 G\u00dcN \u00d6NCE \u00c7IKTI\u011eI EVE GER\u0130 D\u00d6NMED\u0130 Olay, merkez Ba\u011flar il\u00e7esindeki Ba\u011fc\u0131lar Mahallesi&#8217;nde 14 Eyl\u00fcl g\u00fcn\u00fc meydana geldi. 17 ya\u015f\u0131ndaki lise \u00f6\u011frencisi Beyza Y\u0131ld\u0131r\u0131m, ak\u015fam saat 17.30 s\u0131ralar\u0131nda, annesi Gurbet Kaplan&#8217;a &#8220;\u00c7ok s\u0131k\u0131ld\u0131m arkada\u015flar\u0131mla","og_url":"https:\/\/kibrisdakik.com\/?p=62613","article_published_time":"2024-09-16T14:13:37+00:00","og_image":[{"width":601,"height":337,"url":"https:\/\/kibrisdakik.com\/wp-content\/uploads\/2024\/09\/diyarbakir-da-lise-ogrencisi-beyza-yildirim-kayip-17827104_4985_amp.jpg","type":"image\/jpeg"}],"author":"admin","twitter_card":"summary_large_image","twitter_misc":{"Yazan:":"admin","Tahmini okuma s\u00fcresi":"1 dakika"},"schema":{"@context":"https:\/\/schema.org","@graph":[{"@type":"Article","@id":"https:\/\/kibrisdakik.com\/?p=62613#article","isPartOf":{"@id":"https:\/\/kibrisdakik.com\/?p=62613"},"author":{"name":"admin","@id":"https:\/\/kibrisdakik.com\/#\/schema\/person\/9cd9d437bbb44f72b73ba127e06d8e79"},"headline":"Narin&#8217;in ard\u0131ndan Diyarbak\u0131r&#8217;da bir olay daha! Lise \u00f6\u011frencisinden g\u00fcnlerdir haber al\u0131nam\u0131yor","datePublished":"2024-09-16T14:13:37+00:00","mainEntityOfPage":{"@id":"https:\/\/kibrisdakik.com\/?p=62613"},"wordCount":180,"commentCount":0,"image":{"@id":"https:\/\/kibrisdakik.com\/?p=62613#primaryimage"},"thumbnailUrl":"https:\/\/kibrisdakik.com\/wp-content\/uploads\/2024\/09\/diyarbakir-da-lise-ogrencisi-beyza-yildirim-kayip-17827104_4985_amp.jpg","articleSection":["Magazin"],"inLanguage":"tr","potentialAction":[{"@type":"CommentAction","name":"Comment","target":["https:\/\/kibrisdakik.com\/?p=62613#respond"]}]},{"@type":"WebPage","@id":"https:\/\/kibrisdakik.com\/?p=62613","url":"https:\/\/kibrisdakik.com\/?p=62613","name":"Narin'in ard\u0131ndan Diyarbak\u0131r'da bir olay daha! Lise \u00f6\u011frencisinden g\u00fcnlerdir haber al\u0131nam\u0131yor -","isPartOf":{"@id":"https:\/\/kibrisdakik.com\/#website"},"primaryImageOfPage":{"@id":"https:\/\/kibrisdakik.com\/?p=62613#primaryimage"},"image":{"@id":"https:\/\/kibrisdakik.com\/?p=62613#primaryimage"},"thumbnailUrl":"https:\/\/kibrisdakik.com\/wp-content\/uploads\/2024\/09\/diyarbakir-da-lise-ogrencisi-beyza-yildirim-kayip-17827104_4985_amp.jpg","datePublished":"2024-09-16T14:13:37+00:00","author":{"@id":"https:\/\/kibrisdakik.com\/#\/schema\/person\/9cd9d437bbb44f72b73ba127e06d8e79"},"breadcrumb":{"@id":"https:\/\/kibrisdakik.com\/?p=62613#breadcrumb"},"inLanguage":"tr","potentialAction":[{"@type":"ReadAction","target":["https:\/\/kibrisdakik.com\/?p=62613"]}]},{"@type":"ImageObject","inLanguage":"tr","@id":"https:\/\/kibrisdakik.com\/?p=62613#primaryimage","url":"https:\/\/kibrisdakik.com\/wp-content\/uploads\/2024\/09\/diyarbakir-da-lise-ogrencisi-beyza-yildirim-kayip-17827104_4985_amp.jpg","contentUrl":"https:\/\/kibrisdakik.com\/wp-content\/uploads\/2024\/09\/diyarbakir-da-lise-ogrencisi-beyza-yildirim-kayip-17827104_4985_amp.jpg","width":601,"height":337},{"@type":"BreadcrumbList","@id":"https:\/\/kibrisdakik.com\/?p=62613#breadcrumb","itemListElement":[{"@type":"ListItem","position":1,"name":"Home","item":"https:\/\/kibrisdakik.com\/"},{"@type":"ListItem","position":2,"name":"Narin&#8217;in ard\u0131ndan Diyarbak\u0131r&#8217;da bir olay daha! Lise \u00f6\u011frencisinden g\u00fcnlerdir haber al\u0131nam\u0131yor"}]},{"@type":"WebSite","@id":"https:\/\/kibrisdakik.com\/#website","url":"https:\/\/kibrisdakik.com\/","name":"","description":"Tam vaktinde haber","potentialAction":[{"@type":"SearchAction","target":{"@type":"EntryPoint","urlTemplate":"https:\/\/kibrisdakik.com\/?s={search_term_string}"},"query-input":{"@type":"PropertyValueSpecification","valueRequired":true,"valueName":"search_term_string"}}],"inLanguage":"tr"},{"@type":"Person","@id":"https:\/\/kibrisdakik.com\/#\/schema\/person\/9cd9d437bbb44f72b73ba127e06d8e79","name":"admin","image":{"@type":"ImageObject","inLanguage":"tr","@id":"https:\/\/secure.gravatar.com\/avatar\/ccc17943b9d660506c869530f897617f7cb1c21a4bf30023f252596d83e1f007?s=96&d=mm&r=g","url":"https:\/\/secure.gravatar.com\/avatar\/ccc17943b9d660506c869530f897617f7cb1c21a4bf30023f252596d83e1f007?s=96&d=mm&r=g","contentUrl":"https:\/\/secure.gravatar.com\/avatar\/ccc17943b9d660506c869530f897617f7cb1c21a4bf30023f252596d83e1f007?s=96&d=mm&r=g","caption":"admin"},"sameAs":["https:\/\/kibrisdakik.com"],"url":"https:\/\/kibrisdakik.com\/?author=1"}]}},"_links":{"self":[{"href":"https:\/\/kibrisdakik.com\/index.php?rest_route=\/wp\/v2\/posts\/62613","targetHints":{"allow":["GET"]}}],"collection":[{"href":"https:\/\/kibrisdakik.com\/index.php?rest_route=\/wp\/v2\/posts"}],"about":[{"href":"https:\/\/kibrisdakik.com\/index.php?rest_route=\/wp\/v2\/types\/post"}],"author":[{"embeddable":true,"href":"https:\/\/kibrisdakik.com\/index.php?rest_route=\/wp\/v2\/users\/1"}],"replies":[{"embeddable":true,"href":"https:\/\/kibrisdakik.com\/index.php?rest_route=%2Fwp%2Fv2%2Fcomments&post=62613"}],"version-history":[{"count":0,"href":"https:\/\/kibrisdakik.com\/index.php?rest_route=\/wp\/v2\/posts\/62613\/revisions"}],"wp:featuredmedia":[{"embeddable":true,"href":"https:\/\/kibrisdakik.com\/index.php?rest_route=\/wp\/v2\/media\/62614"}],"wp:attachment":[{"href":"https:\/\/kibrisdakik.com\/index.php?rest_route=%2Fwp%2Fv2%2Fmedia&parent=62613"}],"wp:term":[{"taxonomy":"category","embeddable":true,"href":"https:\/\/kibrisdakik.com\/index.php?rest_route=%2Fwp%2Fv2%2Fcategories&post=62613"},{"taxonomy":"post_tag","embeddable":true,"href":"https:\/\/kibrisdakik.com\/index.php?rest_route=%2Fwp%2Fv2%2Ftags&post=62613"}],"curies":[{"name":"wp","href":"https:\/\/api.w.org\/{rel}","templated":true}]}}