{"id":62640,"date":"2024-09-16T20:24:46","date_gmt":"2024-09-16T17:24:46","guid":{"rendered":"https:\/\/kibrisdakik.com\/index.php\/2024\/09\/16\/cavusoglu-okullarin-acilmasinin-ertelenmesini-degerlendirdihukumet-olarak-ogretmen-eksikliklerinden-kaynaklanabilecek-guvenlik-sorunlarini-dikkate-aldik\/"},"modified":"2024-09-16T20:24:46","modified_gmt":"2024-09-16T17:24:46","slug":"cavusoglu-okullarin-acilmasinin-ertelenmesini-degerlendirdihukumet-olarak-ogretmen-eksikliklerinden-kaynaklanabilecek-guvenlik-sorunlarini-dikkate-aldik","status":"publish","type":"post","link":"https:\/\/kibrisdakik.com\/?p=62640","title":{"rendered":"\u00c7avu\u015fo\u011flu, okullar\u0131n a\u00e7\u0131lmas\u0131n\u0131n ertelenmesini de\u011ferlendirdi:\u2019H\u00fck\u00fcmet olarak \u00f6\u011fretmen eksikliklerinden kaynaklanabilecek g\u00fcvenlik sorunlar\u0131n\u0131 dikkate ald\u0131k\u2019"},"content":{"rendered":"<div>\n<div class=\"mariselle-image-container center\">\n                                            <\/div>\n<p>Milli E\u011fitim Bakan\u0131 Naz\u0131m \u00c7avu\u015fo\u011flu, bir televizyon kanal\u0131na ba\u011flanarak, okullar\u0131n a\u00e7\u0131lmas\u0131n\u0131n ertelenmesi karar\u0131na ili\u015fkin a\u00e7\u0131klamalarda bulundu.<\/p>\n<p>\u00d6\u011fretmen eksikli\u011fi nedeniyle okullarda ya\u015fanabilecek olas\u0131 g\u00fcvenlik sorunlar\u0131n\u0131 g\u00f6z \u00f6n\u00fcnde bulundurarak bir haftal\u0131k erteleme karar\u0131 al\u0131nd\u0131\u011f\u0131n\u0131 belirten \u00c7avu\u015fo\u011flu, \u00f6\u011fretmen atamalar\u0131yla ilgili t\u00fcm haz\u0131rl\u0131klar tamamland\u0131\u011f\u0131nda okullar\u0131 a\u00e7maya haz\u0131r olduklar\u0131na vurgu yapt\u0131.<\/p>\n<p><strong>\u201cTARiHiN EN Y\u00dcKSEK SAY<\/strong><strong>IDA TAM\u0130R, BAKIM, ONARIM VE G\u00dc\u00c7LEND\u0130RME M\u00dcCADELES\u0130 VER\u0130L\u0130YOR\u201d<\/strong><\/p>\n<p>6 \u015eubat depreminin ard\u0131ndan okullar\u0131n g\u00fc\u00e7lendirilmesi i\u00e7in ciddi bir m\u00fccadele verdiklerinin alt\u0131n\u0131 \u00e7izen \u00c7avu\u015fo\u011flu, \u201cTarihin en y\u00fcksek say\u0131da tamir, bak\u0131m, onar\u0131m ve g\u00fc\u00e7lendirme m\u00fccadelesi veriliyor.\u201d dedi.<\/p>\n<p>\u00c7avu\u015fo\u011flu, 91 okula ciddi bir tamir ve bak\u0131m yap\u0131ld\u0131\u011f\u0131n\u0131, 28 okula ise g\u00fc\u00e7lendirme \u00e7al\u0131\u015fmalar\u0131 uyguland\u0131\u011f\u0131n\u0131 ve bunlardan 22\u2019sinin tamamland\u0131\u011f\u0131n\u0131 belirtti. Ayr\u0131ca, 6 okulda g\u00fc\u00e7lendirme \u00e7al\u0131\u015fmalar\u0131n\u0131n devam etti\u011fini, Nam\u0131k Kemal Lisesi ve Cumhuriyet Lisesi gibi baz\u0131 okullar\u0131 bo\u015faltarak, di\u011fer okullarda prefabrik s\u0131n\u0131flarla e\u011fitime devam ettiklerini s\u00f6yledi.<\/p>\n<p>Yap\u0131lan okullar\u0131n g\u00f6zden ka\u00e7\u0131r\u0131lmamas\u0131 gerekti\u011fini ifade eden \u00c7avu\u015fo\u011flu, 20 okulu yeniden in\u015fa ettiklerini ve gelecek y\u0131l bu say\u0131n\u0131n 24\u2019 tamamlanaca\u011f\u0131n\u0131 belirtti.<\/p>\n<p><strong>\u201cOKULLAR<\/strong><strong>IN F\u0130Z\u0130K\u0130 YAPILARI YEN\u0130 E\u011e\u0130T\u0130M YILINA HAZIR\u201d<\/strong><\/p>\n<p>Okullar\u0131n fiziki yap\u0131lar\u0131 olarak b\u00fcy\u00fck oranda yeni e\u011fitim y\u0131l\u0131na haz\u0131r olduklar\u0131n\u0131 dile getiren \u00c7avu\u015fo\u011flu, \u201cBug\u00fcn okullar a\u00e7\u0131labilir olsayd\u0131, biz, fiziki bina olarak y\u00fczde 99 oran\u0131nda haz\u0131rd\u0131k. Haz\u0131r olmad\u0131\u011f\u0131m\u0131z bir yerden bahsetmek gerekirse, \u0130skele T\u00fcrk Maarif Koleji\u2019nde bug\u00fcne bitmesi gereken \u00e7al\u0131\u015fmalar 3 \u2013 4 g\u00fcn sarkm\u0131\u015ft\u0131. Onunda \u00e7\u00f6z\u00fcmlerini okul i\u00e7erisinde bulmu\u015ftuk.\u201d diyerek ya\u015fanan gecikmenin resmi s\u00fcre\u00e7lerden dolay\u0131 ya\u015fand\u0131\u011f\u0131n\u0131 s\u00f6yledi.<\/p>\n<p>\u00c7avu\u015fo\u011flu, bitmeyen binalar\u0131n\u0131n ve e\u011fitimin devaml\u0131l\u0131\u011f\u0131 i\u00e7in alternatif yarat\u0131lmayan bir noktalar\u0131n\u0131n olmad\u0131\u011f\u0131n\u0131 da ifade etti.<\/p>\n<p>\u00d6\u011fretmen atamalar\u0131na da de\u011finen \u00c7avu\u015fo\u011flu, ilkokullarda kadrolu atamalar\u0131n ger\u00e7ekle\u015ftirildi\u011fini, ancak Genel Orta \u00d6\u011fretim ve Mesleki Teknik \u00d6\u011fretim Dairesi\u2019ne ba\u011fl\u0131 okullarda g\u00f6rev alacak \u00f6\u011fretmen atamalar\u0131n\u0131n hen\u00fcz tamamlanamad\u0131\u011f\u0131n\u0131 belirtti.<\/p>\n<p>Kamu Hizmeti Komisyonu Ba\u015fkan\u0131 ile yapt\u0131\u011f\u0131 g\u00f6r\u00fc\u015fmede, iade edilmesi gereken yetkilerin hemen verilemeyece\u011finin ve atamalar\u0131n Sal\u0131 veya \u00c7ar\u015famba g\u00fcn\u00fcne kadar sarkabilece\u011finin bilgisini ald\u0131\u011f\u0131n\u0131 kaydeden \u00c7avu\u015fo\u011flu, \u201cAtamalar\u0131n yap\u0131lmas\u0131yla birlikte \u00f6\u011fretmenlerin Sa\u011fl\u0131k Bakanl\u0131\u011f\u0131\u2019ndan sa\u011fl\u0131k raporlar\u0131n\u0131 da almas\u0131 gerekiyor. Ge\u00e7ici \u00f6\u011fretmenlerin atanmas\u0131yla ilgili s\u00fcre\u00e7 ise hen\u00fcz tamamlanmad\u0131.\u201d ifadelerini kulland\u0131.<\/p>\n<p><strong>\u201cH\u00dcK\u00dcMET OLARAK \u00d6<\/strong><strong>\u011eRETMEN EKS\u0130KL\u0130KLER\u0130NDEN KAYNAKLANAB\u0130LECEK G\u00dcVENL\u0130K SORUNLARINI D\u0130KKATE ALDIK\u201d<\/strong><\/p>\n<p>Bu ba\u011flamda, h\u00fck\u00fcmet olarak \u00f6\u011fretmen eksikliklerinden kaynaklanabilecek g\u00fcvenlik sorunlar\u0131n\u0131 dikkate ald\u0131klar\u0131n\u0131 ve de\u011ferlendirdiklerini s\u00f6yleyen \u00c7avu\u015fo\u011flu, bu nedenle okullar\u0131n a\u00e7\u0131l\u0131\u015f\u0131n\u0131n bir hafta ertelenmesine karar verildi\u011fini belirtti.<\/p>\n<p>Gelen soru \u00fczerine, okullar\u0131n a\u00e7\u0131l\u0131\u015f\u0131n\u0131n Ulusal Birlik Partisi Kurultay\u0131 ile ili\u015fkilendirilmesi konusuna da de\u011finen \u00c7avu\u015fo\u011flu, \u201cB\u00f6yle bir karar\u0131n al\u0131nmas\u0131yla birlikte her \u015feyi kurultaya endekslenme tehlikesi tabi ki vard\u0131. Bunu kendi aram\u0131zda da konu\u015ftuk. G\u00fcn\u00fcn sonunda bu \u00f6ng\u00f6r\u00fcm\u00fcz de do\u011fru \u00e7\u0131kt\u0131. Oysa bizim as\u0131l maksad\u0131m\u0131z az \u00f6nce ifade etti\u011fim gerek\u00e7elerdi. Toplum bunu kurultay ile ili\u015fkilendirdi.\u201d diye konu\u015ftu.<\/p>\n<p><strong>\u201cOKULLAR<\/strong><strong>IN A\u00c7ILMASINI \u0130STEMEYEN B\u0130R E\u011e\u0130T\u0130M BAKANI D\u00dc\u015e\u00dcN\u00dcLEMEZ.\u201d<\/strong><\/p>\n<p>Milli E\u011fitim Bakan\u0131 olarak okullar\u0131 a\u00e7ma taraftar\u0131 oldu\u011funu dile getiren \u00c7avu\u015fo\u011flu, s\u00f6zlerine \u015f\u00f6yle devam etti: \u201cOkullar\u0131n a\u00e7\u0131lmas\u0131nda engel olabilecek veya okullar\u0131n a\u00e7\u0131lmas\u0131n\u0131 istemeyen bir e\u011fitim bakan\u0131 d\u00fc\u015f\u00fcn\u00fclemez. Ben a\u00e7\u0131lmas\u0131 gerekti\u011fini tabi ki savunurum. H\u00fck\u00fcmette a\u00e7\u0131lmas\u0131n istedi ancak rakamlar ortaya \u00e7\u0131k\u0131nca ve atanma s\u00fcre\u00e7leri d\u00fc\u015f\u00fcn\u00fcld\u00fc\u011f\u00fcnde \u00f6\u011fretmen eksikli\u011fine ba\u011fl\u0131 olarak herhangi bir \u00e7ocu\u011fun ba\u015f\u0131na en ufac\u0131k bir \u015fey gelse her anlamda \u00e7ok k\u00f6t\u00fc olurdu. Tart\u0131\u015f\u0131lan nokta buydu.\u201d<\/p>\n<p>Bas\u0131n toplant\u0131s\u0131nda yapt\u0131\u011f\u0131 a\u00e7\u0131klamada, kurulan prefabrik s\u0131n\u0131flar\u0131n kal\u0131c\u0131 de\u011fil ge\u00e7ici bir \u00e7\u00f6z\u00fcm oldu\u011funu ifade etti\u011fini belirten ve Lefko\u015fa\u2019da 3 y\u0131lda 4 okul in\u015fa etmelerine ra\u011fmen \u00f6\u011frenci yo\u011funlu\u011fundan kaynaklanan s\u0131k\u0131\u015f\u0131kl\u0131k ya\u015fand\u0131\u011f\u0131n\u0131 ifade eden \u00c7avu\u015fo\u011flu, bu okullara yeni betonarme s\u0131n\u0131flar yap\u0131l\u0131ncaya kadar prefabrik s\u0131n\u0131flar eklediklerini s\u00f6yledi.<\/p>\n<p><strong>\u201cPREFABRiK S<\/strong><strong>INIF MODEL\u0130 GE\u00c7\u0130C\u0130 B\u0130R \u00c7\u00d6Z\u00dcM MODEL\u0130D\u0130R.\u201d<\/strong><\/p>\n<p>Kapasitenin artmas\u0131 amac\u0131yla betonarme s\u0131n\u0131flar\u0131n yap\u0131m s\u00fcrecinin proje, vize ve ihale a\u015famalar\u0131yla birlikte 1 bu\u00e7uk 2 y\u0131l s\u00fcrd\u00fc\u011f\u00fcn\u00fc dile getiren \u00c7avu\u015fo\u011flu, bu s\u00fcre\u00e7te ihtiya\u00e7 duyulan kapasite art\u0131\u015f\u0131 i\u00e7in prefabrik s\u0131n\u0131f modelini uygulamaya ba\u015flad\u0131klar\u0131n\u0131n alt\u0131n\u0131 \u00e7izdi ve ge\u00e7ici bir \u00e7\u00f6z\u00fcm modeli olarak bak\u0131lmas\u0131 gerekti\u011fini s\u00f6yledi.<\/p>\n<p>Ge\u00e7ici \u00f6\u011fretmenlerin atanmas\u0131yla ilgili a\u00e7\u0131klamalarda bulunan \u00c7avu\u015fo\u011flu, s\u0131nav\u0131 yap\u0131lan t\u00fcm bran\u015flarda s\u0131nav s\u0131ras\u0131na g\u00f6re ge\u00e7ici \u00f6\u011fretmen atamalar\u0131n\u0131n yap\u0131laca\u011f\u0131n\u0131, ilkokullarda ise daha \u00f6nce g\u00f6rev yapan \u00f6\u011fretmenlere \u00f6ncelik verilerek atamalar\u0131n ger\u00e7ekle\u015ftirilece\u011fini ifade etti.<\/p>\n<p>Kamu Hizmeti Komisyonu\u2019nun \u00f6\u011fretmen atama s\u00fcrecini h\u0131zland\u0131rmas\u0131 halinde bu hafta okullar\u0131 a\u00e7ar m\u0131s\u0131n\u0131z? sorusuna da cevap veren \u00c7avu\u015fo\u011flu, atama s\u00fcre\u00e7lerinin ve sa\u011fl\u0131k raporlar\u0131n\u0131n tamamlanmas\u0131 halinde okullar\u0131 a\u00e7maya haz\u0131r olduklar\u0131na vurgu yapt\u0131. \u00c7avu\u015fo\u011flu, erteleme karar\u0131n\u0131n kurultayla ili\u015fkilendirilmemesi gerekti\u011finin de alt\u0131n\u0131 \u00e7izdi.<\/p>\n<p>\u00a0<\/p>\n<p>\u00a0<\/p>\n<p>\u00a0<\/p>\n<\/p><\/div>\n<p><script async\n                    defer\n                    crossorigin=\"anonymous\"\n                    src=\"https:\/\/connect.facebook.net\/tr_TR\/sdk.js#xfbml=1&#038;version=v3.3\"\n            ><\/script><\/p>\n","protected":false},"excerpt":{"rendered":"<p>Milli E\u011fitim Bakan\u0131 Naz\u0131m \u00c7avu\u015fo\u011flu, bir televizyon kanal\u0131na ba\u011flanarak, okullar\u0131n a\u00e7\u0131lmas\u0131n\u0131n ertelenmesi karar\u0131na ili\u015fkin a\u00e7\u0131klamalarda bulundu. \u00d6\u011fretmen eksikli\u011fi nedeniyle okullarda ya\u015fanabilecek olas\u0131 g\u00fcvenlik sorunlar\u0131n\u0131 g\u00f6z \u00f6n\u00fcnde bulundurarak bir haftal\u0131k erteleme karar\u0131 al\u0131nd\u0131\u011f\u0131n\u0131 belirten \u00c7avu\u015fo\u011flu, \u00f6\u011fretmen atamalar\u0131yla ilgili t\u00fcm haz\u0131rl\u0131klar tamamland\u0131\u011f\u0131nda okullar\u0131 a\u00e7maya haz\u0131r olduklar\u0131na vurgu yapt\u0131. \u201cTARiHiN EN Y\u00dcKSEK SAYIDA TAM\u0130R, BAKIM, ONARIM VE G\u00dc\u00c7LEND\u0130RME<\/p>\n","protected":false},"author":1,"featured_media":62637,"comment_status":"open","ping_status":"open","sticky":false,"template":"","format":"standard","meta":{"footnotes":""},"categories":[81],"tags":[],"class_list":["post-62640","post","type-post","status-publish","format-standard","has-post-thumbnail","hentry","category-kibris"],"yoast_head":"<!-- This site is optimized with the Yoast SEO plugin v27.5 - https:\/\/yoast.com\/product\/yoast-seo-wordpress\/ -->\n<title>\u00c7avu\u015fo\u011flu, okullar\u0131n a\u00e7\u0131lmas\u0131n\u0131n ertelenmesini de\u011ferlendirdi:\u2019H\u00fck\u00fcmet olarak \u00f6\u011fretmen eksikliklerinden kaynaklanabilecek g\u00fcvenlik sorunlar\u0131n\u0131 dikkate ald\u0131k\u2019 -<\/title>\n<meta name=\"robots\" content=\"index, follow, max-snippet:-1, max-image-preview:large, max-video-preview:-1\" \/>\n<link rel=\"canonical\" href=\"https:\/\/kibrisdakik.com\/?p=62640\" \/>\n<meta property=\"og:locale\" content=\"tr_TR\" \/>\n<meta property=\"og:type\" content=\"article\" \/>\n<meta property=\"og:title\" content=\"\u00c7avu\u015fo\u011flu, okullar\u0131n a\u00e7\u0131lmas\u0131n\u0131n ertelenmesini de\u011ferlendirdi:\u2019H\u00fck\u00fcmet olarak \u00f6\u011fretmen eksikliklerinden kaynaklanabilecek g\u00fcvenlik sorunlar\u0131n\u0131 dikkate ald\u0131k\u2019 -\" \/>\n<meta property=\"og:description\" content=\"Milli E\u011fitim Bakan\u0131 Naz\u0131m \u00c7avu\u015fo\u011flu, bir televizyon kanal\u0131na ba\u011flanarak, okullar\u0131n a\u00e7\u0131lmas\u0131n\u0131n ertelenmesi karar\u0131na ili\u015fkin a\u00e7\u0131klamalarda bulundu. \u00d6\u011fretmen eksikli\u011fi nedeniyle okullarda ya\u015fanabilecek olas\u0131 g\u00fcvenlik sorunlar\u0131n\u0131 g\u00f6z \u00f6n\u00fcnde bulundurarak bir haftal\u0131k erteleme karar\u0131 al\u0131nd\u0131\u011f\u0131n\u0131 belirten \u00c7avu\u015fo\u011flu, \u00f6\u011fretmen atamalar\u0131yla ilgili t\u00fcm haz\u0131rl\u0131klar tamamland\u0131\u011f\u0131nda okullar\u0131 a\u00e7maya haz\u0131r olduklar\u0131na vurgu yapt\u0131. \u201cTARiHiN EN Y\u00dcKSEK SAYIDA TAM\u0130R, BAKIM, ONARIM VE G\u00dc\u00c7LEND\u0130RME\" \/>\n<meta property=\"og:url\" content=\"https:\/\/kibrisdakik.com\/?p=62640\" \/>\n<meta property=\"article:published_time\" content=\"2024-09-16T17:24:46+00:00\" \/>\n<meta property=\"og:image\" content=\"https:\/\/kibrisdakik.com\/wp-content\/uploads\/2024\/09\/nazim-cavusoglu-2024-bb-740x420.jpg\" \/>\n\t<meta property=\"og:image:width\" content=\"2480\" \/>\n\t<meta property=\"og:image:height\" content=\"1656\" \/>\n\t<meta property=\"og:image:type\" content=\"image\/jpeg\" \/>\n<meta name=\"author\" content=\"admin\" \/>\n<meta name=\"twitter:card\" content=\"summary_large_image\" \/>\n<meta name=\"twitter:label1\" content=\"Yazan:\" \/>\n\t<meta name=\"twitter:data1\" content=\"admin\" \/>\n\t<meta name=\"twitter:label2\" content=\"Tahmini okuma s\u00fcresi\" \/>\n\t<meta name=\"twitter:data2\" content=\"5 dakika\" \/>\n<script type=\"application\/ld+json\" class=\"yoast-schema-graph\">{\"@context\":\"https:\\\/\\\/schema.org\",\"@graph\":[{\"@type\":\"Article\",\"@id\":\"https:\\\/\\\/kibrisdakik.com\\\/?p=62640#article\",\"isPartOf\":{\"@id\":\"https:\\\/\\\/kibrisdakik.com\\\/?p=62640\"},\"author\":{\"name\":\"admin\",\"@id\":\"https:\\\/\\\/kibrisdakik.com\\\/#\\\/schema\\\/person\\\/9cd9d437bbb44f72b73ba127e06d8e79\"},\"headline\":\"\u00c7avu\u015fo\u011flu, okullar\u0131n a\u00e7\u0131lmas\u0131n\u0131n ertelenmesini de\u011ferlendirdi:\u2019H\u00fck\u00fcmet olarak \u00f6\u011fretmen eksikliklerinden kaynaklanabilecek g\u00fcvenlik sorunlar\u0131n\u0131 dikkate ald\u0131k\u2019\",\"datePublished\":\"2024-09-16T17:24:46+00:00\",\"mainEntityOfPage\":{\"@id\":\"https:\\\/\\\/kibrisdakik.com\\\/?p=62640\"},\"wordCount\":1033,\"commentCount\":0,\"image\":{\"@id\":\"https:\\\/\\\/kibrisdakik.com\\\/?p=62640#primaryimage\"},\"thumbnailUrl\":\"https:\\\/\\\/kibrisdakik.com\\\/wp-content\\\/uploads\\\/2024\\\/09\\\/nazim-cavusoglu-2024-bb-740x420.jpg\",\"articleSection\":[\"K\u0131br\u0131s\"],\"inLanguage\":\"tr\",\"potentialAction\":[{\"@type\":\"CommentAction\",\"name\":\"Comment\",\"target\":[\"https:\\\/\\\/kibrisdakik.com\\\/?p=62640#respond\"]}]},{\"@type\":\"WebPage\",\"@id\":\"https:\\\/\\\/kibrisdakik.com\\\/?p=62640\",\"url\":\"https:\\\/\\\/kibrisdakik.com\\\/?p=62640\",\"name\":\"\u00c7avu\u015fo\u011flu, okullar\u0131n a\u00e7\u0131lmas\u0131n\u0131n ertelenmesini de\u011ferlendirdi:\u2019H\u00fck\u00fcmet olarak \u00f6\u011fretmen eksikliklerinden kaynaklanabilecek g\u00fcvenlik sorunlar\u0131n\u0131 dikkate ald\u0131k\u2019 -\",\"isPartOf\":{\"@id\":\"https:\\\/\\\/kibrisdakik.com\\\/#website\"},\"primaryImageOfPage\":{\"@id\":\"https:\\\/\\\/kibrisdakik.com\\\/?p=62640#primaryimage\"},\"image\":{\"@id\":\"https:\\\/\\\/kibrisdakik.com\\\/?p=62640#primaryimage\"},\"thumbnailUrl\":\"https:\\\/\\\/kibrisdakik.com\\\/wp-content\\\/uploads\\\/2024\\\/09\\\/nazim-cavusoglu-2024-bb-740x420.jpg\",\"datePublished\":\"2024-09-16T17:24:46+00:00\",\"author\":{\"@id\":\"https:\\\/\\\/kibrisdakik.com\\\/#\\\/schema\\\/person\\\/9cd9d437bbb44f72b73ba127e06d8e79\"},\"breadcrumb\":{\"@id\":\"https:\\\/\\\/kibrisdakik.com\\\/?p=62640#breadcrumb\"},\"inLanguage\":\"tr\",\"potentialAction\":[{\"@type\":\"ReadAction\",\"target\":[\"https:\\\/\\\/kibrisdakik.com\\\/?p=62640\"]}]},{\"@type\":\"ImageObject\",\"inLanguage\":\"tr\",\"@id\":\"https:\\\/\\\/kibrisdakik.com\\\/?p=62640#primaryimage\",\"url\":\"https:\\\/\\\/kibrisdakik.com\\\/wp-content\\\/uploads\\\/2024\\\/09\\\/nazim-cavusoglu-2024-bb-740x420.jpg\",\"contentUrl\":\"https:\\\/\\\/kibrisdakik.com\\\/wp-content\\\/uploads\\\/2024\\\/09\\\/nazim-cavusoglu-2024-bb-740x420.jpg\",\"width\":2480,\"height\":1656},{\"@type\":\"BreadcrumbList\",\"@id\":\"https:\\\/\\\/kibrisdakik.com\\\/?p=62640#breadcrumb\",\"itemListElement\":[{\"@type\":\"ListItem\",\"position\":1,\"name\":\"Home\",\"item\":\"https:\\\/\\\/kibrisdakik.com\\\/\"},{\"@type\":\"ListItem\",\"position\":2,\"name\":\"\u00c7avu\u015fo\u011flu, okullar\u0131n a\u00e7\u0131lmas\u0131n\u0131n ertelenmesini de\u011ferlendirdi:\u2019H\u00fck\u00fcmet olarak \u00f6\u011fretmen eksikliklerinden kaynaklanabilecek g\u00fcvenlik sorunlar\u0131n\u0131 dikkate ald\u0131k\u2019\"}]},{\"@type\":\"WebSite\",\"@id\":\"https:\\\/\\\/kibrisdakik.com\\\/#website\",\"url\":\"https:\\\/\\\/kibrisdakik.com\\\/\",\"name\":\"\",\"description\":\"Tam vaktinde haber\",\"potentialAction\":[{\"@type\":\"SearchAction\",\"target\":{\"@type\":\"EntryPoint\",\"urlTemplate\":\"https:\\\/\\\/kibrisdakik.com\\\/?s={search_term_string}\"},\"query-input\":{\"@type\":\"PropertyValueSpecification\",\"valueRequired\":true,\"valueName\":\"search_term_string\"}}],\"inLanguage\":\"tr\"},{\"@type\":\"Person\",\"@id\":\"https:\\\/\\\/kibrisdakik.com\\\/#\\\/schema\\\/person\\\/9cd9d437bbb44f72b73ba127e06d8e79\",\"name\":\"admin\",\"image\":{\"@type\":\"ImageObject\",\"inLanguage\":\"tr\",\"@id\":\"https:\\\/\\\/secure.gravatar.com\\\/avatar\\\/ccc17943b9d660506c869530f897617f7cb1c21a4bf30023f252596d83e1f007?s=96&d=mm&r=g\",\"url\":\"https:\\\/\\\/secure.gravatar.com\\\/avatar\\\/ccc17943b9d660506c869530f897617f7cb1c21a4bf30023f252596d83e1f007?s=96&d=mm&r=g\",\"contentUrl\":\"https:\\\/\\\/secure.gravatar.com\\\/avatar\\\/ccc17943b9d660506c869530f897617f7cb1c21a4bf30023f252596d83e1f007?s=96&d=mm&r=g\",\"caption\":\"admin\"},\"sameAs\":[\"https:\\\/\\\/kibrisdakik.com\"],\"url\":\"https:\\\/\\\/kibrisdakik.com\\\/?author=1\"}]}<\/script>\n<!-- \/ Yoast SEO plugin. -->","yoast_head_json":{"title":"\u00c7avu\u015fo\u011flu, okullar\u0131n a\u00e7\u0131lmas\u0131n\u0131n ertelenmesini de\u011ferlendirdi:\u2019H\u00fck\u00fcmet olarak \u00f6\u011fretmen eksikliklerinden kaynaklanabilecek g\u00fcvenlik sorunlar\u0131n\u0131 dikkate ald\u0131k\u2019 -","robots":{"index":"index","follow":"follow","max-snippet":"max-snippet:-1","max-image-preview":"max-image-preview:large","max-video-preview":"max-video-preview:-1"},"canonical":"https:\/\/kibrisdakik.com\/?p=62640","og_locale":"tr_TR","og_type":"article","og_title":"\u00c7avu\u015fo\u011flu, okullar\u0131n a\u00e7\u0131lmas\u0131n\u0131n ertelenmesini de\u011ferlendirdi:\u2019H\u00fck\u00fcmet olarak \u00f6\u011fretmen eksikliklerinden kaynaklanabilecek g\u00fcvenlik sorunlar\u0131n\u0131 dikkate ald\u0131k\u2019 -","og_description":"Milli E\u011fitim Bakan\u0131 Naz\u0131m \u00c7avu\u015fo\u011flu, bir televizyon kanal\u0131na ba\u011flanarak, okullar\u0131n a\u00e7\u0131lmas\u0131n\u0131n ertelenmesi karar\u0131na ili\u015fkin a\u00e7\u0131klamalarda bulundu. \u00d6\u011fretmen eksikli\u011fi nedeniyle okullarda ya\u015fanabilecek olas\u0131 g\u00fcvenlik sorunlar\u0131n\u0131 g\u00f6z \u00f6n\u00fcnde bulundurarak bir haftal\u0131k erteleme karar\u0131 al\u0131nd\u0131\u011f\u0131n\u0131 belirten \u00c7avu\u015fo\u011flu, \u00f6\u011fretmen atamalar\u0131yla ilgili t\u00fcm haz\u0131rl\u0131klar tamamland\u0131\u011f\u0131nda okullar\u0131 a\u00e7maya haz\u0131r olduklar\u0131na vurgu yapt\u0131. \u201cTARiHiN EN Y\u00dcKSEK SAYIDA TAM\u0130R, BAKIM, ONARIM VE G\u00dc\u00c7LEND\u0130RME","og_url":"https:\/\/kibrisdakik.com\/?p=62640","article_published_time":"2024-09-16T17:24:46+00:00","og_image":[{"width":2480,"height":1656,"url":"https:\/\/kibrisdakik.com\/wp-content\/uploads\/2024\/09\/nazim-cavusoglu-2024-bb-740x420.jpg","type":"image\/jpeg"}],"author":"admin","twitter_card":"summary_large_image","twitter_misc":{"Yazan:":"admin","Tahmini okuma s\u00fcresi":"5 dakika"},"schema":{"@context":"https:\/\/schema.org","@graph":[{"@type":"Article","@id":"https:\/\/kibrisdakik.com\/?p=62640#article","isPartOf":{"@id":"https:\/\/kibrisdakik.com\/?p=62640"},"author":{"name":"admin","@id":"https:\/\/kibrisdakik.com\/#\/schema\/person\/9cd9d437bbb44f72b73ba127e06d8e79"},"headline":"\u00c7avu\u015fo\u011flu, okullar\u0131n a\u00e7\u0131lmas\u0131n\u0131n ertelenmesini de\u011ferlendirdi:\u2019H\u00fck\u00fcmet olarak \u00f6\u011fretmen eksikliklerinden kaynaklanabilecek g\u00fcvenlik sorunlar\u0131n\u0131 dikkate ald\u0131k\u2019","datePublished":"2024-09-16T17:24:46+00:00","mainEntityOfPage":{"@id":"https:\/\/kibrisdakik.com\/?p=62640"},"wordCount":1033,"commentCount":0,"image":{"@id":"https:\/\/kibrisdakik.com\/?p=62640#primaryimage"},"thumbnailUrl":"https:\/\/kibrisdakik.com\/wp-content\/uploads\/2024\/09\/nazim-cavusoglu-2024-bb-740x420.jpg","articleSection":["K\u0131br\u0131s"],"inLanguage":"tr","potentialAction":[{"@type":"CommentAction","name":"Comment","target":["https:\/\/kibrisdakik.com\/?p=62640#respond"]}]},{"@type":"WebPage","@id":"https:\/\/kibrisdakik.com\/?p=62640","url":"https:\/\/kibrisdakik.com\/?p=62640","name":"\u00c7avu\u015fo\u011flu, okullar\u0131n a\u00e7\u0131lmas\u0131n\u0131n ertelenmesini de\u011ferlendirdi:\u2019H\u00fck\u00fcmet olarak \u00f6\u011fretmen eksikliklerinden kaynaklanabilecek g\u00fcvenlik sorunlar\u0131n\u0131 dikkate ald\u0131k\u2019 -","isPartOf":{"@id":"https:\/\/kibrisdakik.com\/#website"},"primaryImageOfPage":{"@id":"https:\/\/kibrisdakik.com\/?p=62640#primaryimage"},"image":{"@id":"https:\/\/kibrisdakik.com\/?p=62640#primaryimage"},"thumbnailUrl":"https:\/\/kibrisdakik.com\/wp-content\/uploads\/2024\/09\/nazim-cavusoglu-2024-bb-740x420.jpg","datePublished":"2024-09-16T17:24:46+00:00","author":{"@id":"https:\/\/kibrisdakik.com\/#\/schema\/person\/9cd9d437bbb44f72b73ba127e06d8e79"},"breadcrumb":{"@id":"https:\/\/kibrisdakik.com\/?p=62640#breadcrumb"},"inLanguage":"tr","potentialAction":[{"@type":"ReadAction","target":["https:\/\/kibrisdakik.com\/?p=62640"]}]},{"@type":"ImageObject","inLanguage":"tr","@id":"https:\/\/kibrisdakik.com\/?p=62640#primaryimage","url":"https:\/\/kibrisdakik.com\/wp-content\/uploads\/2024\/09\/nazim-cavusoglu-2024-bb-740x420.jpg","contentUrl":"https:\/\/kibrisdakik.com\/wp-content\/uploads\/2024\/09\/nazim-cavusoglu-2024-bb-740x420.jpg","width":2480,"height":1656},{"@type":"BreadcrumbList","@id":"https:\/\/kibrisdakik.com\/?p=62640#breadcrumb","itemListElement":[{"@type":"ListItem","position":1,"name":"Home","item":"https:\/\/kibrisdakik.com\/"},{"@type":"ListItem","position":2,"name":"\u00c7avu\u015fo\u011flu, okullar\u0131n a\u00e7\u0131lmas\u0131n\u0131n ertelenmesini de\u011ferlendirdi:\u2019H\u00fck\u00fcmet olarak \u00f6\u011fretmen eksikliklerinden kaynaklanabilecek g\u00fcvenlik sorunlar\u0131n\u0131 dikkate ald\u0131k\u2019"}]},{"@type":"WebSite","@id":"https:\/\/kibrisdakik.com\/#website","url":"https:\/\/kibrisdakik.com\/","name":"","description":"Tam vaktinde haber","potentialAction":[{"@type":"SearchAction","target":{"@type":"EntryPoint","urlTemplate":"https:\/\/kibrisdakik.com\/?s={search_term_string}"},"query-input":{"@type":"PropertyValueSpecification","valueRequired":true,"valueName":"search_term_string"}}],"inLanguage":"tr"},{"@type":"Person","@id":"https:\/\/kibrisdakik.com\/#\/schema\/person\/9cd9d437bbb44f72b73ba127e06d8e79","name":"admin","image":{"@type":"ImageObject","inLanguage":"tr","@id":"https:\/\/secure.gravatar.com\/avatar\/ccc17943b9d660506c869530f897617f7cb1c21a4bf30023f252596d83e1f007?s=96&d=mm&r=g","url":"https:\/\/secure.gravatar.com\/avatar\/ccc17943b9d660506c869530f897617f7cb1c21a4bf30023f252596d83e1f007?s=96&d=mm&r=g","contentUrl":"https:\/\/secure.gravatar.com\/avatar\/ccc17943b9d660506c869530f897617f7cb1c21a4bf30023f252596d83e1f007?s=96&d=mm&r=g","caption":"admin"},"sameAs":["https:\/\/kibrisdakik.com"],"url":"https:\/\/kibrisdakik.com\/?author=1"}]}},"_links":{"self":[{"href":"https:\/\/kibrisdakik.com\/index.php?rest_route=\/wp\/v2\/posts\/62640","targetHints":{"allow":["GET"]}}],"collection":[{"href":"https:\/\/kibrisdakik.com\/index.php?rest_route=\/wp\/v2\/posts"}],"about":[{"href":"https:\/\/kibrisdakik.com\/index.php?rest_route=\/wp\/v2\/types\/post"}],"author":[{"embeddable":true,"href":"https:\/\/kibrisdakik.com\/index.php?rest_route=\/wp\/v2\/users\/1"}],"replies":[{"embeddable":true,"href":"https:\/\/kibrisdakik.com\/index.php?rest_route=%2Fwp%2Fv2%2Fcomments&post=62640"}],"version-history":[{"count":0,"href":"https:\/\/kibrisdakik.com\/index.php?rest_route=\/wp\/v2\/posts\/62640\/revisions"}],"wp:featuredmedia":[{"embeddable":true,"href":"https:\/\/kibrisdakik.com\/index.php?rest_route=\/wp\/v2\/media\/62637"}],"wp:attachment":[{"href":"https:\/\/kibrisdakik.com\/index.php?rest_route=%2Fwp%2Fv2%2Fmedia&parent=62640"}],"wp:term":[{"taxonomy":"category","embeddable":true,"href":"https:\/\/kibrisdakik.com\/index.php?rest_route=%2Fwp%2Fv2%2Fcategories&post=62640"},{"taxonomy":"post_tag","embeddable":true,"href":"https:\/\/kibrisdakik.com\/index.php?rest_route=%2Fwp%2Fv2%2Ftags&post=62640"}],"curies":[{"name":"wp","href":"https:\/\/api.w.org\/{rel}","templated":true}]}}