{"id":6276,"date":"2023-05-04T22:34:02","date_gmt":"2023-05-04T22:34:02","guid":{"rendered":"https:\/\/kibrisdakik.com\/index.php\/2023\/05\/04\/ktso-iki-yillik-icraat-ve-hedeflerini-paylasti\/"},"modified":"2023-05-04T22:34:02","modified_gmt":"2023-05-04T22:34:02","slug":"ktso-iki-yillik-icraat-ve-hedeflerini-paylasti","status":"publish","type":"post","link":"https:\/\/kibrisdakik.com\/?p=6276","title":{"rendered":"KTSO iki y\u0131ll\u0131k icraat ve hedeflerini payla\u015ft\u0131"},"content":{"rendered":"<p><\/p>\n<div>\n<div class=\"mariselle-image-container none\">\n                <img width=\"728\" height=\"410\" class=\"lazy-image\" alt=\"\" decoding=\"async\" loading=\"lazy\" sizes=\"auto, (max-width: 728px) 100vw, 728px\" src=\"https:\/\/brtk.net\/wp-content\/uploads\/2023\/05\/04\/sanayi-odasi3.jpg?ver=88770efb2d51091d0adb2b2571c20cdf\" srcset=\"https:\/\/brtk.net\/wp-content\/uploads\/2023\/05\/04\/sanayi-odasi3.jpg?ver=88770efb2d51091d0adb2b2571c20cdf 728w, https:\/\/brtk.net\/wp-content\/uploads\/2023\/05\/04\/sanayi-odasi3-300x169.jpg?ver=88770efb2d51091d0adb2b2571c20cdf 300w\"\/>                            <\/div>\n<p>Ali Kamac\u0131o\u011flu ba\u015fkanl\u0131\u011f\u0131ndaki K\u0131br\u0131s T\u00fcrk Sanayi Odas\u0131 (KTSO) Y\u00f6netim Kurulu, iki y\u0131ll\u0131k g\u00f6rev s\u00fcresince ger\u00e7ekle\u015ftirilen \u00e7al\u0131\u015fmalar\u0131\u00a0 i\u00e7eren\u00a0 de\u011ferlendirmeyi ve hedeflerini\u00a0 kamuoyu ile payla\u015ft\u0131.<\/p>\n<p>KTSO Ba\u015fkan\u0131 Ali Kamac\u0131o\u011flu,\u00a0 May\u0131s 2021\u2019de g\u00f6reve geldiklerinde koyduklar\u0131 hedefleri ger\u00e7ekle\u015ftirmek i\u00e7in aral\u0131ks\u0131z \u00e7al\u0131\u015ft\u0131klar\u0131n\u0131 kaydetti.<\/p>\n<p>Gelece\u011fe \u0131\u015f\u0131k tutmak ve kendine yeten \u00fclke ekonomisi i\u00e7in yola \u00e7\u0131kt\u0131klar\u0131n\u0131 dile getiren Kamac\u0131o\u011flu, de\u011fi\u015fim, \u00fcretim ve kalk\u0131nma misyonuna uygun do\u011frultuda h\u0131zla \u00e7al\u0131\u015fmalar\u0131na ba\u015flad\u0131klar\u0131 g\u00fcnlerin bug\u00fcn kendilerine d\u00fcn gibi yak\u0131n geldi\u011fini belirtti.<\/p>\n<p>\u0130lk hedefinin sanayicinin \u00e7al\u0131\u015fma izinleri i\u015flemlerinin Oda b\u00fcnyesinde yap\u0131lmas\u0131n\u0131 sa\u011flamak ve b\u00f6ylece \u00e7al\u0131\u015fma izniyle \u00fclkeye gelen \u00e7al\u0131\u015fanlar i\u00e7in bankalardan istenilen ve sanayicilerin \u00fcst\u00fcnde \u00e7ok b\u00fcy\u00fck bir y\u00fck olan teminat mektuplar\u0131n\u0131 sonland\u0131rmak oldu\u011funu dile getiren Kamac\u0131o\u011flu, ikinci b\u00fcy\u00fck hedeflerinin ise K\u0131br\u0131s T\u00fcrk Sanayi Envanteri \u00e7al\u0131\u015fmalar\u0131n\u0131 en k\u0131sa s\u00fcrede tamamlamak oldu\u011funu kaydetti.<\/p>\n<p>Sanayi b\u00f6lgelerinin d\u00fczenlenmesi konusunda kararl\u0131 olduklar\u0131n\u0131 s\u00f6ylediklerini dile getiren Kamac\u0131o\u011flu, \u201cAmac\u0131m\u0131z sanayi b\u00f6lgelerinin temizlenmesi, alt yap\u0131 sorunlar\u0131n\u0131n giderilmesi ile sanayicimizin \u00e7al\u0131\u015fma verimlili\u011finin art\u0131r\u0131lmas\u0131n\u0131 sa\u011flamakt\u0131r. Ekonomi ve Enerji Bakanl\u0131\u011f\u0131m\u0131z ile Odam\u0131z aras\u0131ndaki i\u015f birli\u011fi sonucunda, sanayi b\u00f6lgelerimizin alt yap\u0131 eksiklerini giderecek finansman ihtiyac\u0131 yerel kaynaklar\u0131m\u0131z ve T\u00fcrkiye Cumhuriyeti ve <a href=\"https:\/\/brtk.net\/\">KKTC<\/a> aras\u0131nda imzalanan\u00a0 Ekonomik ve Mali \u0130\u015f birli\u011fi Protokol\u00fc ile kar\u015f\u0131lanacakt\u0131r.\u201d ifadelerini kulland\u0131.\u00a0<\/p>\n<p>Sanayi Odas\u0131\u2019n\u0131n\u00a0 yerli \u00fcretimi, \u00fcreticiyi destekleme hedefini t\u00fcm \u00e7al\u0131\u015fmalar\u0131n\u0131n merkezine koydu\u011funu kaydeden Kamac\u0131o\u011flu, \u201cSanayicimizin d\u00fcnya standartlar\u0131nda \u00fcretim yapabilmesi i\u00e7in, o k\u0131v\u0131lc\u0131m\u0131 yakmak i\u00e7in g\u00f6reve talibiz demi\u015ftik. \u0130lgili bakanl\u0131klarla birlikte \u201c<a href=\"https:\/\/brtk.net\/\">KKTC<\/a> \u0130hracat Eylem Plan\u0131\u201d \u00e7al\u0131\u015fmas\u0131n\u0131 yapt\u0131k. \u00dclkede s\u00fcrd\u00fcr\u00fclebilir bir ekonomi yarat\u0131lmas\u0131 i\u00e7in \u00fcretim ve ihracata dayal\u0131 bir ekonomik model olu\u015fturulmas\u0131 gerekti\u011fine inan\u0131yoruz. Bu inan\u00e7 y\u00f6n\u00fcnde \u00e7abalar\u0131m\u0131z\u0131 s\u00fcrd\u00fcrd\u00fck.\u201d dedi.<\/p>\n<p>T\u00fcrkiye Cumhuriyeti Lefko\u015fa B\u00fcy\u00fckel\u00e7ili\u011fi ile Kuzey K\u0131br\u0131s T\u00fcrk Cumhuriyeti\u2019nin ekonomik a\u00e7\u0131dan g\u00fc\u00e7lenmesi, kalk\u0131nmas\u0131 ve \u00f6zellikle katma de\u011ferli \u00fcretimin geli\u015fmesi ve ihracat\u0131n artmas\u0131 i\u00e7in sanayi te\u015fvikleri ve krediler konular\u0131nda i\u015f birli\u011fi \u00e7al\u0131\u015fmalar\u0131na devam etti\u011fini dile getiren Kamac\u0131o\u011flu, T\u00fcrkiye \u0130hracat\u00e7\u0131lar Meclisi, (T\u0130M), Ankara Ticaret Odas\u0131 (ATO), Osmaniye Ticaret ve Sanayi Odas\u0131, D\u00f6rtyol Ticaret ve Sanayi Odas\u0131, Antalya Ticaret ve Sanayi Odas\u0131, Bat\u0131 Akdeniz \u0130hracat\u00e7\u0131lar Birli\u011fi (BA\u0130B) ba\u015fta olmak \u00fczere T\u00fcrkiye\u2019deki Odalarla i\u015f birliklerini her zaman canl\u0131 tuttuklar\u0131n\u0131 belirtti. \u00a0<\/p>\n<p>Ye\u015fil Hat Ticaretindeki geli\u015fmeleri, aksakl\u0131klar\u0131, \u00e7\u00f6z\u00fcm \u00f6nerilerini \u00a0ve Kuzey K\u0131br\u0131s sanayisi ile ilgili konular\u0131 K\u0131br\u0131s T\u00fcrk Esnaf ve Zanaatkarlar (KTEZO) ile birlikte Br\u00fcksel\u2019e yapt\u0131klar\u0131 \u00a0\u00e7al\u0131\u015fma ziyaretinde\u00a0 taleplerini dile getirdiklerini kaydeden Kamac\u0131o\u011flu, \u201cK\u0131sa s\u00fcre sonra Avrupa Komisyonu Yap\u0131sal Reform Destek Birimi Genel Direkt\u00f6r\u00fc Mario Nava ba\u015fkanl\u0131\u011f\u0131ndaki heyetin ve Avrupa Komisyonu Yap\u0131sal Reform Destek Birimi Direkt\u00f6r Yard\u0131mc\u0131s\u0131 Kjartan Bj\u00f6rnsson\u2019un Odam\u0131z\u0131 ziyaretlerinde ili\u015fkilerimizi \u00e7ok verimli konuma ta\u015f\u0131d\u0131k.\u201d dedi.<\/p>\n<p>\u00dclkenin do\u011fas\u0131n\u0131n en \u00f6nemli \u00fcr\u00fcnlerinden biri olan zeytin ve zeytinya\u011f\u0131 ihracat\u0131n\u0131n artmas\u0131 i\u00e7in \u00e7al\u0131\u015fman\u0131n hedefleri aras\u0131nda oldu\u011funu dile getiren Kamac\u0131o\u011flu s\u00f6zlerini \u015f\u00f6yle tamamlad\u0131:<\/p>\n<p>\u201cK\u0131br\u0131s T\u00fcrk Sanayi Odas\u0131\u2019n\u0131n (KTSO) y\u0131llard\u0131r verdi\u011fi m\u00fccadele sonu\u00e7lanarak ilk kez G\u00fcney\u2019e zeytinya\u011f\u0131 sat\u0131\u015f\u0131 ger\u00e7ekle\u015ftirilmi\u015ftir.<\/p>\n<p>KWs ba\u015f\u0131na 2010 y\u0131l\u0131ndan beri 10 kuru\u015f olarak sanayiciye uygulanan elektrikteki deste\u011fin, \u00f6nemli bir y\u00fczdelik getirilerek uygulanmas\u0131 i\u00e7in t\u00fcm makamlarla g\u00f6r\u00fc\u015f\u00fcyoruz. KTSO Y\u00f6netim Kurulu olarak yenilenebilir enerji kooperatifi kurulum \u00e7al\u0131\u015fmalar\u0131n\u0131 ba\u015flatt\u0131k.<\/p>\n<p>T\u00fcm finansman\u0131 Odam\u0131z taraf\u0131ndan sa\u011flanan Odam\u0131z b\u00fcnyesinde bulunan 22 sanayi sekt\u00f6r\u00fcn\u00fcn g\u00f6rsel tan\u0131t\u0131m projesini tamamlad\u0131k.<\/p>\n<p>T\u00fcrkiye\u2019de ya\u015fanan deprem felaketinin ard\u0131ndan yaralar\u0131n sar\u0131lmas\u0131 amac\u0131yla Kuzey K\u0131br\u0131s\u2019taki 48 oda, birlik, federasyon ve derne\u011fi\u00a0 10 \u015eubat 2023 tarihinde Odam\u0131zda toplant\u0131ya davet ettik ve \u201cK\u0131br\u0131s T\u00fcrk Dayan\u0131\u015fma Platformu\u201dnu hayata ge\u00e7irdik. Bu s\u00fcre\u00e7te Odam\u0131z \u00fczerine d\u00fc\u015feni yaparak; \u00e7al\u0131\u015fmalar\u0131n, planlaman\u0131n \u00fcss\u00fc oldu, Personelimizle ve Oda imkanlar\u0131yla gece g\u00fcnd\u00fcz demeden \u00e7al\u0131\u015ft\u0131k ve \u00e7al\u0131\u015fmaya da devam ediyoruz. Yap\u0131lan \u00e7al\u0131\u015fmalar ve ba\u011f\u0131\u015flar sonucunda demircisiyle, elektrik\u00e7isiyle, mobilyac\u0131s\u0131yla, kaplamac\u0131s\u0131yla d\u00f6k\u00fclen al\u0131n terinin gurur verici ba\u015far\u0131s\u0131yla 400\u2019e yak\u0131n ya\u015fam evi \u00fcretilerek T\u00fcrkiye Cumhuriyeti deprem b\u00f6lgesine teslim edildi.<\/p>\n<p>K\u0131br\u0131s T\u00fcrk Sanayi Odas\u0131, K\u0131br\u0131s T\u00fcrk halk\u0131n\u0131n \u00fcretim tarihinin ak\u0131l defteri, \u00fcretimde, yol haritam\u0131z\u0131n belirlendi\u011fi bir kurulu\u015ftur.<\/p>\n<p>\u00dcst\u00fcne basa basa bir kez daha belirtmek isteriz ki, sanayi, \u00fcretim demektir. \u00dcretmek topra\u011fa s\u00f6k\u00fclmemecesine k\u00f6k salmak, ya\u015fad\u0131\u011f\u0131m\u0131z topraklar\u0131 vatan yapmakt\u0131r.\u201d<\/p>\n<p>TAK\/<a href=\"https:\/\/brtk.net\/\">BRT<\/a><\/p>\n<\/p><\/div>\n<p><script async\n                    defer\n                    crossorigin=\"anonymous\"\n                    src=\"https:\/\/connect.facebook.net\/tr_TR\/sdk.js#xfbml=1&#038;version=v3.3\"\n            ><\/script><\/p>\n","protected":false},"excerpt":{"rendered":"<p>Ali Kamac\u0131o\u011flu ba\u015fkanl\u0131\u011f\u0131ndaki K\u0131br\u0131s T\u00fcrk Sanayi Odas\u0131 (KTSO) Y\u00f6netim Kurulu, iki y\u0131ll\u0131k g\u00f6rev s\u00fcresince ger\u00e7ekle\u015ftirilen \u00e7al\u0131\u015fmalar\u0131\u00a0 i\u00e7eren\u00a0 de\u011ferlendirmeyi ve hedeflerini\u00a0 kamuoyu ile payla\u015ft\u0131. KTSO Ba\u015fkan\u0131 Ali Kamac\u0131o\u011flu,\u00a0 May\u0131s 2021\u2019de g\u00f6reve geldiklerinde koyduklar\u0131 hedefleri ger\u00e7ekle\u015ftirmek i\u00e7in aral\u0131ks\u0131z \u00e7al\u0131\u015ft\u0131klar\u0131n\u0131 kaydetti. Gelece\u011fe \u0131\u015f\u0131k tutmak ve kendine yeten \u00fclke ekonomisi i\u00e7in yola \u00e7\u0131kt\u0131klar\u0131n\u0131 dile getiren Kamac\u0131o\u011flu, de\u011fi\u015fim, \u00fcretim ve<\/p>\n","protected":false},"author":1,"featured_media":6277,"comment_status":"open","ping_status":"open","sticky":false,"template":"","format":"standard","meta":{"footnotes":""},"categories":[1],"tags":[],"class_list":["post-6276","post","type-post","status-publish","format-standard","has-post-thumbnail","hentry","category-gundem"],"yoast_head":"<!-- This site is optimized with the Yoast SEO plugin v27.4 - https:\/\/yoast.com\/product\/yoast-seo-wordpress\/ -->\n<title>KTSO iki y\u0131ll\u0131k icraat ve hedeflerini payla\u015ft\u0131 -<\/title>\n<meta name=\"robots\" content=\"index, follow, max-snippet:-1, max-image-preview:large, max-video-preview:-1\" \/>\n<link rel=\"canonical\" href=\"https:\/\/kibrisdakik.com\/?p=6276\" \/>\n<meta property=\"og:locale\" content=\"tr_TR\" \/>\n<meta property=\"og:type\" content=\"article\" \/>\n<meta property=\"og:title\" content=\"KTSO iki y\u0131ll\u0131k icraat ve hedeflerini payla\u015ft\u0131 -\" \/>\n<meta property=\"og:description\" content=\"Ali Kamac\u0131o\u011flu ba\u015fkanl\u0131\u011f\u0131ndaki K\u0131br\u0131s T\u00fcrk Sanayi Odas\u0131 (KTSO) Y\u00f6netim Kurulu, iki y\u0131ll\u0131k g\u00f6rev s\u00fcresince ger\u00e7ekle\u015ftirilen \u00e7al\u0131\u015fmalar\u0131\u00a0 i\u00e7eren\u00a0 de\u011ferlendirmeyi ve hedeflerini\u00a0 kamuoyu ile payla\u015ft\u0131. KTSO Ba\u015fkan\u0131 Ali Kamac\u0131o\u011flu,\u00a0 May\u0131s 2021\u2019de g\u00f6reve geldiklerinde koyduklar\u0131 hedefleri ger\u00e7ekle\u015ftirmek i\u00e7in aral\u0131ks\u0131z \u00e7al\u0131\u015ft\u0131klar\u0131n\u0131 kaydetti. Gelece\u011fe \u0131\u015f\u0131k tutmak ve kendine yeten \u00fclke ekonomisi i\u00e7in yola \u00e7\u0131kt\u0131klar\u0131n\u0131 dile getiren Kamac\u0131o\u011flu, de\u011fi\u015fim, \u00fcretim ve\" \/>\n<meta property=\"og:url\" content=\"https:\/\/kibrisdakik.com\/?p=6276\" \/>\n<meta property=\"article:published_time\" content=\"2023-05-04T22:34:02+00:00\" \/>\n<meta property=\"og:image\" content=\"https:\/\/kibrisdakik.com\/wp-content\/uploads\/2023\/05\/sanayi-odasi3.jpg\" \/>\n\t<meta property=\"og:image:width\" content=\"728\" \/>\n\t<meta property=\"og:image:height\" content=\"410\" \/>\n\t<meta property=\"og:image:type\" content=\"image\/jpeg\" \/>\n<meta name=\"author\" content=\"admin\" \/>\n<meta name=\"twitter:card\" content=\"summary_large_image\" \/>\n<meta name=\"twitter:label1\" content=\"Yazan:\" \/>\n\t<meta name=\"twitter:data1\" content=\"admin\" \/>\n\t<meta name=\"twitter:label2\" content=\"Tahmini okuma s\u00fcresi\" \/>\n\t<meta name=\"twitter:data2\" content=\"5 dakika\" \/>\n<script type=\"application\/ld+json\" class=\"yoast-schema-graph\">{\"@context\":\"https:\\\/\\\/schema.org\",\"@graph\":[{\"@type\":\"Article\",\"@id\":\"https:\\\/\\\/kibrisdakik.com\\\/?p=6276#article\",\"isPartOf\":{\"@id\":\"https:\\\/\\\/kibrisdakik.com\\\/?p=6276\"},\"author\":{\"name\":\"admin\",\"@id\":\"https:\\\/\\\/kibrisdakik.com\\\/#\\\/schema\\\/person\\\/9cd9d437bbb44f72b73ba127e06d8e79\"},\"headline\":\"KTSO iki y\u0131ll\u0131k icraat ve hedeflerini payla\u015ft\u0131\",\"datePublished\":\"2023-05-04T22:34:02+00:00\",\"mainEntityOfPage\":{\"@id\":\"https:\\\/\\\/kibrisdakik.com\\\/?p=6276\"},\"wordCount\":929,\"commentCount\":0,\"image\":{\"@id\":\"https:\\\/\\\/kibrisdakik.com\\\/?p=6276#primaryimage\"},\"thumbnailUrl\":\"https:\\\/\\\/kibrisdakik.com\\\/wp-content\\\/uploads\\\/2023\\\/05\\\/sanayi-odasi3.jpg\",\"articleSection\":[\"G\u00fcndem\"],\"inLanguage\":\"tr\",\"potentialAction\":[{\"@type\":\"CommentAction\",\"name\":\"Comment\",\"target\":[\"https:\\\/\\\/kibrisdakik.com\\\/?p=6276#respond\"]}]},{\"@type\":\"WebPage\",\"@id\":\"https:\\\/\\\/kibrisdakik.com\\\/?p=6276\",\"url\":\"https:\\\/\\\/kibrisdakik.com\\\/?p=6276\",\"name\":\"KTSO iki y\u0131ll\u0131k icraat ve hedeflerini payla\u015ft\u0131 -\",\"isPartOf\":{\"@id\":\"https:\\\/\\\/kibrisdakik.com\\\/#website\"},\"primaryImageOfPage\":{\"@id\":\"https:\\\/\\\/kibrisdakik.com\\\/?p=6276#primaryimage\"},\"image\":{\"@id\":\"https:\\\/\\\/kibrisdakik.com\\\/?p=6276#primaryimage\"},\"thumbnailUrl\":\"https:\\\/\\\/kibrisdakik.com\\\/wp-content\\\/uploads\\\/2023\\\/05\\\/sanayi-odasi3.jpg\",\"datePublished\":\"2023-05-04T22:34:02+00:00\",\"author\":{\"@id\":\"https:\\\/\\\/kibrisdakik.com\\\/#\\\/schema\\\/person\\\/9cd9d437bbb44f72b73ba127e06d8e79\"},\"breadcrumb\":{\"@id\":\"https:\\\/\\\/kibrisdakik.com\\\/?p=6276#breadcrumb\"},\"inLanguage\":\"tr\",\"potentialAction\":[{\"@type\":\"ReadAction\",\"target\":[\"https:\\\/\\\/kibrisdakik.com\\\/?p=6276\"]}]},{\"@type\":\"ImageObject\",\"inLanguage\":\"tr\",\"@id\":\"https:\\\/\\\/kibrisdakik.com\\\/?p=6276#primaryimage\",\"url\":\"https:\\\/\\\/kibrisdakik.com\\\/wp-content\\\/uploads\\\/2023\\\/05\\\/sanayi-odasi3.jpg\",\"contentUrl\":\"https:\\\/\\\/kibrisdakik.com\\\/wp-content\\\/uploads\\\/2023\\\/05\\\/sanayi-odasi3.jpg\",\"width\":728,\"height\":410},{\"@type\":\"BreadcrumbList\",\"@id\":\"https:\\\/\\\/kibrisdakik.com\\\/?p=6276#breadcrumb\",\"itemListElement\":[{\"@type\":\"ListItem\",\"position\":1,\"name\":\"Home\",\"item\":\"https:\\\/\\\/kibrisdakik.com\\\/\"},{\"@type\":\"ListItem\",\"position\":2,\"name\":\"KTSO iki y\u0131ll\u0131k icraat ve hedeflerini payla\u015ft\u0131\"}]},{\"@type\":\"WebSite\",\"@id\":\"https:\\\/\\\/kibrisdakik.com\\\/#website\",\"url\":\"https:\\\/\\\/kibrisdakik.com\\\/\",\"name\":\"\",\"description\":\"Tam vaktinde haber\",\"potentialAction\":[{\"@type\":\"SearchAction\",\"target\":{\"@type\":\"EntryPoint\",\"urlTemplate\":\"https:\\\/\\\/kibrisdakik.com\\\/?s={search_term_string}\"},\"query-input\":{\"@type\":\"PropertyValueSpecification\",\"valueRequired\":true,\"valueName\":\"search_term_string\"}}],\"inLanguage\":\"tr\"},{\"@type\":\"Person\",\"@id\":\"https:\\\/\\\/kibrisdakik.com\\\/#\\\/schema\\\/person\\\/9cd9d437bbb44f72b73ba127e06d8e79\",\"name\":\"admin\",\"image\":{\"@type\":\"ImageObject\",\"inLanguage\":\"tr\",\"@id\":\"https:\\\/\\\/secure.gravatar.com\\\/avatar\\\/ccc17943b9d660506c869530f897617f7cb1c21a4bf30023f252596d83e1f007?s=96&d=mm&r=g\",\"url\":\"https:\\\/\\\/secure.gravatar.com\\\/avatar\\\/ccc17943b9d660506c869530f897617f7cb1c21a4bf30023f252596d83e1f007?s=96&d=mm&r=g\",\"contentUrl\":\"https:\\\/\\\/secure.gravatar.com\\\/avatar\\\/ccc17943b9d660506c869530f897617f7cb1c21a4bf30023f252596d83e1f007?s=96&d=mm&r=g\",\"caption\":\"admin\"},\"sameAs\":[\"https:\\\/\\\/kibrisdakik.com\"],\"url\":\"https:\\\/\\\/kibrisdakik.com\\\/?author=1\"}]}<\/script>\n<!-- \/ Yoast SEO plugin. -->","yoast_head_json":{"title":"KTSO iki y\u0131ll\u0131k icraat ve hedeflerini payla\u015ft\u0131 -","robots":{"index":"index","follow":"follow","max-snippet":"max-snippet:-1","max-image-preview":"max-image-preview:large","max-video-preview":"max-video-preview:-1"},"canonical":"https:\/\/kibrisdakik.com\/?p=6276","og_locale":"tr_TR","og_type":"article","og_title":"KTSO iki y\u0131ll\u0131k icraat ve hedeflerini payla\u015ft\u0131 -","og_description":"Ali Kamac\u0131o\u011flu ba\u015fkanl\u0131\u011f\u0131ndaki K\u0131br\u0131s T\u00fcrk Sanayi Odas\u0131 (KTSO) Y\u00f6netim Kurulu, iki y\u0131ll\u0131k g\u00f6rev s\u00fcresince ger\u00e7ekle\u015ftirilen \u00e7al\u0131\u015fmalar\u0131\u00a0 i\u00e7eren\u00a0 de\u011ferlendirmeyi ve hedeflerini\u00a0 kamuoyu ile payla\u015ft\u0131. KTSO Ba\u015fkan\u0131 Ali Kamac\u0131o\u011flu,\u00a0 May\u0131s 2021\u2019de g\u00f6reve geldiklerinde koyduklar\u0131 hedefleri ger\u00e7ekle\u015ftirmek i\u00e7in aral\u0131ks\u0131z \u00e7al\u0131\u015ft\u0131klar\u0131n\u0131 kaydetti. Gelece\u011fe \u0131\u015f\u0131k tutmak ve kendine yeten \u00fclke ekonomisi i\u00e7in yola \u00e7\u0131kt\u0131klar\u0131n\u0131 dile getiren Kamac\u0131o\u011flu, de\u011fi\u015fim, \u00fcretim ve","og_url":"https:\/\/kibrisdakik.com\/?p=6276","article_published_time":"2023-05-04T22:34:02+00:00","og_image":[{"width":728,"height":410,"url":"https:\/\/kibrisdakik.com\/wp-content\/uploads\/2023\/05\/sanayi-odasi3.jpg","type":"image\/jpeg"}],"author":"admin","twitter_card":"summary_large_image","twitter_misc":{"Yazan:":"admin","Tahmini okuma s\u00fcresi":"5 dakika"},"schema":{"@context":"https:\/\/schema.org","@graph":[{"@type":"Article","@id":"https:\/\/kibrisdakik.com\/?p=6276#article","isPartOf":{"@id":"https:\/\/kibrisdakik.com\/?p=6276"},"author":{"name":"admin","@id":"https:\/\/kibrisdakik.com\/#\/schema\/person\/9cd9d437bbb44f72b73ba127e06d8e79"},"headline":"KTSO iki y\u0131ll\u0131k icraat ve hedeflerini payla\u015ft\u0131","datePublished":"2023-05-04T22:34:02+00:00","mainEntityOfPage":{"@id":"https:\/\/kibrisdakik.com\/?p=6276"},"wordCount":929,"commentCount":0,"image":{"@id":"https:\/\/kibrisdakik.com\/?p=6276#primaryimage"},"thumbnailUrl":"https:\/\/kibrisdakik.com\/wp-content\/uploads\/2023\/05\/sanayi-odasi3.jpg","articleSection":["G\u00fcndem"],"inLanguage":"tr","potentialAction":[{"@type":"CommentAction","name":"Comment","target":["https:\/\/kibrisdakik.com\/?p=6276#respond"]}]},{"@type":"WebPage","@id":"https:\/\/kibrisdakik.com\/?p=6276","url":"https:\/\/kibrisdakik.com\/?p=6276","name":"KTSO iki y\u0131ll\u0131k icraat ve hedeflerini payla\u015ft\u0131 -","isPartOf":{"@id":"https:\/\/kibrisdakik.com\/#website"},"primaryImageOfPage":{"@id":"https:\/\/kibrisdakik.com\/?p=6276#primaryimage"},"image":{"@id":"https:\/\/kibrisdakik.com\/?p=6276#primaryimage"},"thumbnailUrl":"https:\/\/kibrisdakik.com\/wp-content\/uploads\/2023\/05\/sanayi-odasi3.jpg","datePublished":"2023-05-04T22:34:02+00:00","author":{"@id":"https:\/\/kibrisdakik.com\/#\/schema\/person\/9cd9d437bbb44f72b73ba127e06d8e79"},"breadcrumb":{"@id":"https:\/\/kibrisdakik.com\/?p=6276#breadcrumb"},"inLanguage":"tr","potentialAction":[{"@type":"ReadAction","target":["https:\/\/kibrisdakik.com\/?p=6276"]}]},{"@type":"ImageObject","inLanguage":"tr","@id":"https:\/\/kibrisdakik.com\/?p=6276#primaryimage","url":"https:\/\/kibrisdakik.com\/wp-content\/uploads\/2023\/05\/sanayi-odasi3.jpg","contentUrl":"https:\/\/kibrisdakik.com\/wp-content\/uploads\/2023\/05\/sanayi-odasi3.jpg","width":728,"height":410},{"@type":"BreadcrumbList","@id":"https:\/\/kibrisdakik.com\/?p=6276#breadcrumb","itemListElement":[{"@type":"ListItem","position":1,"name":"Home","item":"https:\/\/kibrisdakik.com\/"},{"@type":"ListItem","position":2,"name":"KTSO iki y\u0131ll\u0131k icraat ve hedeflerini payla\u015ft\u0131"}]},{"@type":"WebSite","@id":"https:\/\/kibrisdakik.com\/#website","url":"https:\/\/kibrisdakik.com\/","name":"","description":"Tam vaktinde haber","potentialAction":[{"@type":"SearchAction","target":{"@type":"EntryPoint","urlTemplate":"https:\/\/kibrisdakik.com\/?s={search_term_string}"},"query-input":{"@type":"PropertyValueSpecification","valueRequired":true,"valueName":"search_term_string"}}],"inLanguage":"tr"},{"@type":"Person","@id":"https:\/\/kibrisdakik.com\/#\/schema\/person\/9cd9d437bbb44f72b73ba127e06d8e79","name":"admin","image":{"@type":"ImageObject","inLanguage":"tr","@id":"https:\/\/secure.gravatar.com\/avatar\/ccc17943b9d660506c869530f897617f7cb1c21a4bf30023f252596d83e1f007?s=96&d=mm&r=g","url":"https:\/\/secure.gravatar.com\/avatar\/ccc17943b9d660506c869530f897617f7cb1c21a4bf30023f252596d83e1f007?s=96&d=mm&r=g","contentUrl":"https:\/\/secure.gravatar.com\/avatar\/ccc17943b9d660506c869530f897617f7cb1c21a4bf30023f252596d83e1f007?s=96&d=mm&r=g","caption":"admin"},"sameAs":["https:\/\/kibrisdakik.com"],"url":"https:\/\/kibrisdakik.com\/?author=1"}]}},"_links":{"self":[{"href":"https:\/\/kibrisdakik.com\/index.php?rest_route=\/wp\/v2\/posts\/6276","targetHints":{"allow":["GET"]}}],"collection":[{"href":"https:\/\/kibrisdakik.com\/index.php?rest_route=\/wp\/v2\/posts"}],"about":[{"href":"https:\/\/kibrisdakik.com\/index.php?rest_route=\/wp\/v2\/types\/post"}],"author":[{"embeddable":true,"href":"https:\/\/kibrisdakik.com\/index.php?rest_route=\/wp\/v2\/users\/1"}],"replies":[{"embeddable":true,"href":"https:\/\/kibrisdakik.com\/index.php?rest_route=%2Fwp%2Fv2%2Fcomments&post=6276"}],"version-history":[{"count":0,"href":"https:\/\/kibrisdakik.com\/index.php?rest_route=\/wp\/v2\/posts\/6276\/revisions"}],"wp:featuredmedia":[{"embeddable":true,"href":"https:\/\/kibrisdakik.com\/index.php?rest_route=\/wp\/v2\/media\/6277"}],"wp:attachment":[{"href":"https:\/\/kibrisdakik.com\/index.php?rest_route=%2Fwp%2Fv2%2Fmedia&parent=6276"}],"wp:term":[{"taxonomy":"category","embeddable":true,"href":"https:\/\/kibrisdakik.com\/index.php?rest_route=%2Fwp%2Fv2%2Fcategories&post=6276"},{"taxonomy":"post_tag","embeddable":true,"href":"https:\/\/kibrisdakik.com\/index.php?rest_route=%2Fwp%2Fv2%2Ftags&post=6276"}],"curies":[{"name":"wp","href":"https:\/\/api.w.org\/{rel}","templated":true}]}}