{"id":62775,"date":"2024-09-17T10:35:47","date_gmt":"2024-09-17T07:35:47","guid":{"rendered":"https:\/\/kibrisdakik.com\/index.php\/2024\/09\/17\/abd-tayvani-kuflu-vucut-zirhlariyla-mi-koruyacak\/"},"modified":"2024-09-17T10:35:47","modified_gmt":"2024-09-17T07:35:47","slug":"abd-tayvani-kuflu-vucut-zirhlariyla-mi-koruyacak","status":"publish","type":"post","link":"https:\/\/kibrisdakik.com\/?p=62775","title":{"rendered":"ABD, Tayvan&#8217;\u0131 k\u00fcfl\u00fc v\u00fccut z\u0131rhlar\u0131yla m\u0131 koruyacak?"},"content":{"rendered":"<p><\/p>\n<div id=\"\">\n<p>ABD, \u00c7in ile egemenlik ihtilaf\u0131 i\u00e7inde olan  <a class=\"keyword\" href=\"https:\/\/www.haberler.com\/tayvan\/\" title=\"Tayvan Haberleri, Tayvan Haberi, Tayvan Haber\"><strong>Tayvan<\/strong><\/a>&#8216;a yeni bir askeri sat\u0131\u015f i\u00e7in kollar\u0131 s\u0131vad\u0131. Ancak karar hen\u00fcz Pekin&#8217;in tepkisini \u00e7ekmeden, ABD&#8217;nin \u00f6nceki kusurlu teslimat\u0131n\u0131 g\u00fcndeme getirdi. <\/p>\n<p> <a class=\"keyword\" href=\"https:\/\/www.haberler.com\/washington\/\" title=\"Washington Haberleri, Washington Haberi, Washington Haber\"><strong>Washington<\/strong><\/a> y\u00f6netimi, askeri ekipmanlar\u0131n yedek par\u00e7alar\u0131, onar\u0131m\u0131 ve yeniden g\u00f6nderilmesine dair 228 milyon dolar de\u011ferinde muhtemel bir sat\u0131\u015f konusunda &#8220;kararl\u0131&#8221; olundu\u011funu duyurdu.<\/p>\n<p>ABD Savunma Bakanl\u0131\u011f\u0131 (Pentagon), D\u0131\u015fi\u015fleri Bakanl\u0131\u011f\u0131n\u0131n muhtemel bir sat\u0131\u015f\u0131n onay\u0131 y\u00f6n\u00fcnde &#8220;kararl\u0131l\u0131\u011f\u0131n\u0131&#8221; bildirdi\u011fine ili\u015fkin a\u00e7\u0131klama yapt\u0131.<\/p>\n<p>A\u00e7\u0131klamada,  <a class=\"keyword\" href=\"https:\/\/www.haberler.com\/tayvan\/\" title=\"Tayvan Haberleri, Tayvan Haberi, Tayvan Haber\"><strong>Tayvan<\/strong><\/a>&#8216;a sa\u011flanacak askeri ekipmanlar\u0131n yedek par\u00e7alar\u0131, onar\u0131m\u0131 ve yeniden g\u00f6nderimi konusundaki sat\u0131\u015f\u0131n toplam maliyetinin 228 milyon dolar oldu\u011fu belirtildi.<\/p>\n<p>S\u00f6z konusu muhtemel sat\u0131\u015f\u0131n &#8220;b\u00f6lgede siyasi istikrar\u0131n, askeri dengenin ve ekonomik ilerlemenin s\u00fcrd\u00fcr\u00fclmesine yard\u0131mc\u0131 olaca\u011f\u0131na&#8221; i\u015faret edilen a\u00e7\u0131klamada, sat\u0131\u015f\u0131n  <a class=\"keyword\" href=\"https:\/\/www.haberler.com\/tayvan\/\" title=\"Tayvan Haberleri, Tayvan Haberi, Tayvan Haber\"><strong>Tayvan<\/strong><\/a>&#8216;\u0131n mevcut ve gelecekteki tehditlerle ba\u015fa \u00e7\u0131kma yetene\u011fini geli\u015ftirece\u011fi aktar\u0131ld\u0131.<\/p>\n<p><img loading=\"lazy\" decoding=\"async\" class=\"hbptMainImage lazyload ImgDetay\" src=\"https:\/\/foto.haberler.com\/haber\/2024\/09\/17\/abd-tayvan-i-kuflu-vucut-zirhlariyla-mi-17828708_3738_m.jpg\" alt=\"ABD, Tayvan'\u0131 k\u00fcfl\u00fc v\u00fccut z\u0131rhlar\u0131yla m\u0131 koruyacak?\" width=\"640\" height=\"359\"\/><\/p>\n<h3>ABD, TAYVAN&#8217;A ISLAK VE K\u00dcFL\u00dc ZIRHLAR G\u00d6NDERM\u0130\u015eT\u0130<\/h3>\n<p>Savunma Bakanl\u0131\u011f\u0131&#8217;n\u0131n yay\u0131mlad\u0131\u011f\u0131 bir ara\u015ft\u0131rma sonucuna g\u00f6re, Pentagon,  <a class=\"keyword\" href=\"https:\/\/www.haberler.com\/tayvan\/\" title=\"Tayvan Haberleri, Tayvan Haberi, Tayvan Haber\"><strong>Tayvan<\/strong><\/a>&#8216;\u0131n savunmas\u0131n\u0131 g\u00fc\u00e7lendirmeyi ama\u00e7layan silah sevkiyatlar\u0131nda  <a class=\"keyword\" href=\"https:\/\/www.haberler.com\/tayvan\/\" title=\"Tayvan Haberleri, Tayvan Haberi, Tayvan Haber\"><strong>Tayvan<\/strong><\/a>&#8216;a &#8220;\u0131slak ve k\u00fcfl\u00fc v\u00fccut z\u0131rhlar\u0131&#8221; g\u00f6nderdi. Kusurlu \u00fcr\u00fcnler, Biden y\u00f6netiminin temmuz 2023 y\u0131l\u0131nda onaylad\u0131\u011f\u0131 345 milyon dolarl\u0131k pakette yer ald\u0131.<\/p>\n<p>504 palet ekipman\u0131n 340&#8217;tan fazlas\u0131 (yakla\u015f\u0131k %67&#8217;si)  <a class=\"keyword\" href=\"https:\/\/www.haberler.com\/tayvan\/\" title=\"Tayvan Haberleri, Tayvan Haberi, Tayvan Haber\"><strong>Tayvan<\/strong><\/a>&#8216;a u\u00e7u\u015f beklerken Travis Hava Kuvvetleri \u00fcss\u00fcnde \u00fc\u00e7 ay boyunca bekletilirken su hasar\u0131na u\u011frad\u0131. Ara\u015ft\u0131rmaya g\u00f6re, baz\u0131 paletler \u00fcss\u00fcn yeterli depolama tesisine sahip olmamas\u0131 nedeniyle ya\u011fmura, sise, neme ve s\u0131ca\u011fa maruz kald\u0131.<\/p>\n<p>340 su hasarl\u0131 paletin 120&#8217;si  <a class=\"keyword\" href=\"https:\/\/www.haberler.com\/tayvan\/\" title=\"Tayvan Haberleri, Tayvan Haberi, Tayvan Haber\"><strong>Tayvan<\/strong><\/a>&#8216;a teslim edildi ve bunlarda 3.000&#8217;den fazla k\u00fcfl\u00fc v\u00fccut z\u0131rh\u0131 plakas\u0131 ve 500 \u0131slak ve k\u00fcfl\u00fc taktik yelek vard\u0131. Tayvan yetkililerinin ekipman\u0131 a\u00e7\u0131p kurutmak i\u00e7in haftalar harcad\u0131klar\u0131 belirtildi. <\/p>\n<h4 id=\"nwsKeywords\"> <a href=\"https:\/\/www.haberler.com\/uluslararasi-iliskiler\/\" title=\"Uluslararas\u0131 \u0130li\u015fkiler\" class=\"hbptTag\">Uluslararas\u0131 \u0130li\u015fkiler<\/a>  <a href=\"https:\/\/www.haberler.com\/washington\/\" title=\"Washington\" class=\"hbptTag\">Washington<\/a>  <a href=\"https:\/\/www.haberler.com\/politika\/\" title=\"Politika\" class=\"hbptTag\">Politika<\/a>  <a href=\"https:\/\/www.haberler.com\/savunma\/\" title=\"Savunma\" class=\"hbptTag\">Savunma<\/a>  <a href=\"https:\/\/www.haberler.com\/ekonomi\/\" title=\"Ekonomi\" class=\"hbptTag\">Ekonomi<\/a>  <a href=\"https:\/\/www.haberler.com\/guncel\/\" title=\"G\u00fcncel\" class=\"hbptTag\">G\u00fcncel<\/a>  <a href=\"https:\/\/www.haberler.com\/tayvan\/\" title=\"Tayvan\" class=\"hbptTag\">Tayvan<\/a>  <a href=\"https:\/\/www.haberler.com\/dunya\/\" title=\"D\u00fcnya\" class=\"hbptTag\">D\u00fcnya<\/a> <\/h4>\n<\/div>\n","protected":false},"excerpt":{"rendered":"<p>ABD, \u00c7in ile egemenlik ihtilaf\u0131 i\u00e7inde olan Tayvan&#8216;a yeni bir askeri sat\u0131\u015f i\u00e7in kollar\u0131 s\u0131vad\u0131. Ancak karar hen\u00fcz Pekin&#8217;in tepkisini \u00e7ekmeden, ABD&#8217;nin \u00f6nceki kusurlu teslimat\u0131n\u0131 g\u00fcndeme getirdi. Washington y\u00f6netimi, askeri ekipmanlar\u0131n yedek par\u00e7alar\u0131, onar\u0131m\u0131 ve yeniden g\u00f6nderilmesine dair 228 milyon dolar de\u011ferinde muhtemel bir sat\u0131\u015f konusunda &#8220;kararl\u0131&#8221; olundu\u011funu duyurdu. ABD Savunma Bakanl\u0131\u011f\u0131 (Pentagon), D\u0131\u015fi\u015fleri Bakanl\u0131\u011f\u0131n\u0131n<\/p>\n","protected":false},"author":1,"featured_media":62776,"comment_status":"open","ping_status":"open","sticky":false,"template":"","format":"standard","meta":{"footnotes":""},"categories":[83],"tags":[],"class_list":["post-62775","post","type-post","status-publish","format-standard","has-post-thumbnail","hentry","category-magazin"],"yoast_head":"<!-- This site is optimized with the Yoast SEO plugin v27.4 - https:\/\/yoast.com\/product\/yoast-seo-wordpress\/ -->\n<title>ABD, Tayvan&#039;\u0131 k\u00fcfl\u00fc v\u00fccut z\u0131rhlar\u0131yla m\u0131 koruyacak? -<\/title>\n<meta name=\"robots\" content=\"index, follow, max-snippet:-1, max-image-preview:large, max-video-preview:-1\" \/>\n<link rel=\"canonical\" href=\"https:\/\/kibrisdakik.com\/?p=62775\" \/>\n<meta property=\"og:locale\" content=\"tr_TR\" \/>\n<meta property=\"og:type\" content=\"article\" \/>\n<meta property=\"og:title\" content=\"ABD, Tayvan&#039;\u0131 k\u00fcfl\u00fc v\u00fccut z\u0131rhlar\u0131yla m\u0131 koruyacak? -\" \/>\n<meta property=\"og:description\" content=\"ABD, \u00c7in ile egemenlik ihtilaf\u0131 i\u00e7inde olan Tayvan&#8216;a yeni bir askeri sat\u0131\u015f i\u00e7in kollar\u0131 s\u0131vad\u0131. Ancak karar hen\u00fcz Pekin&#8217;in tepkisini \u00e7ekmeden, ABD&#8217;nin \u00f6nceki kusurlu teslimat\u0131n\u0131 g\u00fcndeme getirdi. Washington y\u00f6netimi, askeri ekipmanlar\u0131n yedek par\u00e7alar\u0131, onar\u0131m\u0131 ve yeniden g\u00f6nderilmesine dair 228 milyon dolar de\u011ferinde muhtemel bir sat\u0131\u015f konusunda &#8220;kararl\u0131&#8221; olundu\u011funu duyurdu. ABD Savunma Bakanl\u0131\u011f\u0131 (Pentagon), D\u0131\u015fi\u015fleri Bakanl\u0131\u011f\u0131n\u0131n\" \/>\n<meta property=\"og:url\" content=\"https:\/\/kibrisdakik.com\/?p=62775\" \/>\n<meta property=\"article:published_time\" content=\"2024-09-17T07:35:47+00:00\" \/>\n<meta property=\"og:image\" content=\"https:\/\/kibrisdakik.com\/wp-content\/uploads\/2024\/09\/abd-tayvan-i-kuflu-vucut-zirhlariyla-mi-17828708_3738_m.jpg\" \/>\n\t<meta property=\"og:image:width\" content=\"640\" \/>\n\t<meta property=\"og:image:height\" content=\"360\" \/>\n\t<meta property=\"og:image:type\" content=\"image\/jpeg\" \/>\n<meta name=\"author\" content=\"admin\" \/>\n<meta name=\"twitter:card\" content=\"summary_large_image\" \/>\n<meta name=\"twitter:label1\" content=\"Yazan:\" \/>\n\t<meta name=\"twitter:data1\" content=\"admin\" \/>\n\t<meta name=\"twitter:label2\" content=\"Tahmini okuma s\u00fcresi\" \/>\n\t<meta name=\"twitter:data2\" content=\"2 dakika\" \/>\n<script type=\"application\/ld+json\" class=\"yoast-schema-graph\">{\"@context\":\"https:\\\/\\\/schema.org\",\"@graph\":[{\"@type\":\"Article\",\"@id\":\"https:\\\/\\\/kibrisdakik.com\\\/?p=62775#article\",\"isPartOf\":{\"@id\":\"https:\\\/\\\/kibrisdakik.com\\\/?p=62775\"},\"author\":{\"name\":\"admin\",\"@id\":\"https:\\\/\\\/kibrisdakik.com\\\/#\\\/schema\\\/person\\\/9cd9d437bbb44f72b73ba127e06d8e79\"},\"headline\":\"ABD, Tayvan&#8217;\u0131 k\u00fcfl\u00fc v\u00fccut z\u0131rhlar\u0131yla m\u0131 koruyacak?\",\"datePublished\":\"2024-09-17T07:35:47+00:00\",\"mainEntityOfPage\":{\"@id\":\"https:\\\/\\\/kibrisdakik.com\\\/?p=62775\"},\"wordCount\":344,\"commentCount\":0,\"image\":{\"@id\":\"https:\\\/\\\/kibrisdakik.com\\\/?p=62775#primaryimage\"},\"thumbnailUrl\":\"https:\\\/\\\/kibrisdakik.com\\\/wp-content\\\/uploads\\\/2024\\\/09\\\/abd-tayvan-i-kuflu-vucut-zirhlariyla-mi-17828708_3738_m.jpg\",\"articleSection\":[\"Magazin\"],\"inLanguage\":\"tr\",\"potentialAction\":[{\"@type\":\"CommentAction\",\"name\":\"Comment\",\"target\":[\"https:\\\/\\\/kibrisdakik.com\\\/?p=62775#respond\"]}]},{\"@type\":\"WebPage\",\"@id\":\"https:\\\/\\\/kibrisdakik.com\\\/?p=62775\",\"url\":\"https:\\\/\\\/kibrisdakik.com\\\/?p=62775\",\"name\":\"ABD, Tayvan'\u0131 k\u00fcfl\u00fc v\u00fccut z\u0131rhlar\u0131yla m\u0131 koruyacak? -\",\"isPartOf\":{\"@id\":\"https:\\\/\\\/kibrisdakik.com\\\/#website\"},\"primaryImageOfPage\":{\"@id\":\"https:\\\/\\\/kibrisdakik.com\\\/?p=62775#primaryimage\"},\"image\":{\"@id\":\"https:\\\/\\\/kibrisdakik.com\\\/?p=62775#primaryimage\"},\"thumbnailUrl\":\"https:\\\/\\\/kibrisdakik.com\\\/wp-content\\\/uploads\\\/2024\\\/09\\\/abd-tayvan-i-kuflu-vucut-zirhlariyla-mi-17828708_3738_m.jpg\",\"datePublished\":\"2024-09-17T07:35:47+00:00\",\"author\":{\"@id\":\"https:\\\/\\\/kibrisdakik.com\\\/#\\\/schema\\\/person\\\/9cd9d437bbb44f72b73ba127e06d8e79\"},\"breadcrumb\":{\"@id\":\"https:\\\/\\\/kibrisdakik.com\\\/?p=62775#breadcrumb\"},\"inLanguage\":\"tr\",\"potentialAction\":[{\"@type\":\"ReadAction\",\"target\":[\"https:\\\/\\\/kibrisdakik.com\\\/?p=62775\"]}]},{\"@type\":\"ImageObject\",\"inLanguage\":\"tr\",\"@id\":\"https:\\\/\\\/kibrisdakik.com\\\/?p=62775#primaryimage\",\"url\":\"https:\\\/\\\/kibrisdakik.com\\\/wp-content\\\/uploads\\\/2024\\\/09\\\/abd-tayvan-i-kuflu-vucut-zirhlariyla-mi-17828708_3738_m.jpg\",\"contentUrl\":\"https:\\\/\\\/kibrisdakik.com\\\/wp-content\\\/uploads\\\/2024\\\/09\\\/abd-tayvan-i-kuflu-vucut-zirhlariyla-mi-17828708_3738_m.jpg\",\"width\":640,\"height\":360},{\"@type\":\"BreadcrumbList\",\"@id\":\"https:\\\/\\\/kibrisdakik.com\\\/?p=62775#breadcrumb\",\"itemListElement\":[{\"@type\":\"ListItem\",\"position\":1,\"name\":\"Home\",\"item\":\"https:\\\/\\\/kibrisdakik.com\\\/\"},{\"@type\":\"ListItem\",\"position\":2,\"name\":\"ABD, Tayvan&#8217;\u0131 k\u00fcfl\u00fc v\u00fccut z\u0131rhlar\u0131yla m\u0131 koruyacak?\"}]},{\"@type\":\"WebSite\",\"@id\":\"https:\\\/\\\/kibrisdakik.com\\\/#website\",\"url\":\"https:\\\/\\\/kibrisdakik.com\\\/\",\"name\":\"\",\"description\":\"Tam vaktinde haber\",\"potentialAction\":[{\"@type\":\"SearchAction\",\"target\":{\"@type\":\"EntryPoint\",\"urlTemplate\":\"https:\\\/\\\/kibrisdakik.com\\\/?s={search_term_string}\"},\"query-input\":{\"@type\":\"PropertyValueSpecification\",\"valueRequired\":true,\"valueName\":\"search_term_string\"}}],\"inLanguage\":\"tr\"},{\"@type\":\"Person\",\"@id\":\"https:\\\/\\\/kibrisdakik.com\\\/#\\\/schema\\\/person\\\/9cd9d437bbb44f72b73ba127e06d8e79\",\"name\":\"admin\",\"image\":{\"@type\":\"ImageObject\",\"inLanguage\":\"tr\",\"@id\":\"https:\\\/\\\/secure.gravatar.com\\\/avatar\\\/ccc17943b9d660506c869530f897617f7cb1c21a4bf30023f252596d83e1f007?s=96&d=mm&r=g\",\"url\":\"https:\\\/\\\/secure.gravatar.com\\\/avatar\\\/ccc17943b9d660506c869530f897617f7cb1c21a4bf30023f252596d83e1f007?s=96&d=mm&r=g\",\"contentUrl\":\"https:\\\/\\\/secure.gravatar.com\\\/avatar\\\/ccc17943b9d660506c869530f897617f7cb1c21a4bf30023f252596d83e1f007?s=96&d=mm&r=g\",\"caption\":\"admin\"},\"sameAs\":[\"https:\\\/\\\/kibrisdakik.com\"],\"url\":\"https:\\\/\\\/kibrisdakik.com\\\/?author=1\"}]}<\/script>\n<!-- \/ Yoast SEO plugin. -->","yoast_head_json":{"title":"ABD, Tayvan'\u0131 k\u00fcfl\u00fc v\u00fccut z\u0131rhlar\u0131yla m\u0131 koruyacak? -","robots":{"index":"index","follow":"follow","max-snippet":"max-snippet:-1","max-image-preview":"max-image-preview:large","max-video-preview":"max-video-preview:-1"},"canonical":"https:\/\/kibrisdakik.com\/?p=62775","og_locale":"tr_TR","og_type":"article","og_title":"ABD, Tayvan'\u0131 k\u00fcfl\u00fc v\u00fccut z\u0131rhlar\u0131yla m\u0131 koruyacak? -","og_description":"ABD, \u00c7in ile egemenlik ihtilaf\u0131 i\u00e7inde olan Tayvan&#8216;a yeni bir askeri sat\u0131\u015f i\u00e7in kollar\u0131 s\u0131vad\u0131. Ancak karar hen\u00fcz Pekin&#8217;in tepkisini \u00e7ekmeden, ABD&#8217;nin \u00f6nceki kusurlu teslimat\u0131n\u0131 g\u00fcndeme getirdi. Washington y\u00f6netimi, askeri ekipmanlar\u0131n yedek par\u00e7alar\u0131, onar\u0131m\u0131 ve yeniden g\u00f6nderilmesine dair 228 milyon dolar de\u011ferinde muhtemel bir sat\u0131\u015f konusunda &#8220;kararl\u0131&#8221; olundu\u011funu duyurdu. ABD Savunma Bakanl\u0131\u011f\u0131 (Pentagon), D\u0131\u015fi\u015fleri Bakanl\u0131\u011f\u0131n\u0131n","og_url":"https:\/\/kibrisdakik.com\/?p=62775","article_published_time":"2024-09-17T07:35:47+00:00","og_image":[{"width":640,"height":360,"url":"https:\/\/kibrisdakik.com\/wp-content\/uploads\/2024\/09\/abd-tayvan-i-kuflu-vucut-zirhlariyla-mi-17828708_3738_m.jpg","type":"image\/jpeg"}],"author":"admin","twitter_card":"summary_large_image","twitter_misc":{"Yazan:":"admin","Tahmini okuma s\u00fcresi":"2 dakika"},"schema":{"@context":"https:\/\/schema.org","@graph":[{"@type":"Article","@id":"https:\/\/kibrisdakik.com\/?p=62775#article","isPartOf":{"@id":"https:\/\/kibrisdakik.com\/?p=62775"},"author":{"name":"admin","@id":"https:\/\/kibrisdakik.com\/#\/schema\/person\/9cd9d437bbb44f72b73ba127e06d8e79"},"headline":"ABD, Tayvan&#8217;\u0131 k\u00fcfl\u00fc v\u00fccut z\u0131rhlar\u0131yla m\u0131 koruyacak?","datePublished":"2024-09-17T07:35:47+00:00","mainEntityOfPage":{"@id":"https:\/\/kibrisdakik.com\/?p=62775"},"wordCount":344,"commentCount":0,"image":{"@id":"https:\/\/kibrisdakik.com\/?p=62775#primaryimage"},"thumbnailUrl":"https:\/\/kibrisdakik.com\/wp-content\/uploads\/2024\/09\/abd-tayvan-i-kuflu-vucut-zirhlariyla-mi-17828708_3738_m.jpg","articleSection":["Magazin"],"inLanguage":"tr","potentialAction":[{"@type":"CommentAction","name":"Comment","target":["https:\/\/kibrisdakik.com\/?p=62775#respond"]}]},{"@type":"WebPage","@id":"https:\/\/kibrisdakik.com\/?p=62775","url":"https:\/\/kibrisdakik.com\/?p=62775","name":"ABD, Tayvan'\u0131 k\u00fcfl\u00fc v\u00fccut z\u0131rhlar\u0131yla m\u0131 koruyacak? -","isPartOf":{"@id":"https:\/\/kibrisdakik.com\/#website"},"primaryImageOfPage":{"@id":"https:\/\/kibrisdakik.com\/?p=62775#primaryimage"},"image":{"@id":"https:\/\/kibrisdakik.com\/?p=62775#primaryimage"},"thumbnailUrl":"https:\/\/kibrisdakik.com\/wp-content\/uploads\/2024\/09\/abd-tayvan-i-kuflu-vucut-zirhlariyla-mi-17828708_3738_m.jpg","datePublished":"2024-09-17T07:35:47+00:00","author":{"@id":"https:\/\/kibrisdakik.com\/#\/schema\/person\/9cd9d437bbb44f72b73ba127e06d8e79"},"breadcrumb":{"@id":"https:\/\/kibrisdakik.com\/?p=62775#breadcrumb"},"inLanguage":"tr","potentialAction":[{"@type":"ReadAction","target":["https:\/\/kibrisdakik.com\/?p=62775"]}]},{"@type":"ImageObject","inLanguage":"tr","@id":"https:\/\/kibrisdakik.com\/?p=62775#primaryimage","url":"https:\/\/kibrisdakik.com\/wp-content\/uploads\/2024\/09\/abd-tayvan-i-kuflu-vucut-zirhlariyla-mi-17828708_3738_m.jpg","contentUrl":"https:\/\/kibrisdakik.com\/wp-content\/uploads\/2024\/09\/abd-tayvan-i-kuflu-vucut-zirhlariyla-mi-17828708_3738_m.jpg","width":640,"height":360},{"@type":"BreadcrumbList","@id":"https:\/\/kibrisdakik.com\/?p=62775#breadcrumb","itemListElement":[{"@type":"ListItem","position":1,"name":"Home","item":"https:\/\/kibrisdakik.com\/"},{"@type":"ListItem","position":2,"name":"ABD, Tayvan&#8217;\u0131 k\u00fcfl\u00fc v\u00fccut z\u0131rhlar\u0131yla m\u0131 koruyacak?"}]},{"@type":"WebSite","@id":"https:\/\/kibrisdakik.com\/#website","url":"https:\/\/kibrisdakik.com\/","name":"","description":"Tam vaktinde haber","potentialAction":[{"@type":"SearchAction","target":{"@type":"EntryPoint","urlTemplate":"https:\/\/kibrisdakik.com\/?s={search_term_string}"},"query-input":{"@type":"PropertyValueSpecification","valueRequired":true,"valueName":"search_term_string"}}],"inLanguage":"tr"},{"@type":"Person","@id":"https:\/\/kibrisdakik.com\/#\/schema\/person\/9cd9d437bbb44f72b73ba127e06d8e79","name":"admin","image":{"@type":"ImageObject","inLanguage":"tr","@id":"https:\/\/secure.gravatar.com\/avatar\/ccc17943b9d660506c869530f897617f7cb1c21a4bf30023f252596d83e1f007?s=96&d=mm&r=g","url":"https:\/\/secure.gravatar.com\/avatar\/ccc17943b9d660506c869530f897617f7cb1c21a4bf30023f252596d83e1f007?s=96&d=mm&r=g","contentUrl":"https:\/\/secure.gravatar.com\/avatar\/ccc17943b9d660506c869530f897617f7cb1c21a4bf30023f252596d83e1f007?s=96&d=mm&r=g","caption":"admin"},"sameAs":["https:\/\/kibrisdakik.com"],"url":"https:\/\/kibrisdakik.com\/?author=1"}]}},"_links":{"self":[{"href":"https:\/\/kibrisdakik.com\/index.php?rest_route=\/wp\/v2\/posts\/62775","targetHints":{"allow":["GET"]}}],"collection":[{"href":"https:\/\/kibrisdakik.com\/index.php?rest_route=\/wp\/v2\/posts"}],"about":[{"href":"https:\/\/kibrisdakik.com\/index.php?rest_route=\/wp\/v2\/types\/post"}],"author":[{"embeddable":true,"href":"https:\/\/kibrisdakik.com\/index.php?rest_route=\/wp\/v2\/users\/1"}],"replies":[{"embeddable":true,"href":"https:\/\/kibrisdakik.com\/index.php?rest_route=%2Fwp%2Fv2%2Fcomments&post=62775"}],"version-history":[{"count":0,"href":"https:\/\/kibrisdakik.com\/index.php?rest_route=\/wp\/v2\/posts\/62775\/revisions"}],"wp:featuredmedia":[{"embeddable":true,"href":"https:\/\/kibrisdakik.com\/index.php?rest_route=\/wp\/v2\/media\/62776"}],"wp:attachment":[{"href":"https:\/\/kibrisdakik.com\/index.php?rest_route=%2Fwp%2Fv2%2Fmedia&parent=62775"}],"wp:term":[{"taxonomy":"category","embeddable":true,"href":"https:\/\/kibrisdakik.com\/index.php?rest_route=%2Fwp%2Fv2%2Fcategories&post=62775"},{"taxonomy":"post_tag","embeddable":true,"href":"https:\/\/kibrisdakik.com\/index.php?rest_route=%2Fwp%2Fv2%2Ftags&post=62775"}],"curies":[{"name":"wp","href":"https:\/\/api.w.org\/{rel}","templated":true}]}}