{"id":62786,"date":"2024-09-17T12:53:54","date_gmt":"2024-09-17T09:53:54","guid":{"rendered":"https:\/\/kibrisdakik.com\/index.php\/2024\/09\/17\/maras-saglik-merkezi-temeli-atildi\/"},"modified":"2024-09-17T12:53:54","modified_gmt":"2024-09-17T09:53:54","slug":"maras-saglik-merkezi-temeli-atildi","status":"publish","type":"post","link":"https:\/\/kibrisdakik.com\/?p=62786","title":{"rendered":"Mara\u015f Sa\u011fl\u0131k Merkezi temeli at\u0131ld\u0131"},"content":{"rendered":"<div>\n<div class=\"mariselle-image-container center\">\n                                            <\/div>\n<p>Gazima\u011fusa\u2019da, Mara\u015f b\u00f6lgesine in\u015fa edilecek \u201cMara\u015f Sa\u011fl\u0131k Merkezi\u201d temeli bug\u00fcn d\u00fczenlenen t\u00f6renle at\u0131ld\u0131. <\/p>\n<p>T\u00fcrkiye Cumhuriyeti Lefko\u015fa B\u00fcy\u00fckel\u00e7ili\u011fi ve KE\u0130 katk\u0131lar\u0131yla yap\u0131lacak Mara\u015f Sa\u011fl\u0131k Merkezi Temel Atma T\u00f6renine, Ba\u015fbakan \u00dcnal \u00dcstel, T\u00fcrkiye Cumhuriyeti Lefko\u015fa B\u00fcy\u00fckel\u00e7isi Yasin Erkem Serim, Sa\u011fl\u0131k Bakan\u0131 Hakan Din\u00e7y\u00fcrek, \u0130\u00e7i\u015fleri Bakan\u0131 Dursun O\u011fuz ve di\u011fer yetkililer kat\u0131ld\u0131. <\/p>\n<p>Sa\u011fl\u0131k Bakan\u0131 Hakan Din\u00e7y\u00fcrek, temel atma t\u00f6reninde yapt\u0131\u011f\u0131 konu\u015fmada, bin metrekare olarak planlanan Mara\u015f Sa\u011fl\u0131k Merkezi\u2019nin temel atma t\u00f6renine kat\u0131lan herkese te\u015fekk\u00fcr etti. <\/p>\n<p>Sa\u011fl\u0131\u011fa verdikleri \u00f6nemi vurgulayan ve \u00fclkenin her alan\u0131nda sa\u011fl\u0131\u011f\u0131 ve altyap\u0131y\u0131 geli\u015ftirmek i\u00e7in T\u00fcrkiye Cumhuriyeti\u2019nin de deste\u011fiyle yapt\u0131klar\u0131 \u00e7al\u0131\u015fmalar\u0131 anlatan Din\u00e7y\u00fcrek, T\u00fcrkiye Cumhuriyeti Cumhurba\u015fkan\u0131 Recep Tayyip Erdo\u011fan ba\u015fta olmak \u00fczere t\u00fcm yetkililere \u015f\u00fckranlar\u0131n\u0131 sundu. <\/p>\n<p>Merkezin 2025 y\u0131l\u0131n\u0131n ilk aylar\u0131nda hizmete girmesini hedeflediklerini ifade eden Din\u00e7y\u00fcrek, \u00fclkeye, Gazima\u011fusa\u2019ya hay\u0131rl\u0131 olmas\u0131 temennisinde bulundu. <\/p>\n<p>\u00dclkede istikrar\u0131n sa\u011flanmas\u0131n\u0131n \u00f6nemine vurgu yapan Din\u00e7y\u00fcrek, bu istikrar sayesinde bug\u00fcn bu yat\u0131r\u0131mlar\u0131 yapt\u0131klar\u0131n\u0131 s\u00f6yledi. <\/p>\n<p>Ba\u015fbakan \u00dcnal \u00dcstel de, temel atma t\u00f6renine, bu g\u00fczel olaya kat\u0131lan herkese te\u015fekk\u00fcr etti, Anavatan T\u00fcrkiye Cumhuriyeti ile birlikte uyum i\u00e7inde \u00e7al\u0131\u015farak her alana hizmet g\u00f6t\u00fcrd\u00fcklerini kaydetti. <\/p>\n<p>G\u00f6reve geldikten sonra ba\u015fta uzun y\u0131l at\u0131l kalan Ercan Havaliman\u0131, anayollar, k\u00f6y yollar\u0131 gibi projelere a\u011f\u0131rl\u0131k verdiklerini ifade eden \u00dcstel, sa\u011fl\u0131k alan\u0131na verilen de\u011feri de anlatt\u0131. <\/p>\n<p>T\u00fcrkiye Cumhuriyeti destekleriyle halka hizmet g\u00f6t\u00fcrd\u00fcklerini ifade eden \u00dcstel, Mara\u015f \u00f6zelinde yollar, su altyap\u0131s\u0131 ve sa\u011fl\u0131k yat\u0131r\u0131m\u0131 yapt\u0131klar\u0131n\u0131 s\u00f6yledi. <\/p>\n<p>Halka ne s\u00f6z verdilerse onlar\u0131 yerine getirmek i\u00e7in h\u0131zla \u00e7al\u0131\u015ft\u0131klar\u0131n\u0131 belirten \u00dcstel, \u015fimdi s\u0131ran\u0131n Girne \u00c7atalk\u00f6y, Dipkarpaz ve di\u011fer b\u00f6lgelerde oldu\u011funu belirtti. <\/p>\n<p>\u00dcstel, gen\u00e7lerin b\u00f6lgelerinde ev yapmas\u0131 yerle\u015fmesi yeni ev yapabilmesi amac\u0131yla kredi kullanabilmesi, sosyal konut gibi projeler i\u00e7in \u00e7al\u0131\u015fmalar yapt\u0131klar\u0131n\u0131, yasal d\u00fczenlemelerin de tamamlanaca\u011f\u0131n\u0131 ifade etti. <\/p>\n<p>Sa\u011fl\u0131\u011fa verdikleri \u00f6nemi vurgulayan \u00dcstel, \u015fimdi de sa\u011fl\u0131\u011fa b\u00fcy\u00fck bir yat\u0131r\u0131m yapt\u0131klar\u0131n\u0131, 2025 y\u0131l\u0131 i\u00e7inde hizmete girece\u011fini s\u00f6yledi. <\/p>\n<p>Ba\u015fbakan \u00dcstel, Pamuklu\u2019ya da ge\u00e7mi\u015fte verilen s\u00f6z\u00fc kendilerinin yerine getirece\u011fini ifade ederek, bunun yan\u0131nda uzun G\u00fczelyurt Hastanesini de bitireceklerini vurgulad\u0131. <\/p>\n<p>Girne b\u00f6lgesinde de yeni Ak\u00e7i\u00e7ek Hastanesi\u2019nin y\u0131l sonunda hizmete a\u00e7\u0131laca\u011f\u0131n\u0131 belirten \u00dcstel, Girne Askeri Hastanesi\u2019nde de halka hizmet verilece\u011fini an\u0131msatt\u0131, T\u00fcrkiye Cumhuriyeti ile yap\u0131lan protokole de\u011findi. <\/p>\n<p>Lapta Alsancak b\u00f6lgesindeki sa\u011fl\u0131k oca\u011f\u0131n\u0131 da yenileyip b\u00fcy\u00fcteceklerini, y\u0131l sonunda buray\u0131 da a\u00e7may\u0131 hedeflediklerini s\u00f6yleyen \u00dcstel, De\u011firmenlik b\u00f6lgesinde de yeni sa\u011fl\u0131k oca\u011f\u0131n\u0131n 2025 y\u0131l\u0131nda a\u00e7\u0131laca\u011f\u0131n\u0131 kaydetti. <\/p>\n<p>\u00dcstel, \u015eampiyon Melekleri de anarak, deprem riskine kar\u015f\u0131 yap\u0131lan \u00e7al\u0131\u015fmalar\u0131 anlatt\u0131. <\/p>\n<p>Lefko\u015fa Dr. Burhan Nalbanto\u011flu Devlet Hastanesi\u2019ni de be\u015f y\u0131ld\u0131zl\u0131 otel seviyesinde halka hizmet vermesi i\u00e7in geli\u015ftirmek i\u00e7in \u00e7al\u0131\u015fmalar yapt\u0131klar\u0131n\u0131 ifade eden \u00dcstel, ila\u00e7ta, re\u00e7etede otomasyon sistemi getirdiklerini belirtti. <\/p>\n<p>2027 y\u0131l\u0131na kadar h\u00fck\u00fcmetin devam edece\u011fini ve T\u00fcrkiye Cumhuriyeti ile birlikte halka hizmet g\u00f6t\u00fcrmeye devam edeceklerini ifade eden \u00dcstel, yat\u0131r\u0131mlar\u0131n \u00fclkeye hay\u0131rl\u0131 olmas\u0131n\u0131 temenni etti.<br \/>Konu\u015fmalar\u0131n ard\u0131ndan merkezin temeli at\u0131ld\u0131. <\/p>\n<p>Ba\u015fbakan \u00dcnal \u00dcstel, buradan Gazima\u011fusa Devlet Hastanesi yeni do\u011fan yo\u011fun bak\u0131m servisi a\u00e7\u0131l\u0131\u015f\u0131n\u0131 yapacak.<\/p>\n<\/p><\/div>\n<p><script async\n                    defer\n                    crossorigin=\"anonymous\"\n                    src=\"https:\/\/connect.facebook.net\/tr_TR\/sdk.js#xfbml=1&#038;version=v3.3\"\n            ><\/script><\/p>\n","protected":false},"excerpt":{"rendered":"<p>Gazima\u011fusa\u2019da, Mara\u015f b\u00f6lgesine in\u015fa edilecek \u201cMara\u015f Sa\u011fl\u0131k Merkezi\u201d temeli bug\u00fcn d\u00fczenlenen t\u00f6renle at\u0131ld\u0131. T\u00fcrkiye Cumhuriyeti Lefko\u015fa B\u00fcy\u00fckel\u00e7ili\u011fi ve KE\u0130 katk\u0131lar\u0131yla yap\u0131lacak Mara\u015f Sa\u011fl\u0131k Merkezi Temel Atma T\u00f6renine, Ba\u015fbakan \u00dcnal \u00dcstel, T\u00fcrkiye Cumhuriyeti Lefko\u015fa B\u00fcy\u00fckel\u00e7isi Yasin Erkem Serim, Sa\u011fl\u0131k Bakan\u0131 Hakan Din\u00e7y\u00fcrek, \u0130\u00e7i\u015fleri Bakan\u0131 Dursun O\u011fuz ve di\u011fer yetkililer kat\u0131ld\u0131. Sa\u011fl\u0131k Bakan\u0131 Hakan Din\u00e7y\u00fcrek, temel atma<\/p>\n","protected":false},"author":1,"featured_media":62787,"comment_status":"open","ping_status":"open","sticky":false,"template":"","format":"standard","meta":{"footnotes":""},"categories":[81],"tags":[],"class_list":["post-62786","post","type-post","status-publish","format-standard","has-post-thumbnail","hentry","category-kibris"],"yoast_head":"<!-- This site is optimized with the Yoast SEO plugin v27.5 - https:\/\/yoast.com\/product\/yoast-seo-wordpress\/ -->\n<title>Mara\u015f Sa\u011fl\u0131k Merkezi temeli at\u0131ld\u0131 -<\/title>\n<meta name=\"robots\" content=\"index, follow, max-snippet:-1, max-image-preview:large, max-video-preview:-1\" \/>\n<link rel=\"canonical\" href=\"https:\/\/kibrisdakik.com\/?p=62786\" \/>\n<meta property=\"og:locale\" content=\"tr_TR\" \/>\n<meta property=\"og:type\" content=\"article\" \/>\n<meta property=\"og:title\" content=\"Mara\u015f Sa\u011fl\u0131k Merkezi temeli at\u0131ld\u0131 -\" \/>\n<meta property=\"og:description\" content=\"Gazima\u011fusa\u2019da, Mara\u015f b\u00f6lgesine in\u015fa edilecek \u201cMara\u015f Sa\u011fl\u0131k Merkezi\u201d temeli bug\u00fcn d\u00fczenlenen t\u00f6renle at\u0131ld\u0131. T\u00fcrkiye Cumhuriyeti Lefko\u015fa B\u00fcy\u00fckel\u00e7ili\u011fi ve KE\u0130 katk\u0131lar\u0131yla yap\u0131lacak Mara\u015f Sa\u011fl\u0131k Merkezi Temel Atma T\u00f6renine, Ba\u015fbakan \u00dcnal \u00dcstel, T\u00fcrkiye Cumhuriyeti Lefko\u015fa B\u00fcy\u00fckel\u00e7isi Yasin Erkem Serim, Sa\u011fl\u0131k Bakan\u0131 Hakan Din\u00e7y\u00fcrek, \u0130\u00e7i\u015fleri Bakan\u0131 Dursun O\u011fuz ve di\u011fer yetkililer kat\u0131ld\u0131. Sa\u011fl\u0131k Bakan\u0131 Hakan Din\u00e7y\u00fcrek, temel atma\" \/>\n<meta property=\"og:url\" content=\"https:\/\/kibrisdakik.com\/?p=62786\" \/>\n<meta property=\"article:published_time\" content=\"2024-09-17T09:53:54+00:00\" \/>\n<meta property=\"og:image\" content=\"https:\/\/kibrisdakik.com\/wp-content\/uploads\/2024\/09\/ustel-maras-saglik-merkezi-6--740x420.jpg\" \/>\n\t<meta property=\"og:image:width\" content=\"1920\" \/>\n\t<meta property=\"og:image:height\" content=\"1280\" \/>\n\t<meta property=\"og:image:type\" content=\"image\/jpeg\" \/>\n<meta name=\"author\" content=\"admin\" \/>\n<meta name=\"twitter:card\" content=\"summary_large_image\" \/>\n<meta name=\"twitter:label1\" content=\"Yazan:\" \/>\n\t<meta name=\"twitter:data1\" content=\"admin\" \/>\n\t<meta name=\"twitter:label2\" content=\"Tahmini okuma s\u00fcresi\" \/>\n\t<meta name=\"twitter:data2\" content=\"3 dakika\" \/>\n<script type=\"application\/ld+json\" class=\"yoast-schema-graph\">{\"@context\":\"https:\\\/\\\/schema.org\",\"@graph\":[{\"@type\":\"Article\",\"@id\":\"https:\\\/\\\/kibrisdakik.com\\\/?p=62786#article\",\"isPartOf\":{\"@id\":\"https:\\\/\\\/kibrisdakik.com\\\/?p=62786\"},\"author\":{\"name\":\"admin\",\"@id\":\"https:\\\/\\\/kibrisdakik.com\\\/#\\\/schema\\\/person\\\/9cd9d437bbb44f72b73ba127e06d8e79\"},\"headline\":\"Mara\u015f Sa\u011fl\u0131k Merkezi temeli at\u0131ld\u0131\",\"datePublished\":\"2024-09-17T09:53:54+00:00\",\"mainEntityOfPage\":{\"@id\":\"https:\\\/\\\/kibrisdakik.com\\\/?p=62786\"},\"wordCount\":674,\"commentCount\":0,\"image\":{\"@id\":\"https:\\\/\\\/kibrisdakik.com\\\/?p=62786#primaryimage\"},\"thumbnailUrl\":\"https:\\\/\\\/kibrisdakik.com\\\/wp-content\\\/uploads\\\/2024\\\/09\\\/ustel-maras-saglik-merkezi-6--740x420.jpg\",\"articleSection\":[\"K\u0131br\u0131s\"],\"inLanguage\":\"tr\",\"potentialAction\":[{\"@type\":\"CommentAction\",\"name\":\"Comment\",\"target\":[\"https:\\\/\\\/kibrisdakik.com\\\/?p=62786#respond\"]}]},{\"@type\":\"WebPage\",\"@id\":\"https:\\\/\\\/kibrisdakik.com\\\/?p=62786\",\"url\":\"https:\\\/\\\/kibrisdakik.com\\\/?p=62786\",\"name\":\"Mara\u015f Sa\u011fl\u0131k Merkezi temeli at\u0131ld\u0131 -\",\"isPartOf\":{\"@id\":\"https:\\\/\\\/kibrisdakik.com\\\/#website\"},\"primaryImageOfPage\":{\"@id\":\"https:\\\/\\\/kibrisdakik.com\\\/?p=62786#primaryimage\"},\"image\":{\"@id\":\"https:\\\/\\\/kibrisdakik.com\\\/?p=62786#primaryimage\"},\"thumbnailUrl\":\"https:\\\/\\\/kibrisdakik.com\\\/wp-content\\\/uploads\\\/2024\\\/09\\\/ustel-maras-saglik-merkezi-6--740x420.jpg\",\"datePublished\":\"2024-09-17T09:53:54+00:00\",\"author\":{\"@id\":\"https:\\\/\\\/kibrisdakik.com\\\/#\\\/schema\\\/person\\\/9cd9d437bbb44f72b73ba127e06d8e79\"},\"breadcrumb\":{\"@id\":\"https:\\\/\\\/kibrisdakik.com\\\/?p=62786#breadcrumb\"},\"inLanguage\":\"tr\",\"potentialAction\":[{\"@type\":\"ReadAction\",\"target\":[\"https:\\\/\\\/kibrisdakik.com\\\/?p=62786\"]}]},{\"@type\":\"ImageObject\",\"inLanguage\":\"tr\",\"@id\":\"https:\\\/\\\/kibrisdakik.com\\\/?p=62786#primaryimage\",\"url\":\"https:\\\/\\\/kibrisdakik.com\\\/wp-content\\\/uploads\\\/2024\\\/09\\\/ustel-maras-saglik-merkezi-6--740x420.jpg\",\"contentUrl\":\"https:\\\/\\\/kibrisdakik.com\\\/wp-content\\\/uploads\\\/2024\\\/09\\\/ustel-maras-saglik-merkezi-6--740x420.jpg\",\"width\":1920,\"height\":1280},{\"@type\":\"BreadcrumbList\",\"@id\":\"https:\\\/\\\/kibrisdakik.com\\\/?p=62786#breadcrumb\",\"itemListElement\":[{\"@type\":\"ListItem\",\"position\":1,\"name\":\"Home\",\"item\":\"https:\\\/\\\/kibrisdakik.com\\\/\"},{\"@type\":\"ListItem\",\"position\":2,\"name\":\"Mara\u015f Sa\u011fl\u0131k Merkezi temeli at\u0131ld\u0131\"}]},{\"@type\":\"WebSite\",\"@id\":\"https:\\\/\\\/kibrisdakik.com\\\/#website\",\"url\":\"https:\\\/\\\/kibrisdakik.com\\\/\",\"name\":\"\",\"description\":\"Tam vaktinde haber\",\"potentialAction\":[{\"@type\":\"SearchAction\",\"target\":{\"@type\":\"EntryPoint\",\"urlTemplate\":\"https:\\\/\\\/kibrisdakik.com\\\/?s={search_term_string}\"},\"query-input\":{\"@type\":\"PropertyValueSpecification\",\"valueRequired\":true,\"valueName\":\"search_term_string\"}}],\"inLanguage\":\"tr\"},{\"@type\":\"Person\",\"@id\":\"https:\\\/\\\/kibrisdakik.com\\\/#\\\/schema\\\/person\\\/9cd9d437bbb44f72b73ba127e06d8e79\",\"name\":\"admin\",\"image\":{\"@type\":\"ImageObject\",\"inLanguage\":\"tr\",\"@id\":\"https:\\\/\\\/secure.gravatar.com\\\/avatar\\\/ccc17943b9d660506c869530f897617f7cb1c21a4bf30023f252596d83e1f007?s=96&d=mm&r=g\",\"url\":\"https:\\\/\\\/secure.gravatar.com\\\/avatar\\\/ccc17943b9d660506c869530f897617f7cb1c21a4bf30023f252596d83e1f007?s=96&d=mm&r=g\",\"contentUrl\":\"https:\\\/\\\/secure.gravatar.com\\\/avatar\\\/ccc17943b9d660506c869530f897617f7cb1c21a4bf30023f252596d83e1f007?s=96&d=mm&r=g\",\"caption\":\"admin\"},\"sameAs\":[\"https:\\\/\\\/kibrisdakik.com\"],\"url\":\"https:\\\/\\\/kibrisdakik.com\\\/?author=1\"}]}<\/script>\n<!-- \/ Yoast SEO plugin. -->","yoast_head_json":{"title":"Mara\u015f Sa\u011fl\u0131k Merkezi temeli at\u0131ld\u0131 -","robots":{"index":"index","follow":"follow","max-snippet":"max-snippet:-1","max-image-preview":"max-image-preview:large","max-video-preview":"max-video-preview:-1"},"canonical":"https:\/\/kibrisdakik.com\/?p=62786","og_locale":"tr_TR","og_type":"article","og_title":"Mara\u015f Sa\u011fl\u0131k Merkezi temeli at\u0131ld\u0131 -","og_description":"Gazima\u011fusa\u2019da, Mara\u015f b\u00f6lgesine in\u015fa edilecek \u201cMara\u015f Sa\u011fl\u0131k Merkezi\u201d temeli bug\u00fcn d\u00fczenlenen t\u00f6renle at\u0131ld\u0131. T\u00fcrkiye Cumhuriyeti Lefko\u015fa B\u00fcy\u00fckel\u00e7ili\u011fi ve KE\u0130 katk\u0131lar\u0131yla yap\u0131lacak Mara\u015f Sa\u011fl\u0131k Merkezi Temel Atma T\u00f6renine, Ba\u015fbakan \u00dcnal \u00dcstel, T\u00fcrkiye Cumhuriyeti Lefko\u015fa B\u00fcy\u00fckel\u00e7isi Yasin Erkem Serim, Sa\u011fl\u0131k Bakan\u0131 Hakan Din\u00e7y\u00fcrek, \u0130\u00e7i\u015fleri Bakan\u0131 Dursun O\u011fuz ve di\u011fer yetkililer kat\u0131ld\u0131. Sa\u011fl\u0131k Bakan\u0131 Hakan Din\u00e7y\u00fcrek, temel atma","og_url":"https:\/\/kibrisdakik.com\/?p=62786","article_published_time":"2024-09-17T09:53:54+00:00","og_image":[{"width":1920,"height":1280,"url":"https:\/\/kibrisdakik.com\/wp-content\/uploads\/2024\/09\/ustel-maras-saglik-merkezi-6--740x420.jpg","type":"image\/jpeg"}],"author":"admin","twitter_card":"summary_large_image","twitter_misc":{"Yazan:":"admin","Tahmini okuma s\u00fcresi":"3 dakika"},"schema":{"@context":"https:\/\/schema.org","@graph":[{"@type":"Article","@id":"https:\/\/kibrisdakik.com\/?p=62786#article","isPartOf":{"@id":"https:\/\/kibrisdakik.com\/?p=62786"},"author":{"name":"admin","@id":"https:\/\/kibrisdakik.com\/#\/schema\/person\/9cd9d437bbb44f72b73ba127e06d8e79"},"headline":"Mara\u015f Sa\u011fl\u0131k Merkezi temeli at\u0131ld\u0131","datePublished":"2024-09-17T09:53:54+00:00","mainEntityOfPage":{"@id":"https:\/\/kibrisdakik.com\/?p=62786"},"wordCount":674,"commentCount":0,"image":{"@id":"https:\/\/kibrisdakik.com\/?p=62786#primaryimage"},"thumbnailUrl":"https:\/\/kibrisdakik.com\/wp-content\/uploads\/2024\/09\/ustel-maras-saglik-merkezi-6--740x420.jpg","articleSection":["K\u0131br\u0131s"],"inLanguage":"tr","potentialAction":[{"@type":"CommentAction","name":"Comment","target":["https:\/\/kibrisdakik.com\/?p=62786#respond"]}]},{"@type":"WebPage","@id":"https:\/\/kibrisdakik.com\/?p=62786","url":"https:\/\/kibrisdakik.com\/?p=62786","name":"Mara\u015f Sa\u011fl\u0131k Merkezi temeli at\u0131ld\u0131 -","isPartOf":{"@id":"https:\/\/kibrisdakik.com\/#website"},"primaryImageOfPage":{"@id":"https:\/\/kibrisdakik.com\/?p=62786#primaryimage"},"image":{"@id":"https:\/\/kibrisdakik.com\/?p=62786#primaryimage"},"thumbnailUrl":"https:\/\/kibrisdakik.com\/wp-content\/uploads\/2024\/09\/ustel-maras-saglik-merkezi-6--740x420.jpg","datePublished":"2024-09-17T09:53:54+00:00","author":{"@id":"https:\/\/kibrisdakik.com\/#\/schema\/person\/9cd9d437bbb44f72b73ba127e06d8e79"},"breadcrumb":{"@id":"https:\/\/kibrisdakik.com\/?p=62786#breadcrumb"},"inLanguage":"tr","potentialAction":[{"@type":"ReadAction","target":["https:\/\/kibrisdakik.com\/?p=62786"]}]},{"@type":"ImageObject","inLanguage":"tr","@id":"https:\/\/kibrisdakik.com\/?p=62786#primaryimage","url":"https:\/\/kibrisdakik.com\/wp-content\/uploads\/2024\/09\/ustel-maras-saglik-merkezi-6--740x420.jpg","contentUrl":"https:\/\/kibrisdakik.com\/wp-content\/uploads\/2024\/09\/ustel-maras-saglik-merkezi-6--740x420.jpg","width":1920,"height":1280},{"@type":"BreadcrumbList","@id":"https:\/\/kibrisdakik.com\/?p=62786#breadcrumb","itemListElement":[{"@type":"ListItem","position":1,"name":"Home","item":"https:\/\/kibrisdakik.com\/"},{"@type":"ListItem","position":2,"name":"Mara\u015f Sa\u011fl\u0131k Merkezi temeli at\u0131ld\u0131"}]},{"@type":"WebSite","@id":"https:\/\/kibrisdakik.com\/#website","url":"https:\/\/kibrisdakik.com\/","name":"","description":"Tam vaktinde haber","potentialAction":[{"@type":"SearchAction","target":{"@type":"EntryPoint","urlTemplate":"https:\/\/kibrisdakik.com\/?s={search_term_string}"},"query-input":{"@type":"PropertyValueSpecification","valueRequired":true,"valueName":"search_term_string"}}],"inLanguage":"tr"},{"@type":"Person","@id":"https:\/\/kibrisdakik.com\/#\/schema\/person\/9cd9d437bbb44f72b73ba127e06d8e79","name":"admin","image":{"@type":"ImageObject","inLanguage":"tr","@id":"https:\/\/secure.gravatar.com\/avatar\/ccc17943b9d660506c869530f897617f7cb1c21a4bf30023f252596d83e1f007?s=96&d=mm&r=g","url":"https:\/\/secure.gravatar.com\/avatar\/ccc17943b9d660506c869530f897617f7cb1c21a4bf30023f252596d83e1f007?s=96&d=mm&r=g","contentUrl":"https:\/\/secure.gravatar.com\/avatar\/ccc17943b9d660506c869530f897617f7cb1c21a4bf30023f252596d83e1f007?s=96&d=mm&r=g","caption":"admin"},"sameAs":["https:\/\/kibrisdakik.com"],"url":"https:\/\/kibrisdakik.com\/?author=1"}]}},"_links":{"self":[{"href":"https:\/\/kibrisdakik.com\/index.php?rest_route=\/wp\/v2\/posts\/62786","targetHints":{"allow":["GET"]}}],"collection":[{"href":"https:\/\/kibrisdakik.com\/index.php?rest_route=\/wp\/v2\/posts"}],"about":[{"href":"https:\/\/kibrisdakik.com\/index.php?rest_route=\/wp\/v2\/types\/post"}],"author":[{"embeddable":true,"href":"https:\/\/kibrisdakik.com\/index.php?rest_route=\/wp\/v2\/users\/1"}],"replies":[{"embeddable":true,"href":"https:\/\/kibrisdakik.com\/index.php?rest_route=%2Fwp%2Fv2%2Fcomments&post=62786"}],"version-history":[{"count":0,"href":"https:\/\/kibrisdakik.com\/index.php?rest_route=\/wp\/v2\/posts\/62786\/revisions"}],"wp:featuredmedia":[{"embeddable":true,"href":"https:\/\/kibrisdakik.com\/index.php?rest_route=\/wp\/v2\/media\/62787"}],"wp:attachment":[{"href":"https:\/\/kibrisdakik.com\/index.php?rest_route=%2Fwp%2Fv2%2Fmedia&parent=62786"}],"wp:term":[{"taxonomy":"category","embeddable":true,"href":"https:\/\/kibrisdakik.com\/index.php?rest_route=%2Fwp%2Fv2%2Fcategories&post=62786"},{"taxonomy":"post_tag","embeddable":true,"href":"https:\/\/kibrisdakik.com\/index.php?rest_route=%2Fwp%2Fv2%2Ftags&post=62786"}],"curies":[{"name":"wp","href":"https:\/\/api.w.org\/{rel}","templated":true}]}}