{"id":62813,"date":"2024-09-17T14:37:31","date_gmt":"2024-09-17T11:37:31","guid":{"rendered":"https:\/\/kibrisdakik.com\/index.php\/2024\/09\/17\/telsim-freezone-liselerarasi-muzik-yarismasinin-11incisi-icin-imzalar-atildi\/"},"modified":"2024-09-17T14:37:31","modified_gmt":"2024-09-17T11:37:31","slug":"telsim-freezone-liselerarasi-muzik-yarismasinin-11incisi-icin-imzalar-atildi","status":"publish","type":"post","link":"https:\/\/kibrisdakik.com\/?p=62813","title":{"rendered":"TELS\u0130M Freezone Liseleraras\u0131 M\u00fczik Yar\u0131\u015fmas\u0131\u2019n\u0131n 11\u2019incisi i\u00e7in imzalar at\u0131ld\u0131"},"content":{"rendered":"<p> <br \/>\n<\/p>\n<div>\n<div class=\"mariselle-image-container center\">\n                <img loading=\"lazy\" decoding=\"async\" width=\"2560\" height=\"1437\" class=\"lazy-image\" alt=\"\" sizes=\"auto, (max-width: 2560px) 100vw, 2560px\" src=\"https:\/\/brtk.net\/wp-content\/uploads\/2024\/09\/17\/meb-telsim-freezone-protokol-1-scaled.jpg?ver=c7020d09c9975c0bf0e1acc07ad65ccf\" srcset=\"https:\/\/brtk.net\/wp-content\/uploads\/2024\/09\/17\/meb-telsim-freezone-protokol-1-scaled.jpg?ver=c7020d09c9975c0bf0e1acc07ad65ccf 2560w, https:\/\/brtk.net\/wp-content\/uploads\/2024\/09\/17\/meb-telsim-freezone-protokol-1-300x168.jpg?ver=ba9e729711bbab3151d8f9e911601aa3 300w, https:\/\/brtk.net\/wp-content\/uploads\/2024\/09\/17\/meb-telsim-freezone-protokol-1-1024x575.jpg?ver=28c638903dce444765e29e42a4ba5555 1024w, https:\/\/brtk.net\/wp-content\/uploads\/2024\/09\/17\/meb-telsim-freezone-protokol-1-768x431.jpg?ver=28c638903dce444765e29e42a4ba5555 768w, https:\/\/brtk.net\/wp-content\/uploads\/2024\/09\/17\/meb-telsim-freezone-protokol-1-1536x862.jpg?ver=d623762cc1e3d26109dcabb6c6efff36 1536w, https:\/\/brtk.net\/wp-content\/uploads\/2024\/09\/17\/meb-telsim-freezone-protokol-1-2048x1150.jpg?ver=ec6673e0f2a70b900ef0d695182fab5f 2048w\"\/>                            <\/div>\n<p>Milli E\u011fitim Bakanl\u0131\u011f\u0131 ile Telsim, \u201c11. Telsim Freezone Liseleraras\u0131 M\u00fczik Yar\u0131\u015fmas\u0131\u201d i\u00e7in protokol imzalad\u0131. <\/p>\n<p>Milli E\u011fitim Bakanl\u0131\u011f\u0131\u2019ndan verilen bilgiye g\u00f6re, Telsim Freezone 11\u2019inci Liseleraras\u0131 M\u00fczik Yar\u0131\u015fmas\u0131 protokol\u00fcne Milli E\u011fitim Bakan\u0131 Naz\u0131m \u00c7avu\u015fo\u011flu ile Telsim Genel M\u00fcd\u00fcr\u00fc Sefer T\u00fcz ve Telsim Genel M\u00fcd\u00fcr Yard\u0131mc\u0131s\u0131 Fevzi Tanp\u0131nar imza koydu. <\/p>\n<p>Milli E\u011fitim Bakan\u0131 Naz\u0131m \u00c7avu\u015fo\u011flu imza t\u00f6reninde yapt\u0131\u011f\u0131 konu\u015fmada, \u00f6\u011frencilerin akademik geli\u015fiminin yan\u0131nda sosyal, k\u00fclt\u00fcrel, sportif ve sanatsal geli\u015fimlerini de \u00f6nde tuttuklar\u0131n\u0131, yar\u0131\u015fmay\u0131 Telsim ile yapmaktan b\u00fcy\u00fck bir mutluluk duyduklar\u0131n\u0131 ifade etti.<\/p>\n<p>\u00c7ocuklar\u0131n yeteneklerinin ortaya \u00e7\u0131kar\u0131lmas\u0131nda \u00f6\u011fretmenlere ve Telsim\u2019e katk\u0131lar\u0131ndan dolay\u0131 te\u015fekk\u00fcr eden \u00c7avu\u015fo\u011flu, bu t\u00fcr yar\u0131\u015fmalar\u0131n \u00f6\u011frencileri motive etti\u011fini ve geli\u015fimlerine katk\u0131 koydu\u011funu s\u00f6yledi. <\/p>\n<p>Bir\u00e7ok alanda hedefleri ve hobileri olan nesiller yeti\u015ftirmek istediklerini belirten \u00c7avu\u015fo\u011flu, \u201cBu halk bizim, bu \u00e7ocuklar bizim. Birlikte onlara ne kadar destek olabilirsek, onlar da gelecekte bu toplumu daha da ileriye ta\u015f\u0131yacakt\u0131r\u201d dedi.<\/p>\n<p>Telsim Genel M\u00fcd\u00fcr\u00fc Sefer T\u00fcz ise, Telsim Freezone Liseleraras\u0131 M\u00fczik Yar\u0131\u015fmas\u0131\u2019n\u0131n 11\u2019incisini d\u00fczenlemekten mutluluk duyduklar\u0131n\u0131 ifade etti ve \u201cTelsim Freezone Liseleraras\u0131 M\u00fczik Yar\u0131\u015fmas\u0131 <a href=\"https:\/\/brtk.net\/\">KKTC<\/a>\u2019de gen\u00e7ler taraf\u0131ndan en \u00e7ok ilgi g\u00f6ren organizasyonlar\u0131n ba\u015f\u0131nda geliyor ve bu da bizi \u00e7ok mutlu ediyor\u201d dedi. <\/p>\n<p>Ge\u00e7en y\u0131l rekor bir kat\u0131l\u0131mla ger\u00e7ekle\u015fen Telsim Freezone Liseleraras\u0131 M\u00fczik Yar\u0131\u015fmas\u0131\u2019na 25 liseden toplam 29 grubun kat\u0131ld\u0131\u011f\u0131n\u0131 anlatan T\u00fcz, gen\u00e7lerin bu yar\u0131\u015fmay\u0131 \u00e7ok sahiplendi\u011fini, bunun da kendilerine ne kadar do\u011fru bir i\u015f yapt\u0131klar\u0131n\u0131 g\u00f6sterdi\u011fini ifade etti. <\/p>\n<p>T\u00fcz, \u201cBug\u00fcne kadar toplam 1366 \u00f6\u011frenci yar\u0131\u015fmaya kat\u0131larak sahnede kendini g\u00f6sterme imkan\u0131 buldu. Gen\u00e7lerin m\u00fczi\u011fe olan heyecan\u0131, tutkusu bizleri bu yar\u0131\u015fmay\u0131 ger\u00e7ekle\u015ftirmemizde te\u015fvik eden ve uzun y\u0131llar s\u00fcrd\u00fcrmemize sebep olan en temel duygudur. Bu yar\u0131\u015fma ile gen\u00e7ler sosyal risklerden uzakla\u015f\u0131yorlar, beraber \u00e7al\u0131\u015farak dostluk ba\u011flar\u0131n\u0131 geli\u015ftiriyorlar ve tak\u0131m\u0131n par\u00e7as\u0131 olman\u0131n \u00f6nemini kavr\u0131yorlar. Bu gibi yar\u0131\u015fmalar gen\u00e7lerin yeteneklerini ortaya \u00e7\u0131kart\u0131yor ve farkl\u0131 alanlardaki yeteneklerini ke\u015ffetmelerine neden oluyor\u201d diye konu\u015ftu. <\/p>\n<p>T\u00fcm liselerin yar\u0131\u015fmaya kat\u0131lmas\u0131n\u0131 arzu ettiklerini belirten T\u00fcz, \u201cUmar\u0131z ki uzun y\u0131llar daha yar\u0131\u015fmam\u0131z\u0131 s\u00fcrd\u00fcr\u00fcr ve onlar\u0131n hayallerini ger\u00e7ekle\u015ftirmelerinde ortak oluruz.\u201d dedi. <\/p>\n<p>\u201c\u0130\u00e7indeki Yetene\u011fi Keyfet\u201d slogan\u0131yla d\u00fczenlenen yar\u0131\u015fmaya ba\u015fvurular\u0131n ekim ay\u0131ndan itibaren aral\u0131k sonuna kadar kabul edilece\u011fi ve yar\u0131\u015fman\u0131n finalinin Nisan 2025\u2019te olaca\u011f\u0131 belirtildi.<\/p>\n<\/p><\/div>\n<p><script async\n                    defer\n                    crossorigin=\"anonymous\"\n                    src=\"https:\/\/connect.facebook.net\/tr_TR\/sdk.js#xfbml=1&#038;version=v3.3\"\n            ><\/script><br \/>\n<br \/><br \/>\n<br \/><a href=\"https:\/\/brtk.net\/telsim-freezone-liselerarasi-muzik-yarismasinin-11incisi-icin-imzalar-atildi\/\">kpostasi <\/a><\/p>\n","protected":false},"excerpt":{"rendered":"<p>Milli E\u011fitim Bakanl\u0131\u011f\u0131 ile Telsim, \u201c11. Telsim Freezone Liseleraras\u0131 M\u00fczik Yar\u0131\u015fmas\u0131\u201d i\u00e7in protokol imzalad\u0131. Milli E\u011fitim Bakanl\u0131\u011f\u0131\u2019ndan verilen bilgiye g\u00f6re, Telsim Freezone 11\u2019inci Liseleraras\u0131 M\u00fczik Yar\u0131\u015fmas\u0131 protokol\u00fcne Milli E\u011fitim Bakan\u0131 Naz\u0131m \u00c7avu\u015fo\u011flu ile Telsim Genel M\u00fcd\u00fcr\u00fc Sefer T\u00fcz ve Telsim Genel M\u00fcd\u00fcr Yard\u0131mc\u0131s\u0131 Fevzi Tanp\u0131nar imza koydu. Milli E\u011fitim Bakan\u0131 Naz\u0131m \u00c7avu\u015fo\u011flu imza t\u00f6reninde yapt\u0131\u011f\u0131<\/p>\n","protected":false},"author":1,"featured_media":62814,"comment_status":"open","ping_status":"open","sticky":false,"template":"","format":"standard","meta":{"footnotes":""},"categories":[1,81],"tags":[],"class_list":["post-62813","post","type-post","status-publish","format-standard","has-post-thumbnail","hentry","category-gundem","category-kibris"],"yoast_head":"<!-- This site is optimized with the Yoast SEO plugin v27.5 - https:\/\/yoast.com\/product\/yoast-seo-wordpress\/ -->\n<title>TELS\u0130M Freezone Liseleraras\u0131 M\u00fczik Yar\u0131\u015fmas\u0131\u2019n\u0131n 11\u2019incisi i\u00e7in imzalar at\u0131ld\u0131 -<\/title>\n<meta name=\"robots\" content=\"index, follow, max-snippet:-1, max-image-preview:large, max-video-preview:-1\" \/>\n<link rel=\"canonical\" href=\"https:\/\/kibrisdakik.com\/?p=62813\" \/>\n<meta property=\"og:locale\" content=\"tr_TR\" \/>\n<meta property=\"og:type\" content=\"article\" \/>\n<meta property=\"og:title\" content=\"TELS\u0130M Freezone Liseleraras\u0131 M\u00fczik Yar\u0131\u015fmas\u0131\u2019n\u0131n 11\u2019incisi i\u00e7in imzalar at\u0131ld\u0131 -\" \/>\n<meta property=\"og:description\" content=\"Milli E\u011fitim Bakanl\u0131\u011f\u0131 ile Telsim, \u201c11. Telsim Freezone Liseleraras\u0131 M\u00fczik Yar\u0131\u015fmas\u0131\u201d i\u00e7in protokol imzalad\u0131. Milli E\u011fitim Bakanl\u0131\u011f\u0131\u2019ndan verilen bilgiye g\u00f6re, Telsim Freezone 11\u2019inci Liseleraras\u0131 M\u00fczik Yar\u0131\u015fmas\u0131 protokol\u00fcne Milli E\u011fitim Bakan\u0131 Naz\u0131m \u00c7avu\u015fo\u011flu ile Telsim Genel M\u00fcd\u00fcr\u00fc Sefer T\u00fcz ve Telsim Genel M\u00fcd\u00fcr Yard\u0131mc\u0131s\u0131 Fevzi Tanp\u0131nar imza koydu. Milli E\u011fitim Bakan\u0131 Naz\u0131m \u00c7avu\u015fo\u011flu imza t\u00f6reninde yapt\u0131\u011f\u0131\" \/>\n<meta property=\"og:url\" content=\"https:\/\/kibrisdakik.com\/?p=62813\" \/>\n<meta property=\"article:published_time\" content=\"2024-09-17T11:37:31+00:00\" \/>\n<meta property=\"og:image\" content=\"https:\/\/kibrisdakik.com\/wp-content\/uploads\/2024\/09\/meb-telsim-freezone-protokol-1-scaled-740x420.jpg\" \/>\n\t<meta property=\"og:image:width\" content=\"2560\" \/>\n\t<meta property=\"og:image:height\" content=\"1437\" \/>\n\t<meta property=\"og:image:type\" content=\"image\/jpeg\" \/>\n<meta name=\"author\" content=\"admin\" \/>\n<meta name=\"twitter:card\" content=\"summary_large_image\" \/>\n<meta name=\"twitter:label1\" content=\"Yazan:\" \/>\n\t<meta name=\"twitter:data1\" content=\"admin\" \/>\n\t<meta name=\"twitter:label2\" content=\"Tahmini okuma s\u00fcresi\" \/>\n\t<meta name=\"twitter:data2\" content=\"2 dakika\" \/>\n<script type=\"application\/ld+json\" class=\"yoast-schema-graph\">{\"@context\":\"https:\\\/\\\/schema.org\",\"@graph\":[{\"@type\":\"Article\",\"@id\":\"https:\\\/\\\/kibrisdakik.com\\\/?p=62813#article\",\"isPartOf\":{\"@id\":\"https:\\\/\\\/kibrisdakik.com\\\/?p=62813\"},\"author\":{\"name\":\"admin\",\"@id\":\"https:\\\/\\\/kibrisdakik.com\\\/#\\\/schema\\\/person\\\/9cd9d437bbb44f72b73ba127e06d8e79\"},\"headline\":\"TELS\u0130M Freezone Liseleraras\u0131 M\u00fczik Yar\u0131\u015fmas\u0131\u2019n\u0131n 11\u2019incisi i\u00e7in imzalar at\u0131ld\u0131\",\"datePublished\":\"2024-09-17T11:37:31+00:00\",\"mainEntityOfPage\":{\"@id\":\"https:\\\/\\\/kibrisdakik.com\\\/?p=62813\"},\"wordCount\":494,\"commentCount\":0,\"image\":{\"@id\":\"https:\\\/\\\/kibrisdakik.com\\\/?p=62813#primaryimage\"},\"thumbnailUrl\":\"https:\\\/\\\/kibrisdakik.com\\\/wp-content\\\/uploads\\\/2024\\\/09\\\/meb-telsim-freezone-protokol-1-scaled-740x420.jpg\",\"articleSection\":[\"G\u00fcndem\",\"K\u0131br\u0131s\"],\"inLanguage\":\"tr\",\"potentialAction\":[{\"@type\":\"CommentAction\",\"name\":\"Comment\",\"target\":[\"https:\\\/\\\/kibrisdakik.com\\\/?p=62813#respond\"]}]},{\"@type\":\"WebPage\",\"@id\":\"https:\\\/\\\/kibrisdakik.com\\\/?p=62813\",\"url\":\"https:\\\/\\\/kibrisdakik.com\\\/?p=62813\",\"name\":\"TELS\u0130M Freezone Liseleraras\u0131 M\u00fczik Yar\u0131\u015fmas\u0131\u2019n\u0131n 11\u2019incisi i\u00e7in imzalar at\u0131ld\u0131 -\",\"isPartOf\":{\"@id\":\"https:\\\/\\\/kibrisdakik.com\\\/#website\"},\"primaryImageOfPage\":{\"@id\":\"https:\\\/\\\/kibrisdakik.com\\\/?p=62813#primaryimage\"},\"image\":{\"@id\":\"https:\\\/\\\/kibrisdakik.com\\\/?p=62813#primaryimage\"},\"thumbnailUrl\":\"https:\\\/\\\/kibrisdakik.com\\\/wp-content\\\/uploads\\\/2024\\\/09\\\/meb-telsim-freezone-protokol-1-scaled-740x420.jpg\",\"datePublished\":\"2024-09-17T11:37:31+00:00\",\"author\":{\"@id\":\"https:\\\/\\\/kibrisdakik.com\\\/#\\\/schema\\\/person\\\/9cd9d437bbb44f72b73ba127e06d8e79\"},\"breadcrumb\":{\"@id\":\"https:\\\/\\\/kibrisdakik.com\\\/?p=62813#breadcrumb\"},\"inLanguage\":\"tr\",\"potentialAction\":[{\"@type\":\"ReadAction\",\"target\":[\"https:\\\/\\\/kibrisdakik.com\\\/?p=62813\"]}]},{\"@type\":\"ImageObject\",\"inLanguage\":\"tr\",\"@id\":\"https:\\\/\\\/kibrisdakik.com\\\/?p=62813#primaryimage\",\"url\":\"https:\\\/\\\/kibrisdakik.com\\\/wp-content\\\/uploads\\\/2024\\\/09\\\/meb-telsim-freezone-protokol-1-scaled-740x420.jpg\",\"contentUrl\":\"https:\\\/\\\/kibrisdakik.com\\\/wp-content\\\/uploads\\\/2024\\\/09\\\/meb-telsim-freezone-protokol-1-scaled-740x420.jpg\",\"width\":2560,\"height\":1437},{\"@type\":\"BreadcrumbList\",\"@id\":\"https:\\\/\\\/kibrisdakik.com\\\/?p=62813#breadcrumb\",\"itemListElement\":[{\"@type\":\"ListItem\",\"position\":1,\"name\":\"Home\",\"item\":\"https:\\\/\\\/kibrisdakik.com\\\/\"},{\"@type\":\"ListItem\",\"position\":2,\"name\":\"TELS\u0130M Freezone Liseleraras\u0131 M\u00fczik Yar\u0131\u015fmas\u0131\u2019n\u0131n 11\u2019incisi i\u00e7in imzalar at\u0131ld\u0131\"}]},{\"@type\":\"WebSite\",\"@id\":\"https:\\\/\\\/kibrisdakik.com\\\/#website\",\"url\":\"https:\\\/\\\/kibrisdakik.com\\\/\",\"name\":\"\",\"description\":\"Tam vaktinde haber\",\"potentialAction\":[{\"@type\":\"SearchAction\",\"target\":{\"@type\":\"EntryPoint\",\"urlTemplate\":\"https:\\\/\\\/kibrisdakik.com\\\/?s={search_term_string}\"},\"query-input\":{\"@type\":\"PropertyValueSpecification\",\"valueRequired\":true,\"valueName\":\"search_term_string\"}}],\"inLanguage\":\"tr\"},{\"@type\":\"Person\",\"@id\":\"https:\\\/\\\/kibrisdakik.com\\\/#\\\/schema\\\/person\\\/9cd9d437bbb44f72b73ba127e06d8e79\",\"name\":\"admin\",\"image\":{\"@type\":\"ImageObject\",\"inLanguage\":\"tr\",\"@id\":\"https:\\\/\\\/secure.gravatar.com\\\/avatar\\\/ccc17943b9d660506c869530f897617f7cb1c21a4bf30023f252596d83e1f007?s=96&d=mm&r=g\",\"url\":\"https:\\\/\\\/secure.gravatar.com\\\/avatar\\\/ccc17943b9d660506c869530f897617f7cb1c21a4bf30023f252596d83e1f007?s=96&d=mm&r=g\",\"contentUrl\":\"https:\\\/\\\/secure.gravatar.com\\\/avatar\\\/ccc17943b9d660506c869530f897617f7cb1c21a4bf30023f252596d83e1f007?s=96&d=mm&r=g\",\"caption\":\"admin\"},\"sameAs\":[\"https:\\\/\\\/kibrisdakik.com\"],\"url\":\"https:\\\/\\\/kibrisdakik.com\\\/?author=1\"}]}<\/script>\n<!-- \/ Yoast SEO plugin. -->","yoast_head_json":{"title":"TELS\u0130M Freezone Liseleraras\u0131 M\u00fczik Yar\u0131\u015fmas\u0131\u2019n\u0131n 11\u2019incisi i\u00e7in imzalar at\u0131ld\u0131 -","robots":{"index":"index","follow":"follow","max-snippet":"max-snippet:-1","max-image-preview":"max-image-preview:large","max-video-preview":"max-video-preview:-1"},"canonical":"https:\/\/kibrisdakik.com\/?p=62813","og_locale":"tr_TR","og_type":"article","og_title":"TELS\u0130M Freezone Liseleraras\u0131 M\u00fczik Yar\u0131\u015fmas\u0131\u2019n\u0131n 11\u2019incisi i\u00e7in imzalar at\u0131ld\u0131 -","og_description":"Milli E\u011fitim Bakanl\u0131\u011f\u0131 ile Telsim, \u201c11. Telsim Freezone Liseleraras\u0131 M\u00fczik Yar\u0131\u015fmas\u0131\u201d i\u00e7in protokol imzalad\u0131. Milli E\u011fitim Bakanl\u0131\u011f\u0131\u2019ndan verilen bilgiye g\u00f6re, Telsim Freezone 11\u2019inci Liseleraras\u0131 M\u00fczik Yar\u0131\u015fmas\u0131 protokol\u00fcne Milli E\u011fitim Bakan\u0131 Naz\u0131m \u00c7avu\u015fo\u011flu ile Telsim Genel M\u00fcd\u00fcr\u00fc Sefer T\u00fcz ve Telsim Genel M\u00fcd\u00fcr Yard\u0131mc\u0131s\u0131 Fevzi Tanp\u0131nar imza koydu. Milli E\u011fitim Bakan\u0131 Naz\u0131m \u00c7avu\u015fo\u011flu imza t\u00f6reninde yapt\u0131\u011f\u0131","og_url":"https:\/\/kibrisdakik.com\/?p=62813","article_published_time":"2024-09-17T11:37:31+00:00","og_image":[{"width":2560,"height":1437,"url":"https:\/\/kibrisdakik.com\/wp-content\/uploads\/2024\/09\/meb-telsim-freezone-protokol-1-scaled-740x420.jpg","type":"image\/jpeg"}],"author":"admin","twitter_card":"summary_large_image","twitter_misc":{"Yazan:":"admin","Tahmini okuma s\u00fcresi":"2 dakika"},"schema":{"@context":"https:\/\/schema.org","@graph":[{"@type":"Article","@id":"https:\/\/kibrisdakik.com\/?p=62813#article","isPartOf":{"@id":"https:\/\/kibrisdakik.com\/?p=62813"},"author":{"name":"admin","@id":"https:\/\/kibrisdakik.com\/#\/schema\/person\/9cd9d437bbb44f72b73ba127e06d8e79"},"headline":"TELS\u0130M Freezone Liseleraras\u0131 M\u00fczik Yar\u0131\u015fmas\u0131\u2019n\u0131n 11\u2019incisi i\u00e7in imzalar at\u0131ld\u0131","datePublished":"2024-09-17T11:37:31+00:00","mainEntityOfPage":{"@id":"https:\/\/kibrisdakik.com\/?p=62813"},"wordCount":494,"commentCount":0,"image":{"@id":"https:\/\/kibrisdakik.com\/?p=62813#primaryimage"},"thumbnailUrl":"https:\/\/kibrisdakik.com\/wp-content\/uploads\/2024\/09\/meb-telsim-freezone-protokol-1-scaled-740x420.jpg","articleSection":["G\u00fcndem","K\u0131br\u0131s"],"inLanguage":"tr","potentialAction":[{"@type":"CommentAction","name":"Comment","target":["https:\/\/kibrisdakik.com\/?p=62813#respond"]}]},{"@type":"WebPage","@id":"https:\/\/kibrisdakik.com\/?p=62813","url":"https:\/\/kibrisdakik.com\/?p=62813","name":"TELS\u0130M Freezone Liseleraras\u0131 M\u00fczik Yar\u0131\u015fmas\u0131\u2019n\u0131n 11\u2019incisi i\u00e7in imzalar at\u0131ld\u0131 -","isPartOf":{"@id":"https:\/\/kibrisdakik.com\/#website"},"primaryImageOfPage":{"@id":"https:\/\/kibrisdakik.com\/?p=62813#primaryimage"},"image":{"@id":"https:\/\/kibrisdakik.com\/?p=62813#primaryimage"},"thumbnailUrl":"https:\/\/kibrisdakik.com\/wp-content\/uploads\/2024\/09\/meb-telsim-freezone-protokol-1-scaled-740x420.jpg","datePublished":"2024-09-17T11:37:31+00:00","author":{"@id":"https:\/\/kibrisdakik.com\/#\/schema\/person\/9cd9d437bbb44f72b73ba127e06d8e79"},"breadcrumb":{"@id":"https:\/\/kibrisdakik.com\/?p=62813#breadcrumb"},"inLanguage":"tr","potentialAction":[{"@type":"ReadAction","target":["https:\/\/kibrisdakik.com\/?p=62813"]}]},{"@type":"ImageObject","inLanguage":"tr","@id":"https:\/\/kibrisdakik.com\/?p=62813#primaryimage","url":"https:\/\/kibrisdakik.com\/wp-content\/uploads\/2024\/09\/meb-telsim-freezone-protokol-1-scaled-740x420.jpg","contentUrl":"https:\/\/kibrisdakik.com\/wp-content\/uploads\/2024\/09\/meb-telsim-freezone-protokol-1-scaled-740x420.jpg","width":2560,"height":1437},{"@type":"BreadcrumbList","@id":"https:\/\/kibrisdakik.com\/?p=62813#breadcrumb","itemListElement":[{"@type":"ListItem","position":1,"name":"Home","item":"https:\/\/kibrisdakik.com\/"},{"@type":"ListItem","position":2,"name":"TELS\u0130M Freezone Liseleraras\u0131 M\u00fczik Yar\u0131\u015fmas\u0131\u2019n\u0131n 11\u2019incisi i\u00e7in imzalar at\u0131ld\u0131"}]},{"@type":"WebSite","@id":"https:\/\/kibrisdakik.com\/#website","url":"https:\/\/kibrisdakik.com\/","name":"","description":"Tam vaktinde haber","potentialAction":[{"@type":"SearchAction","target":{"@type":"EntryPoint","urlTemplate":"https:\/\/kibrisdakik.com\/?s={search_term_string}"},"query-input":{"@type":"PropertyValueSpecification","valueRequired":true,"valueName":"search_term_string"}}],"inLanguage":"tr"},{"@type":"Person","@id":"https:\/\/kibrisdakik.com\/#\/schema\/person\/9cd9d437bbb44f72b73ba127e06d8e79","name":"admin","image":{"@type":"ImageObject","inLanguage":"tr","@id":"https:\/\/secure.gravatar.com\/avatar\/ccc17943b9d660506c869530f897617f7cb1c21a4bf30023f252596d83e1f007?s=96&d=mm&r=g","url":"https:\/\/secure.gravatar.com\/avatar\/ccc17943b9d660506c869530f897617f7cb1c21a4bf30023f252596d83e1f007?s=96&d=mm&r=g","contentUrl":"https:\/\/secure.gravatar.com\/avatar\/ccc17943b9d660506c869530f897617f7cb1c21a4bf30023f252596d83e1f007?s=96&d=mm&r=g","caption":"admin"},"sameAs":["https:\/\/kibrisdakik.com"],"url":"https:\/\/kibrisdakik.com\/?author=1"}]}},"_links":{"self":[{"href":"https:\/\/kibrisdakik.com\/index.php?rest_route=\/wp\/v2\/posts\/62813","targetHints":{"allow":["GET"]}}],"collection":[{"href":"https:\/\/kibrisdakik.com\/index.php?rest_route=\/wp\/v2\/posts"}],"about":[{"href":"https:\/\/kibrisdakik.com\/index.php?rest_route=\/wp\/v2\/types\/post"}],"author":[{"embeddable":true,"href":"https:\/\/kibrisdakik.com\/index.php?rest_route=\/wp\/v2\/users\/1"}],"replies":[{"embeddable":true,"href":"https:\/\/kibrisdakik.com\/index.php?rest_route=%2Fwp%2Fv2%2Fcomments&post=62813"}],"version-history":[{"count":0,"href":"https:\/\/kibrisdakik.com\/index.php?rest_route=\/wp\/v2\/posts\/62813\/revisions"}],"wp:featuredmedia":[{"embeddable":true,"href":"https:\/\/kibrisdakik.com\/index.php?rest_route=\/wp\/v2\/media\/62814"}],"wp:attachment":[{"href":"https:\/\/kibrisdakik.com\/index.php?rest_route=%2Fwp%2Fv2%2Fmedia&parent=62813"}],"wp:term":[{"taxonomy":"category","embeddable":true,"href":"https:\/\/kibrisdakik.com\/index.php?rest_route=%2Fwp%2Fv2%2Fcategories&post=62813"},{"taxonomy":"post_tag","embeddable":true,"href":"https:\/\/kibrisdakik.com\/index.php?rest_route=%2Fwp%2Fv2%2Ftags&post=62813"}],"curies":[{"name":"wp","href":"https:\/\/api.w.org\/{rel}","templated":true}]}}