{"id":62819,"date":"2024-09-17T14:42:48","date_gmt":"2024-09-17T11:42:48","guid":{"rendered":"https:\/\/kibrisdakik.com\/index.php\/2024\/09\/17\/kktcde-gecen-hafta-82-trafik-kazasi-meydana-geldi-iki-kisi-oldu-28-kisi-yaralandi\/"},"modified":"2024-09-17T14:42:48","modified_gmt":"2024-09-17T11:42:48","slug":"kktcde-gecen-hafta-82-trafik-kazasi-meydana-geldi-iki-kisi-oldu-28-kisi-yaralandi","status":"publish","type":"post","link":"https:\/\/kibrisdakik.com\/?p=62819","title":{"rendered":"KKTC\u2019de ge\u00e7en hafta 82 trafik kazas\u0131 meydana geldi\u2026 \u0130ki ki\u015fi \u00f6ld\u00fc, 28 ki\u015fi yaraland\u0131"},"content":{"rendered":"<p><\/p>\n<div>\n<div class=\"mariselle-image-container center\">\n                <img loading=\"lazy\" decoding=\"async\" width=\"952\" height=\"984\" class=\"lazy-image\" alt=\"\" sizes=\"auto, (max-width: 952px) 100vw, 952px\" src=\"https:\/\/brtk.net\/wp-content\/uploads\/2024\/09\/15\/polis-tamam21.jpeg?ver=db0bd383bbe22888cfe34e68ce93b12a\" srcset=\"https:\/\/brtk.net\/wp-content\/uploads\/2024\/09\/15\/polis-tamam21.jpeg?ver=db0bd383bbe22888cfe34e68ce93b12a 952w, https:\/\/brtk.net\/wp-content\/uploads\/2024\/09\/15\/polis-tamam21-290x300.jpeg?ver=a810b49dfc25caf94353425d694a0f51 290w, https:\/\/brtk.net\/wp-content\/uploads\/2024\/09\/15\/polis-tamam21-768x794.jpeg?ver=a810b49dfc25caf94353425d694a0f51 768w\"\/>                            <\/div>\n<p><a href=\"https:\/\/brtk.net\/\">KKTC<\/a>\u2019de ge\u00e7en hafta meydana gelen 82 trafik kazas\u0131nda iki ki\u015fi ya\u015fam\u0131n\u0131 yitirdi, 28 ki\u015fi yaraland\u0131.<\/p>\n<p>Polisten yap\u0131lan a\u00e7\u0131klamaya g\u00f6re, 9-15 Eyl\u00fcl tarihlerini kapsayan s\u00fcre i\u00e7erisinde, <a href=\"https:\/\/brtk.net\/\">KKTC<\/a>\u2018de 82 trafik kazas\u0131 meydana geldi, kazalar\u0131n ikisi \u00f6l\u00fcm, 20\u2019si yaralanma ve 60\u2019\u0131 hasarla sonu\u00e7land\u0131.<\/p>\n<p>\u00d6l\u00fcmle neticelenen kazalarda iki ki\u015fi ya\u015fam\u0131n\u0131 yitirirken, yaralanma ile neticelenen kazalarda 28 ki\u015fi yaraland\u0131.<\/p>\n<p>D\u00f6nem i\u00e7erisinde meydana gelen trafik kaza sebepleri; 24\u2019\u00fc s\u00fcratli ara\u00e7 kullanmak, 19\u2019u dikkatsiz s\u00fcr\u00fc\u015f yapmak, 16\u2019s\u0131 kav\u015fakta durmamak, 14\u2019\u00fc yak\u0131n takip ve 9\u2019u di\u011fer etkenler olarak yer ald\u0131.<\/p>\n<p>Kazalar sonucu olu\u015fan toplam hasar miktar\u0131 4 milyon 808 bin 122 TL olarak a\u00e7\u0131kland\u0131.<\/p>\n<p>Kazalar\u0131n il\u00e7elere g\u00f6re da\u011f\u0131l\u0131m\u0131 ise \u015f\u00f6yle:<\/p>\n<p>\u201cLefko\u015fa 30, Gazima\u011fusa 17, Girne 22, G\u00fczelyurt 6 ve iskele 7\u201d<\/p>\n<p>-Trafik denetimlerinde 13 bin 791 ara\u00e7 s\u00fcr\u00fcc\u00fcs\u00fc kontrol edildi<\/p>\n<p>\u00d6te yandan 9 -15 Eyl\u00fcl tarihleri aras\u0131nda, \u00fclke genelinde polis taraf\u0131ndan yap\u0131lan trafik denetimlerinde, 13 bin 791 ara\u00e7 s\u00fcr\u00fcc\u00fcs\u00fc kontrol edilirken, 2 bin 462 ara\u00e7 s\u00fcr\u00fcc\u00fcs\u00fc rapor edilerek aleyhlerinde yasal i\u015flem ba\u015flat\u0131ld\u0131.<\/p>\n<p>Su\u00e7lar\u0131n da\u011f\u0131l\u0131m\u0131 \u015f\u00f6yle:<\/p>\n<p>\u201cS\u00fcrat ( 707 ) , Mobil Ara\u00e7 \u0130le Tespit Edilen S\u00fcrat Su\u00e7lar\u0131 ( 152 ) , Tehlikeli S\u00fcr\u00fc\u015f ( 19 ), Dikkatsiz S\u00fcr\u00fc\u015f (51 ), Seyr\u00fcsefer Ruhsats\u0131z Ara\u00e7 Kullanmak ( 255 ), S\u00fcr\u00fc\u015f Ehliyetsiz Ara\u00e7 Kullanmak ( 12 ), Alkoll\u00fc \u0130\u00e7ki Tesiri Alt\u0131nda Ara\u00e7 Kullanmak ( 68 ), S\u00fcr\u00fc\u015f Esnas\u0131nda Cep Telefonu Kullanmak ( 219 ), Emniyet Kemeri Takmadan Ara\u00e7 Kullanmak ( 77 ), Trafik Levha ve \u0130\u015faretlerine Uymamak ( 164 ), Trafik I\u015f\u0131klar\u0131na Uymamak ( 7 ), Muayenesiz Ara\u00e7 Kullanmak ( 68 ), Sigortas\u0131z veya Kapsam\u0131 D\u0131\u015f\u0131nda Ara\u00e7 Kullanmak ( 42 ), Yolcu Ta\u015f\u0131ma \u201cT\u201d \u0130\u015fletme \u0130zinsiz Ara\u00e7 Kullanmak ( 64 ), \u00d6zel E\u015fya Ta\u015f\u0131ma \u201cB\u201d \u0130\u015fletme \u0130zinsiz Ara\u00e7 Kullanmak ( 38 ), Arac\u0131n Camlar\u0131na G\u00f6r\u00fc\u015f\u00fc Engelleyici Cam Filmi Yap\u0131\u015ft\u0131rmak ( 14 ), Koruyucu Ba\u015fl\u0131k Takmadan Motosiklet Kullanmak ( 4 ), I\u015f\u0131k Kurallar\u0131na Uymamak veya Yetersiz I\u015f\u0131kla Ara\u00e7 Kullanmak ( 15 ) ve 638 di\u011fer trafik su\u00e7lar\u0131ndan rapor edildi.  Toplam 196 ara\u00e7 trafikten men edilirken, 5 s\u00fcr\u00fcc\u00fc tutukland\u0131\u201d<\/p>\n<\/p><\/div>\n<p><script async\n                    defer\n                    crossorigin=\"anonymous\"\n                    src=\"https:\/\/connect.facebook.net\/tr_TR\/sdk.js#xfbml=1&#038;version=v3.3\"\n            ><\/script><\/p>\n","protected":false},"excerpt":{"rendered":"<p>KKTC\u2019de ge\u00e7en hafta meydana gelen 82 trafik kazas\u0131nda iki ki\u015fi ya\u015fam\u0131n\u0131 yitirdi, 28 ki\u015fi yaraland\u0131. Polisten yap\u0131lan a\u00e7\u0131klamaya g\u00f6re, 9-15 Eyl\u00fcl tarihlerini kapsayan s\u00fcre i\u00e7erisinde, KKTC\u2018de 82 trafik kazas\u0131 meydana geldi, kazalar\u0131n ikisi \u00f6l\u00fcm, 20\u2019si yaralanma ve 60\u2019\u0131 hasarla sonu\u00e7land\u0131. \u00d6l\u00fcmle neticelenen kazalarda iki ki\u015fi ya\u015fam\u0131n\u0131 yitirirken, yaralanma ile neticelenen kazalarda 28 ki\u015fi yaraland\u0131. D\u00f6nem<\/p>\n","protected":false},"author":1,"featured_media":62313,"comment_status":"open","ping_status":"open","sticky":false,"template":"","format":"standard","meta":{"footnotes":""},"categories":[1],"tags":[],"class_list":["post-62819","post","type-post","status-publish","format-standard","has-post-thumbnail","hentry","category-gundem"],"yoast_head":"<!-- This site is optimized with the Yoast SEO plugin v27.4 - https:\/\/yoast.com\/product\/yoast-seo-wordpress\/ -->\n<title>KKTC\u2019de ge\u00e7en hafta 82 trafik kazas\u0131 meydana geldi\u2026 \u0130ki ki\u015fi \u00f6ld\u00fc, 28 ki\u015fi yaraland\u0131 -<\/title>\n<meta name=\"robots\" content=\"index, follow, max-snippet:-1, max-image-preview:large, max-video-preview:-1\" \/>\n<link rel=\"canonical\" href=\"https:\/\/kibrisdakik.com\/?p=62819\" \/>\n<meta property=\"og:locale\" content=\"tr_TR\" \/>\n<meta property=\"og:type\" content=\"article\" \/>\n<meta property=\"og:title\" content=\"KKTC\u2019de ge\u00e7en hafta 82 trafik kazas\u0131 meydana geldi\u2026 \u0130ki ki\u015fi \u00f6ld\u00fc, 28 ki\u015fi yaraland\u0131 -\" \/>\n<meta property=\"og:description\" content=\"KKTC\u2019de ge\u00e7en hafta meydana gelen 82 trafik kazas\u0131nda iki ki\u015fi ya\u015fam\u0131n\u0131 yitirdi, 28 ki\u015fi yaraland\u0131. Polisten yap\u0131lan a\u00e7\u0131klamaya g\u00f6re, 9-15 Eyl\u00fcl tarihlerini kapsayan s\u00fcre i\u00e7erisinde, KKTC\u2018de 82 trafik kazas\u0131 meydana geldi, kazalar\u0131n ikisi \u00f6l\u00fcm, 20\u2019si yaralanma ve 60\u2019\u0131 hasarla sonu\u00e7land\u0131. \u00d6l\u00fcmle neticelenen kazalarda iki ki\u015fi ya\u015fam\u0131n\u0131 yitirirken, yaralanma ile neticelenen kazalarda 28 ki\u015fi yaraland\u0131. D\u00f6nem\" \/>\n<meta property=\"og:url\" content=\"https:\/\/kibrisdakik.com\/?p=62819\" \/>\n<meta property=\"article:published_time\" content=\"2024-09-17T11:42:48+00:00\" \/>\n<meta property=\"og:image\" content=\"https:\/\/kibrisdakik.com\/wp-content\/uploads\/2024\/09\/polis-tamam21-740x420.jpeg\" \/>\n\t<meta property=\"og:image:width\" content=\"952\" \/>\n\t<meta property=\"og:image:height\" content=\"984\" \/>\n\t<meta property=\"og:image:type\" content=\"image\/jpeg\" \/>\n<meta name=\"author\" content=\"admin\" \/>\n<meta name=\"twitter:card\" content=\"summary_large_image\" \/>\n<meta name=\"twitter:label1\" content=\"Yazan:\" \/>\n\t<meta name=\"twitter:data1\" content=\"admin\" \/>\n\t<meta name=\"twitter:label2\" content=\"Tahmini okuma s\u00fcresi\" \/>\n\t<meta name=\"twitter:data2\" content=\"2 dakika\" \/>\n<script type=\"application\/ld+json\" class=\"yoast-schema-graph\">{\"@context\":\"https:\\\/\\\/schema.org\",\"@graph\":[{\"@type\":\"Article\",\"@id\":\"https:\\\/\\\/kibrisdakik.com\\\/?p=62819#article\",\"isPartOf\":{\"@id\":\"https:\\\/\\\/kibrisdakik.com\\\/?p=62819\"},\"author\":{\"name\":\"admin\",\"@id\":\"https:\\\/\\\/kibrisdakik.com\\\/#\\\/schema\\\/person\\\/9cd9d437bbb44f72b73ba127e06d8e79\"},\"headline\":\"KKTC\u2019de ge\u00e7en hafta 82 trafik kazas\u0131 meydana geldi\u2026 \u0130ki ki\u015fi \u00f6ld\u00fc, 28 ki\u015fi yaraland\u0131\",\"datePublished\":\"2024-09-17T11:42:48+00:00\",\"mainEntityOfPage\":{\"@id\":\"https:\\\/\\\/kibrisdakik.com\\\/?p=62819\"},\"wordCount\":344,\"commentCount\":0,\"image\":{\"@id\":\"https:\\\/\\\/kibrisdakik.com\\\/?p=62819#primaryimage\"},\"thumbnailUrl\":\"https:\\\/\\\/kibrisdakik.com\\\/wp-content\\\/uploads\\\/2024\\\/09\\\/polis-tamam21-740x420.jpeg\",\"articleSection\":[\"G\u00fcndem\"],\"inLanguage\":\"tr\",\"potentialAction\":[{\"@type\":\"CommentAction\",\"name\":\"Comment\",\"target\":[\"https:\\\/\\\/kibrisdakik.com\\\/?p=62819#respond\"]}]},{\"@type\":\"WebPage\",\"@id\":\"https:\\\/\\\/kibrisdakik.com\\\/?p=62819\",\"url\":\"https:\\\/\\\/kibrisdakik.com\\\/?p=62819\",\"name\":\"KKTC\u2019de ge\u00e7en hafta 82 trafik kazas\u0131 meydana geldi\u2026 \u0130ki ki\u015fi \u00f6ld\u00fc, 28 ki\u015fi yaraland\u0131 -\",\"isPartOf\":{\"@id\":\"https:\\\/\\\/kibrisdakik.com\\\/#website\"},\"primaryImageOfPage\":{\"@id\":\"https:\\\/\\\/kibrisdakik.com\\\/?p=62819#primaryimage\"},\"image\":{\"@id\":\"https:\\\/\\\/kibrisdakik.com\\\/?p=62819#primaryimage\"},\"thumbnailUrl\":\"https:\\\/\\\/kibrisdakik.com\\\/wp-content\\\/uploads\\\/2024\\\/09\\\/polis-tamam21-740x420.jpeg\",\"datePublished\":\"2024-09-17T11:42:48+00:00\",\"author\":{\"@id\":\"https:\\\/\\\/kibrisdakik.com\\\/#\\\/schema\\\/person\\\/9cd9d437bbb44f72b73ba127e06d8e79\"},\"breadcrumb\":{\"@id\":\"https:\\\/\\\/kibrisdakik.com\\\/?p=62819#breadcrumb\"},\"inLanguage\":\"tr\",\"potentialAction\":[{\"@type\":\"ReadAction\",\"target\":[\"https:\\\/\\\/kibrisdakik.com\\\/?p=62819\"]}]},{\"@type\":\"ImageObject\",\"inLanguage\":\"tr\",\"@id\":\"https:\\\/\\\/kibrisdakik.com\\\/?p=62819#primaryimage\",\"url\":\"https:\\\/\\\/kibrisdakik.com\\\/wp-content\\\/uploads\\\/2024\\\/09\\\/polis-tamam21-740x420.jpeg\",\"contentUrl\":\"https:\\\/\\\/kibrisdakik.com\\\/wp-content\\\/uploads\\\/2024\\\/09\\\/polis-tamam21-740x420.jpeg\",\"width\":952,\"height\":984},{\"@type\":\"BreadcrumbList\",\"@id\":\"https:\\\/\\\/kibrisdakik.com\\\/?p=62819#breadcrumb\",\"itemListElement\":[{\"@type\":\"ListItem\",\"position\":1,\"name\":\"Home\",\"item\":\"https:\\\/\\\/kibrisdakik.com\\\/\"},{\"@type\":\"ListItem\",\"position\":2,\"name\":\"KKTC\u2019de ge\u00e7en hafta 82 trafik kazas\u0131 meydana geldi\u2026 \u0130ki ki\u015fi \u00f6ld\u00fc, 28 ki\u015fi yaraland\u0131\"}]},{\"@type\":\"WebSite\",\"@id\":\"https:\\\/\\\/kibrisdakik.com\\\/#website\",\"url\":\"https:\\\/\\\/kibrisdakik.com\\\/\",\"name\":\"\",\"description\":\"Tam vaktinde haber\",\"potentialAction\":[{\"@type\":\"SearchAction\",\"target\":{\"@type\":\"EntryPoint\",\"urlTemplate\":\"https:\\\/\\\/kibrisdakik.com\\\/?s={search_term_string}\"},\"query-input\":{\"@type\":\"PropertyValueSpecification\",\"valueRequired\":true,\"valueName\":\"search_term_string\"}}],\"inLanguage\":\"tr\"},{\"@type\":\"Person\",\"@id\":\"https:\\\/\\\/kibrisdakik.com\\\/#\\\/schema\\\/person\\\/9cd9d437bbb44f72b73ba127e06d8e79\",\"name\":\"admin\",\"image\":{\"@type\":\"ImageObject\",\"inLanguage\":\"tr\",\"@id\":\"https:\\\/\\\/secure.gravatar.com\\\/avatar\\\/ccc17943b9d660506c869530f897617f7cb1c21a4bf30023f252596d83e1f007?s=96&d=mm&r=g\",\"url\":\"https:\\\/\\\/secure.gravatar.com\\\/avatar\\\/ccc17943b9d660506c869530f897617f7cb1c21a4bf30023f252596d83e1f007?s=96&d=mm&r=g\",\"contentUrl\":\"https:\\\/\\\/secure.gravatar.com\\\/avatar\\\/ccc17943b9d660506c869530f897617f7cb1c21a4bf30023f252596d83e1f007?s=96&d=mm&r=g\",\"caption\":\"admin\"},\"sameAs\":[\"https:\\\/\\\/kibrisdakik.com\"],\"url\":\"https:\\\/\\\/kibrisdakik.com\\\/?author=1\"}]}<\/script>\n<!-- \/ Yoast SEO plugin. -->","yoast_head_json":{"title":"KKTC\u2019de ge\u00e7en hafta 82 trafik kazas\u0131 meydana geldi\u2026 \u0130ki ki\u015fi \u00f6ld\u00fc, 28 ki\u015fi yaraland\u0131 -","robots":{"index":"index","follow":"follow","max-snippet":"max-snippet:-1","max-image-preview":"max-image-preview:large","max-video-preview":"max-video-preview:-1"},"canonical":"https:\/\/kibrisdakik.com\/?p=62819","og_locale":"tr_TR","og_type":"article","og_title":"KKTC\u2019de ge\u00e7en hafta 82 trafik kazas\u0131 meydana geldi\u2026 \u0130ki ki\u015fi \u00f6ld\u00fc, 28 ki\u015fi yaraland\u0131 -","og_description":"KKTC\u2019de ge\u00e7en hafta meydana gelen 82 trafik kazas\u0131nda iki ki\u015fi ya\u015fam\u0131n\u0131 yitirdi, 28 ki\u015fi yaraland\u0131. Polisten yap\u0131lan a\u00e7\u0131klamaya g\u00f6re, 9-15 Eyl\u00fcl tarihlerini kapsayan s\u00fcre i\u00e7erisinde, KKTC\u2018de 82 trafik kazas\u0131 meydana geldi, kazalar\u0131n ikisi \u00f6l\u00fcm, 20\u2019si yaralanma ve 60\u2019\u0131 hasarla sonu\u00e7land\u0131. \u00d6l\u00fcmle neticelenen kazalarda iki ki\u015fi ya\u015fam\u0131n\u0131 yitirirken, yaralanma ile neticelenen kazalarda 28 ki\u015fi yaraland\u0131. D\u00f6nem","og_url":"https:\/\/kibrisdakik.com\/?p=62819","article_published_time":"2024-09-17T11:42:48+00:00","og_image":[{"width":952,"height":984,"url":"https:\/\/kibrisdakik.com\/wp-content\/uploads\/2024\/09\/polis-tamam21-740x420.jpeg","type":"image\/jpeg"}],"author":"admin","twitter_card":"summary_large_image","twitter_misc":{"Yazan:":"admin","Tahmini okuma s\u00fcresi":"2 dakika"},"schema":{"@context":"https:\/\/schema.org","@graph":[{"@type":"Article","@id":"https:\/\/kibrisdakik.com\/?p=62819#article","isPartOf":{"@id":"https:\/\/kibrisdakik.com\/?p=62819"},"author":{"name":"admin","@id":"https:\/\/kibrisdakik.com\/#\/schema\/person\/9cd9d437bbb44f72b73ba127e06d8e79"},"headline":"KKTC\u2019de ge\u00e7en hafta 82 trafik kazas\u0131 meydana geldi\u2026 \u0130ki ki\u015fi \u00f6ld\u00fc, 28 ki\u015fi yaraland\u0131","datePublished":"2024-09-17T11:42:48+00:00","mainEntityOfPage":{"@id":"https:\/\/kibrisdakik.com\/?p=62819"},"wordCount":344,"commentCount":0,"image":{"@id":"https:\/\/kibrisdakik.com\/?p=62819#primaryimage"},"thumbnailUrl":"https:\/\/kibrisdakik.com\/wp-content\/uploads\/2024\/09\/polis-tamam21-740x420.jpeg","articleSection":["G\u00fcndem"],"inLanguage":"tr","potentialAction":[{"@type":"CommentAction","name":"Comment","target":["https:\/\/kibrisdakik.com\/?p=62819#respond"]}]},{"@type":"WebPage","@id":"https:\/\/kibrisdakik.com\/?p=62819","url":"https:\/\/kibrisdakik.com\/?p=62819","name":"KKTC\u2019de ge\u00e7en hafta 82 trafik kazas\u0131 meydana geldi\u2026 \u0130ki ki\u015fi \u00f6ld\u00fc, 28 ki\u015fi yaraland\u0131 -","isPartOf":{"@id":"https:\/\/kibrisdakik.com\/#website"},"primaryImageOfPage":{"@id":"https:\/\/kibrisdakik.com\/?p=62819#primaryimage"},"image":{"@id":"https:\/\/kibrisdakik.com\/?p=62819#primaryimage"},"thumbnailUrl":"https:\/\/kibrisdakik.com\/wp-content\/uploads\/2024\/09\/polis-tamam21-740x420.jpeg","datePublished":"2024-09-17T11:42:48+00:00","author":{"@id":"https:\/\/kibrisdakik.com\/#\/schema\/person\/9cd9d437bbb44f72b73ba127e06d8e79"},"breadcrumb":{"@id":"https:\/\/kibrisdakik.com\/?p=62819#breadcrumb"},"inLanguage":"tr","potentialAction":[{"@type":"ReadAction","target":["https:\/\/kibrisdakik.com\/?p=62819"]}]},{"@type":"ImageObject","inLanguage":"tr","@id":"https:\/\/kibrisdakik.com\/?p=62819#primaryimage","url":"https:\/\/kibrisdakik.com\/wp-content\/uploads\/2024\/09\/polis-tamam21-740x420.jpeg","contentUrl":"https:\/\/kibrisdakik.com\/wp-content\/uploads\/2024\/09\/polis-tamam21-740x420.jpeg","width":952,"height":984},{"@type":"BreadcrumbList","@id":"https:\/\/kibrisdakik.com\/?p=62819#breadcrumb","itemListElement":[{"@type":"ListItem","position":1,"name":"Home","item":"https:\/\/kibrisdakik.com\/"},{"@type":"ListItem","position":2,"name":"KKTC\u2019de ge\u00e7en hafta 82 trafik kazas\u0131 meydana geldi\u2026 \u0130ki ki\u015fi \u00f6ld\u00fc, 28 ki\u015fi yaraland\u0131"}]},{"@type":"WebSite","@id":"https:\/\/kibrisdakik.com\/#website","url":"https:\/\/kibrisdakik.com\/","name":"","description":"Tam vaktinde haber","potentialAction":[{"@type":"SearchAction","target":{"@type":"EntryPoint","urlTemplate":"https:\/\/kibrisdakik.com\/?s={search_term_string}"},"query-input":{"@type":"PropertyValueSpecification","valueRequired":true,"valueName":"search_term_string"}}],"inLanguage":"tr"},{"@type":"Person","@id":"https:\/\/kibrisdakik.com\/#\/schema\/person\/9cd9d437bbb44f72b73ba127e06d8e79","name":"admin","image":{"@type":"ImageObject","inLanguage":"tr","@id":"https:\/\/secure.gravatar.com\/avatar\/ccc17943b9d660506c869530f897617f7cb1c21a4bf30023f252596d83e1f007?s=96&d=mm&r=g","url":"https:\/\/secure.gravatar.com\/avatar\/ccc17943b9d660506c869530f897617f7cb1c21a4bf30023f252596d83e1f007?s=96&d=mm&r=g","contentUrl":"https:\/\/secure.gravatar.com\/avatar\/ccc17943b9d660506c869530f897617f7cb1c21a4bf30023f252596d83e1f007?s=96&d=mm&r=g","caption":"admin"},"sameAs":["https:\/\/kibrisdakik.com"],"url":"https:\/\/kibrisdakik.com\/?author=1"}]}},"_links":{"self":[{"href":"https:\/\/kibrisdakik.com\/index.php?rest_route=\/wp\/v2\/posts\/62819","targetHints":{"allow":["GET"]}}],"collection":[{"href":"https:\/\/kibrisdakik.com\/index.php?rest_route=\/wp\/v2\/posts"}],"about":[{"href":"https:\/\/kibrisdakik.com\/index.php?rest_route=\/wp\/v2\/types\/post"}],"author":[{"embeddable":true,"href":"https:\/\/kibrisdakik.com\/index.php?rest_route=\/wp\/v2\/users\/1"}],"replies":[{"embeddable":true,"href":"https:\/\/kibrisdakik.com\/index.php?rest_route=%2Fwp%2Fv2%2Fcomments&post=62819"}],"version-history":[{"count":0,"href":"https:\/\/kibrisdakik.com\/index.php?rest_route=\/wp\/v2\/posts\/62819\/revisions"}],"wp:featuredmedia":[{"embeddable":true,"href":"https:\/\/kibrisdakik.com\/index.php?rest_route=\/wp\/v2\/media\/62313"}],"wp:attachment":[{"href":"https:\/\/kibrisdakik.com\/index.php?rest_route=%2Fwp%2Fv2%2Fmedia&parent=62819"}],"wp:term":[{"taxonomy":"category","embeddable":true,"href":"https:\/\/kibrisdakik.com\/index.php?rest_route=%2Fwp%2Fv2%2Fcategories&post=62819"},{"taxonomy":"post_tag","embeddable":true,"href":"https:\/\/kibrisdakik.com\/index.php?rest_route=%2Fwp%2Fv2%2Ftags&post=62819"}],"curies":[{"name":"wp","href":"https:\/\/api.w.org\/{rel}","templated":true}]}}