{"id":62856,"date":"2024-09-17T16:09:23","date_gmt":"2024-09-17T13:09:23","guid":{"rendered":"https:\/\/kibrisdakik.com\/index.php\/2024\/09\/17\/gazimagusa-limani-su-temin-projesinin-ihale-sozlesmesi-imzalandi\/"},"modified":"2024-09-17T16:09:23","modified_gmt":"2024-09-17T13:09:23","slug":"gazimagusa-limani-su-temin-projesinin-ihale-sozlesmesi-imzalandi","status":"publish","type":"post","link":"https:\/\/kibrisdakik.com\/?p=62856","title":{"rendered":"Gazima\u011fusa Liman\u0131 Su Temin Projesi\u2019nin ihale s\u00f6zle\u015fmesi imzaland\u0131"},"content":{"rendered":"<div>\n<div class=\"mariselle-image-container center\">\n                                            <\/div>\n<p>Gazima\u011fusa Liman\u0131\u2019n\u0131n su ihtiyac\u0131n\u0131 kar\u015f\u0131lamak amac\u0131yla ba\u015flat\u0131lan Gazima\u011fusa Liman\u0131 Su Temin Projesi\u2019nin ihale s\u00f6zle\u015fmesi imzaland\u0131.<\/p>\n<div class=\"mariselle-image-container center\">\n                <img loading=\"lazy\" decoding=\"async\" width=\"2560\" height=\"1707\" class=\"lazy-image\" alt=\"\" sizes=\"auto, (max-width: 2560px) 100vw, 2560px\" src=\"https:\/\/brtk.net\/wp-content\/uploads\/2024\/09\/17\/gmb-liman-su-temin-ihale-4--scaled.jpg?ver=1a6feae7b2ba2cc1bf7863a3caf12d53\" srcset=\"https:\/\/brtk.net\/wp-content\/uploads\/2024\/09\/17\/gmb-liman-su-temin-ihale-4--scaled.jpg?ver=1a6feae7b2ba2cc1bf7863a3caf12d53 2560w, https:\/\/brtk.net\/wp-content\/uploads\/2024\/09\/17\/gmb-liman-su-temin-ihale-4--300x200.jpg?ver=1a6feae7b2ba2cc1bf7863a3caf12d53 300w, https:\/\/brtk.net\/wp-content\/uploads\/2024\/09\/17\/gmb-liman-su-temin-ihale-4--1024x683.jpg?ver=20ffd81fb5bd7987b6f4f7f2b0243875 1024w, https:\/\/brtk.net\/wp-content\/uploads\/2024\/09\/17\/gmb-liman-su-temin-ihale-4--768x512.jpg?ver=20ffd81fb5bd7987b6f4f7f2b0243875 768w, https:\/\/brtk.net\/wp-content\/uploads\/2024\/09\/17\/gmb-liman-su-temin-ihale-4--1536x1024.jpg?ver=e0fd3713ebf3c323d6895d36267e4ab5 1536w, https:\/\/brtk.net\/wp-content\/uploads\/2024\/09\/17\/gmb-liman-su-temin-ihale-4--2048x1365.jpg?ver=bd6cf521b87d324052827f0467a1300f 2048w\"\/>                            <\/div>\n<p>Gazima\u011fusa Belediyesi\u2019nden yap\u0131lan a\u00e7\u0131klamaya g\u00f6re s\u00f6zle\u015fmeye,  Gazima\u011fusa Belediye Ba\u015fkan\u0131 S\u00fcleyman Ulu\u00e7ay ile y\u00fcklenici firma yetkilisi Derya Din\u00e7kuyucu imza koydu.<\/p>\n<div class=\"mariselle-image-container center\">\n                <img loading=\"lazy\" decoding=\"async\" width=\"2560\" height=\"1707\" class=\"lazy-image\" alt=\"\" sizes=\"auto, (max-width: 2560px) 100vw, 2560px\" src=\"https:\/\/brtk.net\/wp-content\/uploads\/2024\/09\/17\/gmb-liman-su-temin-ihale-5--scaled.jpg?ver=07c81d84584fc7e9162d83dd1d492636\" srcset=\"https:\/\/brtk.net\/wp-content\/uploads\/2024\/09\/17\/gmb-liman-su-temin-ihale-5--scaled.jpg?ver=07c81d84584fc7e9162d83dd1d492636 2560w, https:\/\/brtk.net\/wp-content\/uploads\/2024\/09\/17\/gmb-liman-su-temin-ihale-5--300x200.jpg?ver=07c81d84584fc7e9162d83dd1d492636 300w, https:\/\/brtk.net\/wp-content\/uploads\/2024\/09\/17\/gmb-liman-su-temin-ihale-5--1024x683.jpg?ver=07c81d84584fc7e9162d83dd1d492636 1024w, https:\/\/brtk.net\/wp-content\/uploads\/2024\/09\/17\/gmb-liman-su-temin-ihale-5--768x512.jpg?ver=59a43d0aefb31472f0113da80ff4ff40 768w, https:\/\/brtk.net\/wp-content\/uploads\/2024\/09\/17\/gmb-liman-su-temin-ihale-5--1536x1024.jpg?ver=20cbe9bd810e86e43b40fd40250f9cbf 1536w, https:\/\/brtk.net\/wp-content\/uploads\/2024\/09\/17\/gmb-liman-su-temin-ihale-5--2048x1365.jpg?ver=7bdeeebdcaf942f038d327e874050360 2048w\"\/>                            <\/div>\n<p>Gazima\u011fusa Belediye Ba\u015fkan\u0131 S\u00fcleyman Ulu\u00e7ay, imza t\u00f6reninde yapt\u0131\u011f\u0131 konu\u015fmada, \u201cGazima\u011fusa Liman\u0131 \u00fclkenin en b\u00fcy\u00fck liman\u0131d\u0131r. Limandaki hizmet binalar\u0131n\u0131n ve oradan hizmet alan gemilerin su ihtiyac\u0131n\u0131 kar\u015f\u0131lamak \u00fczere ba\u015flat\u0131lan bu proje \u00e7ok \u00f6nemlidir. Bu konuda bize destek veren Bay\u0131nd\u0131rl\u0131k ve Ula\u015ft\u0131rma Bakanl\u0131\u011f\u0131, Tar\u0131m ve Do\u011fal Kaynaklar Bakanl\u0131\u011f\u0131, Ba\u015fbakanl\u0131k ve T\u00fcrkiye Cumhuriyeti B\u00fcy\u00fckel\u00e7ili\u011fi\u2019ne te\u015fekk\u00fcrlerimi sunuyorum\u201d dedi.<\/p>\n<p>Proje kapsam\u0131nda Gazima\u011fusa Liman\u0131\u2019ndaki t\u00fcm kamu, askeri ve ticari birimlere saya\u00e7 ba\u011flanarak su temini sa\u011flanacak ve liman r\u0131ht\u0131m\u0131na ba\u011fl\u0131 gemilere de su verilebilecek. Projede kullan\u0131lacak su borular\u0131 Tar\u0131m ve Do\u011fal Kaynaklar Bakanl\u0131\u011f\u0131 taraf\u0131ndan temin edilecek. Yakla\u015f\u0131k 2 bin 315 metre uzunlu\u011funda boru d\u00f6\u015femesi, sert zemin kaz\u0131lar\u0131, 40 adet ba\u011flant\u0131 ve gemilere \u00f6zel su temin noktalar\u0131n\u0131n kurulumu gibi i\u015flemler projenin kapsam\u0131 i\u00e7inde yer al\u0131yor.<\/p>\n<\/p><\/div>\n<p><script async\n                    defer\n                    crossorigin=\"anonymous\"\n                    src=\"https:\/\/connect.facebook.net\/tr_TR\/sdk.js#xfbml=1&#038;version=v3.3\"\n            ><\/script><\/p>\n","protected":false},"excerpt":{"rendered":"<p>Gazima\u011fusa Liman\u0131\u2019n\u0131n su ihtiyac\u0131n\u0131 kar\u015f\u0131lamak amac\u0131yla ba\u015flat\u0131lan Gazima\u011fusa Liman\u0131 Su Temin Projesi\u2019nin ihale s\u00f6zle\u015fmesi imzaland\u0131. Gazima\u011fusa Belediyesi\u2019nden yap\u0131lan a\u00e7\u0131klamaya g\u00f6re s\u00f6zle\u015fmeye, Gazima\u011fusa Belediye Ba\u015fkan\u0131 S\u00fcleyman Ulu\u00e7ay ile y\u00fcklenici firma yetkilisi Derya Din\u00e7kuyucu imza koydu. Gazima\u011fusa Belediye Ba\u015fkan\u0131 S\u00fcleyman Ulu\u00e7ay, imza t\u00f6reninde yapt\u0131\u011f\u0131 konu\u015fmada, \u201cGazima\u011fusa Liman\u0131 \u00fclkenin en b\u00fcy\u00fck liman\u0131d\u0131r. Limandaki hizmet binalar\u0131n\u0131n ve oradan hizmet<\/p>\n","protected":false},"author":1,"featured_media":62857,"comment_status":"open","ping_status":"open","sticky":false,"template":"","format":"standard","meta":{"footnotes":""},"categories":[81],"tags":[],"class_list":["post-62856","post","type-post","status-publish","format-standard","has-post-thumbnail","hentry","category-kibris"],"yoast_head":"<!-- This site is optimized with the Yoast SEO plugin v27.5 - https:\/\/yoast.com\/product\/yoast-seo-wordpress\/ -->\n<title>Gazima\u011fusa Liman\u0131 Su Temin Projesi\u2019nin ihale s\u00f6zle\u015fmesi imzaland\u0131 -<\/title>\n<meta name=\"robots\" content=\"index, follow, max-snippet:-1, max-image-preview:large, max-video-preview:-1\" \/>\n<link rel=\"canonical\" href=\"https:\/\/kibrisdakik.com\/?p=62856\" \/>\n<meta property=\"og:locale\" content=\"tr_TR\" \/>\n<meta property=\"og:type\" content=\"article\" \/>\n<meta property=\"og:title\" content=\"Gazima\u011fusa Liman\u0131 Su Temin Projesi\u2019nin ihale s\u00f6zle\u015fmesi imzaland\u0131 -\" \/>\n<meta property=\"og:description\" content=\"Gazima\u011fusa Liman\u0131\u2019n\u0131n su ihtiyac\u0131n\u0131 kar\u015f\u0131lamak amac\u0131yla ba\u015flat\u0131lan Gazima\u011fusa Liman\u0131 Su Temin Projesi\u2019nin ihale s\u00f6zle\u015fmesi imzaland\u0131. Gazima\u011fusa Belediyesi\u2019nden yap\u0131lan a\u00e7\u0131klamaya g\u00f6re s\u00f6zle\u015fmeye, Gazima\u011fusa Belediye Ba\u015fkan\u0131 S\u00fcleyman Ulu\u00e7ay ile y\u00fcklenici firma yetkilisi Derya Din\u00e7kuyucu imza koydu. Gazima\u011fusa Belediye Ba\u015fkan\u0131 S\u00fcleyman Ulu\u00e7ay, imza t\u00f6reninde yapt\u0131\u011f\u0131 konu\u015fmada, \u201cGazima\u011fusa Liman\u0131 \u00fclkenin en b\u00fcy\u00fck liman\u0131d\u0131r. Limandaki hizmet binalar\u0131n\u0131n ve oradan hizmet\" \/>\n<meta property=\"og:url\" content=\"https:\/\/kibrisdakik.com\/?p=62856\" \/>\n<meta property=\"article:published_time\" content=\"2024-09-17T13:09:23+00:00\" \/>\n<meta property=\"og:image\" content=\"https:\/\/kibrisdakik.com\/wp-content\/uploads\/2024\/09\/gmb-liman-su-temin-ihale-3-scaled-740x420.jpg\" \/>\n\t<meta property=\"og:image:width\" content=\"2560\" \/>\n\t<meta property=\"og:image:height\" content=\"1707\" \/>\n\t<meta property=\"og:image:type\" content=\"image\/jpeg\" \/>\n<meta name=\"author\" content=\"admin\" \/>\n<meta name=\"twitter:card\" content=\"summary_large_image\" \/>\n<meta name=\"twitter:label1\" content=\"Yazan:\" \/>\n\t<meta name=\"twitter:data1\" content=\"admin\" \/>\n\t<meta name=\"twitter:label2\" content=\"Tahmini okuma s\u00fcresi\" \/>\n\t<meta name=\"twitter:data2\" content=\"1 dakika\" \/>\n<script type=\"application\/ld+json\" class=\"yoast-schema-graph\">{\"@context\":\"https:\\\/\\\/schema.org\",\"@graph\":[{\"@type\":\"Article\",\"@id\":\"https:\\\/\\\/kibrisdakik.com\\\/?p=62856#article\",\"isPartOf\":{\"@id\":\"https:\\\/\\\/kibrisdakik.com\\\/?p=62856\"},\"author\":{\"name\":\"admin\",\"@id\":\"https:\\\/\\\/kibrisdakik.com\\\/#\\\/schema\\\/person\\\/9cd9d437bbb44f72b73ba127e06d8e79\"},\"headline\":\"Gazima\u011fusa Liman\u0131 Su Temin Projesi\u2019nin ihale s\u00f6zle\u015fmesi imzaland\u0131\",\"datePublished\":\"2024-09-17T13:09:23+00:00\",\"mainEntityOfPage\":{\"@id\":\"https:\\\/\\\/kibrisdakik.com\\\/?p=62856\"},\"wordCount\":243,\"commentCount\":0,\"image\":{\"@id\":\"https:\\\/\\\/kibrisdakik.com\\\/?p=62856#primaryimage\"},\"thumbnailUrl\":\"https:\\\/\\\/kibrisdakik.com\\\/wp-content\\\/uploads\\\/2024\\\/09\\\/gmb-liman-su-temin-ihale-3-scaled-740x420.jpg\",\"articleSection\":[\"K\u0131br\u0131s\"],\"inLanguage\":\"tr\",\"potentialAction\":[{\"@type\":\"CommentAction\",\"name\":\"Comment\",\"target\":[\"https:\\\/\\\/kibrisdakik.com\\\/?p=62856#respond\"]}]},{\"@type\":\"WebPage\",\"@id\":\"https:\\\/\\\/kibrisdakik.com\\\/?p=62856\",\"url\":\"https:\\\/\\\/kibrisdakik.com\\\/?p=62856\",\"name\":\"Gazima\u011fusa Liman\u0131 Su Temin Projesi\u2019nin ihale s\u00f6zle\u015fmesi imzaland\u0131 -\",\"isPartOf\":{\"@id\":\"https:\\\/\\\/kibrisdakik.com\\\/#website\"},\"primaryImageOfPage\":{\"@id\":\"https:\\\/\\\/kibrisdakik.com\\\/?p=62856#primaryimage\"},\"image\":{\"@id\":\"https:\\\/\\\/kibrisdakik.com\\\/?p=62856#primaryimage\"},\"thumbnailUrl\":\"https:\\\/\\\/kibrisdakik.com\\\/wp-content\\\/uploads\\\/2024\\\/09\\\/gmb-liman-su-temin-ihale-3-scaled-740x420.jpg\",\"datePublished\":\"2024-09-17T13:09:23+00:00\",\"author\":{\"@id\":\"https:\\\/\\\/kibrisdakik.com\\\/#\\\/schema\\\/person\\\/9cd9d437bbb44f72b73ba127e06d8e79\"},\"breadcrumb\":{\"@id\":\"https:\\\/\\\/kibrisdakik.com\\\/?p=62856#breadcrumb\"},\"inLanguage\":\"tr\",\"potentialAction\":[{\"@type\":\"ReadAction\",\"target\":[\"https:\\\/\\\/kibrisdakik.com\\\/?p=62856\"]}]},{\"@type\":\"ImageObject\",\"inLanguage\":\"tr\",\"@id\":\"https:\\\/\\\/kibrisdakik.com\\\/?p=62856#primaryimage\",\"url\":\"https:\\\/\\\/kibrisdakik.com\\\/wp-content\\\/uploads\\\/2024\\\/09\\\/gmb-liman-su-temin-ihale-3-scaled-740x420.jpg\",\"contentUrl\":\"https:\\\/\\\/kibrisdakik.com\\\/wp-content\\\/uploads\\\/2024\\\/09\\\/gmb-liman-su-temin-ihale-3-scaled-740x420.jpg\",\"width\":2560,\"height\":1707},{\"@type\":\"BreadcrumbList\",\"@id\":\"https:\\\/\\\/kibrisdakik.com\\\/?p=62856#breadcrumb\",\"itemListElement\":[{\"@type\":\"ListItem\",\"position\":1,\"name\":\"Home\",\"item\":\"https:\\\/\\\/kibrisdakik.com\\\/\"},{\"@type\":\"ListItem\",\"position\":2,\"name\":\"Gazima\u011fusa Liman\u0131 Su Temin Projesi\u2019nin ihale s\u00f6zle\u015fmesi imzaland\u0131\"}]},{\"@type\":\"WebSite\",\"@id\":\"https:\\\/\\\/kibrisdakik.com\\\/#website\",\"url\":\"https:\\\/\\\/kibrisdakik.com\\\/\",\"name\":\"\",\"description\":\"Tam vaktinde haber\",\"potentialAction\":[{\"@type\":\"SearchAction\",\"target\":{\"@type\":\"EntryPoint\",\"urlTemplate\":\"https:\\\/\\\/kibrisdakik.com\\\/?s={search_term_string}\"},\"query-input\":{\"@type\":\"PropertyValueSpecification\",\"valueRequired\":true,\"valueName\":\"search_term_string\"}}],\"inLanguage\":\"tr\"},{\"@type\":\"Person\",\"@id\":\"https:\\\/\\\/kibrisdakik.com\\\/#\\\/schema\\\/person\\\/9cd9d437bbb44f72b73ba127e06d8e79\",\"name\":\"admin\",\"image\":{\"@type\":\"ImageObject\",\"inLanguage\":\"tr\",\"@id\":\"https:\\\/\\\/secure.gravatar.com\\\/avatar\\\/ccc17943b9d660506c869530f897617f7cb1c21a4bf30023f252596d83e1f007?s=96&d=mm&r=g\",\"url\":\"https:\\\/\\\/secure.gravatar.com\\\/avatar\\\/ccc17943b9d660506c869530f897617f7cb1c21a4bf30023f252596d83e1f007?s=96&d=mm&r=g\",\"contentUrl\":\"https:\\\/\\\/secure.gravatar.com\\\/avatar\\\/ccc17943b9d660506c869530f897617f7cb1c21a4bf30023f252596d83e1f007?s=96&d=mm&r=g\",\"caption\":\"admin\"},\"sameAs\":[\"https:\\\/\\\/kibrisdakik.com\"],\"url\":\"https:\\\/\\\/kibrisdakik.com\\\/?author=1\"}]}<\/script>\n<!-- \/ Yoast SEO plugin. -->","yoast_head_json":{"title":"Gazima\u011fusa Liman\u0131 Su Temin Projesi\u2019nin ihale s\u00f6zle\u015fmesi imzaland\u0131 -","robots":{"index":"index","follow":"follow","max-snippet":"max-snippet:-1","max-image-preview":"max-image-preview:large","max-video-preview":"max-video-preview:-1"},"canonical":"https:\/\/kibrisdakik.com\/?p=62856","og_locale":"tr_TR","og_type":"article","og_title":"Gazima\u011fusa Liman\u0131 Su Temin Projesi\u2019nin ihale s\u00f6zle\u015fmesi imzaland\u0131 -","og_description":"Gazima\u011fusa Liman\u0131\u2019n\u0131n su ihtiyac\u0131n\u0131 kar\u015f\u0131lamak amac\u0131yla ba\u015flat\u0131lan Gazima\u011fusa Liman\u0131 Su Temin Projesi\u2019nin ihale s\u00f6zle\u015fmesi imzaland\u0131. Gazima\u011fusa Belediyesi\u2019nden yap\u0131lan a\u00e7\u0131klamaya g\u00f6re s\u00f6zle\u015fmeye, Gazima\u011fusa Belediye Ba\u015fkan\u0131 S\u00fcleyman Ulu\u00e7ay ile y\u00fcklenici firma yetkilisi Derya Din\u00e7kuyucu imza koydu. Gazima\u011fusa Belediye Ba\u015fkan\u0131 S\u00fcleyman Ulu\u00e7ay, imza t\u00f6reninde yapt\u0131\u011f\u0131 konu\u015fmada, \u201cGazima\u011fusa Liman\u0131 \u00fclkenin en b\u00fcy\u00fck liman\u0131d\u0131r. Limandaki hizmet binalar\u0131n\u0131n ve oradan hizmet","og_url":"https:\/\/kibrisdakik.com\/?p=62856","article_published_time":"2024-09-17T13:09:23+00:00","og_image":[{"width":2560,"height":1707,"url":"https:\/\/kibrisdakik.com\/wp-content\/uploads\/2024\/09\/gmb-liman-su-temin-ihale-3-scaled-740x420.jpg","type":"image\/jpeg"}],"author":"admin","twitter_card":"summary_large_image","twitter_misc":{"Yazan:":"admin","Tahmini okuma s\u00fcresi":"1 dakika"},"schema":{"@context":"https:\/\/schema.org","@graph":[{"@type":"Article","@id":"https:\/\/kibrisdakik.com\/?p=62856#article","isPartOf":{"@id":"https:\/\/kibrisdakik.com\/?p=62856"},"author":{"name":"admin","@id":"https:\/\/kibrisdakik.com\/#\/schema\/person\/9cd9d437bbb44f72b73ba127e06d8e79"},"headline":"Gazima\u011fusa Liman\u0131 Su Temin Projesi\u2019nin ihale s\u00f6zle\u015fmesi imzaland\u0131","datePublished":"2024-09-17T13:09:23+00:00","mainEntityOfPage":{"@id":"https:\/\/kibrisdakik.com\/?p=62856"},"wordCount":243,"commentCount":0,"image":{"@id":"https:\/\/kibrisdakik.com\/?p=62856#primaryimage"},"thumbnailUrl":"https:\/\/kibrisdakik.com\/wp-content\/uploads\/2024\/09\/gmb-liman-su-temin-ihale-3-scaled-740x420.jpg","articleSection":["K\u0131br\u0131s"],"inLanguage":"tr","potentialAction":[{"@type":"CommentAction","name":"Comment","target":["https:\/\/kibrisdakik.com\/?p=62856#respond"]}]},{"@type":"WebPage","@id":"https:\/\/kibrisdakik.com\/?p=62856","url":"https:\/\/kibrisdakik.com\/?p=62856","name":"Gazima\u011fusa Liman\u0131 Su Temin Projesi\u2019nin ihale s\u00f6zle\u015fmesi imzaland\u0131 -","isPartOf":{"@id":"https:\/\/kibrisdakik.com\/#website"},"primaryImageOfPage":{"@id":"https:\/\/kibrisdakik.com\/?p=62856#primaryimage"},"image":{"@id":"https:\/\/kibrisdakik.com\/?p=62856#primaryimage"},"thumbnailUrl":"https:\/\/kibrisdakik.com\/wp-content\/uploads\/2024\/09\/gmb-liman-su-temin-ihale-3-scaled-740x420.jpg","datePublished":"2024-09-17T13:09:23+00:00","author":{"@id":"https:\/\/kibrisdakik.com\/#\/schema\/person\/9cd9d437bbb44f72b73ba127e06d8e79"},"breadcrumb":{"@id":"https:\/\/kibrisdakik.com\/?p=62856#breadcrumb"},"inLanguage":"tr","potentialAction":[{"@type":"ReadAction","target":["https:\/\/kibrisdakik.com\/?p=62856"]}]},{"@type":"ImageObject","inLanguage":"tr","@id":"https:\/\/kibrisdakik.com\/?p=62856#primaryimage","url":"https:\/\/kibrisdakik.com\/wp-content\/uploads\/2024\/09\/gmb-liman-su-temin-ihale-3-scaled-740x420.jpg","contentUrl":"https:\/\/kibrisdakik.com\/wp-content\/uploads\/2024\/09\/gmb-liman-su-temin-ihale-3-scaled-740x420.jpg","width":2560,"height":1707},{"@type":"BreadcrumbList","@id":"https:\/\/kibrisdakik.com\/?p=62856#breadcrumb","itemListElement":[{"@type":"ListItem","position":1,"name":"Home","item":"https:\/\/kibrisdakik.com\/"},{"@type":"ListItem","position":2,"name":"Gazima\u011fusa Liman\u0131 Su Temin Projesi\u2019nin ihale s\u00f6zle\u015fmesi imzaland\u0131"}]},{"@type":"WebSite","@id":"https:\/\/kibrisdakik.com\/#website","url":"https:\/\/kibrisdakik.com\/","name":"","description":"Tam vaktinde haber","potentialAction":[{"@type":"SearchAction","target":{"@type":"EntryPoint","urlTemplate":"https:\/\/kibrisdakik.com\/?s={search_term_string}"},"query-input":{"@type":"PropertyValueSpecification","valueRequired":true,"valueName":"search_term_string"}}],"inLanguage":"tr"},{"@type":"Person","@id":"https:\/\/kibrisdakik.com\/#\/schema\/person\/9cd9d437bbb44f72b73ba127e06d8e79","name":"admin","image":{"@type":"ImageObject","inLanguage":"tr","@id":"https:\/\/secure.gravatar.com\/avatar\/ccc17943b9d660506c869530f897617f7cb1c21a4bf30023f252596d83e1f007?s=96&d=mm&r=g","url":"https:\/\/secure.gravatar.com\/avatar\/ccc17943b9d660506c869530f897617f7cb1c21a4bf30023f252596d83e1f007?s=96&d=mm&r=g","contentUrl":"https:\/\/secure.gravatar.com\/avatar\/ccc17943b9d660506c869530f897617f7cb1c21a4bf30023f252596d83e1f007?s=96&d=mm&r=g","caption":"admin"},"sameAs":["https:\/\/kibrisdakik.com"],"url":"https:\/\/kibrisdakik.com\/?author=1"}]}},"_links":{"self":[{"href":"https:\/\/kibrisdakik.com\/index.php?rest_route=\/wp\/v2\/posts\/62856","targetHints":{"allow":["GET"]}}],"collection":[{"href":"https:\/\/kibrisdakik.com\/index.php?rest_route=\/wp\/v2\/posts"}],"about":[{"href":"https:\/\/kibrisdakik.com\/index.php?rest_route=\/wp\/v2\/types\/post"}],"author":[{"embeddable":true,"href":"https:\/\/kibrisdakik.com\/index.php?rest_route=\/wp\/v2\/users\/1"}],"replies":[{"embeddable":true,"href":"https:\/\/kibrisdakik.com\/index.php?rest_route=%2Fwp%2Fv2%2Fcomments&post=62856"}],"version-history":[{"count":0,"href":"https:\/\/kibrisdakik.com\/index.php?rest_route=\/wp\/v2\/posts\/62856\/revisions"}],"wp:featuredmedia":[{"embeddable":true,"href":"https:\/\/kibrisdakik.com\/index.php?rest_route=\/wp\/v2\/media\/62857"}],"wp:attachment":[{"href":"https:\/\/kibrisdakik.com\/index.php?rest_route=%2Fwp%2Fv2%2Fmedia&parent=62856"}],"wp:term":[{"taxonomy":"category","embeddable":true,"href":"https:\/\/kibrisdakik.com\/index.php?rest_route=%2Fwp%2Fv2%2Fcategories&post=62856"},{"taxonomy":"post_tag","embeddable":true,"href":"https:\/\/kibrisdakik.com\/index.php?rest_route=%2Fwp%2Fv2%2Ftags&post=62856"}],"curies":[{"name":"wp","href":"https:\/\/api.w.org\/{rel}","templated":true}]}}