{"id":62970,"date":"2024-09-18T09:32:29","date_gmt":"2024-09-18T06:32:29","guid":{"rendered":"https:\/\/kibrisdakik.com\/index.php\/2024\/09\/18\/icardi-derbide-oynayacak-mi-okan-buruk-taraftari-yikan-haberi-verdi\/"},"modified":"2024-09-18T09:32:29","modified_gmt":"2024-09-18T06:32:29","slug":"icardi-derbide-oynayacak-mi-okan-buruk-taraftari-yikan-haberi-verdi","status":"publish","type":"post","link":"https:\/\/kibrisdakik.com\/?p=62970","title":{"rendered":"Icardi derbide oynayacak m\u0131? Okan Buruk taraftar\u0131 y\u0131kan haberi verdi"},"content":{"rendered":"<p><img decoding=\"async\" src=\"https:\/\/foto.haberler.com\/haber\/2024\/09\/18\/icardi-derbide-oynayacak-mi-okan-buruk-taraftari-17832175_1802_amp.jpg\" \/><\/p>\n<div id=\"\">\n<p> <a class=\"keyword\" href=\"https:\/\/www.haberler.com\/galatasaray\/\" title=\"Galatasaray Haberleri, Galatasaray Haberi, Galatasaray Haber\"><strong>Galatasaray<\/strong><\/a> Teknik Direkt\u00f6r\u00fc Okan Buruk, Gaziantep Fk ile oynad\u0131klar\u0131 ve 3-1 kazanad\u0131klar\u0131 ma\u00e7\u0131n ard\u0131ndan Fenerbah\u00e7e derbisi hakk\u0131nda da a\u00e7\u0131klamalarda bulundu. <\/p>\n<h3>&#8220;ICARDI DERB\u0130DE YOK&#8221;<\/h3>\n<p>Sakatl\u0131\u011f\u0131 bulunan Icardi&#8217;nin derbide oynay\u0131p oynamayaca\u011f\u0131na da de\u011finen Buruk, &#8220;Sosyal medyaya \u00e7ok inanmayal\u0131m, g\u00fcvenmeyelim. Oynayacak durumda de\u011fil. Tedavisi devam ediyor. Oynamas\u0131 i\u00e7in \u00e7ok erken. Burada en az 1 hafta 10 g\u00fcn tak\u0131mla \u00e7al\u0131\u015fmas\u0131 i\u00e7in zaman gerek. Fenerbah\u00e7e ma\u00e7\u0131nda kesinlikle olmayacak&#8221; dedi.<\/p>\n<p>\u0130lk yar\u0131da \u00c7aykur Rizespor ma\u00e7\u0131ndan kalan i\u015ftahlar\u0131n\u0131 devam ettirdiklerini vurgulayan Buruk, &#8220;\u0130lk yar\u0131da daha \u00e7ok \u00fcrettik. Soyunma odas\u0131na 2-0 ile girdik. \u0130kinci yar\u0131da yorgunluklar ortaya \u00e7\u0131kt\u0131. Pozisyon az \u00fcretti\u011fimiz bir oyun ortaya \u00e7\u0131kt\u0131. Kadro k\u0131s\u0131tl\u0131l\u0131\u011f\u0131 vard\u0131. Hamleler yapamad\u0131k. Kadro geni\u015fli\u011fimiz k\u0131s\u0131tl\u0131yd\u0131. Skorun yukar\u0131ya gitmemesine yorgunluk etki etti. Erken de\u011fi\u015fiklikler yapt\u0131k. Haftaya \u00f6nemli bir ma\u00e7 var. Buna haz\u0131r\u0131z. Oraya 5&#8217;te 5 yaparak gidiyoruz. Ziyech ve Icardi d\u0131\u015f\u0131nda di\u011fer oyuncular tak\u0131ma kat\u0131lacak. Oyuncular\u0131m\u0131 tebrik ediyorum. Ayn\u0131 istek, ayn\u0131 arzu devam edecek. Ligde 5 ma\u00e7\u0131n\u0131 kazanan tek tak\u0131m\u0131z. Bunu devam ettirmek istiyoruz&#8221; dedi.<\/p>\n<h3>&#8220;\u0130K\u0130 TAKIM DA B\u0130RB\u0130R\u0130N\u0130 TANIYOR&#8221;<\/h3>\n<p>Gelecek hafta oynanacak Fenerbah\u00e7e derbisine ili\u015fkin bir soruyu teknik direkt\u00f6r, &#8220;\u0130ki tak\u0131m da \u00e7al\u0131\u015facak, haz\u0131rlanacak, analizlerini yapacak. Birbirimizi seyrediyoruz. Her hafta rakibimizi puan kaybetsin diye izliyoruz. \u0130ki tak\u0131m da birbirini tan\u0131yor. Oyuncu se\u00e7imi \u00f6nemli olacak. Yar\u0131n yenilenme idman\u0131 yapaca\u011f\u0131z. Per\u015fembe g\u00fcn\u00fc net \u015fekilde haz\u0131rlanmaya ba\u015flayaca\u011f\u0131z. \u0130ki tak\u0131m da kazanmak i\u00e7in oynayacak. Ge\u00e7en seneki ma\u00e7 kalitesiz ge\u00e7mi\u015fti. 0-0 sona ermi\u015fti. Burada derbiye yak\u0131\u015f\u0131r bir ma\u00e7 ortaya \u00e7\u0131kmas\u0131n\u0131 istiyoruz. Saha i\u00e7inin konu\u015fuldu\u011fu, gerginliklerin olmad\u0131\u011f\u0131 bir ma\u00e7 oynans\u0131n istiyoruz. Hedefimiz derbiyi kazanmak&#8221; ifadelerini kulland\u0131.<\/p>\n<h3>&#8220;ICARDI DERB\u0130DE YOK&#8221;<\/h3>\n<p>Okan Buruk, sosyal medyada sakatl\u0131\u011f\u0131 s\u00fcren golc\u00fc futbolcu Mauro Icardi&#8217;nin oynayaca\u011f\u0131na y\u00f6nelik iddialara ise, &#8220;Sosyal medyaya \u00e7ok inanmayal\u0131m, g\u00fcvenmeyelim. Oynayacak durumda de\u011fil. Tedavisi devam ediyor. Oynamas\u0131 i\u00e7in \u00e7ok erken. Burada en az 1 hafta 10 g\u00fcn tak\u0131mla \u00e7al\u0131\u015fmas\u0131 i\u00e7in zaman gerek. Fenerbah\u00e7e ma\u00e7\u0131nda kesinlikle olmayacak&#8221; yan\u0131t\u0131n\u0131 verdi.<\/p>\n<h4 id=\"nwsKeywords\"> <a href=\"https:\/\/www.haberler.com\/mauro-icardi\/\" title=\"Mauro Icardi\" class=\"hbptTag\">Mauro Icardi<\/a>  <a href=\"https:\/\/www.haberler.com\/gaziantep-fk\/\" title=\"Gaziantep FK\" class=\"hbptTag\">Gaziantep FK<\/a>  <a href=\"https:\/\/www.haberler.com\/galatasaray\/\" title=\"Galatasaray\" class=\"hbptTag\">Galatasaray<\/a>  <a href=\"https:\/\/www.haberler.com\/galatasaray\/\" title=\"Galatasaray\" class=\"hbptTag\">Galatasaray<\/a>  <a href=\"https:\/\/www.haberler.com\/fenerbahce\/\" title=\"Fenerbah\u00e7e\" class=\"hbptTag\">Fenerbah\u00e7e<\/a>  <a href=\"https:\/\/www.haberler.com\/okan-buruk\/\" title=\"Okan Buruk\" class=\"hbptTag\">Okan Buruk<\/a>  <a href=\"https:\/\/www.haberler.com\/fenerbahce\/\" title=\"Fenerbah\u00e7e\" class=\"hbptTag\">Fenerbah\u00e7e<\/a>  <a href=\"https:\/\/www.haberler.com\/okan-buruk\/\" title=\"Okan Buruk\" class=\"hbptTag\">Okan Buruk<\/a>  <a href=\"https:\/\/www.haberler.com\/gaziantep\/\" title=\"Gaziantep\" class=\"hbptTag\">Gaziantep<\/a> <\/h4>\n<\/div>\n","protected":false},"excerpt":{"rendered":"<p>Galatasaray Teknik Direkt\u00f6r\u00fc Okan Buruk, Gaziantep Fk ile oynad\u0131klar\u0131 ve 3-1 kazanad\u0131klar\u0131 ma\u00e7\u0131n ard\u0131ndan Fenerbah\u00e7e derbisi hakk\u0131nda da a\u00e7\u0131klamalarda bulundu. &#8220;ICARDI DERB\u0130DE YOK&#8221; Sakatl\u0131\u011f\u0131 bulunan Icardi&#8217;nin derbide oynay\u0131p oynamayaca\u011f\u0131na da de\u011finen Buruk, &#8220;Sosyal medyaya \u00e7ok inanmayal\u0131m, g\u00fcvenmeyelim. Oynayacak durumda de\u011fil. Tedavisi devam ediyor. Oynamas\u0131 i\u00e7in \u00e7ok erken. Burada en az 1 hafta 10 g\u00fcn tak\u0131mla<\/p>\n","protected":false},"author":1,"featured_media":62971,"comment_status":"open","ping_status":"open","sticky":false,"template":"","format":"standard","meta":{"footnotes":""},"categories":[83],"tags":[],"class_list":["post-62970","post","type-post","status-publish","format-standard","has-post-thumbnail","hentry","category-magazin"],"yoast_head":"<!-- This site is optimized with the Yoast SEO plugin v28.4 - https:\/\/yoast.com\/product\/yoast-seo-wordpress\/ -->\n<title>Icardi derbide oynayacak m\u0131? Okan Buruk taraftar\u0131 y\u0131kan haberi verdi -<\/title>\n<meta name=\"robots\" content=\"index, follow, max-snippet:-1, max-image-preview:large, max-video-preview:-1\" \/>\n<link rel=\"canonical\" href=\"https:\/\/kibrisdakik.com\/?p=62970\" \/>\n<meta property=\"og:locale\" content=\"tr_TR\" \/>\n<meta property=\"og:type\" content=\"article\" \/>\n<meta property=\"og:title\" content=\"Icardi derbide oynayacak m\u0131? Okan Buruk taraftar\u0131 y\u0131kan haberi verdi -\" \/>\n<meta property=\"og:description\" content=\"Galatasaray Teknik Direkt\u00f6r\u00fc Okan Buruk, Gaziantep Fk ile oynad\u0131klar\u0131 ve 3-1 kazanad\u0131klar\u0131 ma\u00e7\u0131n ard\u0131ndan Fenerbah\u00e7e derbisi hakk\u0131nda da a\u00e7\u0131klamalarda bulundu. &#8220;ICARDI DERB\u0130DE YOK&#8221; Sakatl\u0131\u011f\u0131 bulunan Icardi&#8217;nin derbide oynay\u0131p oynamayaca\u011f\u0131na da de\u011finen Buruk, &#8220;Sosyal medyaya \u00e7ok inanmayal\u0131m, g\u00fcvenmeyelim. Oynayacak durumda de\u011fil. Tedavisi devam ediyor. Oynamas\u0131 i\u00e7in \u00e7ok erken. Burada en az 1 hafta 10 g\u00fcn tak\u0131mla\" \/>\n<meta property=\"og:url\" content=\"https:\/\/kibrisdakik.com\/?p=62970\" \/>\n<meta property=\"article:published_time\" content=\"2024-09-18T06:32:29+00:00\" \/>\n<meta property=\"og:image\" content=\"https:\/\/kibrisdakik.com\/wp-content\/uploads\/2024\/09\/icardi-derbide-oynayacak-mi-okan-buruk-taraftari-17832175_1802_amp.jpg\" \/>\n\t<meta property=\"og:image:width\" content=\"1202\" \/>\n\t<meta property=\"og:image:height\" content=\"675\" \/>\n\t<meta property=\"og:image:type\" content=\"image\/jpeg\" \/>\n<meta name=\"author\" content=\"admin\" \/>\n<meta name=\"twitter:card\" content=\"summary_large_image\" \/>\n<meta name=\"twitter:label1\" content=\"Yazan:\" \/>\n\t<meta name=\"twitter:data1\" content=\"admin\" \/>\n\t<meta name=\"twitter:label2\" content=\"Tahmini okuma s\u00fcresi\" \/>\n\t<meta name=\"twitter:data2\" content=\"2 dakika\" \/>\n<script type=\"application\/ld+json\" class=\"yoast-schema-graph\">{\"@context\":\"https:\\\/\\\/schema.org\",\"@graph\":[{\"@type\":\"Article\",\"@id\":\"https:\\\/\\\/kibrisdakik.com\\\/?p=62970#article\",\"isPartOf\":{\"@id\":\"https:\\\/\\\/kibrisdakik.com\\\/?p=62970\"},\"author\":{\"name\":\"admin\",\"@id\":\"https:\\\/\\\/kibrisdakik.com\\\/#\\\/schema\\\/person\\\/9cd9d437bbb44f72b73ba127e06d8e79\"},\"headline\":\"Icardi derbide oynayacak m\u0131? Okan Buruk taraftar\u0131 y\u0131kan haberi verdi\",\"datePublished\":\"2024-09-18T06:32:29+00:00\",\"mainEntityOfPage\":{\"@id\":\"https:\\\/\\\/kibrisdakik.com\\\/?p=62970\"},\"wordCount\":412,\"commentCount\":0,\"publisher\":{\"@id\":\"https:\\\/\\\/kibrisdakik.com\\\/#organization\"},\"image\":{\"@id\":\"https:\\\/\\\/kibrisdakik.com\\\/?p=62970#primaryimage\"},\"thumbnailUrl\":\"https:\\\/\\\/kibrisdakik.com\\\/wp-content\\\/uploads\\\/2024\\\/09\\\/icardi-derbide-oynayacak-mi-okan-buruk-taraftari-17832175_1802_amp.jpg\",\"articleSection\":[\"Magazin\"],\"inLanguage\":\"tr\",\"potentialAction\":[{\"@type\":\"CommentAction\",\"name\":\"Comment\",\"target\":[\"https:\\\/\\\/kibrisdakik.com\\\/?p=62970#respond\"]}]},{\"@type\":\"WebPage\",\"@id\":\"https:\\\/\\\/kibrisdakik.com\\\/?p=62970\",\"url\":\"https:\\\/\\\/kibrisdakik.com\\\/?p=62970\",\"name\":\"Icardi derbide oynayacak m\u0131? Okan Buruk taraftar\u0131 y\u0131kan haberi verdi -\",\"isPartOf\":{\"@id\":\"https:\\\/\\\/kibrisdakik.com\\\/#website\"},\"primaryImageOfPage\":{\"@id\":\"https:\\\/\\\/kibrisdakik.com\\\/?p=62970#primaryimage\"},\"image\":{\"@id\":\"https:\\\/\\\/kibrisdakik.com\\\/?p=62970#primaryimage\"},\"thumbnailUrl\":\"https:\\\/\\\/kibrisdakik.com\\\/wp-content\\\/uploads\\\/2024\\\/09\\\/icardi-derbide-oynayacak-mi-okan-buruk-taraftari-17832175_1802_amp.jpg\",\"datePublished\":\"2024-09-18T06:32:29+00:00\",\"breadcrumb\":{\"@id\":\"https:\\\/\\\/kibrisdakik.com\\\/?p=62970#breadcrumb\"},\"inLanguage\":\"tr\",\"potentialAction\":[{\"@type\":\"ReadAction\",\"target\":[\"https:\\\/\\\/kibrisdakik.com\\\/?p=62970\"]}]},{\"@type\":\"ImageObject\",\"inLanguage\":\"tr\",\"@id\":\"https:\\\/\\\/kibrisdakik.com\\\/?p=62970#primaryimage\",\"url\":\"https:\\\/\\\/kibrisdakik.com\\\/wp-content\\\/uploads\\\/2024\\\/09\\\/icardi-derbide-oynayacak-mi-okan-buruk-taraftari-17832175_1802_amp.jpg\",\"contentUrl\":\"https:\\\/\\\/kibrisdakik.com\\\/wp-content\\\/uploads\\\/2024\\\/09\\\/icardi-derbide-oynayacak-mi-okan-buruk-taraftari-17832175_1802_amp.jpg\",\"width\":1202,\"height\":675},{\"@type\":\"BreadcrumbList\",\"@id\":\"https:\\\/\\\/kibrisdakik.com\\\/?p=62970#breadcrumb\",\"itemListElement\":[{\"@type\":\"ListItem\",\"position\":1,\"name\":\"Home\",\"item\":\"https:\\\/\\\/kibrisdakik.com\\\/\"},{\"@type\":\"ListItem\",\"position\":2,\"name\":\"Icardi derbide oynayacak m\u0131? Okan Buruk taraftar\u0131 y\u0131kan haberi verdi\"}]},{\"@type\":\"WebSite\",\"@id\":\"https:\\\/\\\/kibrisdakik.com\\\/#website\",\"url\":\"https:\\\/\\\/kibrisdakik.com\\\/\",\"name\":\"K\u0131br\u0131s Dakik\",\"description\":\"Tam vaktinde haber\",\"publisher\":{\"@id\":\"https:\\\/\\\/kibrisdakik.com\\\/#organization\"},\"potentialAction\":[{\"@type\":\"SearchAction\",\"target\":{\"@type\":\"EntryPoint\",\"urlTemplate\":\"https:\\\/\\\/kibrisdakik.com\\\/?s={search_term_string}\"},\"query-input\":{\"@type\":\"PropertyValueSpecification\",\"valueRequired\":true,\"valueName\":\"search_term_string\"}}],\"inLanguage\":\"tr\"},{\"@type\":\"Organization\",\"@id\":\"https:\\\/\\\/kibrisdakik.com\\\/#organization\",\"name\":\"K\u0131br\u0131s Dakik\",\"url\":\"https:\\\/\\\/kibrisdakik.com\\\/\",\"logo\":{\"@type\":\"ImageObject\",\"inLanguage\":\"tr\",\"@id\":\"https:\\\/\\\/kibrisdakik.com\\\/#\\\/schema\\\/logo\\\/image\\\/\",\"url\":\"https:\\\/\\\/kibrisdakik.com\\\/wp-content\\\/uploads\\\/2025\\\/10\\\/cropped-WhatsApp-Image-2025-10-02-at-12.58.31.jpeg\",\"contentUrl\":\"https:\\\/\\\/kibrisdakik.com\\\/wp-content\\\/uploads\\\/2025\\\/10\\\/cropped-WhatsApp-Image-2025-10-02-at-12.58.31.jpeg\",\"width\":1237,\"height\":190,\"caption\":\"K\u0131br\u0131s Dakik\"},\"image\":{\"@id\":\"https:\\\/\\\/kibrisdakik.com\\\/#\\\/schema\\\/logo\\\/image\\\/\"}},{\"@type\":\"Person\",\"@id\":\"https:\\\/\\\/kibrisdakik.com\\\/#\\\/schema\\\/person\\\/9cd9d437bbb44f72b73ba127e06d8e79\",\"name\":\"admin\",\"image\":{\"@type\":\"ImageObject\",\"inLanguage\":\"tr\",\"@id\":\"https:\\\/\\\/secure.gravatar.com\\\/avatar\\\/ccc17943b9d660506c869530f897617f7cb1c21a4bf30023f252596d83e1f007?s=96&d=mm&r=g\",\"url\":\"https:\\\/\\\/secure.gravatar.com\\\/avatar\\\/ccc17943b9d660506c869530f897617f7cb1c21a4bf30023f252596d83e1f007?s=96&d=mm&r=g\",\"contentUrl\":\"https:\\\/\\\/secure.gravatar.com\\\/avatar\\\/ccc17943b9d660506c869530f897617f7cb1c21a4bf30023f252596d83e1f007?s=96&d=mm&r=g\",\"caption\":\"admin\"},\"sameAs\":[\"https:\\\/\\\/kibrisdakik.com\"],\"url\":\"https:\\\/\\\/kibrisdakik.com\\\/?author=1\"}]}<\/script>\n<!-- \/ Yoast SEO plugin. -->","yoast_head_json":{"title":"Icardi derbide oynayacak m\u0131? Okan Buruk taraftar\u0131 y\u0131kan haberi verdi -","robots":{"index":"index","follow":"follow","max-snippet":"max-snippet:-1","max-image-preview":"max-image-preview:large","max-video-preview":"max-video-preview:-1"},"canonical":"https:\/\/kibrisdakik.com\/?p=62970","og_locale":"tr_TR","og_type":"article","og_title":"Icardi derbide oynayacak m\u0131? Okan Buruk taraftar\u0131 y\u0131kan haberi verdi -","og_description":"Galatasaray Teknik Direkt\u00f6r\u00fc Okan Buruk, Gaziantep Fk ile oynad\u0131klar\u0131 ve 3-1 kazanad\u0131klar\u0131 ma\u00e7\u0131n ard\u0131ndan Fenerbah\u00e7e derbisi hakk\u0131nda da a\u00e7\u0131klamalarda bulundu. &#8220;ICARDI DERB\u0130DE YOK&#8221; Sakatl\u0131\u011f\u0131 bulunan Icardi&#8217;nin derbide oynay\u0131p oynamayaca\u011f\u0131na da de\u011finen Buruk, &#8220;Sosyal medyaya \u00e7ok inanmayal\u0131m, g\u00fcvenmeyelim. Oynayacak durumda de\u011fil. Tedavisi devam ediyor. Oynamas\u0131 i\u00e7in \u00e7ok erken. Burada en az 1 hafta 10 g\u00fcn tak\u0131mla","og_url":"https:\/\/kibrisdakik.com\/?p=62970","article_published_time":"2024-09-18T06:32:29+00:00","og_image":[{"width":1202,"height":675,"url":"https:\/\/kibrisdakik.com\/wp-content\/uploads\/2024\/09\/icardi-derbide-oynayacak-mi-okan-buruk-taraftari-17832175_1802_amp.jpg","type":"image\/jpeg"}],"author":"admin","twitter_card":"summary_large_image","twitter_misc":{"Yazan:":"admin","Tahmini okuma s\u00fcresi":"2 dakika"},"schema":{"@context":"https:\/\/schema.org","@graph":[{"@type":"Article","@id":"https:\/\/kibrisdakik.com\/?p=62970#article","isPartOf":{"@id":"https:\/\/kibrisdakik.com\/?p=62970"},"author":{"name":"admin","@id":"https:\/\/kibrisdakik.com\/#\/schema\/person\/9cd9d437bbb44f72b73ba127e06d8e79"},"headline":"Icardi derbide oynayacak m\u0131? Okan Buruk taraftar\u0131 y\u0131kan haberi verdi","datePublished":"2024-09-18T06:32:29+00:00","mainEntityOfPage":{"@id":"https:\/\/kibrisdakik.com\/?p=62970"},"wordCount":412,"commentCount":0,"publisher":{"@id":"https:\/\/kibrisdakik.com\/#organization"},"image":{"@id":"https:\/\/kibrisdakik.com\/?p=62970#primaryimage"},"thumbnailUrl":"https:\/\/kibrisdakik.com\/wp-content\/uploads\/2024\/09\/icardi-derbide-oynayacak-mi-okan-buruk-taraftari-17832175_1802_amp.jpg","articleSection":["Magazin"],"inLanguage":"tr","potentialAction":[{"@type":"CommentAction","name":"Comment","target":["https:\/\/kibrisdakik.com\/?p=62970#respond"]}]},{"@type":"WebPage","@id":"https:\/\/kibrisdakik.com\/?p=62970","url":"https:\/\/kibrisdakik.com\/?p=62970","name":"Icardi derbide oynayacak m\u0131? Okan Buruk taraftar\u0131 y\u0131kan haberi verdi -","isPartOf":{"@id":"https:\/\/kibrisdakik.com\/#website"},"primaryImageOfPage":{"@id":"https:\/\/kibrisdakik.com\/?p=62970#primaryimage"},"image":{"@id":"https:\/\/kibrisdakik.com\/?p=62970#primaryimage"},"thumbnailUrl":"https:\/\/kibrisdakik.com\/wp-content\/uploads\/2024\/09\/icardi-derbide-oynayacak-mi-okan-buruk-taraftari-17832175_1802_amp.jpg","datePublished":"2024-09-18T06:32:29+00:00","breadcrumb":{"@id":"https:\/\/kibrisdakik.com\/?p=62970#breadcrumb"},"inLanguage":"tr","potentialAction":[{"@type":"ReadAction","target":["https:\/\/kibrisdakik.com\/?p=62970"]}]},{"@type":"ImageObject","inLanguage":"tr","@id":"https:\/\/kibrisdakik.com\/?p=62970#primaryimage","url":"https:\/\/kibrisdakik.com\/wp-content\/uploads\/2024\/09\/icardi-derbide-oynayacak-mi-okan-buruk-taraftari-17832175_1802_amp.jpg","contentUrl":"https:\/\/kibrisdakik.com\/wp-content\/uploads\/2024\/09\/icardi-derbide-oynayacak-mi-okan-buruk-taraftari-17832175_1802_amp.jpg","width":1202,"height":675},{"@type":"BreadcrumbList","@id":"https:\/\/kibrisdakik.com\/?p=62970#breadcrumb","itemListElement":[{"@type":"ListItem","position":1,"name":"Home","item":"https:\/\/kibrisdakik.com\/"},{"@type":"ListItem","position":2,"name":"Icardi derbide oynayacak m\u0131? Okan Buruk taraftar\u0131 y\u0131kan haberi verdi"}]},{"@type":"WebSite","@id":"https:\/\/kibrisdakik.com\/#website","url":"https:\/\/kibrisdakik.com\/","name":"K\u0131br\u0131s Dakik","description":"Tam vaktinde haber","publisher":{"@id":"https:\/\/kibrisdakik.com\/#organization"},"potentialAction":[{"@type":"SearchAction","target":{"@type":"EntryPoint","urlTemplate":"https:\/\/kibrisdakik.com\/?s={search_term_string}"},"query-input":{"@type":"PropertyValueSpecification","valueRequired":true,"valueName":"search_term_string"}}],"inLanguage":"tr"},{"@type":"Organization","@id":"https:\/\/kibrisdakik.com\/#organization","name":"K\u0131br\u0131s Dakik","url":"https:\/\/kibrisdakik.com\/","logo":{"@type":"ImageObject","inLanguage":"tr","@id":"https:\/\/kibrisdakik.com\/#\/schema\/logo\/image\/","url":"https:\/\/kibrisdakik.com\/wp-content\/uploads\/2025\/10\/cropped-WhatsApp-Image-2025-10-02-at-12.58.31.jpeg","contentUrl":"https:\/\/kibrisdakik.com\/wp-content\/uploads\/2025\/10\/cropped-WhatsApp-Image-2025-10-02-at-12.58.31.jpeg","width":1237,"height":190,"caption":"K\u0131br\u0131s Dakik"},"image":{"@id":"https:\/\/kibrisdakik.com\/#\/schema\/logo\/image\/"}},{"@type":"Person","@id":"https:\/\/kibrisdakik.com\/#\/schema\/person\/9cd9d437bbb44f72b73ba127e06d8e79","name":"admin","image":{"@type":"ImageObject","inLanguage":"tr","@id":"https:\/\/secure.gravatar.com\/avatar\/ccc17943b9d660506c869530f897617f7cb1c21a4bf30023f252596d83e1f007?s=96&d=mm&r=g","url":"https:\/\/secure.gravatar.com\/avatar\/ccc17943b9d660506c869530f897617f7cb1c21a4bf30023f252596d83e1f007?s=96&d=mm&r=g","contentUrl":"https:\/\/secure.gravatar.com\/avatar\/ccc17943b9d660506c869530f897617f7cb1c21a4bf30023f252596d83e1f007?s=96&d=mm&r=g","caption":"admin"},"sameAs":["https:\/\/kibrisdakik.com"],"url":"https:\/\/kibrisdakik.com\/?author=1"}]}},"_links":{"self":[{"href":"https:\/\/kibrisdakik.com\/index.php?rest_route=\/wp\/v2\/posts\/62970","targetHints":{"allow":["GET"]}}],"collection":[{"href":"https:\/\/kibrisdakik.com\/index.php?rest_route=\/wp\/v2\/posts"}],"about":[{"href":"https:\/\/kibrisdakik.com\/index.php?rest_route=\/wp\/v2\/types\/post"}],"author":[{"embeddable":true,"href":"https:\/\/kibrisdakik.com\/index.php?rest_route=\/wp\/v2\/users\/1"}],"replies":[{"embeddable":true,"href":"https:\/\/kibrisdakik.com\/index.php?rest_route=%2Fwp%2Fv2%2Fcomments&post=62970"}],"version-history":[{"count":0,"href":"https:\/\/kibrisdakik.com\/index.php?rest_route=\/wp\/v2\/posts\/62970\/revisions"}],"wp:featuredmedia":[{"embeddable":true,"href":"https:\/\/kibrisdakik.com\/index.php?rest_route=\/wp\/v2\/media\/62971"}],"wp:attachment":[{"href":"https:\/\/kibrisdakik.com\/index.php?rest_route=%2Fwp%2Fv2%2Fmedia&parent=62970"}],"wp:term":[{"taxonomy":"category","embeddable":true,"href":"https:\/\/kibrisdakik.com\/index.php?rest_route=%2Fwp%2Fv2%2Fcategories&post=62970"},{"taxonomy":"post_tag","embeddable":true,"href":"https:\/\/kibrisdakik.com\/index.php?rest_route=%2Fwp%2Fv2%2Ftags&post=62970"}],"curies":[{"name":"wp","href":"https:\/\/api.w.org\/{rel}","templated":true}]}}