{"id":6303,"date":"2023-05-05T12:20:43","date_gmt":"2023-05-05T12:20:43","guid":{"rendered":"https:\/\/kibrisdakik.com\/index.php\/2023\/05\/05\/polisiye-olaylar\/"},"modified":"2023-05-05T12:20:43","modified_gmt":"2023-05-05T12:20:43","slug":"polisiye-olaylar","status":"publish","type":"post","link":"https:\/\/kibrisdakik.com\/?p=6303","title":{"rendered":"Polisiye olaylar\u2026"},"content":{"rendered":"<p><\/p>\n<div>\n<div class=\"mariselle-image-container center\">\n                <img width=\"225\" height=\"225\" class=\"lazy-image\" alt=\"\" decoding=\"async\" loading=\"lazy\" sizes=\"auto, (max-width: 225px) 100vw, 225px\" src=\"https:\/\/brtk.net\/wp-content\/uploads\/2023\/04\/27\/polis67.png?ver=f42e120e8dbc4bc0cf212940be530b66\" srcset=\"https:\/\/brtk.net\/wp-content\/uploads\/2023\/04\/27\/polis67.png?ver=f42e120e8dbc4bc0cf212940be530b66 225w, https:\/\/brtk.net\/wp-content\/uploads\/2023\/04\/27\/polis67-150x150.png?ver=f42e120e8dbc4bc0cf212940be530b66 150w\"\/>                            <\/div>\n<p>Girne-Lefko\u015fa Anayolu\u2019ndaki ayd\u0131nlatma direklerine ait kablolar\u0131n kesilerek \u00e7al\u0131nmas\u0131 ile ilgili y\u00fcr\u00fct\u00fclen ileri soru\u015fturma neticesinde bir ki\u015fi tutukland\u0131.<\/p>\n<p>Polis Bas\u0131n Subayl\u0131\u011f\u0131\u2019ndan yap\u0131lan a\u00e7\u0131klamaya g\u00f6re, Girne-Lefko\u015fa Anayolu\u2019nun 4-6\u2019inci kilometreleri aras\u0131nda, orta ref\u00fcj i\u00e7erisinde bulunan ayd\u0131nlatma direklerine ait 2 bin metre uzunlu\u011fundaki kablolar\u0131n\u0131n kesilip hasara u\u011frat\u0131ld\u0131ktan sonra \u00e7al\u0131nmas\u0131 ile ilgili olarak y\u00fcr\u00fct\u00fclen ileri soru\u015fturmada, meselede zanl\u0131 olarak g\u00f6r\u00fclen S.\u00c7.(E-45) tespit edilerek tutukland\u0131<\/p>\n<p>-Uyu\u015fturucu madde tasarrufundan iki ki\u015fi tutukland\u0131<\/p>\n<p>G\u00fczelyurt\u2019ta \u0130.K.\u2019nin (E-19) evinde d\u00fcn saat 14.00 s\u0131ralar\u0131nda, mahkeme emri ile polis taraf\u0131ndan yap\u0131lan aramada, \u00fczerlerinde uyu\u015fturucu madde kal\u0131nt\u0131s\u0131 oldu\u011funa inan\u0131lan 3 adet ka\u011f\u0131t ile 2 adet po\u015fet bulunarak emare olarak al\u0131nd\u0131. Mesele ile ba\u011flant\u0131s\u0131 oldu\u011fu tespit edilen E.T.\u2019nin (E-44) Lefko\u015fa\u2019daki evinde Narkotik ve Ka\u00e7ak\u00e7\u0131l\u0131\u011f\u0131 \u00d6nleme M\u00fcd\u00fcrl\u00fc\u011f\u00fc Ekipleri taraf\u0131ndan yap\u0131lan aramada ise, \u00fczerlerinde uyu\u015fturucu madde oldu\u011funa kal\u0131nt\u0131s\u0131 oldu\u011funa inan\u0131lan 4 adet ka\u011f\u0131t daha bulunarak emare olarak al\u0131n\u0131rken, bahse konu ki\u015filer tutukland\u0131.<\/p>\n<p>-H\u0131rs\u0131zl\u0131k<\/p>\n<p>D\u00fcn, Demirhan\u2019da bir market i\u00e7indeki kafeteryada \u00e7al\u0131\u015fan H.A.(E-47)\u2019n\u0131n, satt\u0131\u011f\u0131 \u00fcr\u00fcnlere kar\u015f\u0131l\u0131k temin etti\u011fi toplam 745 TL\u2019yi i\u015fletmenin kasas\u0131na koymay\u0131p \u00e7ald\u0131\u011f\u0131 tespit edildi. H.A. tutukland\u0131.<\/p>\n<p>-Sahtekarl\u0131kla mal temini<\/p>\n<p>Gazima\u011fusa\u2019da bir markete m\u00fc\u015fteri olarak giden H.Y.\u2019nin (E-27), 2 May\u0131s ile 4 May\u0131s tarihleri aras\u0131nda yapt\u0131\u011f\u0131 be\u015f ayr\u0131 al\u0131\u015fveri\u015fin paras\u0131n\u0131, cep telefonundaki uygulama arac\u0131l\u0131\u011f\u0131 ile doland\u0131rmak kast\u0131yla banka hesab\u0131ndan verdi\u011fi \u00f6deme talimat\u0131n\u0131 iptal ederek, sahtekarl\u0131kla 12 bin 277 TL de\u011ferindeki \u00fcr\u00fcnleri temin etti\u011fi tespit edildi. H.Y. tutukland\u0131.<\/p>\n<\/p><\/div>\n<p><script async\n                    defer\n                    crossorigin=\"anonymous\"\n                    src=\"https:\/\/connect.facebook.net\/tr_TR\/sdk.js#xfbml=1&#038;version=v3.3\"\n            ><\/script><\/p>\n","protected":false},"excerpt":{"rendered":"<p>Girne-Lefko\u015fa Anayolu\u2019ndaki ayd\u0131nlatma direklerine ait kablolar\u0131n kesilerek \u00e7al\u0131nmas\u0131 ile ilgili y\u00fcr\u00fct\u00fclen ileri soru\u015fturma neticesinde bir ki\u015fi tutukland\u0131. Polis Bas\u0131n Subayl\u0131\u011f\u0131\u2019ndan yap\u0131lan a\u00e7\u0131klamaya g\u00f6re, Girne-Lefko\u015fa Anayolu\u2019nun 4-6\u2019inci kilometreleri aras\u0131nda, orta ref\u00fcj i\u00e7erisinde bulunan ayd\u0131nlatma direklerine ait 2 bin metre uzunlu\u011fundaki kablolar\u0131n\u0131n kesilip hasara u\u011frat\u0131ld\u0131ktan sonra \u00e7al\u0131nmas\u0131 ile ilgili olarak y\u00fcr\u00fct\u00fclen ileri soru\u015fturmada, meselede zanl\u0131 olarak g\u00f6r\u00fclen<\/p>\n","protected":false},"author":1,"featured_media":3158,"comment_status":"open","ping_status":"open","sticky":false,"template":"","format":"standard","meta":{"footnotes":""},"categories":[1],"tags":[],"class_list":["post-6303","post","type-post","status-publish","format-standard","has-post-thumbnail","hentry","category-gundem"],"yoast_head":"<!-- This site is optimized with the Yoast SEO plugin v27.4 - https:\/\/yoast.com\/product\/yoast-seo-wordpress\/ -->\n<title>Polisiye olaylar\u2026 -<\/title>\n<meta name=\"robots\" content=\"index, follow, max-snippet:-1, max-image-preview:large, max-video-preview:-1\" \/>\n<link rel=\"canonical\" href=\"https:\/\/kibrisdakik.com\/?p=6303\" \/>\n<meta property=\"og:locale\" content=\"tr_TR\" \/>\n<meta property=\"og:type\" content=\"article\" \/>\n<meta property=\"og:title\" content=\"Polisiye olaylar\u2026 -\" \/>\n<meta property=\"og:description\" content=\"Girne-Lefko\u015fa Anayolu\u2019ndaki ayd\u0131nlatma direklerine ait kablolar\u0131n kesilerek \u00e7al\u0131nmas\u0131 ile ilgili y\u00fcr\u00fct\u00fclen ileri soru\u015fturma neticesinde bir ki\u015fi tutukland\u0131. Polis Bas\u0131n Subayl\u0131\u011f\u0131\u2019ndan yap\u0131lan a\u00e7\u0131klamaya g\u00f6re, Girne-Lefko\u015fa Anayolu\u2019nun 4-6\u2019inci kilometreleri aras\u0131nda, orta ref\u00fcj i\u00e7erisinde bulunan ayd\u0131nlatma direklerine ait 2 bin metre uzunlu\u011fundaki kablolar\u0131n\u0131n kesilip hasara u\u011frat\u0131ld\u0131ktan sonra \u00e7al\u0131nmas\u0131 ile ilgili olarak y\u00fcr\u00fct\u00fclen ileri soru\u015fturmada, meselede zanl\u0131 olarak g\u00f6r\u00fclen\" \/>\n<meta property=\"og:url\" content=\"https:\/\/kibrisdakik.com\/?p=6303\" \/>\n<meta property=\"article:published_time\" content=\"2023-05-05T12:20:43+00:00\" \/>\n<meta property=\"og:image\" content=\"https:\/\/kibrisdakik.com\/wp-content\/uploads\/2023\/03\/polisiye-olaylar-740x420.jpg\" \/>\n\t<meta property=\"og:image:width\" content=\"811\" \/>\n\t<meta property=\"og:image:height\" content=\"431\" \/>\n\t<meta property=\"og:image:type\" content=\"image\/jpeg\" \/>\n<meta name=\"author\" content=\"admin\" \/>\n<meta name=\"twitter:card\" content=\"summary_large_image\" \/>\n<meta name=\"twitter:label1\" content=\"Yazan:\" \/>\n\t<meta name=\"twitter:data1\" content=\"admin\" \/>\n\t<meta name=\"twitter:label2\" content=\"Tahmini okuma s\u00fcresi\" \/>\n\t<meta name=\"twitter:data2\" content=\"2 dakika\" \/>\n<script type=\"application\/ld+json\" class=\"yoast-schema-graph\">{\"@context\":\"https:\\\/\\\/schema.org\",\"@graph\":[{\"@type\":\"Article\",\"@id\":\"https:\\\/\\\/kibrisdakik.com\\\/?p=6303#article\",\"isPartOf\":{\"@id\":\"https:\\\/\\\/kibrisdakik.com\\\/?p=6303\"},\"author\":{\"name\":\"admin\",\"@id\":\"https:\\\/\\\/kibrisdakik.com\\\/#\\\/schema\\\/person\\\/9cd9d437bbb44f72b73ba127e06d8e79\"},\"headline\":\"Polisiye olaylar\u2026\",\"datePublished\":\"2023-05-05T12:20:43+00:00\",\"mainEntityOfPage\":{\"@id\":\"https:\\\/\\\/kibrisdakik.com\\\/?p=6303\"},\"wordCount\":323,\"commentCount\":0,\"image\":{\"@id\":\"https:\\\/\\\/kibrisdakik.com\\\/?p=6303#primaryimage\"},\"thumbnailUrl\":\"https:\\\/\\\/kibrisdakik.com\\\/wp-content\\\/uploads\\\/2023\\\/03\\\/polisiye-olaylar-740x420.jpg\",\"articleSection\":[\"G\u00fcndem\"],\"inLanguage\":\"tr\",\"potentialAction\":[{\"@type\":\"CommentAction\",\"name\":\"Comment\",\"target\":[\"https:\\\/\\\/kibrisdakik.com\\\/?p=6303#respond\"]}]},{\"@type\":\"WebPage\",\"@id\":\"https:\\\/\\\/kibrisdakik.com\\\/?p=6303\",\"url\":\"https:\\\/\\\/kibrisdakik.com\\\/?p=6303\",\"name\":\"Polisiye olaylar\u2026 -\",\"isPartOf\":{\"@id\":\"https:\\\/\\\/kibrisdakik.com\\\/#website\"},\"primaryImageOfPage\":{\"@id\":\"https:\\\/\\\/kibrisdakik.com\\\/?p=6303#primaryimage\"},\"image\":{\"@id\":\"https:\\\/\\\/kibrisdakik.com\\\/?p=6303#primaryimage\"},\"thumbnailUrl\":\"https:\\\/\\\/kibrisdakik.com\\\/wp-content\\\/uploads\\\/2023\\\/03\\\/polisiye-olaylar-740x420.jpg\",\"datePublished\":\"2023-05-05T12:20:43+00:00\",\"author\":{\"@id\":\"https:\\\/\\\/kibrisdakik.com\\\/#\\\/schema\\\/person\\\/9cd9d437bbb44f72b73ba127e06d8e79\"},\"breadcrumb\":{\"@id\":\"https:\\\/\\\/kibrisdakik.com\\\/?p=6303#breadcrumb\"},\"inLanguage\":\"tr\",\"potentialAction\":[{\"@type\":\"ReadAction\",\"target\":[\"https:\\\/\\\/kibrisdakik.com\\\/?p=6303\"]}]},{\"@type\":\"ImageObject\",\"inLanguage\":\"tr\",\"@id\":\"https:\\\/\\\/kibrisdakik.com\\\/?p=6303#primaryimage\",\"url\":\"https:\\\/\\\/kibrisdakik.com\\\/wp-content\\\/uploads\\\/2023\\\/03\\\/polisiye-olaylar-740x420.jpg\",\"contentUrl\":\"https:\\\/\\\/kibrisdakik.com\\\/wp-content\\\/uploads\\\/2023\\\/03\\\/polisiye-olaylar-740x420.jpg\",\"width\":811,\"height\":431},{\"@type\":\"BreadcrumbList\",\"@id\":\"https:\\\/\\\/kibrisdakik.com\\\/?p=6303#breadcrumb\",\"itemListElement\":[{\"@type\":\"ListItem\",\"position\":1,\"name\":\"Home\",\"item\":\"https:\\\/\\\/kibrisdakik.com\\\/\"},{\"@type\":\"ListItem\",\"position\":2,\"name\":\"Polisiye olaylar\u2026\"}]},{\"@type\":\"WebSite\",\"@id\":\"https:\\\/\\\/kibrisdakik.com\\\/#website\",\"url\":\"https:\\\/\\\/kibrisdakik.com\\\/\",\"name\":\"\",\"description\":\"Tam vaktinde haber\",\"potentialAction\":[{\"@type\":\"SearchAction\",\"target\":{\"@type\":\"EntryPoint\",\"urlTemplate\":\"https:\\\/\\\/kibrisdakik.com\\\/?s={search_term_string}\"},\"query-input\":{\"@type\":\"PropertyValueSpecification\",\"valueRequired\":true,\"valueName\":\"search_term_string\"}}],\"inLanguage\":\"tr\"},{\"@type\":\"Person\",\"@id\":\"https:\\\/\\\/kibrisdakik.com\\\/#\\\/schema\\\/person\\\/9cd9d437bbb44f72b73ba127e06d8e79\",\"name\":\"admin\",\"image\":{\"@type\":\"ImageObject\",\"inLanguage\":\"tr\",\"@id\":\"https:\\\/\\\/secure.gravatar.com\\\/avatar\\\/ccc17943b9d660506c869530f897617f7cb1c21a4bf30023f252596d83e1f007?s=96&d=mm&r=g\",\"url\":\"https:\\\/\\\/secure.gravatar.com\\\/avatar\\\/ccc17943b9d660506c869530f897617f7cb1c21a4bf30023f252596d83e1f007?s=96&d=mm&r=g\",\"contentUrl\":\"https:\\\/\\\/secure.gravatar.com\\\/avatar\\\/ccc17943b9d660506c869530f897617f7cb1c21a4bf30023f252596d83e1f007?s=96&d=mm&r=g\",\"caption\":\"admin\"},\"sameAs\":[\"https:\\\/\\\/kibrisdakik.com\"],\"url\":\"https:\\\/\\\/kibrisdakik.com\\\/?author=1\"}]}<\/script>\n<!-- \/ Yoast SEO plugin. -->","yoast_head_json":{"title":"Polisiye olaylar\u2026 -","robots":{"index":"index","follow":"follow","max-snippet":"max-snippet:-1","max-image-preview":"max-image-preview:large","max-video-preview":"max-video-preview:-1"},"canonical":"https:\/\/kibrisdakik.com\/?p=6303","og_locale":"tr_TR","og_type":"article","og_title":"Polisiye olaylar\u2026 -","og_description":"Girne-Lefko\u015fa Anayolu\u2019ndaki ayd\u0131nlatma direklerine ait kablolar\u0131n kesilerek \u00e7al\u0131nmas\u0131 ile ilgili y\u00fcr\u00fct\u00fclen ileri soru\u015fturma neticesinde bir ki\u015fi tutukland\u0131. Polis Bas\u0131n Subayl\u0131\u011f\u0131\u2019ndan yap\u0131lan a\u00e7\u0131klamaya g\u00f6re, Girne-Lefko\u015fa Anayolu\u2019nun 4-6\u2019inci kilometreleri aras\u0131nda, orta ref\u00fcj i\u00e7erisinde bulunan ayd\u0131nlatma direklerine ait 2 bin metre uzunlu\u011fundaki kablolar\u0131n\u0131n kesilip hasara u\u011frat\u0131ld\u0131ktan sonra \u00e7al\u0131nmas\u0131 ile ilgili olarak y\u00fcr\u00fct\u00fclen ileri soru\u015fturmada, meselede zanl\u0131 olarak g\u00f6r\u00fclen","og_url":"https:\/\/kibrisdakik.com\/?p=6303","article_published_time":"2023-05-05T12:20:43+00:00","og_image":[{"width":811,"height":431,"url":"https:\/\/kibrisdakik.com\/wp-content\/uploads\/2023\/03\/polisiye-olaylar-740x420.jpg","type":"image\/jpeg"}],"author":"admin","twitter_card":"summary_large_image","twitter_misc":{"Yazan:":"admin","Tahmini okuma s\u00fcresi":"2 dakika"},"schema":{"@context":"https:\/\/schema.org","@graph":[{"@type":"Article","@id":"https:\/\/kibrisdakik.com\/?p=6303#article","isPartOf":{"@id":"https:\/\/kibrisdakik.com\/?p=6303"},"author":{"name":"admin","@id":"https:\/\/kibrisdakik.com\/#\/schema\/person\/9cd9d437bbb44f72b73ba127e06d8e79"},"headline":"Polisiye olaylar\u2026","datePublished":"2023-05-05T12:20:43+00:00","mainEntityOfPage":{"@id":"https:\/\/kibrisdakik.com\/?p=6303"},"wordCount":323,"commentCount":0,"image":{"@id":"https:\/\/kibrisdakik.com\/?p=6303#primaryimage"},"thumbnailUrl":"https:\/\/kibrisdakik.com\/wp-content\/uploads\/2023\/03\/polisiye-olaylar-740x420.jpg","articleSection":["G\u00fcndem"],"inLanguage":"tr","potentialAction":[{"@type":"CommentAction","name":"Comment","target":["https:\/\/kibrisdakik.com\/?p=6303#respond"]}]},{"@type":"WebPage","@id":"https:\/\/kibrisdakik.com\/?p=6303","url":"https:\/\/kibrisdakik.com\/?p=6303","name":"Polisiye olaylar\u2026 -","isPartOf":{"@id":"https:\/\/kibrisdakik.com\/#website"},"primaryImageOfPage":{"@id":"https:\/\/kibrisdakik.com\/?p=6303#primaryimage"},"image":{"@id":"https:\/\/kibrisdakik.com\/?p=6303#primaryimage"},"thumbnailUrl":"https:\/\/kibrisdakik.com\/wp-content\/uploads\/2023\/03\/polisiye-olaylar-740x420.jpg","datePublished":"2023-05-05T12:20:43+00:00","author":{"@id":"https:\/\/kibrisdakik.com\/#\/schema\/person\/9cd9d437bbb44f72b73ba127e06d8e79"},"breadcrumb":{"@id":"https:\/\/kibrisdakik.com\/?p=6303#breadcrumb"},"inLanguage":"tr","potentialAction":[{"@type":"ReadAction","target":["https:\/\/kibrisdakik.com\/?p=6303"]}]},{"@type":"ImageObject","inLanguage":"tr","@id":"https:\/\/kibrisdakik.com\/?p=6303#primaryimage","url":"https:\/\/kibrisdakik.com\/wp-content\/uploads\/2023\/03\/polisiye-olaylar-740x420.jpg","contentUrl":"https:\/\/kibrisdakik.com\/wp-content\/uploads\/2023\/03\/polisiye-olaylar-740x420.jpg","width":811,"height":431},{"@type":"BreadcrumbList","@id":"https:\/\/kibrisdakik.com\/?p=6303#breadcrumb","itemListElement":[{"@type":"ListItem","position":1,"name":"Home","item":"https:\/\/kibrisdakik.com\/"},{"@type":"ListItem","position":2,"name":"Polisiye olaylar\u2026"}]},{"@type":"WebSite","@id":"https:\/\/kibrisdakik.com\/#website","url":"https:\/\/kibrisdakik.com\/","name":"","description":"Tam vaktinde haber","potentialAction":[{"@type":"SearchAction","target":{"@type":"EntryPoint","urlTemplate":"https:\/\/kibrisdakik.com\/?s={search_term_string}"},"query-input":{"@type":"PropertyValueSpecification","valueRequired":true,"valueName":"search_term_string"}}],"inLanguage":"tr"},{"@type":"Person","@id":"https:\/\/kibrisdakik.com\/#\/schema\/person\/9cd9d437bbb44f72b73ba127e06d8e79","name":"admin","image":{"@type":"ImageObject","inLanguage":"tr","@id":"https:\/\/secure.gravatar.com\/avatar\/ccc17943b9d660506c869530f897617f7cb1c21a4bf30023f252596d83e1f007?s=96&d=mm&r=g","url":"https:\/\/secure.gravatar.com\/avatar\/ccc17943b9d660506c869530f897617f7cb1c21a4bf30023f252596d83e1f007?s=96&d=mm&r=g","contentUrl":"https:\/\/secure.gravatar.com\/avatar\/ccc17943b9d660506c869530f897617f7cb1c21a4bf30023f252596d83e1f007?s=96&d=mm&r=g","caption":"admin"},"sameAs":["https:\/\/kibrisdakik.com"],"url":"https:\/\/kibrisdakik.com\/?author=1"}]}},"_links":{"self":[{"href":"https:\/\/kibrisdakik.com\/index.php?rest_route=\/wp\/v2\/posts\/6303","targetHints":{"allow":["GET"]}}],"collection":[{"href":"https:\/\/kibrisdakik.com\/index.php?rest_route=\/wp\/v2\/posts"}],"about":[{"href":"https:\/\/kibrisdakik.com\/index.php?rest_route=\/wp\/v2\/types\/post"}],"author":[{"embeddable":true,"href":"https:\/\/kibrisdakik.com\/index.php?rest_route=\/wp\/v2\/users\/1"}],"replies":[{"embeddable":true,"href":"https:\/\/kibrisdakik.com\/index.php?rest_route=%2Fwp%2Fv2%2Fcomments&post=6303"}],"version-history":[{"count":0,"href":"https:\/\/kibrisdakik.com\/index.php?rest_route=\/wp\/v2\/posts\/6303\/revisions"}],"wp:featuredmedia":[{"embeddable":true,"href":"https:\/\/kibrisdakik.com\/index.php?rest_route=\/wp\/v2\/media\/3158"}],"wp:attachment":[{"href":"https:\/\/kibrisdakik.com\/index.php?rest_route=%2Fwp%2Fv2%2Fmedia&parent=6303"}],"wp:term":[{"taxonomy":"category","embeddable":true,"href":"https:\/\/kibrisdakik.com\/index.php?rest_route=%2Fwp%2Fv2%2Fcategories&post=6303"},{"taxonomy":"post_tag","embeddable":true,"href":"https:\/\/kibrisdakik.com\/index.php?rest_route=%2Fwp%2Fv2%2Ftags&post=6303"}],"curies":[{"name":"wp","href":"https:\/\/api.w.org\/{rel}","templated":true}]}}