{"id":63032,"date":"2024-09-18T14:06:19","date_gmt":"2024-09-18T11:06:19","guid":{"rendered":"https:\/\/kibrisdakik.com\/?p=63032"},"modified":"2024-09-18T14:06:19","modified_gmt":"2024-09-18T11:06:19","slug":"trump-yeniden-baskan-secilmesi-durumunda-cinli-otomobil-ureticilerine-yuzde-200-gumruk-vergisi-uygulayacagini-duyurdu","status":"publish","type":"post","link":"https:\/\/kibrisdakik.com\/?p=63032","title":{"rendered":"Trump, yeniden ba\u015fkan se\u00e7ilmesi durumunda \u00c7inli otomobil \u00fcreticilerine y\u00fczde 200 g\u00fcmr\u00fck vergisi uygulayaca\u011f\u0131n\u0131 duyurdu"},"content":{"rendered":"<p><img decoding=\"async\" src=\"https:\/\/foto.haberler.com\/haber\/2024\/09\/18\/trump-yeniden-baskan-secilmesi-durumunda-cinli-17832672_7925_amp.jpg\" \/><\/p>\n<div id=\"\">\n<p>Eski ABD Ba\u015fkan\u0131 ve Cumhuriyet\u00e7i Partinin 2024 ba\u015fkanl\u0131k yar\u0131\u015f\u0131ndaki aday\u0131 Donald Trump, \u00c7inli otomobil \u00fcreticilerinin Meksika&#8217;da fabrikalar kurdu\u011funu iddia ederek se\u00e7ildi\u011fi takdirde bu fabrikalarda \u00fcretilen ve ABD&#8217;ye g\u00f6nderilen t\u00fcm ara\u00e7lara y\u00fczde 200 g\u00fcmr\u00fck vergisi uygulayaca\u011f\u0131n\u0131 belirtti.<\/p>\n<p>Michigan eyaletinde yapt\u0131\u011f\u0131 konu\u015fmada \u00c7in&#8217;in ABD&#8217;de otomotiv end\u00fcstrisi ve ekonomiye etkisini de\u011ferlendiren Trump, &#8220;E\u011fer se\u00e7imleri kazanamazsam 2 ya da 3 y\u0131l i\u00e7inde otomotiv end\u00fcstrimiz olmayacak.&#8221; ifadesini kulland\u0131.<\/p>\n<p> <a class=\"keyword\" href=\"https:\/\/www.haberler.com\/otomobil\/\" title=\"Otomobil Haberleri, Otomobil Haberi, Otomobil Haber\"><strong>Otomobil<\/strong><\/a> \u00fcreten \u00c7inli \u015firketlerin Meksika&#8217;da &#8220;dev fabrikalar&#8221; in\u015fa etti\u011fini iddia eden Trump, se\u00e7imleri kazanmas\u0131 durumunda bu fabrikalarda \u00fcretilen ve ABD&#8217;ye ithal edilen ara\u00e7lara y\u00fczde 200 g\u00fcmr\u00fck vergisi uygulayaca\u011f\u0131n\u0131 kaydetti.<br \/>Trump, uygulayaca\u011f\u0131 g\u00fcmr\u00fck vergilerinin, &#8220;Meksika&#8217;da \u00fcretilen \u00c7in ara\u00e7lar\u0131n\u0131&#8221; ABD&#8217;de sat\u0131lamaz hale getirece\u011fini ve yabanc\u0131 otomobil \u00fcreticilerinin ABD&#8217;de fabrika kurmas\u0131n\u0131 sa\u011flayaca\u011f\u0131n\u0131 savundu.<\/p>\n<h3>TRUMP&#8217;TAN &#8220;EKONOM\u0130K KIYIM&#8221; UYARISI<\/h3>\n<p>Eski ABD Ba\u015fkan\u0131, mart ay\u0131nda Ohio&#8217;da yapt\u0131\u011f\u0131 konu\u015fmada \u00c7in Devlet Ba\u015fkan\u0131 \u015ei Cinping&#8217;e seslenerek &#8220;\u015eu an Meksika&#8217;da in\u015fa etti\u011finiz dev otomobil \u00fcretme tesislerinde Amerikal\u0131lar\u0131 \u00e7al\u0131\u015ft\u0131rmayacaks\u0131n\u0131z ve o ara\u00e7lar\u0131 bize satmayacaks\u0131n\u0131z.&#8221; demi\u015fti.<\/p>\n<p>Ba\u015fkan se\u00e7ilmedi\u011fi takdirde \u00fclkenin ekonomik buhrana girece\u011fini savunan Trump, &#8220;\u00dclkede k\u0131y\u0131m ya\u015fanacak ve en hafifi bu olacak. O arabalar\u0131 satmayacaklar. Dev fabrikalar in\u015fa ediyorlar.&#8221; ifadelerini kullanm\u0131\u015ft\u0131. <\/p>\n<h4 id=\"nwsKeywords\"> <a href=\"https:\/\/www.haberler.com\/donald-trump\/\" title=\"Donald Trump\" class=\"hbptTag\">Donald Trump<\/a>  <a href=\"https:\/\/www.haberler.com\/donald-trump\/\" title=\"Donald Trump\" class=\"hbptTag\">Donald Trump<\/a>  <a href=\"https:\/\/www.haberler.com\/otomobil\/\" title=\"Otomobil\" class=\"hbptTag\">Otomobil<\/a>  <a href=\"https:\/\/www.haberler.com\/politika\/\" title=\"Politika\" class=\"hbptTag\">Politika<\/a>  <a href=\"https:\/\/www.haberler.com\/ekonomi\/\" title=\"Ekonomi\" class=\"hbptTag\">Ekonomi<\/a>  <a href=\"https:\/\/www.haberler.com\/guncel\/\" title=\"G\u00fcncel\" class=\"hbptTag\">G\u00fcncel<\/a> <\/h4>\n<\/div>\n","protected":false},"excerpt":{"rendered":"<p>Eski ABD Ba\u015fkan\u0131 ve Cumhuriyet\u00e7i Partinin 2024 ba\u015fkanl\u0131k yar\u0131\u015f\u0131ndaki aday\u0131 Donald Trump, \u00c7inli otomobil \u00fcreticilerinin Meksika&#8217;da fabrikalar kurdu\u011funu iddia ederek se\u00e7ildi\u011fi takdirde bu fabrikalarda \u00fcretilen ve ABD&#8217;ye g\u00f6nderilen t\u00fcm ara\u00e7lara y\u00fczde 200 g\u00fcmr\u00fck vergisi uygulayaca\u011f\u0131n\u0131 belirtti. Michigan eyaletinde yapt\u0131\u011f\u0131 konu\u015fmada \u00c7in&#8217;in ABD&#8217;de otomotiv end\u00fcstrisi ve ekonomiye etkisini de\u011ferlendiren Trump, &#8220;E\u011fer se\u00e7imleri kazanamazsam 2 ya da<\/p>\n","protected":false},"author":1,"featured_media":63033,"comment_status":"open","ping_status":"open","sticky":false,"template":"","format":"standard","meta":{"footnotes":""},"categories":[83],"tags":[],"class_list":["post-63032","post","type-post","status-publish","format-standard","has-post-thumbnail","hentry","category-magazin"],"yoast_head":"<!-- This site is optimized with the Yoast SEO plugin v27.4 - https:\/\/yoast.com\/product\/yoast-seo-wordpress\/ -->\n<title>Trump, yeniden ba\u015fkan se\u00e7ilmesi durumunda \u00c7inli otomobil \u00fcreticilerine y\u00fczde 200 g\u00fcmr\u00fck vergisi uygulayaca\u011f\u0131n\u0131 duyurdu -<\/title>\n<meta name=\"robots\" content=\"index, follow, max-snippet:-1, max-image-preview:large, max-video-preview:-1\" \/>\n<link rel=\"canonical\" href=\"https:\/\/kibrisdakik.com\/?p=63032\" \/>\n<meta property=\"og:locale\" content=\"tr_TR\" \/>\n<meta property=\"og:type\" content=\"article\" \/>\n<meta property=\"og:title\" content=\"Trump, yeniden ba\u015fkan se\u00e7ilmesi durumunda \u00c7inli otomobil \u00fcreticilerine y\u00fczde 200 g\u00fcmr\u00fck vergisi uygulayaca\u011f\u0131n\u0131 duyurdu -\" \/>\n<meta property=\"og:description\" content=\"Eski ABD Ba\u015fkan\u0131 ve Cumhuriyet\u00e7i Partinin 2024 ba\u015fkanl\u0131k yar\u0131\u015f\u0131ndaki aday\u0131 Donald Trump, \u00c7inli otomobil \u00fcreticilerinin Meksika&#8217;da fabrikalar kurdu\u011funu iddia ederek se\u00e7ildi\u011fi takdirde bu fabrikalarda \u00fcretilen ve ABD&#8217;ye g\u00f6nderilen t\u00fcm ara\u00e7lara y\u00fczde 200 g\u00fcmr\u00fck vergisi uygulayaca\u011f\u0131n\u0131 belirtti. Michigan eyaletinde yapt\u0131\u011f\u0131 konu\u015fmada \u00c7in&#8217;in ABD&#8217;de otomotiv end\u00fcstrisi ve ekonomiye etkisini de\u011ferlendiren Trump, &#8220;E\u011fer se\u00e7imleri kazanamazsam 2 ya da\" \/>\n<meta property=\"og:url\" content=\"https:\/\/kibrisdakik.com\/?p=63032\" \/>\n<meta property=\"article:published_time\" content=\"2024-09-18T11:06:19+00:00\" \/>\n<meta property=\"og:image\" content=\"https:\/\/kibrisdakik.com\/wp-content\/uploads\/2024\/09\/trump-yeniden-baskan-secilmesi-durumunda-cinli-17832672_7925_amp.jpg\" \/>\n\t<meta property=\"og:image:width\" content=\"1202\" \/>\n\t<meta property=\"og:image:height\" content=\"675\" \/>\n\t<meta property=\"og:image:type\" content=\"image\/jpeg\" \/>\n<meta name=\"author\" content=\"admin\" \/>\n<meta name=\"twitter:card\" content=\"summary_large_image\" \/>\n<meta name=\"twitter:label1\" content=\"Yazan:\" \/>\n\t<meta name=\"twitter:data1\" content=\"admin\" \/>\n\t<meta name=\"twitter:label2\" content=\"Tahmini okuma s\u00fcresi\" \/>\n\t<meta name=\"twitter:data2\" content=\"1 dakika\" \/>\n<script type=\"application\/ld+json\" class=\"yoast-schema-graph\">{\"@context\":\"https:\\\/\\\/schema.org\",\"@graph\":[{\"@type\":\"Article\",\"@id\":\"https:\\\/\\\/kibrisdakik.com\\\/?p=63032#article\",\"isPartOf\":{\"@id\":\"https:\\\/\\\/kibrisdakik.com\\\/?p=63032\"},\"author\":{\"name\":\"admin\",\"@id\":\"https:\\\/\\\/kibrisdakik.com\\\/#\\\/schema\\\/person\\\/9cd9d437bbb44f72b73ba127e06d8e79\"},\"headline\":\"Trump, yeniden ba\u015fkan se\u00e7ilmesi durumunda \u00c7inli otomobil \u00fcreticilerine y\u00fczde 200 g\u00fcmr\u00fck vergisi uygulayaca\u011f\u0131n\u0131 duyurdu\",\"datePublished\":\"2024-09-18T11:06:19+00:00\",\"mainEntityOfPage\":{\"@id\":\"https:\\\/\\\/kibrisdakik.com\\\/?p=63032\"},\"wordCount\":262,\"commentCount\":0,\"image\":{\"@id\":\"https:\\\/\\\/kibrisdakik.com\\\/?p=63032#primaryimage\"},\"thumbnailUrl\":\"https:\\\/\\\/kibrisdakik.com\\\/wp-content\\\/uploads\\\/2024\\\/09\\\/trump-yeniden-baskan-secilmesi-durumunda-cinli-17832672_7925_amp.jpg\",\"articleSection\":[\"Magazin\"],\"inLanguage\":\"tr\",\"potentialAction\":[{\"@type\":\"CommentAction\",\"name\":\"Comment\",\"target\":[\"https:\\\/\\\/kibrisdakik.com\\\/?p=63032#respond\"]}]},{\"@type\":\"WebPage\",\"@id\":\"https:\\\/\\\/kibrisdakik.com\\\/?p=63032\",\"url\":\"https:\\\/\\\/kibrisdakik.com\\\/?p=63032\",\"name\":\"Trump, yeniden ba\u015fkan se\u00e7ilmesi durumunda \u00c7inli otomobil \u00fcreticilerine y\u00fczde 200 g\u00fcmr\u00fck vergisi uygulayaca\u011f\u0131n\u0131 duyurdu -\",\"isPartOf\":{\"@id\":\"https:\\\/\\\/kibrisdakik.com\\\/#website\"},\"primaryImageOfPage\":{\"@id\":\"https:\\\/\\\/kibrisdakik.com\\\/?p=63032#primaryimage\"},\"image\":{\"@id\":\"https:\\\/\\\/kibrisdakik.com\\\/?p=63032#primaryimage\"},\"thumbnailUrl\":\"https:\\\/\\\/kibrisdakik.com\\\/wp-content\\\/uploads\\\/2024\\\/09\\\/trump-yeniden-baskan-secilmesi-durumunda-cinli-17832672_7925_amp.jpg\",\"datePublished\":\"2024-09-18T11:06:19+00:00\",\"author\":{\"@id\":\"https:\\\/\\\/kibrisdakik.com\\\/#\\\/schema\\\/person\\\/9cd9d437bbb44f72b73ba127e06d8e79\"},\"breadcrumb\":{\"@id\":\"https:\\\/\\\/kibrisdakik.com\\\/?p=63032#breadcrumb\"},\"inLanguage\":\"tr\",\"potentialAction\":[{\"@type\":\"ReadAction\",\"target\":[\"https:\\\/\\\/kibrisdakik.com\\\/?p=63032\"]}]},{\"@type\":\"ImageObject\",\"inLanguage\":\"tr\",\"@id\":\"https:\\\/\\\/kibrisdakik.com\\\/?p=63032#primaryimage\",\"url\":\"https:\\\/\\\/kibrisdakik.com\\\/wp-content\\\/uploads\\\/2024\\\/09\\\/trump-yeniden-baskan-secilmesi-durumunda-cinli-17832672_7925_amp.jpg\",\"contentUrl\":\"https:\\\/\\\/kibrisdakik.com\\\/wp-content\\\/uploads\\\/2024\\\/09\\\/trump-yeniden-baskan-secilmesi-durumunda-cinli-17832672_7925_amp.jpg\",\"width\":1202,\"height\":675},{\"@type\":\"BreadcrumbList\",\"@id\":\"https:\\\/\\\/kibrisdakik.com\\\/?p=63032#breadcrumb\",\"itemListElement\":[{\"@type\":\"ListItem\",\"position\":1,\"name\":\"Home\",\"item\":\"https:\\\/\\\/kibrisdakik.com\\\/\"},{\"@type\":\"ListItem\",\"position\":2,\"name\":\"Trump, yeniden ba\u015fkan se\u00e7ilmesi durumunda \u00c7inli otomobil \u00fcreticilerine y\u00fczde 200 g\u00fcmr\u00fck vergisi uygulayaca\u011f\u0131n\u0131 duyurdu\"}]},{\"@type\":\"WebSite\",\"@id\":\"https:\\\/\\\/kibrisdakik.com\\\/#website\",\"url\":\"https:\\\/\\\/kibrisdakik.com\\\/\",\"name\":\"\",\"description\":\"Tam vaktinde haber\",\"potentialAction\":[{\"@type\":\"SearchAction\",\"target\":{\"@type\":\"EntryPoint\",\"urlTemplate\":\"https:\\\/\\\/kibrisdakik.com\\\/?s={search_term_string}\"},\"query-input\":{\"@type\":\"PropertyValueSpecification\",\"valueRequired\":true,\"valueName\":\"search_term_string\"}}],\"inLanguage\":\"tr\"},{\"@type\":\"Person\",\"@id\":\"https:\\\/\\\/kibrisdakik.com\\\/#\\\/schema\\\/person\\\/9cd9d437bbb44f72b73ba127e06d8e79\",\"name\":\"admin\",\"image\":{\"@type\":\"ImageObject\",\"inLanguage\":\"tr\",\"@id\":\"https:\\\/\\\/secure.gravatar.com\\\/avatar\\\/ccc17943b9d660506c869530f897617f7cb1c21a4bf30023f252596d83e1f007?s=96&d=mm&r=g\",\"url\":\"https:\\\/\\\/secure.gravatar.com\\\/avatar\\\/ccc17943b9d660506c869530f897617f7cb1c21a4bf30023f252596d83e1f007?s=96&d=mm&r=g\",\"contentUrl\":\"https:\\\/\\\/secure.gravatar.com\\\/avatar\\\/ccc17943b9d660506c869530f897617f7cb1c21a4bf30023f252596d83e1f007?s=96&d=mm&r=g\",\"caption\":\"admin\"},\"sameAs\":[\"https:\\\/\\\/kibrisdakik.com\"],\"url\":\"https:\\\/\\\/kibrisdakik.com\\\/?author=1\"}]}<\/script>\n<!-- \/ Yoast SEO plugin. -->","yoast_head_json":{"title":"Trump, yeniden ba\u015fkan se\u00e7ilmesi durumunda \u00c7inli otomobil \u00fcreticilerine y\u00fczde 200 g\u00fcmr\u00fck vergisi uygulayaca\u011f\u0131n\u0131 duyurdu -","robots":{"index":"index","follow":"follow","max-snippet":"max-snippet:-1","max-image-preview":"max-image-preview:large","max-video-preview":"max-video-preview:-1"},"canonical":"https:\/\/kibrisdakik.com\/?p=63032","og_locale":"tr_TR","og_type":"article","og_title":"Trump, yeniden ba\u015fkan se\u00e7ilmesi durumunda \u00c7inli otomobil \u00fcreticilerine y\u00fczde 200 g\u00fcmr\u00fck vergisi uygulayaca\u011f\u0131n\u0131 duyurdu -","og_description":"Eski ABD Ba\u015fkan\u0131 ve Cumhuriyet\u00e7i Partinin 2024 ba\u015fkanl\u0131k yar\u0131\u015f\u0131ndaki aday\u0131 Donald Trump, \u00c7inli otomobil \u00fcreticilerinin Meksika&#8217;da fabrikalar kurdu\u011funu iddia ederek se\u00e7ildi\u011fi takdirde bu fabrikalarda \u00fcretilen ve ABD&#8217;ye g\u00f6nderilen t\u00fcm ara\u00e7lara y\u00fczde 200 g\u00fcmr\u00fck vergisi uygulayaca\u011f\u0131n\u0131 belirtti. Michigan eyaletinde yapt\u0131\u011f\u0131 konu\u015fmada \u00c7in&#8217;in ABD&#8217;de otomotiv end\u00fcstrisi ve ekonomiye etkisini de\u011ferlendiren Trump, &#8220;E\u011fer se\u00e7imleri kazanamazsam 2 ya da","og_url":"https:\/\/kibrisdakik.com\/?p=63032","article_published_time":"2024-09-18T11:06:19+00:00","og_image":[{"width":1202,"height":675,"url":"https:\/\/kibrisdakik.com\/wp-content\/uploads\/2024\/09\/trump-yeniden-baskan-secilmesi-durumunda-cinli-17832672_7925_amp.jpg","type":"image\/jpeg"}],"author":"admin","twitter_card":"summary_large_image","twitter_misc":{"Yazan:":"admin","Tahmini okuma s\u00fcresi":"1 dakika"},"schema":{"@context":"https:\/\/schema.org","@graph":[{"@type":"Article","@id":"https:\/\/kibrisdakik.com\/?p=63032#article","isPartOf":{"@id":"https:\/\/kibrisdakik.com\/?p=63032"},"author":{"name":"admin","@id":"https:\/\/kibrisdakik.com\/#\/schema\/person\/9cd9d437bbb44f72b73ba127e06d8e79"},"headline":"Trump, yeniden ba\u015fkan se\u00e7ilmesi durumunda \u00c7inli otomobil \u00fcreticilerine y\u00fczde 200 g\u00fcmr\u00fck vergisi uygulayaca\u011f\u0131n\u0131 duyurdu","datePublished":"2024-09-18T11:06:19+00:00","mainEntityOfPage":{"@id":"https:\/\/kibrisdakik.com\/?p=63032"},"wordCount":262,"commentCount":0,"image":{"@id":"https:\/\/kibrisdakik.com\/?p=63032#primaryimage"},"thumbnailUrl":"https:\/\/kibrisdakik.com\/wp-content\/uploads\/2024\/09\/trump-yeniden-baskan-secilmesi-durumunda-cinli-17832672_7925_amp.jpg","articleSection":["Magazin"],"inLanguage":"tr","potentialAction":[{"@type":"CommentAction","name":"Comment","target":["https:\/\/kibrisdakik.com\/?p=63032#respond"]}]},{"@type":"WebPage","@id":"https:\/\/kibrisdakik.com\/?p=63032","url":"https:\/\/kibrisdakik.com\/?p=63032","name":"Trump, yeniden ba\u015fkan se\u00e7ilmesi durumunda \u00c7inli otomobil \u00fcreticilerine y\u00fczde 200 g\u00fcmr\u00fck vergisi uygulayaca\u011f\u0131n\u0131 duyurdu -","isPartOf":{"@id":"https:\/\/kibrisdakik.com\/#website"},"primaryImageOfPage":{"@id":"https:\/\/kibrisdakik.com\/?p=63032#primaryimage"},"image":{"@id":"https:\/\/kibrisdakik.com\/?p=63032#primaryimage"},"thumbnailUrl":"https:\/\/kibrisdakik.com\/wp-content\/uploads\/2024\/09\/trump-yeniden-baskan-secilmesi-durumunda-cinli-17832672_7925_amp.jpg","datePublished":"2024-09-18T11:06:19+00:00","author":{"@id":"https:\/\/kibrisdakik.com\/#\/schema\/person\/9cd9d437bbb44f72b73ba127e06d8e79"},"breadcrumb":{"@id":"https:\/\/kibrisdakik.com\/?p=63032#breadcrumb"},"inLanguage":"tr","potentialAction":[{"@type":"ReadAction","target":["https:\/\/kibrisdakik.com\/?p=63032"]}]},{"@type":"ImageObject","inLanguage":"tr","@id":"https:\/\/kibrisdakik.com\/?p=63032#primaryimage","url":"https:\/\/kibrisdakik.com\/wp-content\/uploads\/2024\/09\/trump-yeniden-baskan-secilmesi-durumunda-cinli-17832672_7925_amp.jpg","contentUrl":"https:\/\/kibrisdakik.com\/wp-content\/uploads\/2024\/09\/trump-yeniden-baskan-secilmesi-durumunda-cinli-17832672_7925_amp.jpg","width":1202,"height":675},{"@type":"BreadcrumbList","@id":"https:\/\/kibrisdakik.com\/?p=63032#breadcrumb","itemListElement":[{"@type":"ListItem","position":1,"name":"Home","item":"https:\/\/kibrisdakik.com\/"},{"@type":"ListItem","position":2,"name":"Trump, yeniden ba\u015fkan se\u00e7ilmesi durumunda \u00c7inli otomobil \u00fcreticilerine y\u00fczde 200 g\u00fcmr\u00fck vergisi uygulayaca\u011f\u0131n\u0131 duyurdu"}]},{"@type":"WebSite","@id":"https:\/\/kibrisdakik.com\/#website","url":"https:\/\/kibrisdakik.com\/","name":"","description":"Tam vaktinde haber","potentialAction":[{"@type":"SearchAction","target":{"@type":"EntryPoint","urlTemplate":"https:\/\/kibrisdakik.com\/?s={search_term_string}"},"query-input":{"@type":"PropertyValueSpecification","valueRequired":true,"valueName":"search_term_string"}}],"inLanguage":"tr"},{"@type":"Person","@id":"https:\/\/kibrisdakik.com\/#\/schema\/person\/9cd9d437bbb44f72b73ba127e06d8e79","name":"admin","image":{"@type":"ImageObject","inLanguage":"tr","@id":"https:\/\/secure.gravatar.com\/avatar\/ccc17943b9d660506c869530f897617f7cb1c21a4bf30023f252596d83e1f007?s=96&d=mm&r=g","url":"https:\/\/secure.gravatar.com\/avatar\/ccc17943b9d660506c869530f897617f7cb1c21a4bf30023f252596d83e1f007?s=96&d=mm&r=g","contentUrl":"https:\/\/secure.gravatar.com\/avatar\/ccc17943b9d660506c869530f897617f7cb1c21a4bf30023f252596d83e1f007?s=96&d=mm&r=g","caption":"admin"},"sameAs":["https:\/\/kibrisdakik.com"],"url":"https:\/\/kibrisdakik.com\/?author=1"}]}},"_links":{"self":[{"href":"https:\/\/kibrisdakik.com\/index.php?rest_route=\/wp\/v2\/posts\/63032","targetHints":{"allow":["GET"]}}],"collection":[{"href":"https:\/\/kibrisdakik.com\/index.php?rest_route=\/wp\/v2\/posts"}],"about":[{"href":"https:\/\/kibrisdakik.com\/index.php?rest_route=\/wp\/v2\/types\/post"}],"author":[{"embeddable":true,"href":"https:\/\/kibrisdakik.com\/index.php?rest_route=\/wp\/v2\/users\/1"}],"replies":[{"embeddable":true,"href":"https:\/\/kibrisdakik.com\/index.php?rest_route=%2Fwp%2Fv2%2Fcomments&post=63032"}],"version-history":[{"count":1,"href":"https:\/\/kibrisdakik.com\/index.php?rest_route=\/wp\/v2\/posts\/63032\/revisions"}],"predecessor-version":[{"id":63067,"href":"https:\/\/kibrisdakik.com\/index.php?rest_route=\/wp\/v2\/posts\/63032\/revisions\/63067"}],"wp:featuredmedia":[{"embeddable":true,"href":"https:\/\/kibrisdakik.com\/index.php?rest_route=\/wp\/v2\/media\/63033"}],"wp:attachment":[{"href":"https:\/\/kibrisdakik.com\/index.php?rest_route=%2Fwp%2Fv2%2Fmedia&parent=63032"}],"wp:term":[{"taxonomy":"category","embeddable":true,"href":"https:\/\/kibrisdakik.com\/index.php?rest_route=%2Fwp%2Fv2%2Fcategories&post=63032"},{"taxonomy":"post_tag","embeddable":true,"href":"https:\/\/kibrisdakik.com\/index.php?rest_route=%2Fwp%2Fv2%2Ftags&post=63032"}],"curies":[{"name":"wp","href":"https:\/\/api.w.org\/{rel}","templated":true}]}}