{"id":63077,"date":"2024-09-18T14:11:11","date_gmt":"2024-09-18T11:11:11","guid":{"rendered":"https:\/\/kibrisdakik.com\/index.php\/2024\/09\/18\/milyonlarca-memur-ve-emekliyi-ilgilendiren-gelisme-ak-parti-memur-ve-emeklilikte-buyuk-degisiklik-sinyali-verdi\/"},"modified":"2024-09-18T14:11:11","modified_gmt":"2024-09-18T11:11:11","slug":"milyonlarca-memur-ve-emekliyi-ilgilendiren-gelisme-ak-parti-memur-ve-emeklilikte-buyuk-degisiklik-sinyali-verdi","status":"publish","type":"post","link":"https:\/\/kibrisdakik.com\/?p=63077","title":{"rendered":"Milyonlarca Memur ve Emekliyi \u0130lgilendiren Geli\u015fme! AK Parti, memur ve emeklilikte b\u00fcy\u00fck de\u011fi\u015fiklik sinyali verdi"},"content":{"rendered":"<p><img decoding=\"async\" src=\"https:\/\/foto.haberler.com\/haber\/2024\/09\/18\/milyonlarca-memur-ve-emekliyi-ilgilendiren-17833686_1570_amp.jpg\" \/><\/p>\n<div id=\"\">\n<p> <a class=\"keyword\" href=\"https:\/\/www.haberler.com\/ak-parti\/\" title=\"Ak Parti Haberleri, Ak Parti Haberi, Ak Parti Haber\"><strong>Ak Parti<\/strong><\/a> Genel Ba\u015fkan Yard\u0131mc\u0131s\u0131 Vedat Demir\u00f6z, 5 milyonu a\u015fan memur \u00e7al\u0131\u015fan say\u0131s\u0131, EYT ve sosyal g\u00fcvenlik sistemine ili\u015fkin a\u00e7\u0131klamalarda bulundu. Demir\u00f6z, EYT sonras\u0131 g\u00fcvenlik sisteminde eksikliklerin ortaya \u00e7\u0131kt\u0131\u011f\u0131n\u0131 s\u00f6yledi. Bunlar\u0131 d\u00fczeltmek i\u00e7in bir dizi \u00f6neri s\u0131ralad\u0131.<\/p>\n<h3>YEN\u0130 B\u0130R EMEKL\u0130L\u0130K S\u0130STEM\u0130 M\u0130 GEL\u0130YOR?<\/h3>\n<p>AK Parti Genel Ba\u015fkan Yard\u0131mc\u0131s\u0131 Demir\u00f6z, emeklilerin durumunu bildiklerini belirterek, &#8220;Emeklilerin emeklilik sistemini g\u00f6zden ge\u00e7irmemiz laz\u0131m. EYT \u00e7\u0131kar\u0131ld\u0131ktan sonra tabii sosyal g\u00fcvenlik sistemi biraz daha karma\u015f\u0131k hale geldi. En k\u0131sa zamanda tekrar T\u00fcrkiye&#8217;nin bunu normal, uluslararas\u0131 d\u00fczeyde bir sosyal g\u00fcvenlik sistemine kavu\u015fturmas\u0131 gerekiyor&#8221; ifadelerini kulland\u0131. <\/p>\n<h3>657&#8217;DE DE\u011e\u0130\u015e\u0130KL\u0130K S\u0130NYAL\u0130 VERD\u0130<\/h3>\n<p>Vedat Demir\u00f6z, &#8220;Hatta belki 657 Devlet Memurlar\u0131 Yasas\u0131&#8217;nda da yeni bir d\u00fczenleme yaparak bizim \u00f6zel sekt\u00f6r\u00fc \u00f6ne \u00e7\u0131kar\u0131p cazip hale getirmemiz laz\u0131m&#8221; \u015feklinde konu\u015ftu. Mevcut durumda herkesin kamu sekt\u00f6r\u00fcnde \u00e7al\u0131\u015fmak istedi\u011finin alt\u0131n\u0131 \u00e7izerek &#8220;\u00f6yle olmay\u0131nca herkes devlete y\u00fckleniyor, devlette \u015fu anda 5 milyonu a\u015fan \u00e7al\u0131\u015fan\u0131m\u0131z var. Bu \u00e7ok y\u00fcksek. Yani hem e-Devlet&#8217;e ge\u00e7tik mesela, onun da avantajlar\u0131 olmas\u0131na ra\u011fmen bu 5 milyonu ge\u00e7en devlet memuru say\u0131s\u0131, \u00fclkenin maa\u015f \u00f6demeleri bak\u0131m\u0131ndan, b\u00fct\u00e7edeki \u00f6demeler bak\u0131m\u0131ndan y\u00fcksek bir rakam&#8221; dedi.<\/p>\n<h4 id=\"nwsKeywords\"> <a href=\"https:\/\/www.haberler.com\/vedat-demiroz\/\" title=\"Vedat Demir\u00f6z\" class=\"hbptTag\">Vedat Demir\u00f6z<\/a>  <a href=\"https:\/\/www.haberler.com\/ak-parti\/\" title=\"AK Parti\" class=\"hbptTag\">AK Parti<\/a>  <a href=\"https:\/\/www.haberler.com\/ekonomi\/\" title=\"Ekonomi\" class=\"hbptTag\">Ekonomi<\/a>  <a href=\"https:\/\/www.haberler.com\/3-sayfa\/\" title=\"3-sayfa\" class=\"hbptTag\">3-sayfa<\/a>  <a href=\"https:\/\/www.haberler.com\/finans\/\" title=\"Finans\" class=\"hbptTag\">Finans<\/a>  <a href=\"https:\/\/www.haberler.com\/memur\/\" title=\"Memur\" class=\"hbptTag\">Memur<\/a> <\/h4>\n<\/div>\n","protected":false},"excerpt":{"rendered":"<p>Ak Parti Genel Ba\u015fkan Yard\u0131mc\u0131s\u0131 Vedat Demir\u00f6z, 5 milyonu a\u015fan memur \u00e7al\u0131\u015fan say\u0131s\u0131, EYT ve sosyal g\u00fcvenlik sistemine ili\u015fkin a\u00e7\u0131klamalarda bulundu. Demir\u00f6z, EYT sonras\u0131 g\u00fcvenlik sisteminde eksikliklerin ortaya \u00e7\u0131kt\u0131\u011f\u0131n\u0131 s\u00f6yledi. Bunlar\u0131 d\u00fczeltmek i\u00e7in bir dizi \u00f6neri s\u0131ralad\u0131. YEN\u0130 B\u0130R EMEKL\u0130L\u0130K S\u0130STEM\u0130 M\u0130 GEL\u0130YOR? AK Parti Genel Ba\u015fkan Yard\u0131mc\u0131s\u0131 Demir\u00f6z, emeklilerin durumunu bildiklerini belirterek, &#8220;Emeklilerin emeklilik<\/p>\n","protected":false},"author":1,"featured_media":63078,"comment_status":"open","ping_status":"open","sticky":false,"template":"","format":"standard","meta":{"footnotes":""},"categories":[83],"tags":[],"class_list":["post-63077","post","type-post","status-publish","format-standard","has-post-thumbnail","hentry","category-magazin"],"yoast_head":"<!-- This site is optimized with the Yoast SEO plugin v28.4 - https:\/\/yoast.com\/product\/yoast-seo-wordpress\/ -->\n<title>Milyonlarca Memur ve Emekliyi \u0130lgilendiren Geli\u015fme! AK Parti, memur ve emeklilikte b\u00fcy\u00fck de\u011fi\u015fiklik sinyali verdi -<\/title>\n<meta name=\"robots\" content=\"index, follow, max-snippet:-1, max-image-preview:large, max-video-preview:-1\" \/>\n<link rel=\"canonical\" href=\"https:\/\/kibrisdakik.com\/?p=63077\" \/>\n<meta property=\"og:locale\" content=\"tr_TR\" \/>\n<meta property=\"og:type\" content=\"article\" \/>\n<meta property=\"og:title\" content=\"Milyonlarca Memur ve Emekliyi \u0130lgilendiren Geli\u015fme! AK Parti, memur ve emeklilikte b\u00fcy\u00fck de\u011fi\u015fiklik sinyali verdi -\" \/>\n<meta property=\"og:description\" content=\"Ak Parti Genel Ba\u015fkan Yard\u0131mc\u0131s\u0131 Vedat Demir\u00f6z, 5 milyonu a\u015fan memur \u00e7al\u0131\u015fan say\u0131s\u0131, EYT ve sosyal g\u00fcvenlik sistemine ili\u015fkin a\u00e7\u0131klamalarda bulundu. Demir\u00f6z, EYT sonras\u0131 g\u00fcvenlik sisteminde eksikliklerin ortaya \u00e7\u0131kt\u0131\u011f\u0131n\u0131 s\u00f6yledi. Bunlar\u0131 d\u00fczeltmek i\u00e7in bir dizi \u00f6neri s\u0131ralad\u0131. YEN\u0130 B\u0130R EMEKL\u0130L\u0130K S\u0130STEM\u0130 M\u0130 GEL\u0130YOR? AK Parti Genel Ba\u015fkan Yard\u0131mc\u0131s\u0131 Demir\u00f6z, emeklilerin durumunu bildiklerini belirterek, &#8220;Emeklilerin emeklilik\" \/>\n<meta property=\"og:url\" content=\"https:\/\/kibrisdakik.com\/?p=63077\" \/>\n<meta property=\"article:published_time\" content=\"2024-09-18T11:11:11+00:00\" \/>\n<meta property=\"og:image\" content=\"https:\/\/kibrisdakik.com\/wp-content\/uploads\/2024\/09\/milyonlarca-memur-ve-emekliyi-ilgilendiren-17833686_1570_amp.jpg\" \/>\n\t<meta property=\"og:image:width\" content=\"1202\" \/>\n\t<meta property=\"og:image:height\" content=\"675\" \/>\n\t<meta property=\"og:image:type\" content=\"image\/jpeg\" \/>\n<meta name=\"author\" content=\"admin\" \/>\n<meta name=\"twitter:card\" content=\"summary_large_image\" \/>\n<meta name=\"twitter:label1\" content=\"Yazan:\" \/>\n\t<meta name=\"twitter:data1\" content=\"admin\" \/>\n\t<meta name=\"twitter:label2\" content=\"Tahmini okuma s\u00fcresi\" \/>\n\t<meta name=\"twitter:data2\" content=\"1 dakika\" \/>\n<script type=\"application\/ld+json\" class=\"yoast-schema-graph\">{\"@context\":\"https:\\\/\\\/schema.org\",\"@graph\":[{\"@type\":\"Article\",\"@id\":\"https:\\\/\\\/kibrisdakik.com\\\/?p=63077#article\",\"isPartOf\":{\"@id\":\"https:\\\/\\\/kibrisdakik.com\\\/?p=63077\"},\"author\":{\"name\":\"admin\",\"@id\":\"https:\\\/\\\/kibrisdakik.com\\\/#\\\/schema\\\/person\\\/9cd9d437bbb44f72b73ba127e06d8e79\"},\"headline\":\"Milyonlarca Memur ve Emekliyi \u0130lgilendiren Geli\u015fme! AK Parti, memur ve emeklilikte b\u00fcy\u00fck de\u011fi\u015fiklik sinyali verdi\",\"datePublished\":\"2024-09-18T11:11:11+00:00\",\"mainEntityOfPage\":{\"@id\":\"https:\\\/\\\/kibrisdakik.com\\\/?p=63077\"},\"wordCount\":268,\"commentCount\":0,\"publisher\":{\"@id\":\"https:\\\/\\\/kibrisdakik.com\\\/#organization\"},\"image\":{\"@id\":\"https:\\\/\\\/kibrisdakik.com\\\/?p=63077#primaryimage\"},\"thumbnailUrl\":\"https:\\\/\\\/kibrisdakik.com\\\/wp-content\\\/uploads\\\/2024\\\/09\\\/milyonlarca-memur-ve-emekliyi-ilgilendiren-17833686_1570_amp.jpg\",\"articleSection\":[\"Magazin\"],\"inLanguage\":\"tr\",\"potentialAction\":[{\"@type\":\"CommentAction\",\"name\":\"Comment\",\"target\":[\"https:\\\/\\\/kibrisdakik.com\\\/?p=63077#respond\"]}]},{\"@type\":\"WebPage\",\"@id\":\"https:\\\/\\\/kibrisdakik.com\\\/?p=63077\",\"url\":\"https:\\\/\\\/kibrisdakik.com\\\/?p=63077\",\"name\":\"Milyonlarca Memur ve Emekliyi \u0130lgilendiren Geli\u015fme! AK Parti, memur ve emeklilikte b\u00fcy\u00fck de\u011fi\u015fiklik sinyali verdi -\",\"isPartOf\":{\"@id\":\"https:\\\/\\\/kibrisdakik.com\\\/#website\"},\"primaryImageOfPage\":{\"@id\":\"https:\\\/\\\/kibrisdakik.com\\\/?p=63077#primaryimage\"},\"image\":{\"@id\":\"https:\\\/\\\/kibrisdakik.com\\\/?p=63077#primaryimage\"},\"thumbnailUrl\":\"https:\\\/\\\/kibrisdakik.com\\\/wp-content\\\/uploads\\\/2024\\\/09\\\/milyonlarca-memur-ve-emekliyi-ilgilendiren-17833686_1570_amp.jpg\",\"datePublished\":\"2024-09-18T11:11:11+00:00\",\"breadcrumb\":{\"@id\":\"https:\\\/\\\/kibrisdakik.com\\\/?p=63077#breadcrumb\"},\"inLanguage\":\"tr\",\"potentialAction\":[{\"@type\":\"ReadAction\",\"target\":[\"https:\\\/\\\/kibrisdakik.com\\\/?p=63077\"]}]},{\"@type\":\"ImageObject\",\"inLanguage\":\"tr\",\"@id\":\"https:\\\/\\\/kibrisdakik.com\\\/?p=63077#primaryimage\",\"url\":\"https:\\\/\\\/kibrisdakik.com\\\/wp-content\\\/uploads\\\/2024\\\/09\\\/milyonlarca-memur-ve-emekliyi-ilgilendiren-17833686_1570_amp.jpg\",\"contentUrl\":\"https:\\\/\\\/kibrisdakik.com\\\/wp-content\\\/uploads\\\/2024\\\/09\\\/milyonlarca-memur-ve-emekliyi-ilgilendiren-17833686_1570_amp.jpg\",\"width\":1202,\"height\":675},{\"@type\":\"BreadcrumbList\",\"@id\":\"https:\\\/\\\/kibrisdakik.com\\\/?p=63077#breadcrumb\",\"itemListElement\":[{\"@type\":\"ListItem\",\"position\":1,\"name\":\"Home\",\"item\":\"https:\\\/\\\/kibrisdakik.com\\\/\"},{\"@type\":\"ListItem\",\"position\":2,\"name\":\"Milyonlarca Memur ve Emekliyi \u0130lgilendiren Geli\u015fme! AK Parti, memur ve emeklilikte b\u00fcy\u00fck de\u011fi\u015fiklik sinyali verdi\"}]},{\"@type\":\"WebSite\",\"@id\":\"https:\\\/\\\/kibrisdakik.com\\\/#website\",\"url\":\"https:\\\/\\\/kibrisdakik.com\\\/\",\"name\":\"K\u0131br\u0131s Dakik\",\"description\":\"Tam vaktinde haber\",\"publisher\":{\"@id\":\"https:\\\/\\\/kibrisdakik.com\\\/#organization\"},\"potentialAction\":[{\"@type\":\"SearchAction\",\"target\":{\"@type\":\"EntryPoint\",\"urlTemplate\":\"https:\\\/\\\/kibrisdakik.com\\\/?s={search_term_string}\"},\"query-input\":{\"@type\":\"PropertyValueSpecification\",\"valueRequired\":true,\"valueName\":\"search_term_string\"}}],\"inLanguage\":\"tr\"},{\"@type\":\"Organization\",\"@id\":\"https:\\\/\\\/kibrisdakik.com\\\/#organization\",\"name\":\"K\u0131br\u0131s Dakik\",\"url\":\"https:\\\/\\\/kibrisdakik.com\\\/\",\"logo\":{\"@type\":\"ImageObject\",\"inLanguage\":\"tr\",\"@id\":\"https:\\\/\\\/kibrisdakik.com\\\/#\\\/schema\\\/logo\\\/image\\\/\",\"url\":\"https:\\\/\\\/kibrisdakik.com\\\/wp-content\\\/uploads\\\/2025\\\/10\\\/cropped-WhatsApp-Image-2025-10-02-at-12.58.31.jpeg\",\"contentUrl\":\"https:\\\/\\\/kibrisdakik.com\\\/wp-content\\\/uploads\\\/2025\\\/10\\\/cropped-WhatsApp-Image-2025-10-02-at-12.58.31.jpeg\",\"width\":1237,\"height\":190,\"caption\":\"K\u0131br\u0131s Dakik\"},\"image\":{\"@id\":\"https:\\\/\\\/kibrisdakik.com\\\/#\\\/schema\\\/logo\\\/image\\\/\"}},{\"@type\":\"Person\",\"@id\":\"https:\\\/\\\/kibrisdakik.com\\\/#\\\/schema\\\/person\\\/9cd9d437bbb44f72b73ba127e06d8e79\",\"name\":\"admin\",\"image\":{\"@type\":\"ImageObject\",\"inLanguage\":\"tr\",\"@id\":\"https:\\\/\\\/secure.gravatar.com\\\/avatar\\\/ccc17943b9d660506c869530f897617f7cb1c21a4bf30023f252596d83e1f007?s=96&d=mm&r=g\",\"url\":\"https:\\\/\\\/secure.gravatar.com\\\/avatar\\\/ccc17943b9d660506c869530f897617f7cb1c21a4bf30023f252596d83e1f007?s=96&d=mm&r=g\",\"contentUrl\":\"https:\\\/\\\/secure.gravatar.com\\\/avatar\\\/ccc17943b9d660506c869530f897617f7cb1c21a4bf30023f252596d83e1f007?s=96&d=mm&r=g\",\"caption\":\"admin\"},\"sameAs\":[\"https:\\\/\\\/kibrisdakik.com\"],\"url\":\"https:\\\/\\\/kibrisdakik.com\\\/?author=1\"}]}<\/script>\n<!-- \/ Yoast SEO plugin. -->","yoast_head_json":{"title":"Milyonlarca Memur ve Emekliyi \u0130lgilendiren Geli\u015fme! AK Parti, memur ve emeklilikte b\u00fcy\u00fck de\u011fi\u015fiklik sinyali verdi -","robots":{"index":"index","follow":"follow","max-snippet":"max-snippet:-1","max-image-preview":"max-image-preview:large","max-video-preview":"max-video-preview:-1"},"canonical":"https:\/\/kibrisdakik.com\/?p=63077","og_locale":"tr_TR","og_type":"article","og_title":"Milyonlarca Memur ve Emekliyi \u0130lgilendiren Geli\u015fme! AK Parti, memur ve emeklilikte b\u00fcy\u00fck de\u011fi\u015fiklik sinyali verdi -","og_description":"Ak Parti Genel Ba\u015fkan Yard\u0131mc\u0131s\u0131 Vedat Demir\u00f6z, 5 milyonu a\u015fan memur \u00e7al\u0131\u015fan say\u0131s\u0131, EYT ve sosyal g\u00fcvenlik sistemine ili\u015fkin a\u00e7\u0131klamalarda bulundu. Demir\u00f6z, EYT sonras\u0131 g\u00fcvenlik sisteminde eksikliklerin ortaya \u00e7\u0131kt\u0131\u011f\u0131n\u0131 s\u00f6yledi. Bunlar\u0131 d\u00fczeltmek i\u00e7in bir dizi \u00f6neri s\u0131ralad\u0131. YEN\u0130 B\u0130R EMEKL\u0130L\u0130K S\u0130STEM\u0130 M\u0130 GEL\u0130YOR? AK Parti Genel Ba\u015fkan Yard\u0131mc\u0131s\u0131 Demir\u00f6z, emeklilerin durumunu bildiklerini belirterek, &#8220;Emeklilerin emeklilik","og_url":"https:\/\/kibrisdakik.com\/?p=63077","article_published_time":"2024-09-18T11:11:11+00:00","og_image":[{"width":1202,"height":675,"url":"https:\/\/kibrisdakik.com\/wp-content\/uploads\/2024\/09\/milyonlarca-memur-ve-emekliyi-ilgilendiren-17833686_1570_amp.jpg","type":"image\/jpeg"}],"author":"admin","twitter_card":"summary_large_image","twitter_misc":{"Yazan:":"admin","Tahmini okuma s\u00fcresi":"1 dakika"},"schema":{"@context":"https:\/\/schema.org","@graph":[{"@type":"Article","@id":"https:\/\/kibrisdakik.com\/?p=63077#article","isPartOf":{"@id":"https:\/\/kibrisdakik.com\/?p=63077"},"author":{"name":"admin","@id":"https:\/\/kibrisdakik.com\/#\/schema\/person\/9cd9d437bbb44f72b73ba127e06d8e79"},"headline":"Milyonlarca Memur ve Emekliyi \u0130lgilendiren Geli\u015fme! AK Parti, memur ve emeklilikte b\u00fcy\u00fck de\u011fi\u015fiklik sinyali verdi","datePublished":"2024-09-18T11:11:11+00:00","mainEntityOfPage":{"@id":"https:\/\/kibrisdakik.com\/?p=63077"},"wordCount":268,"commentCount":0,"publisher":{"@id":"https:\/\/kibrisdakik.com\/#organization"},"image":{"@id":"https:\/\/kibrisdakik.com\/?p=63077#primaryimage"},"thumbnailUrl":"https:\/\/kibrisdakik.com\/wp-content\/uploads\/2024\/09\/milyonlarca-memur-ve-emekliyi-ilgilendiren-17833686_1570_amp.jpg","articleSection":["Magazin"],"inLanguage":"tr","potentialAction":[{"@type":"CommentAction","name":"Comment","target":["https:\/\/kibrisdakik.com\/?p=63077#respond"]}]},{"@type":"WebPage","@id":"https:\/\/kibrisdakik.com\/?p=63077","url":"https:\/\/kibrisdakik.com\/?p=63077","name":"Milyonlarca Memur ve Emekliyi \u0130lgilendiren Geli\u015fme! AK Parti, memur ve emeklilikte b\u00fcy\u00fck de\u011fi\u015fiklik sinyali verdi -","isPartOf":{"@id":"https:\/\/kibrisdakik.com\/#website"},"primaryImageOfPage":{"@id":"https:\/\/kibrisdakik.com\/?p=63077#primaryimage"},"image":{"@id":"https:\/\/kibrisdakik.com\/?p=63077#primaryimage"},"thumbnailUrl":"https:\/\/kibrisdakik.com\/wp-content\/uploads\/2024\/09\/milyonlarca-memur-ve-emekliyi-ilgilendiren-17833686_1570_amp.jpg","datePublished":"2024-09-18T11:11:11+00:00","breadcrumb":{"@id":"https:\/\/kibrisdakik.com\/?p=63077#breadcrumb"},"inLanguage":"tr","potentialAction":[{"@type":"ReadAction","target":["https:\/\/kibrisdakik.com\/?p=63077"]}]},{"@type":"ImageObject","inLanguage":"tr","@id":"https:\/\/kibrisdakik.com\/?p=63077#primaryimage","url":"https:\/\/kibrisdakik.com\/wp-content\/uploads\/2024\/09\/milyonlarca-memur-ve-emekliyi-ilgilendiren-17833686_1570_amp.jpg","contentUrl":"https:\/\/kibrisdakik.com\/wp-content\/uploads\/2024\/09\/milyonlarca-memur-ve-emekliyi-ilgilendiren-17833686_1570_amp.jpg","width":1202,"height":675},{"@type":"BreadcrumbList","@id":"https:\/\/kibrisdakik.com\/?p=63077#breadcrumb","itemListElement":[{"@type":"ListItem","position":1,"name":"Home","item":"https:\/\/kibrisdakik.com\/"},{"@type":"ListItem","position":2,"name":"Milyonlarca Memur ve Emekliyi \u0130lgilendiren Geli\u015fme! AK Parti, memur ve emeklilikte b\u00fcy\u00fck de\u011fi\u015fiklik sinyali verdi"}]},{"@type":"WebSite","@id":"https:\/\/kibrisdakik.com\/#website","url":"https:\/\/kibrisdakik.com\/","name":"K\u0131br\u0131s Dakik","description":"Tam vaktinde haber","publisher":{"@id":"https:\/\/kibrisdakik.com\/#organization"},"potentialAction":[{"@type":"SearchAction","target":{"@type":"EntryPoint","urlTemplate":"https:\/\/kibrisdakik.com\/?s={search_term_string}"},"query-input":{"@type":"PropertyValueSpecification","valueRequired":true,"valueName":"search_term_string"}}],"inLanguage":"tr"},{"@type":"Organization","@id":"https:\/\/kibrisdakik.com\/#organization","name":"K\u0131br\u0131s Dakik","url":"https:\/\/kibrisdakik.com\/","logo":{"@type":"ImageObject","inLanguage":"tr","@id":"https:\/\/kibrisdakik.com\/#\/schema\/logo\/image\/","url":"https:\/\/kibrisdakik.com\/wp-content\/uploads\/2025\/10\/cropped-WhatsApp-Image-2025-10-02-at-12.58.31.jpeg","contentUrl":"https:\/\/kibrisdakik.com\/wp-content\/uploads\/2025\/10\/cropped-WhatsApp-Image-2025-10-02-at-12.58.31.jpeg","width":1237,"height":190,"caption":"K\u0131br\u0131s Dakik"},"image":{"@id":"https:\/\/kibrisdakik.com\/#\/schema\/logo\/image\/"}},{"@type":"Person","@id":"https:\/\/kibrisdakik.com\/#\/schema\/person\/9cd9d437bbb44f72b73ba127e06d8e79","name":"admin","image":{"@type":"ImageObject","inLanguage":"tr","@id":"https:\/\/secure.gravatar.com\/avatar\/ccc17943b9d660506c869530f897617f7cb1c21a4bf30023f252596d83e1f007?s=96&d=mm&r=g","url":"https:\/\/secure.gravatar.com\/avatar\/ccc17943b9d660506c869530f897617f7cb1c21a4bf30023f252596d83e1f007?s=96&d=mm&r=g","contentUrl":"https:\/\/secure.gravatar.com\/avatar\/ccc17943b9d660506c869530f897617f7cb1c21a4bf30023f252596d83e1f007?s=96&d=mm&r=g","caption":"admin"},"sameAs":["https:\/\/kibrisdakik.com"],"url":"https:\/\/kibrisdakik.com\/?author=1"}]}},"_links":{"self":[{"href":"https:\/\/kibrisdakik.com\/index.php?rest_route=\/wp\/v2\/posts\/63077","targetHints":{"allow":["GET"]}}],"collection":[{"href":"https:\/\/kibrisdakik.com\/index.php?rest_route=\/wp\/v2\/posts"}],"about":[{"href":"https:\/\/kibrisdakik.com\/index.php?rest_route=\/wp\/v2\/types\/post"}],"author":[{"embeddable":true,"href":"https:\/\/kibrisdakik.com\/index.php?rest_route=\/wp\/v2\/users\/1"}],"replies":[{"embeddable":true,"href":"https:\/\/kibrisdakik.com\/index.php?rest_route=%2Fwp%2Fv2%2Fcomments&post=63077"}],"version-history":[{"count":0,"href":"https:\/\/kibrisdakik.com\/index.php?rest_route=\/wp\/v2\/posts\/63077\/revisions"}],"wp:featuredmedia":[{"embeddable":true,"href":"https:\/\/kibrisdakik.com\/index.php?rest_route=\/wp\/v2\/media\/63078"}],"wp:attachment":[{"href":"https:\/\/kibrisdakik.com\/index.php?rest_route=%2Fwp%2Fv2%2Fmedia&parent=63077"}],"wp:term":[{"taxonomy":"category","embeddable":true,"href":"https:\/\/kibrisdakik.com\/index.php?rest_route=%2Fwp%2Fv2%2Fcategories&post=63077"},{"taxonomy":"post_tag","embeddable":true,"href":"https:\/\/kibrisdakik.com\/index.php?rest_route=%2Fwp%2Fv2%2Ftags&post=63077"}],"curies":[{"name":"wp","href":"https:\/\/api.w.org\/{rel}","templated":true}]}}