{"id":63087,"date":"2024-09-18T14:17:47","date_gmt":"2024-09-18T11:17:47","guid":{"rendered":"https:\/\/kibrisdakik.com\/index.php\/2024\/09\/18\/irem-sakin-babasi-dr-semsettin-sak-hayatini-kaybetti\/"},"modified":"2024-09-18T14:17:47","modified_gmt":"2024-09-18T11:17:47","slug":"irem-sakin-babasi-dr-semsettin-sak-hayatini-kaybetti","status":"publish","type":"post","link":"https:\/\/kibrisdakik.com\/?p=63087","title":{"rendered":"\u0130rem Sak&#8217;\u0131n Babas\u0131 Dr. \u015eemsettin Sak Hayat\u0131n\u0131 Kaybetti"},"content":{"rendered":"<p><img decoding=\"async\" src=\"https:\/\/foto.haberler.com\/haber\/2024\/09\/18\/unlu-oyuncu-irem-sak-in-babasi-son-yolculugun-17833703_amp.jpg\" \/><\/p>\n<div id=\"\">\n<p>\u00dcnl\u00fc oyuncu \u0130rem Sak&#8217;\u0131n mide kanamas\u0131 nedeniyle hayat\u0131n\u0131 kaybeden babas\u0131 Dr. \u015eemsettin Sak son yolculu\u011funa u\u011furland\u0131.<\/p>\n<p>\u00dcnl\u00fc oyuncu \u0130rem Sak&#8217;\u0131n Sivas&#8217;ta hekimlik yapan babas\u0131 Dr. \u015eemsettin Sak, d\u00fcn mide kanamas\u0131 nedeniyle kald\u0131r\u0131ld\u0131\u011f\u0131 hastane 75 ya\u015f\u0131nda vefat etmi\u015fti. Dr. \u015eemsettin Sak&#8217;\u0131n cenaze t\u00f6reni, Levent Barbaros Hayrettin Pa\u015fa Camii&#8217;nde d\u00fczenlendi. Cenazeye, Sak&#8217;\u0131n yak\u0131nlar\u0131 d\u0131\u015f\u0131nda sanat camias\u0131ndan bir\u00e7ok isim kat\u0131ld\u0131. \u00dcnl\u00fc oyuncu \u0130rem Sak, babas\u0131n\u0131 g\u00f6zya\u015flar\u0131yla u\u011furlarken Sak&#8217;\u0131n naa\u015f\u0131, \u00f6\u011fle namaz\u0131na m\u00fcteakip k\u0131l\u0131nan cenaze namaz\u0131n\u0131n ard\u0131ndan Yeni Ayaza\u011fa Mezarl\u0131\u011f\u0131na defnedildi. &#8211; \u0130STANBUL<\/p>\n<div class=\"editorSade\">Kaynak: \u0130hlas Haber Ajans\u0131 \/  <a href=\"https:\/\/www.haberler.com\/yerel\/\" title=\"Yerel Haberleri\">Yerel<\/a> <\/div>\n<h4 id=\"nwsKeywords\"> <a href=\"https:\/\/www.haberler.com\/irem-sak\/\" title=\"\u0130rem Sak\" class=\"hbptTag\">\u0130rem Sak<\/a> <\/h4>\n<\/div>\n","protected":false},"excerpt":{"rendered":"<p>\u00dcnl\u00fc oyuncu \u0130rem Sak&#8217;\u0131n mide kanamas\u0131 nedeniyle hayat\u0131n\u0131 kaybeden babas\u0131 Dr. \u015eemsettin Sak son yolculu\u011funa u\u011furland\u0131. \u00dcnl\u00fc oyuncu \u0130rem Sak&#8217;\u0131n Sivas&#8217;ta hekimlik yapan babas\u0131 Dr. \u015eemsettin Sak, d\u00fcn mide kanamas\u0131 nedeniyle kald\u0131r\u0131ld\u0131\u011f\u0131 hastane 75 ya\u015f\u0131nda vefat etmi\u015fti. Dr. \u015eemsettin Sak&#8217;\u0131n cenaze t\u00f6reni, Levent Barbaros Hayrettin Pa\u015fa Camii&#8217;nde d\u00fczenlendi. Cenazeye, Sak&#8217;\u0131n yak\u0131nlar\u0131 d\u0131\u015f\u0131nda sanat camias\u0131ndan bir\u00e7ok<\/p>\n","protected":false},"author":1,"featured_media":63088,"comment_status":"open","ping_status":"open","sticky":false,"template":"","format":"standard","meta":{"footnotes":""},"categories":[83],"tags":[],"class_list":["post-63087","post","type-post","status-publish","format-standard","has-post-thumbnail","hentry","category-magazin"],"yoast_head":"<!-- This site is optimized with the Yoast SEO plugin v27.4 - https:\/\/yoast.com\/product\/yoast-seo-wordpress\/ -->\n<title>\u0130rem Sak&#039;\u0131n Babas\u0131 Dr. \u015eemsettin Sak Hayat\u0131n\u0131 Kaybetti -<\/title>\n<meta name=\"robots\" content=\"index, follow, max-snippet:-1, max-image-preview:large, max-video-preview:-1\" \/>\n<link rel=\"canonical\" href=\"https:\/\/kibrisdakik.com\/?p=63087\" \/>\n<meta property=\"og:locale\" content=\"tr_TR\" \/>\n<meta property=\"og:type\" content=\"article\" \/>\n<meta property=\"og:title\" content=\"\u0130rem Sak&#039;\u0131n Babas\u0131 Dr. \u015eemsettin Sak Hayat\u0131n\u0131 Kaybetti -\" \/>\n<meta property=\"og:description\" content=\"\u00dcnl\u00fc oyuncu \u0130rem Sak&#8217;\u0131n mide kanamas\u0131 nedeniyle hayat\u0131n\u0131 kaybeden babas\u0131 Dr. \u015eemsettin Sak son yolculu\u011funa u\u011furland\u0131. \u00dcnl\u00fc oyuncu \u0130rem Sak&#8217;\u0131n Sivas&#8217;ta hekimlik yapan babas\u0131 Dr. \u015eemsettin Sak, d\u00fcn mide kanamas\u0131 nedeniyle kald\u0131r\u0131ld\u0131\u011f\u0131 hastane 75 ya\u015f\u0131nda vefat etmi\u015fti. Dr. \u015eemsettin Sak&#8217;\u0131n cenaze t\u00f6reni, Levent Barbaros Hayrettin Pa\u015fa Camii&#8217;nde d\u00fczenlendi. Cenazeye, Sak&#8217;\u0131n yak\u0131nlar\u0131 d\u0131\u015f\u0131nda sanat camias\u0131ndan bir\u00e7ok\" \/>\n<meta property=\"og:url\" content=\"https:\/\/kibrisdakik.com\/?p=63087\" \/>\n<meta property=\"article:published_time\" content=\"2024-09-18T11:17:47+00:00\" \/>\n<meta property=\"og:image\" content=\"https:\/\/kibrisdakik.com\/wp-content\/uploads\/2024\/09\/unlu-oyuncu-irem-sak-in-babasi-son-yolculugun-17833703_amp.jpg\" \/>\n\t<meta property=\"og:image:width\" content=\"1201\" \/>\n\t<meta property=\"og:image:height\" content=\"675\" \/>\n\t<meta property=\"og:image:type\" content=\"image\/jpeg\" \/>\n<meta name=\"author\" content=\"admin\" \/>\n<meta name=\"twitter:card\" content=\"summary_large_image\" \/>\n<meta name=\"twitter:label1\" content=\"Yazan:\" \/>\n\t<meta name=\"twitter:data1\" content=\"admin\" \/>\n\t<meta name=\"twitter:label2\" content=\"Tahmini okuma s\u00fcresi\" \/>\n\t<meta name=\"twitter:data2\" content=\"1 dakika\" \/>\n<script type=\"application\/ld+json\" class=\"yoast-schema-graph\">{\"@context\":\"https:\\\/\\\/schema.org\",\"@graph\":[{\"@type\":\"Article\",\"@id\":\"https:\\\/\\\/kibrisdakik.com\\\/?p=63087#article\",\"isPartOf\":{\"@id\":\"https:\\\/\\\/kibrisdakik.com\\\/?p=63087\"},\"author\":{\"name\":\"admin\",\"@id\":\"https:\\\/\\\/kibrisdakik.com\\\/#\\\/schema\\\/person\\\/9cd9d437bbb44f72b73ba127e06d8e79\"},\"headline\":\"\u0130rem Sak&#8217;\u0131n Babas\u0131 Dr. \u015eemsettin Sak Hayat\u0131n\u0131 Kaybetti\",\"datePublished\":\"2024-09-18T11:17:47+00:00\",\"mainEntityOfPage\":{\"@id\":\"https:\\\/\\\/kibrisdakik.com\\\/?p=63087\"},\"wordCount\":130,\"commentCount\":0,\"image\":{\"@id\":\"https:\\\/\\\/kibrisdakik.com\\\/?p=63087#primaryimage\"},\"thumbnailUrl\":\"https:\\\/\\\/kibrisdakik.com\\\/wp-content\\\/uploads\\\/2024\\\/09\\\/unlu-oyuncu-irem-sak-in-babasi-son-yolculugun-17833703_amp.jpg\",\"articleSection\":[\"Magazin\"],\"inLanguage\":\"tr\",\"potentialAction\":[{\"@type\":\"CommentAction\",\"name\":\"Comment\",\"target\":[\"https:\\\/\\\/kibrisdakik.com\\\/?p=63087#respond\"]}]},{\"@type\":\"WebPage\",\"@id\":\"https:\\\/\\\/kibrisdakik.com\\\/?p=63087\",\"url\":\"https:\\\/\\\/kibrisdakik.com\\\/?p=63087\",\"name\":\"\u0130rem Sak'\u0131n Babas\u0131 Dr. \u015eemsettin Sak Hayat\u0131n\u0131 Kaybetti -\",\"isPartOf\":{\"@id\":\"https:\\\/\\\/kibrisdakik.com\\\/#website\"},\"primaryImageOfPage\":{\"@id\":\"https:\\\/\\\/kibrisdakik.com\\\/?p=63087#primaryimage\"},\"image\":{\"@id\":\"https:\\\/\\\/kibrisdakik.com\\\/?p=63087#primaryimage\"},\"thumbnailUrl\":\"https:\\\/\\\/kibrisdakik.com\\\/wp-content\\\/uploads\\\/2024\\\/09\\\/unlu-oyuncu-irem-sak-in-babasi-son-yolculugun-17833703_amp.jpg\",\"datePublished\":\"2024-09-18T11:17:47+00:00\",\"author\":{\"@id\":\"https:\\\/\\\/kibrisdakik.com\\\/#\\\/schema\\\/person\\\/9cd9d437bbb44f72b73ba127e06d8e79\"},\"breadcrumb\":{\"@id\":\"https:\\\/\\\/kibrisdakik.com\\\/?p=63087#breadcrumb\"},\"inLanguage\":\"tr\",\"potentialAction\":[{\"@type\":\"ReadAction\",\"target\":[\"https:\\\/\\\/kibrisdakik.com\\\/?p=63087\"]}]},{\"@type\":\"ImageObject\",\"inLanguage\":\"tr\",\"@id\":\"https:\\\/\\\/kibrisdakik.com\\\/?p=63087#primaryimage\",\"url\":\"https:\\\/\\\/kibrisdakik.com\\\/wp-content\\\/uploads\\\/2024\\\/09\\\/unlu-oyuncu-irem-sak-in-babasi-son-yolculugun-17833703_amp.jpg\",\"contentUrl\":\"https:\\\/\\\/kibrisdakik.com\\\/wp-content\\\/uploads\\\/2024\\\/09\\\/unlu-oyuncu-irem-sak-in-babasi-son-yolculugun-17833703_amp.jpg\",\"width\":1201,\"height\":675},{\"@type\":\"BreadcrumbList\",\"@id\":\"https:\\\/\\\/kibrisdakik.com\\\/?p=63087#breadcrumb\",\"itemListElement\":[{\"@type\":\"ListItem\",\"position\":1,\"name\":\"Home\",\"item\":\"https:\\\/\\\/kibrisdakik.com\\\/\"},{\"@type\":\"ListItem\",\"position\":2,\"name\":\"\u0130rem Sak&#8217;\u0131n Babas\u0131 Dr. \u015eemsettin Sak Hayat\u0131n\u0131 Kaybetti\"}]},{\"@type\":\"WebSite\",\"@id\":\"https:\\\/\\\/kibrisdakik.com\\\/#website\",\"url\":\"https:\\\/\\\/kibrisdakik.com\\\/\",\"name\":\"\",\"description\":\"Tam vaktinde haber\",\"potentialAction\":[{\"@type\":\"SearchAction\",\"target\":{\"@type\":\"EntryPoint\",\"urlTemplate\":\"https:\\\/\\\/kibrisdakik.com\\\/?s={search_term_string}\"},\"query-input\":{\"@type\":\"PropertyValueSpecification\",\"valueRequired\":true,\"valueName\":\"search_term_string\"}}],\"inLanguage\":\"tr\"},{\"@type\":\"Person\",\"@id\":\"https:\\\/\\\/kibrisdakik.com\\\/#\\\/schema\\\/person\\\/9cd9d437bbb44f72b73ba127e06d8e79\",\"name\":\"admin\",\"image\":{\"@type\":\"ImageObject\",\"inLanguage\":\"tr\",\"@id\":\"https:\\\/\\\/secure.gravatar.com\\\/avatar\\\/ccc17943b9d660506c869530f897617f7cb1c21a4bf30023f252596d83e1f007?s=96&d=mm&r=g\",\"url\":\"https:\\\/\\\/secure.gravatar.com\\\/avatar\\\/ccc17943b9d660506c869530f897617f7cb1c21a4bf30023f252596d83e1f007?s=96&d=mm&r=g\",\"contentUrl\":\"https:\\\/\\\/secure.gravatar.com\\\/avatar\\\/ccc17943b9d660506c869530f897617f7cb1c21a4bf30023f252596d83e1f007?s=96&d=mm&r=g\",\"caption\":\"admin\"},\"sameAs\":[\"https:\\\/\\\/kibrisdakik.com\"],\"url\":\"https:\\\/\\\/kibrisdakik.com\\\/?author=1\"}]}<\/script>\n<!-- \/ Yoast SEO plugin. -->","yoast_head_json":{"title":"\u0130rem Sak'\u0131n Babas\u0131 Dr. \u015eemsettin Sak Hayat\u0131n\u0131 Kaybetti -","robots":{"index":"index","follow":"follow","max-snippet":"max-snippet:-1","max-image-preview":"max-image-preview:large","max-video-preview":"max-video-preview:-1"},"canonical":"https:\/\/kibrisdakik.com\/?p=63087","og_locale":"tr_TR","og_type":"article","og_title":"\u0130rem Sak'\u0131n Babas\u0131 Dr. \u015eemsettin Sak Hayat\u0131n\u0131 Kaybetti -","og_description":"\u00dcnl\u00fc oyuncu \u0130rem Sak&#8217;\u0131n mide kanamas\u0131 nedeniyle hayat\u0131n\u0131 kaybeden babas\u0131 Dr. \u015eemsettin Sak son yolculu\u011funa u\u011furland\u0131. \u00dcnl\u00fc oyuncu \u0130rem Sak&#8217;\u0131n Sivas&#8217;ta hekimlik yapan babas\u0131 Dr. \u015eemsettin Sak, d\u00fcn mide kanamas\u0131 nedeniyle kald\u0131r\u0131ld\u0131\u011f\u0131 hastane 75 ya\u015f\u0131nda vefat etmi\u015fti. Dr. \u015eemsettin Sak&#8217;\u0131n cenaze t\u00f6reni, Levent Barbaros Hayrettin Pa\u015fa Camii&#8217;nde d\u00fczenlendi. Cenazeye, Sak&#8217;\u0131n yak\u0131nlar\u0131 d\u0131\u015f\u0131nda sanat camias\u0131ndan bir\u00e7ok","og_url":"https:\/\/kibrisdakik.com\/?p=63087","article_published_time":"2024-09-18T11:17:47+00:00","og_image":[{"width":1201,"height":675,"url":"https:\/\/kibrisdakik.com\/wp-content\/uploads\/2024\/09\/unlu-oyuncu-irem-sak-in-babasi-son-yolculugun-17833703_amp.jpg","type":"image\/jpeg"}],"author":"admin","twitter_card":"summary_large_image","twitter_misc":{"Yazan:":"admin","Tahmini okuma s\u00fcresi":"1 dakika"},"schema":{"@context":"https:\/\/schema.org","@graph":[{"@type":"Article","@id":"https:\/\/kibrisdakik.com\/?p=63087#article","isPartOf":{"@id":"https:\/\/kibrisdakik.com\/?p=63087"},"author":{"name":"admin","@id":"https:\/\/kibrisdakik.com\/#\/schema\/person\/9cd9d437bbb44f72b73ba127e06d8e79"},"headline":"\u0130rem Sak&#8217;\u0131n Babas\u0131 Dr. \u015eemsettin Sak Hayat\u0131n\u0131 Kaybetti","datePublished":"2024-09-18T11:17:47+00:00","mainEntityOfPage":{"@id":"https:\/\/kibrisdakik.com\/?p=63087"},"wordCount":130,"commentCount":0,"image":{"@id":"https:\/\/kibrisdakik.com\/?p=63087#primaryimage"},"thumbnailUrl":"https:\/\/kibrisdakik.com\/wp-content\/uploads\/2024\/09\/unlu-oyuncu-irem-sak-in-babasi-son-yolculugun-17833703_amp.jpg","articleSection":["Magazin"],"inLanguage":"tr","potentialAction":[{"@type":"CommentAction","name":"Comment","target":["https:\/\/kibrisdakik.com\/?p=63087#respond"]}]},{"@type":"WebPage","@id":"https:\/\/kibrisdakik.com\/?p=63087","url":"https:\/\/kibrisdakik.com\/?p=63087","name":"\u0130rem Sak'\u0131n Babas\u0131 Dr. \u015eemsettin Sak Hayat\u0131n\u0131 Kaybetti -","isPartOf":{"@id":"https:\/\/kibrisdakik.com\/#website"},"primaryImageOfPage":{"@id":"https:\/\/kibrisdakik.com\/?p=63087#primaryimage"},"image":{"@id":"https:\/\/kibrisdakik.com\/?p=63087#primaryimage"},"thumbnailUrl":"https:\/\/kibrisdakik.com\/wp-content\/uploads\/2024\/09\/unlu-oyuncu-irem-sak-in-babasi-son-yolculugun-17833703_amp.jpg","datePublished":"2024-09-18T11:17:47+00:00","author":{"@id":"https:\/\/kibrisdakik.com\/#\/schema\/person\/9cd9d437bbb44f72b73ba127e06d8e79"},"breadcrumb":{"@id":"https:\/\/kibrisdakik.com\/?p=63087#breadcrumb"},"inLanguage":"tr","potentialAction":[{"@type":"ReadAction","target":["https:\/\/kibrisdakik.com\/?p=63087"]}]},{"@type":"ImageObject","inLanguage":"tr","@id":"https:\/\/kibrisdakik.com\/?p=63087#primaryimage","url":"https:\/\/kibrisdakik.com\/wp-content\/uploads\/2024\/09\/unlu-oyuncu-irem-sak-in-babasi-son-yolculugun-17833703_amp.jpg","contentUrl":"https:\/\/kibrisdakik.com\/wp-content\/uploads\/2024\/09\/unlu-oyuncu-irem-sak-in-babasi-son-yolculugun-17833703_amp.jpg","width":1201,"height":675},{"@type":"BreadcrumbList","@id":"https:\/\/kibrisdakik.com\/?p=63087#breadcrumb","itemListElement":[{"@type":"ListItem","position":1,"name":"Home","item":"https:\/\/kibrisdakik.com\/"},{"@type":"ListItem","position":2,"name":"\u0130rem Sak&#8217;\u0131n Babas\u0131 Dr. \u015eemsettin Sak Hayat\u0131n\u0131 Kaybetti"}]},{"@type":"WebSite","@id":"https:\/\/kibrisdakik.com\/#website","url":"https:\/\/kibrisdakik.com\/","name":"","description":"Tam vaktinde haber","potentialAction":[{"@type":"SearchAction","target":{"@type":"EntryPoint","urlTemplate":"https:\/\/kibrisdakik.com\/?s={search_term_string}"},"query-input":{"@type":"PropertyValueSpecification","valueRequired":true,"valueName":"search_term_string"}}],"inLanguage":"tr"},{"@type":"Person","@id":"https:\/\/kibrisdakik.com\/#\/schema\/person\/9cd9d437bbb44f72b73ba127e06d8e79","name":"admin","image":{"@type":"ImageObject","inLanguage":"tr","@id":"https:\/\/secure.gravatar.com\/avatar\/ccc17943b9d660506c869530f897617f7cb1c21a4bf30023f252596d83e1f007?s=96&d=mm&r=g","url":"https:\/\/secure.gravatar.com\/avatar\/ccc17943b9d660506c869530f897617f7cb1c21a4bf30023f252596d83e1f007?s=96&d=mm&r=g","contentUrl":"https:\/\/secure.gravatar.com\/avatar\/ccc17943b9d660506c869530f897617f7cb1c21a4bf30023f252596d83e1f007?s=96&d=mm&r=g","caption":"admin"},"sameAs":["https:\/\/kibrisdakik.com"],"url":"https:\/\/kibrisdakik.com\/?author=1"}]}},"_links":{"self":[{"href":"https:\/\/kibrisdakik.com\/index.php?rest_route=\/wp\/v2\/posts\/63087","targetHints":{"allow":["GET"]}}],"collection":[{"href":"https:\/\/kibrisdakik.com\/index.php?rest_route=\/wp\/v2\/posts"}],"about":[{"href":"https:\/\/kibrisdakik.com\/index.php?rest_route=\/wp\/v2\/types\/post"}],"author":[{"embeddable":true,"href":"https:\/\/kibrisdakik.com\/index.php?rest_route=\/wp\/v2\/users\/1"}],"replies":[{"embeddable":true,"href":"https:\/\/kibrisdakik.com\/index.php?rest_route=%2Fwp%2Fv2%2Fcomments&post=63087"}],"version-history":[{"count":0,"href":"https:\/\/kibrisdakik.com\/index.php?rest_route=\/wp\/v2\/posts\/63087\/revisions"}],"wp:featuredmedia":[{"embeddable":true,"href":"https:\/\/kibrisdakik.com\/index.php?rest_route=\/wp\/v2\/media\/63088"}],"wp:attachment":[{"href":"https:\/\/kibrisdakik.com\/index.php?rest_route=%2Fwp%2Fv2%2Fmedia&parent=63087"}],"wp:term":[{"taxonomy":"category","embeddable":true,"href":"https:\/\/kibrisdakik.com\/index.php?rest_route=%2Fwp%2Fv2%2Fcategories&post=63087"},{"taxonomy":"post_tag","embeddable":true,"href":"https:\/\/kibrisdakik.com\/index.php?rest_route=%2Fwp%2Fv2%2Ftags&post=63087"}],"curies":[{"name":"wp","href":"https:\/\/api.w.org\/{rel}","templated":true}]}}